{"id":95412,"date":"2017-03-13T09:38:44","date_gmt":"2017-03-13T08:38:44","guid":{"rendered":"http:\/\/batijournal.com\/?p=95412"},"modified":"2019-07-15T12:03:56","modified_gmt":"2019-07-15T10:03:56","slug":"travailleurs-detaches-vivement-action-europeenne-efficace","status":"publish","type":"post","link":"https:\/\/batijournal.com\/index.php\/travailleurs-detaches-vivement-action-europeenne-efficace\/95412\/","title":{"rendered":"Travailleurs d\u00e9tach\u00e9s : vivement une action europ\u00e9enne efficace"},"content":{"rendered":"<p><strong>Alors que plusieurs r\u00e9gions pensent obliger les ouvriers \u00e0 parler le fran\u00e7ais sur les chantiers via la clause dite Moli\u00e8re, les PME restent confront\u00e9es \u00e0 une distorsion de concurrence l\u00e9gale o\u00f9 les abus sont l\u00e9gion et restent difficiles \u00e0 contr\u00f4ler. Selon la Commission Nationale de Lutte contre le Travail Ill\u00e9gal (CNLTI), il y avait en France 212 600 salari\u00e9s d\u00e9tach\u00e9s en 2013, soit une augmentation de 25% par rapport \u00e0 l\u2019ann\u00e9e pr\u00e9c\u00e9dente. Quant au nombre de travailleurs d\u00e9tach\u00e9s ill\u00e9gaux, il \u00e9tait compris dans une fourchette variant entre 220 000 et 300 000.<\/strong><\/p>\n<p>Face \u00e0 cette situation, les pouvoirs publics fran\u00e7ais ont pris des mesures r\u00e9centes pour renforcer la lutte contre les abus. La CGPME craint que cela ne suffise pas. Pour la Conf\u00e9d\u00e9ration, les r\u00e9cente propositions de la la Commission europ\u00e9enne ne permettent pas d\u2019assurer une concurrence loyale entre les entreprises de l\u2019Union europ\u00e9enne et n\u2019apportent pas de r\u00e9ponse ambitieuse aux trop nombreux abus et fraudes au d\u00e9tachement, qui se traduisent, pour les entreprises, par des pertes de march\u00e9s, et pour les salari\u00e9s, par des conditions pr\u00e9caires de d\u00e9tachement. Elle demande la mise en \u0153uvre effective des outils existants dans l\u2019ensemble des pays de l\u2019UE (d\u00e9claration pr\u00e9alable au d\u00e9tachement harmonis\u00e9e notamment), l\u2019introduction de syst\u00e8mes \u00e9lectroniques d\u2019information sur les r\u00e8gles de droit de travail applicables et une plus grande coop\u00e9ration entre les Etats membres, des contr\u00f4les renforc\u00e9s et cibl\u00e9s en n\u2019excluant pas les particuliers. Elle souhaite \u00e9galement la r\u00e9vision des r\u00e8glements europ\u00e9ens de s\u00e9curit\u00e9 sociale, une nouvelle fois report\u00e9e par la Commission europ\u00e9enne, pour permettre une v\u00e9rification de l\u2019ant\u00e9riorit\u00e9 de l\u2019affiliation au r\u00e9gime de s\u00e9curit\u00e9 sociale dans le pays d\u2019origine. Par ailleurs, il faut clarifier de la d\u00e9finition d\u2019 \u00ab\u00a0activit\u00e9 substantielle\u00a0\u00bb dans le pays d\u2019origine pour lutter contre les soci\u00e9t\u00e9s \u00ab\u00a0bo\u00eetes aux lettres\u00a0\u00bb.<\/p>\n<p>En attendant un v\u00e9ritable match s&rsquo;engage entre r\u00e9gions et \u00e9tat autour de la limitation de la pr\u00e9sence de travailleurs \u00e9trangers dans les entreprises candidates \u00e0 un march\u00e9 public sur les chantiers. Des clauses qui annoncent un retour du protectionnisme et risquent de provoquer des remous \u00e0 l&rsquo;\u00e9chelle europ\u00e9enne. En ligne de mire : une limitation des chantiers \u00e0 l&rsquo;\u00e9tranger pour les entreprises fran\u00e7aises si une r\u00e9ciprocit\u00e9 s&rsquo;installe.<\/p>\n","protected":false},"excerpt":{"rendered":"<p>Alors que plusieurs r\u00e9gions pensent obliger les ouvriers \u00e0 parler le fran\u00e7ais sur les chantiers via la clause dite Moli\u00e8re, les PME restent confront\u00e9es \u00e0 une distorsion de concurrence l\u00e9gale o\u00f9 les abus sont l\u00e9gion et restent difficiles \u00e0 contr\u00f4ler. Selon la Commission Nationale de Lutte contre le Travail Ill\u00e9gal (CNLTI), il y avait en [&hellip;]<\/p>\n","protected":false},"author":17,"featured_media":94452,"comment_status":"closed","ping_status":"closed","sticky":false,"template":"","format":"standard","meta":{"_et_pb_use_builder":"","_et_pb_old_content":"","_et_gb_content_width":"","footnotes":""},"categories":[10736,10530,6345],"tags":[10806,6029],"class_list":["post-95412","post","type-post","status-publish","format-standard","has-post-thumbnail","hentry","category-a-la-une","category-actualites","category-economie-marches","tag-detachement","tag-travailleurs-detaches"],"yoast_head":"<!-- This site is optimized with the Yoast SEO plugin v27.4 - https:\/\/yoast.com\/product\/yoast-seo-wordpress\/ -->\n<title>Travailleurs d\u00e9tach\u00e9s : vivement une action europ\u00e9enne efficace<\/title>\n<meta name=\"robots\" content=\"index, follow, max-snippet:-1, max-image-preview:large, max-video-preview:-1\" \/>\n<link rel=\"canonical\" href=\"https:\/\/batijournal.com\/index.php\/travailleurs-detaches-vivement-action-europeenne-efficace\/95412\/\" \/>\n<meta property=\"og:locale\" content=\"fr_FR\" \/>\n<meta property=\"og:type\" content=\"article\" \/>\n<meta property=\"og:title\" content=\"Travailleurs d\u00e9tach\u00e9s : vivement une action europ\u00e9enne efficace\" \/>\n<meta property=\"og:description\" content=\"Alors que plusieurs r\u00e9gions pensent obliger les ouvriers \u00e0 parler le fran\u00e7ais sur les chantiers via la clause dite Moli\u00e8re, les PME restent confront\u00e9es \u00e0 une distorsion de concurrence l\u00e9gale o\u00f9 les abus sont l\u00e9gion et restent difficiles \u00e0 contr\u00f4ler. Selon la Commission Nationale de Lutte contre le Travail Ill\u00e9gal (CNLTI), il y avait en [&hellip;]\" \/>\n<meta property=\"og:url\" content=\"https:\/\/batijournal.com\/index.php\/travailleurs-detaches-vivement-action-europeenne-efficace\/95412\/\" \/>\n<meta property=\"og:site_name\" content=\"Batijournal\" \/>\n<meta property=\"article:published_time\" content=\"2017-03-13T08:38:44+00:00\" \/>\n<meta property=\"article:modified_time\" content=\"2019-07-15T10:03:56+00:00\" \/>\n<meta property=\"og:image\" content=\"https:\/\/batijournal.com\/wp-content\/uploads\/2016\/12\/Fotolia_59265048_S.jpg\" \/>\n\t<meta property=\"og:image:width\" content=\"848\" \/>\n\t<meta property=\"og:image:height\" content=\"566\" \/>\n\t<meta property=\"og:image:type\" content=\"image\/jpeg\" \/>\n<meta name=\"author\" content=\"St\u00e9phane Miget\" \/>\n<meta name=\"twitter:card\" content=\"summary_large_image\" \/>\n<meta name=\"twitter:creator\" content=\"@bati_journal\" \/>\n<meta name=\"twitter:site\" content=\"@bati_journal\" \/>\n<meta name=\"twitter:label1\" content=\"\u00c9crit par\" \/>\n\t<meta name=\"twitter:data1\" content=\"St\u00e9phane Miget\" \/>\n\t<meta name=\"twitter:label2\" content=\"Dur\u00e9e de lecture estim\u00e9e\" \/>\n\t<meta name=\"twitter:data2\" content=\"2 minutes\" \/>\n<script type=\"application\/ld+json\" class=\"yoast-schema-graph\">{\"@context\":\"https:\\\/\\\/schema.org\",\"@graph\":[{\"@type\":\"Article\",\"@id\":\"https:\\\/\\\/batijournal.com\\\/index.php\\\/travailleurs-detaches-vivement-action-europeenne-efficace\\\/95412\\\/#article\",\"isPartOf\":{\"@id\":\"https:\\\/\\\/batijournal.com\\\/index.php\\\/travailleurs-detaches-vivement-action-europeenne-efficace\\\/95412\\\/\"},\"author\":{\"name\":\"St\u00e9phane Miget\",\"@id\":\"https:\\\/\\\/batijournal.com\\\/#\\\/schema\\\/person\\\/1dc96ec6957aa1ccb25ebe78bb19f100\"},\"headline\":\"Travailleurs d\u00e9tach\u00e9s : vivement une action europ\u00e9enne efficace\",\"datePublished\":\"2017-03-13T08:38:44+00:00\",\"dateModified\":\"2019-07-15T10:03:56+00:00\",\"mainEntityOfPage\":{\"@id\":\"https:\\\/\\\/batijournal.com\\\/index.php\\\/travailleurs-detaches-vivement-action-europeenne-efficace\\\/95412\\\/\"},\"wordCount\":429,\"image\":{\"@id\":\"https:\\\/\\\/batijournal.com\\\/index.php\\\/travailleurs-detaches-vivement-action-europeenne-efficace\\\/95412\\\/#primaryimage\"},\"thumbnailUrl\":\"https:\\\/\\\/batijournal.com\\\/wp-content\\\/uploads\\\/2016\\\/12\\\/Fotolia_59265048_S.jpg\",\"keywords\":[\"d\u00e9tachement\",\"travailleurs d\u00e9tach\u00e9s\"],\"articleSection\":[\"A la Une\",\"Actualit\u00e9s\",\"\u00c9conomie &amp; March\u00e9s\"],\"inLanguage\":\"fr-FR\"},{\"@type\":\"WebPage\",\"@id\":\"https:\\\/\\\/batijournal.com\\\/index.php\\\/travailleurs-detaches-vivement-action-europeenne-efficace\\\/95412\\\/\",\"url\":\"https:\\\/\\\/batijournal.com\\\/index.php\\\/travailleurs-detaches-vivement-action-europeenne-efficace\\\/95412\\\/\",\"name\":\"Travailleurs d\u00e9tach\u00e9s : vivement une action europ\u00e9enne efficace\",\"isPartOf\":{\"@id\":\"https:\\\/\\\/batijournal.com\\\/#website\"},\"primaryImageOfPage\":{\"@id\":\"https:\\\/\\\/batijournal.com\\\/index.php\\\/travailleurs-detaches-vivement-action-europeenne-efficace\\\/95412\\\/#primaryimage\"},\"image\":{\"@id\":\"https:\\\/\\\/batijournal.com\\\/index.php\\\/travailleurs-detaches-vivement-action-europeenne-efficace\\\/95412\\\/#primaryimage\"},\"thumbnailUrl\":\"https:\\\/\\\/batijournal.com\\\/wp-content\\\/uploads\\\/2016\\\/12\\\/Fotolia_59265048_S.jpg\",\"datePublished\":\"2017-03-13T08:38:44+00:00\",\"dateModified\":\"2019-07-15T10:03:56+00:00\",\"author\":{\"@id\":\"https:\\\/\\\/batijournal.com\\\/#\\\/schema\\\/person\\\/1dc96ec6957aa1ccb25ebe78bb19f100\"},\"breadcrumb\":{\"@id\":\"https:\\\/\\\/batijournal.com\\\/index.php\\\/travailleurs-detaches-vivement-action-europeenne-efficace\\\/95412\\\/#breadcrumb\"},\"inLanguage\":\"fr-FR\",\"potentialAction\":[{\"@type\":\"ReadAction\",\"target\":[\"https:\\\/\\\/batijournal.com\\\/index.php\\\/travailleurs-detaches-vivement-action-europeenne-efficace\\\/95412\\\/\"]}]},{\"@type\":\"ImageObject\",\"inLanguage\":\"fr-FR\",\"@id\":\"https:\\\/\\\/batijournal.com\\\/index.php\\\/travailleurs-detaches-vivement-action-europeenne-efficace\\\/95412\\\/#primaryimage\",\"url\":\"https:\\\/\\\/batijournal.com\\\/wp-content\\\/uploads\\\/2016\\\/12\\\/Fotolia_59265048_S.jpg\",\"contentUrl\":\"https:\\\/\\\/batijournal.com\\\/wp-content\\\/uploads\\\/2016\\\/12\\\/Fotolia_59265048_S.jpg\",\"width\":848,\"height\":566,\"caption\":\"chantier\"},{\"@type\":\"BreadcrumbList\",\"@id\":\"https:\\\/\\\/batijournal.com\\\/index.php\\\/travailleurs-detaches-vivement-action-europeenne-efficace\\\/95412\\\/#breadcrumb\",\"itemListElement\":[{\"@type\":\"ListItem\",\"position\":1,\"name\":\"Accueil\",\"item\":\"https:\\\/\\\/batijournal.com\\\/\"},{\"@type\":\"ListItem\",\"position\":2,\"name\":\"A la Une\",\"item\":\"https:\\\/\\\/batijournal.com\\\/index.php\\\/category\\\/a-la-une\\\/\"},{\"@type\":\"ListItem\",\"position\":3,\"name\":\"Travailleurs d\u00e9tach\u00e9s : vivement une action europ\u00e9enne efficace\"}]},{\"@type\":\"WebSite\",\"@id\":\"https:\\\/\\\/batijournal.com\\\/#website\",\"url\":\"https:\\\/\\\/batijournal.com\\\/\",\"name\":\"Batijournal\",\"description\":\"L&#039;actualit\u00e9 du b\u00e2timent\",\"potentialAction\":[{\"@type\":\"SearchAction\",\"target\":{\"@type\":\"EntryPoint\",\"urlTemplate\":\"https:\\\/\\\/batijournal.com\\\/?s={search_term_string}\"},\"query-input\":{\"@type\":\"PropertyValueSpecification\",\"valueRequired\":true,\"valueName\":\"search_term_string\"}}],\"inLanguage\":\"fr-FR\"},{\"@type\":\"Person\",\"@id\":\"https:\\\/\\\/batijournal.com\\\/#\\\/schema\\\/person\\\/1dc96ec6957aa1ccb25ebe78bb19f100\",\"name\":\"St\u00e9phane Miget\",\"image\":{\"@type\":\"ImageObject\",\"inLanguage\":\"fr-FR\",\"@id\":\"https:\\\/\\\/secure.gravatar.com\\\/avatar\\\/89915563d925342126b8ef0281b93d9d7fc337043e8df017f780908eb9644451?s=96&d=mm&r=g\",\"url\":\"https:\\\/\\\/secure.gravatar.com\\\/avatar\\\/89915563d925342126b8ef0281b93d9d7fc337043e8df017f780908eb9644451?s=96&d=mm&r=g\",\"contentUrl\":\"https:\\\/\\\/secure.gravatar.com\\\/avatar\\\/89915563d925342126b8ef0281b93d9d7fc337043e8df017f780908eb9644451?s=96&d=mm&r=g\",\"caption\":\"St\u00e9phane Miget\"},\"url\":\"https:\\\/\\\/batijournal.com\\\/index.php\\\/author\\\/stephane\\\/\"}]}<\/script>\n<!-- \/ Yoast SEO plugin. -->","yoast_head_json":{"title":"Travailleurs d\u00e9tach\u00e9s : vivement une action europ\u00e9enne efficace","robots":{"index":"index","follow":"follow","max-snippet":"max-snippet:-1","max-image-preview":"max-image-preview:large","max-video-preview":"max-video-preview:-1"},"canonical":"https:\/\/batijournal.com\/index.php\/travailleurs-detaches-vivement-action-europeenne-efficace\/95412\/","og_locale":"fr_FR","og_type":"article","og_title":"Travailleurs d\u00e9tach\u00e9s : vivement une action europ\u00e9enne efficace","og_description":"Alors que plusieurs r\u00e9gions pensent obliger les ouvriers \u00e0 parler le fran\u00e7ais sur les chantiers via la clause dite Moli\u00e8re, les PME restent confront\u00e9es \u00e0 une distorsion de concurrence l\u00e9gale o\u00f9 les abus sont l\u00e9gion et restent difficiles \u00e0 contr\u00f4ler. Selon la Commission Nationale de Lutte contre le Travail Ill\u00e9gal (CNLTI), il y avait en [&hellip;]","og_url":"https:\/\/batijournal.com\/index.php\/travailleurs-detaches-vivement-action-europeenne-efficace\/95412\/","og_site_name":"Batijournal","article_published_time":"2017-03-13T08:38:44+00:00","article_modified_time":"2019-07-15T10:03:56+00:00","og_image":[{"width":848,"height":566,"url":"https:\/\/batijournal.com\/wp-content\/uploads\/2016\/12\/Fotolia_59265048_S.jpg","type":"image\/jpeg"}],"author":"St\u00e9phane Miget","twitter_card":"summary_large_image","twitter_creator":"@bati_journal","twitter_site":"@bati_journal","twitter_misc":{"\u00c9crit par":"St\u00e9phane Miget","Dur\u00e9e de lecture estim\u00e9e":"2 minutes"},"schema":{"@context":"https:\/\/schema.org","@graph":[{"@type":"Article","@id":"https:\/\/batijournal.com\/index.php\/travailleurs-detaches-vivement-action-europeenne-efficace\/95412\/#article","isPartOf":{"@id":"https:\/\/batijournal.com\/index.php\/travailleurs-detaches-vivement-action-europeenne-efficace\/95412\/"},"author":{"name":"St\u00e9phane Miget","@id":"https:\/\/batijournal.com\/#\/schema\/person\/1dc96ec6957aa1ccb25ebe78bb19f100"},"headline":"Travailleurs d\u00e9tach\u00e9s : vivement une action europ\u00e9enne efficace","datePublished":"2017-03-13T08:38:44+00:00","dateModified":"2019-07-15T10:03:56+00:00","mainEntityOfPage":{"@id":"https:\/\/batijournal.com\/index.php\/travailleurs-detaches-vivement-action-europeenne-efficace\/95412\/"},"wordCount":429,"image":{"@id":"https:\/\/batijournal.com\/index.php\/travailleurs-detaches-vivement-action-europeenne-efficace\/95412\/#primaryimage"},"thumbnailUrl":"https:\/\/batijournal.com\/wp-content\/uploads\/2016\/12\/Fotolia_59265048_S.jpg","keywords":["d\u00e9tachement","travailleurs d\u00e9tach\u00e9s"],"articleSection":["A la Une","Actualit\u00e9s","\u00c9conomie &amp; March\u00e9s"],"inLanguage":"fr-FR"},{"@type":"WebPage","@id":"https:\/\/batijournal.com\/index.php\/travailleurs-detaches-vivement-action-europeenne-efficace\/95412\/","url":"https:\/\/batijournal.com\/index.php\/travailleurs-detaches-vivement-action-europeenne-efficace\/95412\/","name":"Travailleurs d\u00e9tach\u00e9s : vivement une action europ\u00e9enne efficace","isPartOf":{"@id":"https:\/\/batijournal.com\/#website"},"primaryImageOfPage":{"@id":"https:\/\/batijournal.com\/index.php\/travailleurs-detaches-vivement-action-europeenne-efficace\/95412\/#primaryimage"},"image":{"@id":"https:\/\/batijournal.com\/index.php\/travailleurs-detaches-vivement-action-europeenne-efficace\/95412\/#primaryimage"},"thumbnailUrl":"https:\/\/batijournal.com\/wp-content\/uploads\/2016\/12\/Fotolia_59265048_S.jpg","datePublished":"2017-03-13T08:38:44+00:00","dateModified":"2019-07-15T10:03:56+00:00","author":{"@id":"https:\/\/batijournal.com\/#\/schema\/person\/1dc96ec6957aa1ccb25ebe78bb19f100"},"breadcrumb":{"@id":"https:\/\/batijournal.com\/index.php\/travailleurs-detaches-vivement-action-europeenne-efficace\/95412\/#breadcrumb"},"inLanguage":"fr-FR","potentialAction":[{"@type":"ReadAction","target":["https:\/\/batijournal.com\/index.php\/travailleurs-detaches-vivement-action-europeenne-efficace\/95412\/"]}]},{"@type":"ImageObject","inLanguage":"fr-FR","@id":"https:\/\/batijournal.com\/index.php\/travailleurs-detaches-vivement-action-europeenne-efficace\/95412\/#primaryimage","url":"https:\/\/batijournal.com\/wp-content\/uploads\/2016\/12\/Fotolia_59265048_S.jpg","contentUrl":"https:\/\/batijournal.com\/wp-content\/uploads\/2016\/12\/Fotolia_59265048_S.jpg","width":848,"height":566,"caption":"chantier"},{"@type":"BreadcrumbList","@id":"https:\/\/batijournal.com\/index.php\/travailleurs-detaches-vivement-action-europeenne-efficace\/95412\/#breadcrumb","itemListElement":[{"@type":"ListItem","position":1,"name":"Accueil","item":"https:\/\/batijournal.com\/"},{"@type":"ListItem","position":2,"name":"A la Une","item":"https:\/\/batijournal.com\/index.php\/category\/a-la-une\/"},{"@type":"ListItem","position":3,"name":"Travailleurs d\u00e9tach\u00e9s : vivement une action europ\u00e9enne efficace"}]},{"@type":"WebSite","@id":"https:\/\/batijournal.com\/#website","url":"https:\/\/batijournal.com\/","name":"Batijournal","description":"L&#039;actualit\u00e9 du b\u00e2timent","potentialAction":[{"@type":"SearchAction","target":{"@type":"EntryPoint","urlTemplate":"https:\/\/batijournal.com\/?s={search_term_string}"},"query-input":{"@type":"PropertyValueSpecification","valueRequired":true,"valueName":"search_term_string"}}],"inLanguage":"fr-FR"},{"@type":"Person","@id":"https:\/\/batijournal.com\/#\/schema\/person\/1dc96ec6957aa1ccb25ebe78bb19f100","name":"St\u00e9phane Miget","image":{"@type":"ImageObject","inLanguage":"fr-FR","@id":"https:\/\/secure.gravatar.com\/avatar\/89915563d925342126b8ef0281b93d9d7fc337043e8df017f780908eb9644451?s=96&d=mm&r=g","url":"https:\/\/secure.gravatar.com\/avatar\/89915563d925342126b8ef0281b93d9d7fc337043e8df017f780908eb9644451?s=96&d=mm&r=g","contentUrl":"https:\/\/secure.gravatar.com\/avatar\/89915563d925342126b8ef0281b93d9d7fc337043e8df017f780908eb9644451?s=96&d=mm&r=g","caption":"St\u00e9phane Miget"},"url":"https:\/\/batijournal.com\/index.php\/author\/stephane\/"}]}},"_links":{"self":[{"href":"https:\/\/batijournal.com\/index.php\/wp-json\/wp\/v2\/posts\/95412","targetHints":{"allow":["GET"]}}],"collection":[{"href":"https:\/\/batijournal.com\/index.php\/wp-json\/wp\/v2\/posts"}],"about":[{"href":"https:\/\/batijournal.com\/index.php\/wp-json\/wp\/v2\/types\/post"}],"author":[{"embeddable":true,"href":"https:\/\/batijournal.com\/index.php\/wp-json\/wp\/v2\/users\/17"}],"replies":[{"embeddable":true,"href":"https:\/\/batijournal.com\/index.php\/wp-json\/wp\/v2\/comments?post=95412"}],"version-history":[{"count":0,"href":"https:\/\/batijournal.com\/index.php\/wp-json\/wp\/v2\/posts\/95412\/revisions"}],"wp:featuredmedia":[{"embeddable":true,"href":"https:\/\/batijournal.com\/index.php\/wp-json\/wp\/v2\/media\/94452"}],"wp:attachment":[{"href":"https:\/\/batijournal.com\/index.php\/wp-json\/wp\/v2\/media?parent=95412"}],"wp:term":[{"taxonomy":"category","embeddable":true,"href":"https:\/\/batijournal.com\/index.php\/wp-json\/wp\/v2\/categories?post=95412"},{"taxonomy":"post_tag","embeddable":true,"href":"https:\/\/batijournal.com\/index.php\/wp-json\/wp\/v2\/tags?post=95412"}],"curies":[{"name":"wp","href":"https:\/\/api.w.org\/{rel}","templated":true}]}}