{"id":95445,"date":"2017-03-14T08:46:00","date_gmt":"2017-03-14T07:46:00","guid":{"rendered":"http:\/\/batijournal.com\/?p=95445"},"modified":"2019-07-15T12:10:56","modified_gmt":"2019-07-15T10:10:56","slug":"parcs-naturels-regionaux-sengagent-ville-durable","status":"publish","type":"post","link":"https:\/\/batijournal.com\/index.php\/parcs-naturels-regionaux-sengagent-ville-durable\/95445\/","title":{"rendered":"Les Parcs Naturels R\u00e9gionaux s\u2019engagent pour la ville durable"},"content":{"rendered":"<p>Les grands op\u00e9rateurs de l\u2019\u00c9tat et la F\u00e9d\u00e9ration des Parcs Naturels R\u00e9gionaux ont formalis\u00e9 leur engagement en faveur de la ville durable et se sont engag\u00e9s aux c\u00f4t\u00e9s des \u00c9coQuartiers. L\u2019ANRU, le Commissariat G\u00e9n\u00e9ral \u00e0 l\u2019\u00c9galit\u00e9 des Territoires (CGET), l\u2019Agence de l\u2019environnement et de la ma\u00eetrise de l\u2019\u00e9nergie (ADEME), et la F\u00e9d\u00e9ration des Parcs Naturels R\u00e9gionaux ont sign\u00e9\u00a0la \u00ab\u00a0Charte des partenaires des \u00c9coQuartiers\u00a0\u00bb \u00e0 l\u2019occasion de la r\u00e9union de la Commission Nationale \u00c9coQuartier.\u00a0L\u2019ambition de la charte est de f\u00e9d\u00e9rer autour des \u00c9coQuartiers l\u2019ensemble des acteurs de l\u2019am\u00e9nagement, des professionnels aux habitants et usagers, pour acc\u00e9l\u00e9rer les changements de pratique dans la fabrique de la ville.<\/p>\n<p><a href=\"http:\/\/www.ecoquartiers.logement.gouv.fr\" target=\"_blank\" rel=\"noopener noreferrer\">http:\/\/www.ecoquartiers.logement.gouv.fr<\/a><\/p>\n<p>&nbsp;<\/p>\n","protected":false},"excerpt":{"rendered":"<p>Les grands op\u00e9rateurs de l\u2019\u00c9tat et la F\u00e9d\u00e9ration des Parcs Naturels R\u00e9gionaux ont formalis\u00e9 leur engagement en faveur de la ville durable et se sont engag\u00e9s aux c\u00f4t\u00e9s des \u00c9coQuartiers. L\u2019ANRU, le Commissariat G\u00e9n\u00e9ral \u00e0 l\u2019\u00c9galit\u00e9 des Territoires (CGET), l\u2019Agence de l\u2019environnement et de la ma\u00eetrise de l\u2019\u00e9nergie (ADEME), et la F\u00e9d\u00e9ration des Parcs Naturels [&hellip;]<\/p>\n","protected":false},"author":17,"featured_media":94512,"comment_status":"closed","ping_status":"closed","sticky":false,"template":"","format":"standard","meta":{"_et_pb_use_builder":"","_et_pb_old_content":"","_et_gb_content_width":"","footnotes":""},"categories":[10530,6340],"tags":[1155],"class_list":["post-95445","post","type-post","status-publish","format-standard","has-post-thumbnail","hentry","category-actualites","category-architecture-conception","tag-ecoquartiers"],"yoast_head":"<!-- This site is optimized with the Yoast SEO plugin v27.4 - https:\/\/yoast.com\/product\/yoast-seo-wordpress\/ -->\n<title>Les Parcs Naturels R\u00e9gionaux s\u2019engagent pour la ville durable<\/title>\n<meta name=\"robots\" content=\"index, follow, max-snippet:-1, max-image-preview:large, max-video-preview:-1\" \/>\n<link rel=\"canonical\" href=\"https:\/\/batijournal.com\/index.php\/parcs-naturels-regionaux-sengagent-ville-durable\/95445\/\" \/>\n<meta property=\"og:locale\" content=\"fr_FR\" \/>\n<meta property=\"og:type\" content=\"article\" \/>\n<meta property=\"og:title\" content=\"Les Parcs Naturels R\u00e9gionaux s\u2019engagent pour la ville durable\" \/>\n<meta property=\"og:description\" content=\"Les grands op\u00e9rateurs de l\u2019\u00c9tat et la F\u00e9d\u00e9ration des Parcs Naturels R\u00e9gionaux ont formalis\u00e9 leur engagement en faveur de la ville durable et se sont engag\u00e9s aux c\u00f4t\u00e9s des \u00c9coQuartiers. L\u2019ANRU, le Commissariat G\u00e9n\u00e9ral \u00e0 l\u2019\u00c9galit\u00e9 des Territoires (CGET), l\u2019Agence de l\u2019environnement et de la ma\u00eetrise de l\u2019\u00e9nergie (ADEME), et la F\u00e9d\u00e9ration des Parcs Naturels [&hellip;]\" \/>\n<meta property=\"og:url\" content=\"https:\/\/batijournal.com\/index.php\/parcs-naturels-regionaux-sengagent-ville-durable\/95445\/\" \/>\n<meta property=\"og:site_name\" content=\"Batijournal\" \/>\n<meta property=\"article:published_time\" content=\"2017-03-14T07:46:00+00:00\" \/>\n<meta property=\"article:modified_time\" content=\"2019-07-15T10:10:56+00:00\" \/>\n<meta property=\"og:image\" content=\"https:\/\/batijournal.com\/wp-content\/uploads\/2016\/12\/ecoquartiers.png\" \/>\n\t<meta property=\"og:image:width\" content=\"799\" \/>\n\t<meta property=\"og:image:height\" content=\"483\" \/>\n\t<meta property=\"og:image:type\" content=\"image\/png\" \/>\n<meta name=\"author\" content=\"St\u00e9phane Miget\" \/>\n<meta name=\"twitter:card\" content=\"summary_large_image\" \/>\n<meta name=\"twitter:creator\" content=\"@bati_journal\" \/>\n<meta name=\"twitter:site\" content=\"@bati_journal\" \/>\n<meta name=\"twitter:label1\" content=\"\u00c9crit par\" \/>\n\t<meta name=\"twitter:data1\" content=\"St\u00e9phane Miget\" \/>\n\t<meta name=\"twitter:label2\" content=\"Dur\u00e9e de lecture estim\u00e9e\" \/>\n\t<meta name=\"twitter:data2\" content=\"1 minute\" \/>\n<script type=\"application\/ld+json\" class=\"yoast-schema-graph\">{\"@context\":\"https:\\\/\\\/schema.org\",\"@graph\":[{\"@type\":\"Article\",\"@id\":\"https:\\\/\\\/batijournal.com\\\/index.php\\\/parcs-naturels-regionaux-sengagent-ville-durable\\\/95445\\\/#article\",\"isPartOf\":{\"@id\":\"https:\\\/\\\/batijournal.com\\\/index.php\\\/parcs-naturels-regionaux-sengagent-ville-durable\\\/95445\\\/\"},\"author\":{\"name\":\"St\u00e9phane Miget\",\"@id\":\"https:\\\/\\\/batijournal.com\\\/#\\\/schema\\\/person\\\/1dc96ec6957aa1ccb25ebe78bb19f100\"},\"headline\":\"Les Parcs Naturels R\u00e9gionaux s\u2019engagent pour la ville durable\",\"datePublished\":\"2017-03-14T07:46:00+00:00\",\"dateModified\":\"2019-07-15T10:10:56+00:00\",\"mainEntityOfPage\":{\"@id\":\"https:\\\/\\\/batijournal.com\\\/index.php\\\/parcs-naturels-regionaux-sengagent-ville-durable\\\/95445\\\/\"},\"wordCount\":152,\"image\":{\"@id\":\"https:\\\/\\\/batijournal.com\\\/index.php\\\/parcs-naturels-regionaux-sengagent-ville-durable\\\/95445\\\/#primaryimage\"},\"thumbnailUrl\":\"https:\\\/\\\/batijournal.com\\\/wp-content\\\/uploads\\\/2016\\\/12\\\/ecoquartiers.png\",\"keywords\":[\"\u00e9coquartiers\"],\"articleSection\":[\"Actualit\u00e9s\",\"Architecture &amp; Conception\"],\"inLanguage\":\"fr-FR\"},{\"@type\":\"WebPage\",\"@id\":\"https:\\\/\\\/batijournal.com\\\/index.php\\\/parcs-naturels-regionaux-sengagent-ville-durable\\\/95445\\\/\",\"url\":\"https:\\\/\\\/batijournal.com\\\/index.php\\\/parcs-naturels-regionaux-sengagent-ville-durable\\\/95445\\\/\",\"name\":\"Les Parcs Naturels R\u00e9gionaux s\u2019engagent pour la ville durable\",\"isPartOf\":{\"@id\":\"https:\\\/\\\/batijournal.com\\\/#website\"},\"primaryImageOfPage\":{\"@id\":\"https:\\\/\\\/batijournal.com\\\/index.php\\\/parcs-naturels-regionaux-sengagent-ville-durable\\\/95445\\\/#primaryimage\"},\"image\":{\"@id\":\"https:\\\/\\\/batijournal.com\\\/index.php\\\/parcs-naturels-regionaux-sengagent-ville-durable\\\/95445\\\/#primaryimage\"},\"thumbnailUrl\":\"https:\\\/\\\/batijournal.com\\\/wp-content\\\/uploads\\\/2016\\\/12\\\/ecoquartiers.png\",\"datePublished\":\"2017-03-14T07:46:00+00:00\",\"dateModified\":\"2019-07-15T10:10:56+00:00\",\"author\":{\"@id\":\"https:\\\/\\\/batijournal.com\\\/#\\\/schema\\\/person\\\/1dc96ec6957aa1ccb25ebe78bb19f100\"},\"breadcrumb\":{\"@id\":\"https:\\\/\\\/batijournal.com\\\/index.php\\\/parcs-naturels-regionaux-sengagent-ville-durable\\\/95445\\\/#breadcrumb\"},\"inLanguage\":\"fr-FR\",\"potentialAction\":[{\"@type\":\"ReadAction\",\"target\":[\"https:\\\/\\\/batijournal.com\\\/index.php\\\/parcs-naturels-regionaux-sengagent-ville-durable\\\/95445\\\/\"]}]},{\"@type\":\"ImageObject\",\"inLanguage\":\"fr-FR\",\"@id\":\"https:\\\/\\\/batijournal.com\\\/index.php\\\/parcs-naturels-regionaux-sengagent-ville-durable\\\/95445\\\/#primaryimage\",\"url\":\"https:\\\/\\\/batijournal.com\\\/wp-content\\\/uploads\\\/2016\\\/12\\\/ecoquartiers.png\",\"contentUrl\":\"https:\\\/\\\/batijournal.com\\\/wp-content\\\/uploads\\\/2016\\\/12\\\/ecoquartiers.png\",\"width\":799,\"height\":483},{\"@type\":\"BreadcrumbList\",\"@id\":\"https:\\\/\\\/batijournal.com\\\/index.php\\\/parcs-naturels-regionaux-sengagent-ville-durable\\\/95445\\\/#breadcrumb\",\"itemListElement\":[{\"@type\":\"ListItem\",\"position\":1,\"name\":\"Accueil\",\"item\":\"https:\\\/\\\/batijournal.com\\\/\"},{\"@type\":\"ListItem\",\"position\":2,\"name\":\"Actualit\u00e9s\",\"item\":\"https:\\\/\\\/batijournal.com\\\/index.php\\\/category\\\/actualites\\\/\"},{\"@type\":\"ListItem\",\"position\":3,\"name\":\"Les Parcs Naturels R\u00e9gionaux s\u2019engagent pour la ville durable\"}]},{\"@type\":\"WebSite\",\"@id\":\"https:\\\/\\\/batijournal.com\\\/#website\",\"url\":\"https:\\\/\\\/batijournal.com\\\/\",\"name\":\"Batijournal\",\"description\":\"L&#039;actualit\u00e9 du b\u00e2timent\",\"potentialAction\":[{\"@type\":\"SearchAction\",\"target\":{\"@type\":\"EntryPoint\",\"urlTemplate\":\"https:\\\/\\\/batijournal.com\\\/?s={search_term_string}\"},\"query-input\":{\"@type\":\"PropertyValueSpecification\",\"valueRequired\":true,\"valueName\":\"search_term_string\"}}],\"inLanguage\":\"fr-FR\"},{\"@type\":\"Person\",\"@id\":\"https:\\\/\\\/batijournal.com\\\/#\\\/schema\\\/person\\\/1dc96ec6957aa1ccb25ebe78bb19f100\",\"name\":\"St\u00e9phane Miget\",\"image\":{\"@type\":\"ImageObject\",\"inLanguage\":\"fr-FR\",\"@id\":\"https:\\\/\\\/secure.gravatar.com\\\/avatar\\\/89915563d925342126b8ef0281b93d9d7fc337043e8df017f780908eb9644451?s=96&d=mm&r=g\",\"url\":\"https:\\\/\\\/secure.gravatar.com\\\/avatar\\\/89915563d925342126b8ef0281b93d9d7fc337043e8df017f780908eb9644451?s=96&d=mm&r=g\",\"contentUrl\":\"https:\\\/\\\/secure.gravatar.com\\\/avatar\\\/89915563d925342126b8ef0281b93d9d7fc337043e8df017f780908eb9644451?s=96&d=mm&r=g\",\"caption\":\"St\u00e9phane Miget\"},\"url\":\"https:\\\/\\\/batijournal.com\\\/index.php\\\/author\\\/stephane\\\/\"}]}<\/script>\n<!-- \/ Yoast SEO plugin. -->","yoast_head_json":{"title":"Les Parcs Naturels R\u00e9gionaux s\u2019engagent pour la ville durable","robots":{"index":"index","follow":"follow","max-snippet":"max-snippet:-1","max-image-preview":"max-image-preview:large","max-video-preview":"max-video-preview:-1"},"canonical":"https:\/\/batijournal.com\/index.php\/parcs-naturels-regionaux-sengagent-ville-durable\/95445\/","og_locale":"fr_FR","og_type":"article","og_title":"Les Parcs Naturels R\u00e9gionaux s\u2019engagent pour la ville durable","og_description":"Les grands op\u00e9rateurs de l\u2019\u00c9tat et la F\u00e9d\u00e9ration des Parcs Naturels R\u00e9gionaux ont formalis\u00e9 leur engagement en faveur de la ville durable et se sont engag\u00e9s aux c\u00f4t\u00e9s des \u00c9coQuartiers. L\u2019ANRU, le Commissariat G\u00e9n\u00e9ral \u00e0 l\u2019\u00c9galit\u00e9 des Territoires (CGET), l\u2019Agence de l\u2019environnement et de la ma\u00eetrise de l\u2019\u00e9nergie (ADEME), et la F\u00e9d\u00e9ration des Parcs Naturels [&hellip;]","og_url":"https:\/\/batijournal.com\/index.php\/parcs-naturels-regionaux-sengagent-ville-durable\/95445\/","og_site_name":"Batijournal","article_published_time":"2017-03-14T07:46:00+00:00","article_modified_time":"2019-07-15T10:10:56+00:00","og_image":[{"width":799,"height":483,"url":"https:\/\/batijournal.com\/wp-content\/uploads\/2016\/12\/ecoquartiers.png","type":"image\/png"}],"author":"St\u00e9phane Miget","twitter_card":"summary_large_image","twitter_creator":"@bati_journal","twitter_site":"@bati_journal","twitter_misc":{"\u00c9crit par":"St\u00e9phane Miget","Dur\u00e9e de lecture estim\u00e9e":"1 minute"},"schema":{"@context":"https:\/\/schema.org","@graph":[{"@type":"Article","@id":"https:\/\/batijournal.com\/index.php\/parcs-naturels-regionaux-sengagent-ville-durable\/95445\/#article","isPartOf":{"@id":"https:\/\/batijournal.com\/index.php\/parcs-naturels-regionaux-sengagent-ville-durable\/95445\/"},"author":{"name":"St\u00e9phane Miget","@id":"https:\/\/batijournal.com\/#\/schema\/person\/1dc96ec6957aa1ccb25ebe78bb19f100"},"headline":"Les Parcs Naturels R\u00e9gionaux s\u2019engagent pour la ville durable","datePublished":"2017-03-14T07:46:00+00:00","dateModified":"2019-07-15T10:10:56+00:00","mainEntityOfPage":{"@id":"https:\/\/batijournal.com\/index.php\/parcs-naturels-regionaux-sengagent-ville-durable\/95445\/"},"wordCount":152,"image":{"@id":"https:\/\/batijournal.com\/index.php\/parcs-naturels-regionaux-sengagent-ville-durable\/95445\/#primaryimage"},"thumbnailUrl":"https:\/\/batijournal.com\/wp-content\/uploads\/2016\/12\/ecoquartiers.png","keywords":["\u00e9coquartiers"],"articleSection":["Actualit\u00e9s","Architecture &amp; Conception"],"inLanguage":"fr-FR"},{"@type":"WebPage","@id":"https:\/\/batijournal.com\/index.php\/parcs-naturels-regionaux-sengagent-ville-durable\/95445\/","url":"https:\/\/batijournal.com\/index.php\/parcs-naturels-regionaux-sengagent-ville-durable\/95445\/","name":"Les Parcs Naturels R\u00e9gionaux s\u2019engagent pour la ville durable","isPartOf":{"@id":"https:\/\/batijournal.com\/#website"},"primaryImageOfPage":{"@id":"https:\/\/batijournal.com\/index.php\/parcs-naturels-regionaux-sengagent-ville-durable\/95445\/#primaryimage"},"image":{"@id":"https:\/\/batijournal.com\/index.php\/parcs-naturels-regionaux-sengagent-ville-durable\/95445\/#primaryimage"},"thumbnailUrl":"https:\/\/batijournal.com\/wp-content\/uploads\/2016\/12\/ecoquartiers.png","datePublished":"2017-03-14T07:46:00+00:00","dateModified":"2019-07-15T10:10:56+00:00","author":{"@id":"https:\/\/batijournal.com\/#\/schema\/person\/1dc96ec6957aa1ccb25ebe78bb19f100"},"breadcrumb":{"@id":"https:\/\/batijournal.com\/index.php\/parcs-naturels-regionaux-sengagent-ville-durable\/95445\/#breadcrumb"},"inLanguage":"fr-FR","potentialAction":[{"@type":"ReadAction","target":["https:\/\/batijournal.com\/index.php\/parcs-naturels-regionaux-sengagent-ville-durable\/95445\/"]}]},{"@type":"ImageObject","inLanguage":"fr-FR","@id":"https:\/\/batijournal.com\/index.php\/parcs-naturels-regionaux-sengagent-ville-durable\/95445\/#primaryimage","url":"https:\/\/batijournal.com\/wp-content\/uploads\/2016\/12\/ecoquartiers.png","contentUrl":"https:\/\/batijournal.com\/wp-content\/uploads\/2016\/12\/ecoquartiers.png","width":799,"height":483},{"@type":"BreadcrumbList","@id":"https:\/\/batijournal.com\/index.php\/parcs-naturels-regionaux-sengagent-ville-durable\/95445\/#breadcrumb","itemListElement":[{"@type":"ListItem","position":1,"name":"Accueil","item":"https:\/\/batijournal.com\/"},{"@type":"ListItem","position":2,"name":"Actualit\u00e9s","item":"https:\/\/batijournal.com\/index.php\/category\/actualites\/"},{"@type":"ListItem","position":3,"name":"Les Parcs Naturels R\u00e9gionaux s\u2019engagent pour la ville durable"}]},{"@type":"WebSite","@id":"https:\/\/batijournal.com\/#website","url":"https:\/\/batijournal.com\/","name":"Batijournal","description":"L&#039;actualit\u00e9 du b\u00e2timent","potentialAction":[{"@type":"SearchAction","target":{"@type":"EntryPoint","urlTemplate":"https:\/\/batijournal.com\/?s={search_term_string}"},"query-input":{"@type":"PropertyValueSpecification","valueRequired":true,"valueName":"search_term_string"}}],"inLanguage":"fr-FR"},{"@type":"Person","@id":"https:\/\/batijournal.com\/#\/schema\/person\/1dc96ec6957aa1ccb25ebe78bb19f100","name":"St\u00e9phane Miget","image":{"@type":"ImageObject","inLanguage":"fr-FR","@id":"https:\/\/secure.gravatar.com\/avatar\/89915563d925342126b8ef0281b93d9d7fc337043e8df017f780908eb9644451?s=96&d=mm&r=g","url":"https:\/\/secure.gravatar.com\/avatar\/89915563d925342126b8ef0281b93d9d7fc337043e8df017f780908eb9644451?s=96&d=mm&r=g","contentUrl":"https:\/\/secure.gravatar.com\/avatar\/89915563d925342126b8ef0281b93d9d7fc337043e8df017f780908eb9644451?s=96&d=mm&r=g","caption":"St\u00e9phane Miget"},"url":"https:\/\/batijournal.com\/index.php\/author\/stephane\/"}]}},"_links":{"self":[{"href":"https:\/\/batijournal.com\/index.php\/wp-json\/wp\/v2\/posts\/95445","targetHints":{"allow":["GET"]}}],"collection":[{"href":"https:\/\/batijournal.com\/index.php\/wp-json\/wp\/v2\/posts"}],"about":[{"href":"https:\/\/batijournal.com\/index.php\/wp-json\/wp\/v2\/types\/post"}],"author":[{"embeddable":true,"href":"https:\/\/batijournal.com\/index.php\/wp-json\/wp\/v2\/users\/17"}],"replies":[{"embeddable":true,"href":"https:\/\/batijournal.com\/index.php\/wp-json\/wp\/v2\/comments?post=95445"}],"version-history":[{"count":0,"href":"https:\/\/batijournal.com\/index.php\/wp-json\/wp\/v2\/posts\/95445\/revisions"}],"wp:featuredmedia":[{"embeddable":true,"href":"https:\/\/batijournal.com\/index.php\/wp-json\/wp\/v2\/media\/94512"}],"wp:attachment":[{"href":"https:\/\/batijournal.com\/index.php\/wp-json\/wp\/v2\/media?parent=95445"}],"wp:term":[{"taxonomy":"category","embeddable":true,"href":"https:\/\/batijournal.com\/index.php\/wp-json\/wp\/v2\/categories?post=95445"},{"taxonomy":"post_tag","embeddable":true,"href":"https:\/\/batijournal.com\/index.php\/wp-json\/wp\/v2\/tags?post=95445"}],"curies":[{"name":"wp","href":"https:\/\/api.w.org\/{rel}","templated":true}]}}