{"id":95458,"date":"2017-03-15T05:31:12","date_gmt":"2017-03-15T04:31:12","guid":{"rendered":"http:\/\/batijournal.com\/?p=95458"},"modified":"2019-07-15T11:16:00","modified_gmt":"2019-07-15T09:16:00","slug":"7eme-edition-festival-de-lhistoire-de-lart","status":"publish","type":"post","link":"https:\/\/batijournal.com\/index.php\/7eme-edition-festival-de-lhistoire-de-lart\/95458\/","title":{"rendered":"7\u00e8me \u00e9dition du Festival de l\u2019histoire de l\u2019art"},"content":{"rendered":"<p>La 7\u00e8me\u00a0\u00e9dition du Festival de l\u2019histoire de l\u2019art, qui se d\u00e9roulera du 2 au 4 juin 2017 au Ch\u00e2teau et dans la ville de Fontainebleau, sur le th\u00e8me de la nature, avec comme pays invit\u00e9 les Etats-Unis.\u00a0Manifestation unique en Europe, le Festival de l\u2019histoire de l\u2019art rassemble chaque ann\u00e9e les sp\u00e9cialistes de l\u2019histoire de l\u2019art du monde entier. Con\u00e7u comme un carrefour des publics et des savoirs, ce rendez-vous, ouvert \u00e0 tous et gratuit, propose pendant trois jours des conf\u00e9rences, d\u00e9bats, concerts, expositions, projections, lectures et rencontres autour de l\u2019histoire de l\u2019art. Il a re\u00e7u plus de 27 000 visites en 2016.\u00a0La programmation 2017, riche de plus de 300 \u00e9v\u00e9nements, s\u2019articulera autour de grands rendez-vous li\u00e9s au th\u00e8me annuel, au pays invit\u00e9 et \u00e0 l\u2019actualit\u00e9.<\/p>\n<p><a href=\"http:\/\/festivaldelhistoiredelart.com\" target=\"_blank\" rel=\"noopener noreferrer\">http:\/\/festivaldelhistoiredelart.com<\/a><\/p>\n<p>&nbsp;<\/p>\n","protected":false},"excerpt":{"rendered":"<p>La 7\u00e8me\u00a0\u00e9dition du Festival de l\u2019histoire de l\u2019art, qui se d\u00e9roulera du 2 au 4 juin 2017 au Ch\u00e2teau et dans la ville de Fontainebleau, sur le th\u00e8me de la nature, avec comme pays invit\u00e9 les Etats-Unis.\u00a0Manifestation unique en Europe, le Festival de l\u2019histoire de l\u2019art rassemble chaque ann\u00e9e les sp\u00e9cialistes de l\u2019histoire de l\u2019art [&hellip;]<\/p>\n","protected":false},"author":17,"featured_media":95459,"comment_status":"closed","ping_status":"closed","sticky":false,"template":"","format":"standard","meta":{"_et_pb_use_builder":"","_et_pb_old_content":"","_et_gb_content_width":"","footnotes":""},"categories":[6340],"tags":[],"class_list":["post-95458","post","type-post","status-publish","format-standard","has-post-thumbnail","hentry","category-architecture-conception"],"yoast_head":"<!-- This site is optimized with the Yoast SEO plugin v27.4 - https:\/\/yoast.com\/product\/yoast-seo-wordpress\/ -->\n<title>7\u00e8me \u00e9dition du Festival de l\u2019histoire de l\u2019art<\/title>\n<meta name=\"robots\" content=\"index, follow, max-snippet:-1, max-image-preview:large, max-video-preview:-1\" \/>\n<link rel=\"canonical\" href=\"https:\/\/batijournal.com\/index.php\/7eme-edition-festival-de-lhistoire-de-lart\/95458\/\" \/>\n<meta property=\"og:locale\" content=\"fr_FR\" \/>\n<meta property=\"og:type\" content=\"article\" \/>\n<meta property=\"og:title\" content=\"7\u00e8me \u00e9dition du Festival de l\u2019histoire de l\u2019art\" \/>\n<meta property=\"og:description\" content=\"La 7\u00e8me\u00a0\u00e9dition du Festival de l\u2019histoire de l\u2019art, qui se d\u00e9roulera du 2 au 4 juin 2017 au Ch\u00e2teau et dans la ville de Fontainebleau, sur le th\u00e8me de la nature, avec comme pays invit\u00e9 les Etats-Unis.\u00a0Manifestation unique en Europe, le Festival de l\u2019histoire de l\u2019art rassemble chaque ann\u00e9e les sp\u00e9cialistes de l\u2019histoire de l\u2019art [&hellip;]\" \/>\n<meta property=\"og:url\" content=\"https:\/\/batijournal.com\/index.php\/7eme-edition-festival-de-lhistoire-de-lart\/95458\/\" \/>\n<meta property=\"og:site_name\" content=\"Batijournal\" \/>\n<meta property=\"article:published_time\" content=\"2017-03-15T04:31:12+00:00\" \/>\n<meta property=\"article:modified_time\" content=\"2019-07-15T09:16:00+00:00\" \/>\n<meta property=\"og:image\" content=\"https:\/\/batijournal.com\/wp-content\/uploads\/2017\/03\/FESTIVAL_DE_LHISTOIRE_DE_LART-2017.png\" \/>\n\t<meta property=\"og:image:width\" content=\"1000\" \/>\n\t<meta property=\"og:image:height\" content=\"1466\" \/>\n\t<meta property=\"og:image:type\" content=\"image\/png\" \/>\n<meta name=\"author\" content=\"St\u00e9phane Miget\" \/>\n<meta name=\"twitter:card\" content=\"summary_large_image\" \/>\n<meta name=\"twitter:creator\" content=\"@bati_journal\" \/>\n<meta name=\"twitter:site\" content=\"@bati_journal\" \/>\n<meta name=\"twitter:label1\" content=\"\u00c9crit par\" \/>\n\t<meta name=\"twitter:data1\" content=\"St\u00e9phane Miget\" \/>\n\t<meta name=\"twitter:label2\" content=\"Dur\u00e9e de lecture estim\u00e9e\" \/>\n\t<meta name=\"twitter:data2\" content=\"1 minute\" \/>\n<script type=\"application\/ld+json\" class=\"yoast-schema-graph\">{\"@context\":\"https:\\\/\\\/schema.org\",\"@graph\":[{\"@type\":\"Article\",\"@id\":\"https:\\\/\\\/batijournal.com\\\/index.php\\\/7eme-edition-festival-de-lhistoire-de-lart\\\/95458\\\/#article\",\"isPartOf\":{\"@id\":\"https:\\\/\\\/batijournal.com\\\/index.php\\\/7eme-edition-festival-de-lhistoire-de-lart\\\/95458\\\/\"},\"author\":{\"name\":\"St\u00e9phane Miget\",\"@id\":\"https:\\\/\\\/batijournal.com\\\/#\\\/schema\\\/person\\\/1dc96ec6957aa1ccb25ebe78bb19f100\"},\"headline\":\"7\u00e8me \u00e9dition du Festival de l\u2019histoire de l\u2019art\",\"datePublished\":\"2017-03-15T04:31:12+00:00\",\"dateModified\":\"2019-07-15T09:16:00+00:00\",\"mainEntityOfPage\":{\"@id\":\"https:\\\/\\\/batijournal.com\\\/index.php\\\/7eme-edition-festival-de-lhistoire-de-lart\\\/95458\\\/\"},\"wordCount\":154,\"image\":{\"@id\":\"https:\\\/\\\/batijournal.com\\\/index.php\\\/7eme-edition-festival-de-lhistoire-de-lart\\\/95458\\\/#primaryimage\"},\"thumbnailUrl\":\"https:\\\/\\\/batijournal.com\\\/wp-content\\\/uploads\\\/2017\\\/03\\\/FESTIVAL_DE_LHISTOIRE_DE_LART-2017.png\",\"articleSection\":[\"Architecture &amp; Conception\"],\"inLanguage\":\"fr-FR\"},{\"@type\":\"WebPage\",\"@id\":\"https:\\\/\\\/batijournal.com\\\/index.php\\\/7eme-edition-festival-de-lhistoire-de-lart\\\/95458\\\/\",\"url\":\"https:\\\/\\\/batijournal.com\\\/index.php\\\/7eme-edition-festival-de-lhistoire-de-lart\\\/95458\\\/\",\"name\":\"7\u00e8me \u00e9dition du Festival de l\u2019histoire de l\u2019art\",\"isPartOf\":{\"@id\":\"https:\\\/\\\/batijournal.com\\\/#website\"},\"primaryImageOfPage\":{\"@id\":\"https:\\\/\\\/batijournal.com\\\/index.php\\\/7eme-edition-festival-de-lhistoire-de-lart\\\/95458\\\/#primaryimage\"},\"image\":{\"@id\":\"https:\\\/\\\/batijournal.com\\\/index.php\\\/7eme-edition-festival-de-lhistoire-de-lart\\\/95458\\\/#primaryimage\"},\"thumbnailUrl\":\"https:\\\/\\\/batijournal.com\\\/wp-content\\\/uploads\\\/2017\\\/03\\\/FESTIVAL_DE_LHISTOIRE_DE_LART-2017.png\",\"datePublished\":\"2017-03-15T04:31:12+00:00\",\"dateModified\":\"2019-07-15T09:16:00+00:00\",\"author\":{\"@id\":\"https:\\\/\\\/batijournal.com\\\/#\\\/schema\\\/person\\\/1dc96ec6957aa1ccb25ebe78bb19f100\"},\"breadcrumb\":{\"@id\":\"https:\\\/\\\/batijournal.com\\\/index.php\\\/7eme-edition-festival-de-lhistoire-de-lart\\\/95458\\\/#breadcrumb\"},\"inLanguage\":\"fr-FR\",\"potentialAction\":[{\"@type\":\"ReadAction\",\"target\":[\"https:\\\/\\\/batijournal.com\\\/index.php\\\/7eme-edition-festival-de-lhistoire-de-lart\\\/95458\\\/\"]}]},{\"@type\":\"ImageObject\",\"inLanguage\":\"fr-FR\",\"@id\":\"https:\\\/\\\/batijournal.com\\\/index.php\\\/7eme-edition-festival-de-lhistoire-de-lart\\\/95458\\\/#primaryimage\",\"url\":\"https:\\\/\\\/batijournal.com\\\/wp-content\\\/uploads\\\/2017\\\/03\\\/FESTIVAL_DE_LHISTOIRE_DE_LART-2017.png\",\"contentUrl\":\"https:\\\/\\\/batijournal.com\\\/wp-content\\\/uploads\\\/2017\\\/03\\\/FESTIVAL_DE_LHISTOIRE_DE_LART-2017.png\",\"width\":1000,\"height\":1466},{\"@type\":\"BreadcrumbList\",\"@id\":\"https:\\\/\\\/batijournal.com\\\/index.php\\\/7eme-edition-festival-de-lhistoire-de-lart\\\/95458\\\/#breadcrumb\",\"itemListElement\":[{\"@type\":\"ListItem\",\"position\":1,\"name\":\"Accueil\",\"item\":\"https:\\\/\\\/batijournal.com\\\/\"},{\"@type\":\"ListItem\",\"position\":2,\"name\":\"Actualit\u00e9s\",\"item\":\"https:\\\/\\\/batijournal.com\\\/index.php\\\/category\\\/actualites\\\/\"},{\"@type\":\"ListItem\",\"position\":3,\"name\":\"Architecture &amp; Conception\",\"item\":\"https:\\\/\\\/batijournal.com\\\/index.php\\\/category\\\/actualites\\\/architecture-conception\\\/\"},{\"@type\":\"ListItem\",\"position\":4,\"name\":\"7\u00e8me \u00e9dition du Festival de l\u2019histoire de l\u2019art\"}]},{\"@type\":\"WebSite\",\"@id\":\"https:\\\/\\\/batijournal.com\\\/#website\",\"url\":\"https:\\\/\\\/batijournal.com\\\/\",\"name\":\"Batijournal\",\"description\":\"L&#039;actualit\u00e9 du b\u00e2timent\",\"potentialAction\":[{\"@type\":\"SearchAction\",\"target\":{\"@type\":\"EntryPoint\",\"urlTemplate\":\"https:\\\/\\\/batijournal.com\\\/?s={search_term_string}\"},\"query-input\":{\"@type\":\"PropertyValueSpecification\",\"valueRequired\":true,\"valueName\":\"search_term_string\"}}],\"inLanguage\":\"fr-FR\"},{\"@type\":\"Person\",\"@id\":\"https:\\\/\\\/batijournal.com\\\/#\\\/schema\\\/person\\\/1dc96ec6957aa1ccb25ebe78bb19f100\",\"name\":\"St\u00e9phane Miget\",\"image\":{\"@type\":\"ImageObject\",\"inLanguage\":\"fr-FR\",\"@id\":\"https:\\\/\\\/secure.gravatar.com\\\/avatar\\\/89915563d925342126b8ef0281b93d9d7fc337043e8df017f780908eb9644451?s=96&d=mm&r=g\",\"url\":\"https:\\\/\\\/secure.gravatar.com\\\/avatar\\\/89915563d925342126b8ef0281b93d9d7fc337043e8df017f780908eb9644451?s=96&d=mm&r=g\",\"contentUrl\":\"https:\\\/\\\/secure.gravatar.com\\\/avatar\\\/89915563d925342126b8ef0281b93d9d7fc337043e8df017f780908eb9644451?s=96&d=mm&r=g\",\"caption\":\"St\u00e9phane Miget\"},\"url\":\"https:\\\/\\\/batijournal.com\\\/index.php\\\/author\\\/stephane\\\/\"}]}<\/script>\n<!-- \/ Yoast SEO plugin. -->","yoast_head_json":{"title":"7\u00e8me \u00e9dition du Festival de l\u2019histoire de l\u2019art","robots":{"index":"index","follow":"follow","max-snippet":"max-snippet:-1","max-image-preview":"max-image-preview:large","max-video-preview":"max-video-preview:-1"},"canonical":"https:\/\/batijournal.com\/index.php\/7eme-edition-festival-de-lhistoire-de-lart\/95458\/","og_locale":"fr_FR","og_type":"article","og_title":"7\u00e8me \u00e9dition du Festival de l\u2019histoire de l\u2019art","og_description":"La 7\u00e8me\u00a0\u00e9dition du Festival de l\u2019histoire de l\u2019art, qui se d\u00e9roulera du 2 au 4 juin 2017 au Ch\u00e2teau et dans la ville de Fontainebleau, sur le th\u00e8me de la nature, avec comme pays invit\u00e9 les Etats-Unis.\u00a0Manifestation unique en Europe, le Festival de l\u2019histoire de l\u2019art rassemble chaque ann\u00e9e les sp\u00e9cialistes de l\u2019histoire de l\u2019art [&hellip;]","og_url":"https:\/\/batijournal.com\/index.php\/7eme-edition-festival-de-lhistoire-de-lart\/95458\/","og_site_name":"Batijournal","article_published_time":"2017-03-15T04:31:12+00:00","article_modified_time":"2019-07-15T09:16:00+00:00","og_image":[{"width":1000,"height":1466,"url":"https:\/\/batijournal.com\/wp-content\/uploads\/2017\/03\/FESTIVAL_DE_LHISTOIRE_DE_LART-2017.png","type":"image\/png"}],"author":"St\u00e9phane Miget","twitter_card":"summary_large_image","twitter_creator":"@bati_journal","twitter_site":"@bati_journal","twitter_misc":{"\u00c9crit par":"St\u00e9phane Miget","Dur\u00e9e de lecture estim\u00e9e":"1 minute"},"schema":{"@context":"https:\/\/schema.org","@graph":[{"@type":"Article","@id":"https:\/\/batijournal.com\/index.php\/7eme-edition-festival-de-lhistoire-de-lart\/95458\/#article","isPartOf":{"@id":"https:\/\/batijournal.com\/index.php\/7eme-edition-festival-de-lhistoire-de-lart\/95458\/"},"author":{"name":"St\u00e9phane Miget","@id":"https:\/\/batijournal.com\/#\/schema\/person\/1dc96ec6957aa1ccb25ebe78bb19f100"},"headline":"7\u00e8me \u00e9dition du Festival de l\u2019histoire de l\u2019art","datePublished":"2017-03-15T04:31:12+00:00","dateModified":"2019-07-15T09:16:00+00:00","mainEntityOfPage":{"@id":"https:\/\/batijournal.com\/index.php\/7eme-edition-festival-de-lhistoire-de-lart\/95458\/"},"wordCount":154,"image":{"@id":"https:\/\/batijournal.com\/index.php\/7eme-edition-festival-de-lhistoire-de-lart\/95458\/#primaryimage"},"thumbnailUrl":"https:\/\/batijournal.com\/wp-content\/uploads\/2017\/03\/FESTIVAL_DE_LHISTOIRE_DE_LART-2017.png","articleSection":["Architecture &amp; Conception"],"inLanguage":"fr-FR"},{"@type":"WebPage","@id":"https:\/\/batijournal.com\/index.php\/7eme-edition-festival-de-lhistoire-de-lart\/95458\/","url":"https:\/\/batijournal.com\/index.php\/7eme-edition-festival-de-lhistoire-de-lart\/95458\/","name":"7\u00e8me \u00e9dition du Festival de l\u2019histoire de l\u2019art","isPartOf":{"@id":"https:\/\/batijournal.com\/#website"},"primaryImageOfPage":{"@id":"https:\/\/batijournal.com\/index.php\/7eme-edition-festival-de-lhistoire-de-lart\/95458\/#primaryimage"},"image":{"@id":"https:\/\/batijournal.com\/index.php\/7eme-edition-festival-de-lhistoire-de-lart\/95458\/#primaryimage"},"thumbnailUrl":"https:\/\/batijournal.com\/wp-content\/uploads\/2017\/03\/FESTIVAL_DE_LHISTOIRE_DE_LART-2017.png","datePublished":"2017-03-15T04:31:12+00:00","dateModified":"2019-07-15T09:16:00+00:00","author":{"@id":"https:\/\/batijournal.com\/#\/schema\/person\/1dc96ec6957aa1ccb25ebe78bb19f100"},"breadcrumb":{"@id":"https:\/\/batijournal.com\/index.php\/7eme-edition-festival-de-lhistoire-de-lart\/95458\/#breadcrumb"},"inLanguage":"fr-FR","potentialAction":[{"@type":"ReadAction","target":["https:\/\/batijournal.com\/index.php\/7eme-edition-festival-de-lhistoire-de-lart\/95458\/"]}]},{"@type":"ImageObject","inLanguage":"fr-FR","@id":"https:\/\/batijournal.com\/index.php\/7eme-edition-festival-de-lhistoire-de-lart\/95458\/#primaryimage","url":"https:\/\/batijournal.com\/wp-content\/uploads\/2017\/03\/FESTIVAL_DE_LHISTOIRE_DE_LART-2017.png","contentUrl":"https:\/\/batijournal.com\/wp-content\/uploads\/2017\/03\/FESTIVAL_DE_LHISTOIRE_DE_LART-2017.png","width":1000,"height":1466},{"@type":"BreadcrumbList","@id":"https:\/\/batijournal.com\/index.php\/7eme-edition-festival-de-lhistoire-de-lart\/95458\/#breadcrumb","itemListElement":[{"@type":"ListItem","position":1,"name":"Accueil","item":"https:\/\/batijournal.com\/"},{"@type":"ListItem","position":2,"name":"Actualit\u00e9s","item":"https:\/\/batijournal.com\/index.php\/category\/actualites\/"},{"@type":"ListItem","position":3,"name":"Architecture &amp; Conception","item":"https:\/\/batijournal.com\/index.php\/category\/actualites\/architecture-conception\/"},{"@type":"ListItem","position":4,"name":"7\u00e8me \u00e9dition du Festival de l\u2019histoire de l\u2019art"}]},{"@type":"WebSite","@id":"https:\/\/batijournal.com\/#website","url":"https:\/\/batijournal.com\/","name":"Batijournal","description":"L&#039;actualit\u00e9 du b\u00e2timent","potentialAction":[{"@type":"SearchAction","target":{"@type":"EntryPoint","urlTemplate":"https:\/\/batijournal.com\/?s={search_term_string}"},"query-input":{"@type":"PropertyValueSpecification","valueRequired":true,"valueName":"search_term_string"}}],"inLanguage":"fr-FR"},{"@type":"Person","@id":"https:\/\/batijournal.com\/#\/schema\/person\/1dc96ec6957aa1ccb25ebe78bb19f100","name":"St\u00e9phane Miget","image":{"@type":"ImageObject","inLanguage":"fr-FR","@id":"https:\/\/secure.gravatar.com\/avatar\/89915563d925342126b8ef0281b93d9d7fc337043e8df017f780908eb9644451?s=96&d=mm&r=g","url":"https:\/\/secure.gravatar.com\/avatar\/89915563d925342126b8ef0281b93d9d7fc337043e8df017f780908eb9644451?s=96&d=mm&r=g","contentUrl":"https:\/\/secure.gravatar.com\/avatar\/89915563d925342126b8ef0281b93d9d7fc337043e8df017f780908eb9644451?s=96&d=mm&r=g","caption":"St\u00e9phane Miget"},"url":"https:\/\/batijournal.com\/index.php\/author\/stephane\/"}]}},"_links":{"self":[{"href":"https:\/\/batijournal.com\/index.php\/wp-json\/wp\/v2\/posts\/95458","targetHints":{"allow":["GET"]}}],"collection":[{"href":"https:\/\/batijournal.com\/index.php\/wp-json\/wp\/v2\/posts"}],"about":[{"href":"https:\/\/batijournal.com\/index.php\/wp-json\/wp\/v2\/types\/post"}],"author":[{"embeddable":true,"href":"https:\/\/batijournal.com\/index.php\/wp-json\/wp\/v2\/users\/17"}],"replies":[{"embeddable":true,"href":"https:\/\/batijournal.com\/index.php\/wp-json\/wp\/v2\/comments?post=95458"}],"version-history":[{"count":0,"href":"https:\/\/batijournal.com\/index.php\/wp-json\/wp\/v2\/posts\/95458\/revisions"}],"wp:featuredmedia":[{"embeddable":true,"href":"https:\/\/batijournal.com\/index.php\/wp-json\/wp\/v2\/media\/95459"}],"wp:attachment":[{"href":"https:\/\/batijournal.com\/index.php\/wp-json\/wp\/v2\/media?parent=95458"}],"wp:term":[{"taxonomy":"category","embeddable":true,"href":"https:\/\/batijournal.com\/index.php\/wp-json\/wp\/v2\/categories?post=95458"},{"taxonomy":"post_tag","embeddable":true,"href":"https:\/\/batijournal.com\/index.php\/wp-json\/wp\/v2\/tags?post=95458"}],"curies":[{"name":"wp","href":"https:\/\/api.w.org\/{rel}","templated":true}]}}