{"id":95475,"date":"2017-03-17T08:21:14","date_gmt":"2017-03-17T07:21:14","guid":{"rendered":"http:\/\/batijournal.com\/?p=95475"},"modified":"2019-07-15T12:03:55","modified_gmt":"2019-07-15T10:03:55","slug":"appel-a-manifestation-dinteret-bois-construction-rehabilitation-bois","status":"publish","type":"post","link":"https:\/\/batijournal.com\/index.php\/appel-a-manifestation-dinteret-bois-construction-rehabilitation-bois\/95475\/","title":{"rendered":"Appel \u00e0 manifestation d\u2019int\u00e9r\u00eat bois construction ou r\u00e9habilitation bois"},"content":{"rendered":"<p>A travers l&rsquo;AMI \u00ab Bois \u2013 Bourg \u00bb, l\u2019\u00c9tat va apporter son soutien \u00e0 100 projets de construction ou r\u00e9habilitation dans des bourgs ou territoires ruraux utilisant du bois et des mat\u00e9riaux biosourc\u00e9s locaux. Cet appel \u00e0 manifestation d\u2019int\u00e9r\u00eat cible une large typologie de b\u00e2timents : petits logements collectifs, maisons individuelles, commerces, \u00e9quipements publics&#8230; En mati\u00e8re de r\u00e9habilitation, les projets retenus illustreront la diversit\u00e9 des emplois possibles du bois, mat\u00e9riau l\u00e9ger et particuli\u00e8rement pertinent pour ce type d\u2019intervention sur le b\u00e2ti existant : travaux d\u2019extension, sur\u00e9l\u00e9vation, am\u00e9nagement des combles, r\u00e9novation \u00e9nerg\u00e9tique\u2026 Ils b\u00e9n\u00e9ficieront de l\u2019accompagnement des services d\u00e9concentr\u00e9s de l\u2019Etat et du CEREMA.<\/p>\n<p>Source Minist\u00e8res de l&rsquo;agriculture et du logement<\/p>\n<p>&nbsp;<\/p>\n","protected":false},"excerpt":{"rendered":"<p>A travers l&rsquo;AMI \u00ab Bois \u2013 Bourg \u00bb, l\u2019\u00c9tat va apporter son soutien \u00e0 100 projets de construction ou r\u00e9habilitation dans des bourgs ou territoires ruraux utilisant du bois et des mat\u00e9riaux biosourc\u00e9s locaux. Cet appel \u00e0 manifestation d\u2019int\u00e9r\u00eat cible une large typologie de b\u00e2timents : petits logements collectifs, maisons individuelles, commerces, \u00e9quipements publics&#8230; En [&hellip;]<\/p>\n","protected":false},"author":17,"featured_media":88688,"comment_status":"closed","ping_status":"closed","sticky":false,"template":"","format":"standard","meta":{"_et_pb_use_builder":"","_et_pb_old_content":"","_et_gb_content_width":"","footnotes":""},"categories":[6345],"tags":[1017],"class_list":["post-95475","post","type-post","status-publish","format-standard","has-post-thumbnail","hentry","category-economie-marches","tag-filiere-bois"],"yoast_head":"<!-- This site is optimized with the Yoast SEO plugin v27.4 - https:\/\/yoast.com\/product\/yoast-seo-wordpress\/ -->\n<title>Appel \u00e0 manifestation d\u2019int\u00e9r\u00eat bois construction ou r\u00e9habilitation bois<\/title>\n<meta name=\"robots\" content=\"index, follow, max-snippet:-1, max-image-preview:large, max-video-preview:-1\" \/>\n<link rel=\"canonical\" href=\"https:\/\/batijournal.com\/index.php\/appel-a-manifestation-dinteret-bois-construction-rehabilitation-bois\/95475\/\" \/>\n<meta property=\"og:locale\" content=\"fr_FR\" \/>\n<meta property=\"og:type\" content=\"article\" \/>\n<meta property=\"og:title\" content=\"Appel \u00e0 manifestation d\u2019int\u00e9r\u00eat bois construction ou r\u00e9habilitation bois\" \/>\n<meta property=\"og:description\" content=\"A travers l&rsquo;AMI \u00ab Bois \u2013 Bourg \u00bb, l\u2019\u00c9tat va apporter son soutien \u00e0 100 projets de construction ou r\u00e9habilitation dans des bourgs ou territoires ruraux utilisant du bois et des mat\u00e9riaux biosourc\u00e9s locaux. Cet appel \u00e0 manifestation d\u2019int\u00e9r\u00eat cible une large typologie de b\u00e2timents : petits logements collectifs, maisons individuelles, commerces, \u00e9quipements publics&#8230; En [&hellip;]\" \/>\n<meta property=\"og:url\" content=\"https:\/\/batijournal.com\/index.php\/appel-a-manifestation-dinteret-bois-construction-rehabilitation-bois\/95475\/\" \/>\n<meta property=\"og:site_name\" content=\"Batijournal\" \/>\n<meta property=\"article:published_time\" content=\"2017-03-17T07:21:14+00:00\" \/>\n<meta property=\"article:modified_time\" content=\"2019-07-15T10:03:55+00:00\" \/>\n<meta property=\"og:image\" content=\"https:\/\/batijournal.com\/wp-content\/uploads\/2015\/07\/Fotolia_60251239_S.jpg\" \/>\n\t<meta property=\"og:image:width\" content=\"800\" \/>\n\t<meta property=\"og:image:height\" content=\"600\" \/>\n\t<meta property=\"og:image:type\" content=\"image\/jpeg\" \/>\n<meta name=\"author\" content=\"St\u00e9phane Miget\" \/>\n<meta name=\"twitter:card\" content=\"summary_large_image\" \/>\n<meta name=\"twitter:creator\" content=\"@bati_journal\" \/>\n<meta name=\"twitter:site\" content=\"@bati_journal\" \/>\n<meta name=\"twitter:label1\" content=\"\u00c9crit par\" \/>\n\t<meta name=\"twitter:data1\" content=\"St\u00e9phane Miget\" \/>\n\t<meta name=\"twitter:label2\" content=\"Dur\u00e9e de lecture estim\u00e9e\" \/>\n\t<meta name=\"twitter:data2\" content=\"1 minute\" \/>\n<script type=\"application\/ld+json\" class=\"yoast-schema-graph\">{\"@context\":\"https:\\\/\\\/schema.org\",\"@graph\":[{\"@type\":\"Article\",\"@id\":\"https:\\\/\\\/batijournal.com\\\/index.php\\\/appel-a-manifestation-dinteret-bois-construction-rehabilitation-bois\\\/95475\\\/#article\",\"isPartOf\":{\"@id\":\"https:\\\/\\\/batijournal.com\\\/index.php\\\/appel-a-manifestation-dinteret-bois-construction-rehabilitation-bois\\\/95475\\\/\"},\"author\":{\"name\":\"St\u00e9phane Miget\",\"@id\":\"https:\\\/\\\/batijournal.com\\\/#\\\/schema\\\/person\\\/1dc96ec6957aa1ccb25ebe78bb19f100\"},\"headline\":\"Appel \u00e0 manifestation d\u2019int\u00e9r\u00eat bois construction ou r\u00e9habilitation bois\",\"datePublished\":\"2017-03-17T07:21:14+00:00\",\"dateModified\":\"2019-07-15T10:03:55+00:00\",\"mainEntityOfPage\":{\"@id\":\"https:\\\/\\\/batijournal.com\\\/index.php\\\/appel-a-manifestation-dinteret-bois-construction-rehabilitation-bois\\\/95475\\\/\"},\"wordCount\":145,\"image\":{\"@id\":\"https:\\\/\\\/batijournal.com\\\/index.php\\\/appel-a-manifestation-dinteret-bois-construction-rehabilitation-bois\\\/95475\\\/#primaryimage\"},\"thumbnailUrl\":\"https:\\\/\\\/batijournal.com\\\/wp-content\\\/uploads\\\/2015\\\/07\\\/Fotolia_60251239_S.jpg\",\"keywords\":[\"fili\u00e8re bois\"],\"articleSection\":[\"\u00c9conomie &amp; March\u00e9s\"],\"inLanguage\":\"fr-FR\"},{\"@type\":\"WebPage\",\"@id\":\"https:\\\/\\\/batijournal.com\\\/index.php\\\/appel-a-manifestation-dinteret-bois-construction-rehabilitation-bois\\\/95475\\\/\",\"url\":\"https:\\\/\\\/batijournal.com\\\/index.php\\\/appel-a-manifestation-dinteret-bois-construction-rehabilitation-bois\\\/95475\\\/\",\"name\":\"Appel \u00e0 manifestation d\u2019int\u00e9r\u00eat bois construction ou r\u00e9habilitation bois\",\"isPartOf\":{\"@id\":\"https:\\\/\\\/batijournal.com\\\/#website\"},\"primaryImageOfPage\":{\"@id\":\"https:\\\/\\\/batijournal.com\\\/index.php\\\/appel-a-manifestation-dinteret-bois-construction-rehabilitation-bois\\\/95475\\\/#primaryimage\"},\"image\":{\"@id\":\"https:\\\/\\\/batijournal.com\\\/index.php\\\/appel-a-manifestation-dinteret-bois-construction-rehabilitation-bois\\\/95475\\\/#primaryimage\"},\"thumbnailUrl\":\"https:\\\/\\\/batijournal.com\\\/wp-content\\\/uploads\\\/2015\\\/07\\\/Fotolia_60251239_S.jpg\",\"datePublished\":\"2017-03-17T07:21:14+00:00\",\"dateModified\":\"2019-07-15T10:03:55+00:00\",\"author\":{\"@id\":\"https:\\\/\\\/batijournal.com\\\/#\\\/schema\\\/person\\\/1dc96ec6957aa1ccb25ebe78bb19f100\"},\"breadcrumb\":{\"@id\":\"https:\\\/\\\/batijournal.com\\\/index.php\\\/appel-a-manifestation-dinteret-bois-construction-rehabilitation-bois\\\/95475\\\/#breadcrumb\"},\"inLanguage\":\"fr-FR\",\"potentialAction\":[{\"@type\":\"ReadAction\",\"target\":[\"https:\\\/\\\/batijournal.com\\\/index.php\\\/appel-a-manifestation-dinteret-bois-construction-rehabilitation-bois\\\/95475\\\/\"]}]},{\"@type\":\"ImageObject\",\"inLanguage\":\"fr-FR\",\"@id\":\"https:\\\/\\\/batijournal.com\\\/index.php\\\/appel-a-manifestation-dinteret-bois-construction-rehabilitation-bois\\\/95475\\\/#primaryimage\",\"url\":\"https:\\\/\\\/batijournal.com\\\/wp-content\\\/uploads\\\/2015\\\/07\\\/Fotolia_60251239_S.jpg\",\"contentUrl\":\"https:\\\/\\\/batijournal.com\\\/wp-content\\\/uploads\\\/2015\\\/07\\\/Fotolia_60251239_S.jpg\",\"width\":800,\"height\":600,\"caption\":\"construction bois\"},{\"@type\":\"BreadcrumbList\",\"@id\":\"https:\\\/\\\/batijournal.com\\\/index.php\\\/appel-a-manifestation-dinteret-bois-construction-rehabilitation-bois\\\/95475\\\/#breadcrumb\",\"itemListElement\":[{\"@type\":\"ListItem\",\"position\":1,\"name\":\"Accueil\",\"item\":\"https:\\\/\\\/batijournal.com\\\/\"},{\"@type\":\"ListItem\",\"position\":2,\"name\":\"Actualit\u00e9s\",\"item\":\"https:\\\/\\\/batijournal.com\\\/index.php\\\/category\\\/actualites\\\/\"},{\"@type\":\"ListItem\",\"position\":3,\"name\":\"\u00c9conomie &amp; March\u00e9s\",\"item\":\"https:\\\/\\\/batijournal.com\\\/index.php\\\/category\\\/actualites\\\/economie-marches\\\/\"},{\"@type\":\"ListItem\",\"position\":4,\"name\":\"Appel \u00e0 manifestation d\u2019int\u00e9r\u00eat bois construction ou r\u00e9habilitation bois\"}]},{\"@type\":\"WebSite\",\"@id\":\"https:\\\/\\\/batijournal.com\\\/#website\",\"url\":\"https:\\\/\\\/batijournal.com\\\/\",\"name\":\"Batijournal\",\"description\":\"L&#039;actualit\u00e9 du b\u00e2timent\",\"potentialAction\":[{\"@type\":\"SearchAction\",\"target\":{\"@type\":\"EntryPoint\",\"urlTemplate\":\"https:\\\/\\\/batijournal.com\\\/?s={search_term_string}\"},\"query-input\":{\"@type\":\"PropertyValueSpecification\",\"valueRequired\":true,\"valueName\":\"search_term_string\"}}],\"inLanguage\":\"fr-FR\"},{\"@type\":\"Person\",\"@id\":\"https:\\\/\\\/batijournal.com\\\/#\\\/schema\\\/person\\\/1dc96ec6957aa1ccb25ebe78bb19f100\",\"name\":\"St\u00e9phane Miget\",\"image\":{\"@type\":\"ImageObject\",\"inLanguage\":\"fr-FR\",\"@id\":\"https:\\\/\\\/secure.gravatar.com\\\/avatar\\\/89915563d925342126b8ef0281b93d9d7fc337043e8df017f780908eb9644451?s=96&d=mm&r=g\",\"url\":\"https:\\\/\\\/secure.gravatar.com\\\/avatar\\\/89915563d925342126b8ef0281b93d9d7fc337043e8df017f780908eb9644451?s=96&d=mm&r=g\",\"contentUrl\":\"https:\\\/\\\/secure.gravatar.com\\\/avatar\\\/89915563d925342126b8ef0281b93d9d7fc337043e8df017f780908eb9644451?s=96&d=mm&r=g\",\"caption\":\"St\u00e9phane Miget\"},\"url\":\"https:\\\/\\\/batijournal.com\\\/index.php\\\/author\\\/stephane\\\/\"}]}<\/script>\n<!-- \/ Yoast SEO plugin. -->","yoast_head_json":{"title":"Appel \u00e0 manifestation d\u2019int\u00e9r\u00eat bois construction ou r\u00e9habilitation bois","robots":{"index":"index","follow":"follow","max-snippet":"max-snippet:-1","max-image-preview":"max-image-preview:large","max-video-preview":"max-video-preview:-1"},"canonical":"https:\/\/batijournal.com\/index.php\/appel-a-manifestation-dinteret-bois-construction-rehabilitation-bois\/95475\/","og_locale":"fr_FR","og_type":"article","og_title":"Appel \u00e0 manifestation d\u2019int\u00e9r\u00eat bois construction ou r\u00e9habilitation bois","og_description":"A travers l&rsquo;AMI \u00ab Bois \u2013 Bourg \u00bb, l\u2019\u00c9tat va apporter son soutien \u00e0 100 projets de construction ou r\u00e9habilitation dans des bourgs ou territoires ruraux utilisant du bois et des mat\u00e9riaux biosourc\u00e9s locaux. Cet appel \u00e0 manifestation d\u2019int\u00e9r\u00eat cible une large typologie de b\u00e2timents : petits logements collectifs, maisons individuelles, commerces, \u00e9quipements publics&#8230; En [&hellip;]","og_url":"https:\/\/batijournal.com\/index.php\/appel-a-manifestation-dinteret-bois-construction-rehabilitation-bois\/95475\/","og_site_name":"Batijournal","article_published_time":"2017-03-17T07:21:14+00:00","article_modified_time":"2019-07-15T10:03:55+00:00","og_image":[{"width":800,"height":600,"url":"https:\/\/batijournal.com\/wp-content\/uploads\/2015\/07\/Fotolia_60251239_S.jpg","type":"image\/jpeg"}],"author":"St\u00e9phane Miget","twitter_card":"summary_large_image","twitter_creator":"@bati_journal","twitter_site":"@bati_journal","twitter_misc":{"\u00c9crit par":"St\u00e9phane Miget","Dur\u00e9e de lecture estim\u00e9e":"1 minute"},"schema":{"@context":"https:\/\/schema.org","@graph":[{"@type":"Article","@id":"https:\/\/batijournal.com\/index.php\/appel-a-manifestation-dinteret-bois-construction-rehabilitation-bois\/95475\/#article","isPartOf":{"@id":"https:\/\/batijournal.com\/index.php\/appel-a-manifestation-dinteret-bois-construction-rehabilitation-bois\/95475\/"},"author":{"name":"St\u00e9phane Miget","@id":"https:\/\/batijournal.com\/#\/schema\/person\/1dc96ec6957aa1ccb25ebe78bb19f100"},"headline":"Appel \u00e0 manifestation d\u2019int\u00e9r\u00eat bois construction ou r\u00e9habilitation bois","datePublished":"2017-03-17T07:21:14+00:00","dateModified":"2019-07-15T10:03:55+00:00","mainEntityOfPage":{"@id":"https:\/\/batijournal.com\/index.php\/appel-a-manifestation-dinteret-bois-construction-rehabilitation-bois\/95475\/"},"wordCount":145,"image":{"@id":"https:\/\/batijournal.com\/index.php\/appel-a-manifestation-dinteret-bois-construction-rehabilitation-bois\/95475\/#primaryimage"},"thumbnailUrl":"https:\/\/batijournal.com\/wp-content\/uploads\/2015\/07\/Fotolia_60251239_S.jpg","keywords":["fili\u00e8re bois"],"articleSection":["\u00c9conomie &amp; March\u00e9s"],"inLanguage":"fr-FR"},{"@type":"WebPage","@id":"https:\/\/batijournal.com\/index.php\/appel-a-manifestation-dinteret-bois-construction-rehabilitation-bois\/95475\/","url":"https:\/\/batijournal.com\/index.php\/appel-a-manifestation-dinteret-bois-construction-rehabilitation-bois\/95475\/","name":"Appel \u00e0 manifestation d\u2019int\u00e9r\u00eat bois construction ou r\u00e9habilitation bois","isPartOf":{"@id":"https:\/\/batijournal.com\/#website"},"primaryImageOfPage":{"@id":"https:\/\/batijournal.com\/index.php\/appel-a-manifestation-dinteret-bois-construction-rehabilitation-bois\/95475\/#primaryimage"},"image":{"@id":"https:\/\/batijournal.com\/index.php\/appel-a-manifestation-dinteret-bois-construction-rehabilitation-bois\/95475\/#primaryimage"},"thumbnailUrl":"https:\/\/batijournal.com\/wp-content\/uploads\/2015\/07\/Fotolia_60251239_S.jpg","datePublished":"2017-03-17T07:21:14+00:00","dateModified":"2019-07-15T10:03:55+00:00","author":{"@id":"https:\/\/batijournal.com\/#\/schema\/person\/1dc96ec6957aa1ccb25ebe78bb19f100"},"breadcrumb":{"@id":"https:\/\/batijournal.com\/index.php\/appel-a-manifestation-dinteret-bois-construction-rehabilitation-bois\/95475\/#breadcrumb"},"inLanguage":"fr-FR","potentialAction":[{"@type":"ReadAction","target":["https:\/\/batijournal.com\/index.php\/appel-a-manifestation-dinteret-bois-construction-rehabilitation-bois\/95475\/"]}]},{"@type":"ImageObject","inLanguage":"fr-FR","@id":"https:\/\/batijournal.com\/index.php\/appel-a-manifestation-dinteret-bois-construction-rehabilitation-bois\/95475\/#primaryimage","url":"https:\/\/batijournal.com\/wp-content\/uploads\/2015\/07\/Fotolia_60251239_S.jpg","contentUrl":"https:\/\/batijournal.com\/wp-content\/uploads\/2015\/07\/Fotolia_60251239_S.jpg","width":800,"height":600,"caption":"construction bois"},{"@type":"BreadcrumbList","@id":"https:\/\/batijournal.com\/index.php\/appel-a-manifestation-dinteret-bois-construction-rehabilitation-bois\/95475\/#breadcrumb","itemListElement":[{"@type":"ListItem","position":1,"name":"Accueil","item":"https:\/\/batijournal.com\/"},{"@type":"ListItem","position":2,"name":"Actualit\u00e9s","item":"https:\/\/batijournal.com\/index.php\/category\/actualites\/"},{"@type":"ListItem","position":3,"name":"\u00c9conomie &amp; March\u00e9s","item":"https:\/\/batijournal.com\/index.php\/category\/actualites\/economie-marches\/"},{"@type":"ListItem","position":4,"name":"Appel \u00e0 manifestation d\u2019int\u00e9r\u00eat bois construction ou r\u00e9habilitation bois"}]},{"@type":"WebSite","@id":"https:\/\/batijournal.com\/#website","url":"https:\/\/batijournal.com\/","name":"Batijournal","description":"L&#039;actualit\u00e9 du b\u00e2timent","potentialAction":[{"@type":"SearchAction","target":{"@type":"EntryPoint","urlTemplate":"https:\/\/batijournal.com\/?s={search_term_string}"},"query-input":{"@type":"PropertyValueSpecification","valueRequired":true,"valueName":"search_term_string"}}],"inLanguage":"fr-FR"},{"@type":"Person","@id":"https:\/\/batijournal.com\/#\/schema\/person\/1dc96ec6957aa1ccb25ebe78bb19f100","name":"St\u00e9phane Miget","image":{"@type":"ImageObject","inLanguage":"fr-FR","@id":"https:\/\/secure.gravatar.com\/avatar\/89915563d925342126b8ef0281b93d9d7fc337043e8df017f780908eb9644451?s=96&d=mm&r=g","url":"https:\/\/secure.gravatar.com\/avatar\/89915563d925342126b8ef0281b93d9d7fc337043e8df017f780908eb9644451?s=96&d=mm&r=g","contentUrl":"https:\/\/secure.gravatar.com\/avatar\/89915563d925342126b8ef0281b93d9d7fc337043e8df017f780908eb9644451?s=96&d=mm&r=g","caption":"St\u00e9phane Miget"},"url":"https:\/\/batijournal.com\/index.php\/author\/stephane\/"}]}},"_links":{"self":[{"href":"https:\/\/batijournal.com\/index.php\/wp-json\/wp\/v2\/posts\/95475","targetHints":{"allow":["GET"]}}],"collection":[{"href":"https:\/\/batijournal.com\/index.php\/wp-json\/wp\/v2\/posts"}],"about":[{"href":"https:\/\/batijournal.com\/index.php\/wp-json\/wp\/v2\/types\/post"}],"author":[{"embeddable":true,"href":"https:\/\/batijournal.com\/index.php\/wp-json\/wp\/v2\/users\/17"}],"replies":[{"embeddable":true,"href":"https:\/\/batijournal.com\/index.php\/wp-json\/wp\/v2\/comments?post=95475"}],"version-history":[{"count":0,"href":"https:\/\/batijournal.com\/index.php\/wp-json\/wp\/v2\/posts\/95475\/revisions"}],"wp:featuredmedia":[{"embeddable":true,"href":"https:\/\/batijournal.com\/index.php\/wp-json\/wp\/v2\/media\/88688"}],"wp:attachment":[{"href":"https:\/\/batijournal.com\/index.php\/wp-json\/wp\/v2\/media?parent=95475"}],"wp:term":[{"taxonomy":"category","embeddable":true,"href":"https:\/\/batijournal.com\/index.php\/wp-json\/wp\/v2\/categories?post=95475"},{"taxonomy":"post_tag","embeddable":true,"href":"https:\/\/batijournal.com\/index.php\/wp-json\/wp\/v2\/tags?post=95475"}],"curies":[{"name":"wp","href":"https:\/\/api.w.org\/{rel}","templated":true}]}}