{"id":95476,"date":"2017-03-17T08:26:25","date_gmt":"2017-03-17T07:26:25","guid":{"rendered":"http:\/\/batijournal.com\/?p=95476"},"modified":"2019-07-15T12:10:56","modified_gmt":"2019-07-15T10:10:56","slug":"construction-bois-bordeaux-euratlantique-honore-engagement","status":"publish","type":"post","link":"https:\/\/batijournal.com\/index.php\/construction-bois-bordeaux-euratlantique-honore-engagement\/95476\/","title":{"rendered":"Construction bois : Bordeaux-Euratlantique honore son engagement"},"content":{"rendered":"<div class=\"page\" title=\"Page 1\">\n<div class=\"layoutArea\">\n<div class=\"column\">\n<p>En mars 2016, Bordeaux-Euratlantique s\u2019engageait \u00e0 construire 25 000 m2 par an sur l\u2019OIN en structure interne bois ; toutes programmations confondues. Une strat\u00e9gie d\u00e9j\u00e0 bien ancr\u00e9e avec la construction de l\u2019immeuble tertiaire R+6 de 5000 m2 r\u00e9alis\u00e9 par le Groupe Pichet et qui sera livr\u00e9 en 2018. Un an apr\u00e8s cette annonce, l\u2019objectif a \u00e9t\u00e9 atteint pour 2016 avec notamment la signature de la promesse de vente du Belv\u00e9d\u00e8re (programme Nexity), futur quartier rive droite en t\u00eate du pont Saint-Jean, qui pr\u00e9voit \u00e0 lui seul entre 14 000 m2 et 28 000 m2 en construction bois.<\/p>\n<p>L\u2019ann\u00e9e 2017 s\u2019annonce \u00e9galement prometteuse avec plusieurs projets. Le permis de construire de la tour Hyp\u00e9rion R+18, 7000 m2, sera d\u00e9pos\u00e9 d\u2019ici l\u2019\u00e9t\u00e9 par le groupement repr\u00e9sent\u00e9 par Eiffage et Woodeum. Ce projet utilisera 1400 m3 de bois massif pour un immeuble de 50 m\u00e8tres de haut, une premi\u00e8re mondiale. Ensuite, le chantier du programme de 5400 m2 de logements Gironde Habitat d\u00e9butera au 2e semestre.<\/p>\n<div class=\"page\" title=\"Page 1\">\n<div class=\"layoutArea\">\n<div class=\"column\">\n<p>Bordeaux-Euratlantique s\u2019est \u00e9galement engag\u00e9 \u00e0 participer \u00e0 la f\u00e9d\u00e9ration des organismes professionnels de la fili\u00e8re, des am\u00e9nageurs et des EPA de France autour du premier congr\u00e8s mondial d\u00e9di\u00e9 aux immeubles bois de moyennes et grandes hauteur au c\u0153ur de la ville durable et de la transition \u00e9cologique. Woodrise se d\u00e9roulera du 12 au 15 septembre 2017 \u00e0 Bordeaux.<\/p>\n<p>Visuel : Perspective Bordeaux Groupe Pichet<\/p>\n<p>&nbsp;<\/p>\n<\/div>\n<\/div>\n<\/div>\n<\/div>\n<\/div>\n<\/div>\n","protected":false},"excerpt":{"rendered":"<p>En mars 2016, Bordeaux-Euratlantique s\u2019engageait \u00e0 construire 25 000 m2 par an sur l\u2019OIN en structure interne bois ; toutes programmations confondues. Une strat\u00e9gie d\u00e9j\u00e0 bien ancr\u00e9e avec la construction de l\u2019immeuble tertiaire R+6 de 5000 m2 r\u00e9alis\u00e9 par le Groupe Pichet et qui sera livr\u00e9 en 2018. Un an apr\u00e8s cette annonce, l\u2019objectif a [&hellip;]<\/p>\n","protected":false},"author":17,"featured_media":93085,"comment_status":"closed","ping_status":"closed","sticky":false,"template":"","format":"standard","meta":{"_et_pb_use_builder":"","_et_pb_old_content":"","_et_gb_content_width":"","footnotes":""},"categories":[6340,6345],"tags":[3711,11372],"class_list":["post-95476","post","type-post","status-publish","format-standard","has-post-thumbnail","hentry","category-architecture-conception","category-economie-marches","tag-bordeaux","tag-euratlantique"],"yoast_head":"<!-- This site is optimized with the Yoast SEO plugin v27.4 - https:\/\/yoast.com\/product\/yoast-seo-wordpress\/ -->\n<title>Construction bois : Bordeaux-Euratlantique honore son engagement<\/title>\n<meta name=\"robots\" content=\"index, follow, max-snippet:-1, max-image-preview:large, max-video-preview:-1\" \/>\n<link rel=\"canonical\" href=\"https:\/\/batijournal.com\/index.php\/construction-bois-bordeaux-euratlantique-honore-engagement\/95476\/\" \/>\n<meta property=\"og:locale\" content=\"fr_FR\" \/>\n<meta property=\"og:type\" content=\"article\" \/>\n<meta property=\"og:title\" content=\"Construction bois : Bordeaux-Euratlantique honore son engagement\" \/>\n<meta property=\"og:description\" content=\"En mars 2016, Bordeaux-Euratlantique s\u2019engageait \u00e0 construire 25 000 m2 par an sur l\u2019OIN en structure interne bois ; toutes programmations confondues. Une strat\u00e9gie d\u00e9j\u00e0 bien ancr\u00e9e avec la construction de l\u2019immeuble tertiaire R+6 de 5000 m2 r\u00e9alis\u00e9 par le Groupe Pichet et qui sera livr\u00e9 en 2018. Un an apr\u00e8s cette annonce, l\u2019objectif a [&hellip;]\" \/>\n<meta property=\"og:url\" content=\"https:\/\/batijournal.com\/index.php\/construction-bois-bordeaux-euratlantique-honore-engagement\/95476\/\" \/>\n<meta property=\"og:site_name\" content=\"Batijournal\" \/>\n<meta property=\"article:published_time\" content=\"2017-03-17T07:26:25+00:00\" \/>\n<meta property=\"article:modified_time\" content=\"2019-07-15T10:10:56+00:00\" \/>\n<meta property=\"og:image\" content=\"https:\/\/batijournal.com\/wp-content\/uploads\/2016\/06\/Perspective_Bordeaux_GroupePichet.jpg\" \/>\n\t<meta property=\"og:image:width\" content=\"1200\" \/>\n\t<meta property=\"og:image:height\" content=\"774\" \/>\n\t<meta property=\"og:image:type\" content=\"image\/jpeg\" \/>\n<meta name=\"author\" content=\"St\u00e9phane Miget\" \/>\n<meta name=\"twitter:card\" content=\"summary_large_image\" \/>\n<meta name=\"twitter:creator\" content=\"@bati_journal\" \/>\n<meta name=\"twitter:site\" content=\"@bati_journal\" \/>\n<meta name=\"twitter:label1\" content=\"\u00c9crit par\" \/>\n\t<meta name=\"twitter:data1\" content=\"St\u00e9phane Miget\" \/>\n\t<meta name=\"twitter:label2\" content=\"Dur\u00e9e de lecture estim\u00e9e\" \/>\n\t<meta name=\"twitter:data2\" content=\"1 minute\" \/>\n<script type=\"application\/ld+json\" class=\"yoast-schema-graph\">{\"@context\":\"https:\\\/\\\/schema.org\",\"@graph\":[{\"@type\":\"Article\",\"@id\":\"https:\\\/\\\/batijournal.com\\\/index.php\\\/construction-bois-bordeaux-euratlantique-honore-engagement\\\/95476\\\/#article\",\"isPartOf\":{\"@id\":\"https:\\\/\\\/batijournal.com\\\/index.php\\\/construction-bois-bordeaux-euratlantique-honore-engagement\\\/95476\\\/\"},\"author\":{\"name\":\"St\u00e9phane Miget\",\"@id\":\"https:\\\/\\\/batijournal.com\\\/#\\\/schema\\\/person\\\/1dc96ec6957aa1ccb25ebe78bb19f100\"},\"headline\":\"Construction bois : Bordeaux-Euratlantique honore son engagement\",\"datePublished\":\"2017-03-17T07:26:25+00:00\",\"dateModified\":\"2019-07-15T10:10:56+00:00\",\"mainEntityOfPage\":{\"@id\":\"https:\\\/\\\/batijournal.com\\\/index.php\\\/construction-bois-bordeaux-euratlantique-honore-engagement\\\/95476\\\/\"},\"wordCount\":242,\"image\":{\"@id\":\"https:\\\/\\\/batijournal.com\\\/index.php\\\/construction-bois-bordeaux-euratlantique-honore-engagement\\\/95476\\\/#primaryimage\"},\"thumbnailUrl\":\"https:\\\/\\\/batijournal.com\\\/wp-content\\\/uploads\\\/2016\\\/06\\\/Perspective_Bordeaux_GroupePichet.jpg\",\"keywords\":[\"bordeaux\",\"euratlantique\"],\"articleSection\":[\"Architecture &amp; Conception\",\"\u00c9conomie &amp; March\u00e9s\"],\"inLanguage\":\"fr-FR\"},{\"@type\":\"WebPage\",\"@id\":\"https:\\\/\\\/batijournal.com\\\/index.php\\\/construction-bois-bordeaux-euratlantique-honore-engagement\\\/95476\\\/\",\"url\":\"https:\\\/\\\/batijournal.com\\\/index.php\\\/construction-bois-bordeaux-euratlantique-honore-engagement\\\/95476\\\/\",\"name\":\"Construction bois : Bordeaux-Euratlantique honore son engagement\",\"isPartOf\":{\"@id\":\"https:\\\/\\\/batijournal.com\\\/#website\"},\"primaryImageOfPage\":{\"@id\":\"https:\\\/\\\/batijournal.com\\\/index.php\\\/construction-bois-bordeaux-euratlantique-honore-engagement\\\/95476\\\/#primaryimage\"},\"image\":{\"@id\":\"https:\\\/\\\/batijournal.com\\\/index.php\\\/construction-bois-bordeaux-euratlantique-honore-engagement\\\/95476\\\/#primaryimage\"},\"thumbnailUrl\":\"https:\\\/\\\/batijournal.com\\\/wp-content\\\/uploads\\\/2016\\\/06\\\/Perspective_Bordeaux_GroupePichet.jpg\",\"datePublished\":\"2017-03-17T07:26:25+00:00\",\"dateModified\":\"2019-07-15T10:10:56+00:00\",\"author\":{\"@id\":\"https:\\\/\\\/batijournal.com\\\/#\\\/schema\\\/person\\\/1dc96ec6957aa1ccb25ebe78bb19f100\"},\"breadcrumb\":{\"@id\":\"https:\\\/\\\/batijournal.com\\\/index.php\\\/construction-bois-bordeaux-euratlantique-honore-engagement\\\/95476\\\/#breadcrumb\"},\"inLanguage\":\"fr-FR\",\"potentialAction\":[{\"@type\":\"ReadAction\",\"target\":[\"https:\\\/\\\/batijournal.com\\\/index.php\\\/construction-bois-bordeaux-euratlantique-honore-engagement\\\/95476\\\/\"]}]},{\"@type\":\"ImageObject\",\"inLanguage\":\"fr-FR\",\"@id\":\"https:\\\/\\\/batijournal.com\\\/index.php\\\/construction-bois-bordeaux-euratlantique-honore-engagement\\\/95476\\\/#primaryimage\",\"url\":\"https:\\\/\\\/batijournal.com\\\/wp-content\\\/uploads\\\/2016\\\/06\\\/Perspective_Bordeaux_GroupePichet.jpg\",\"contentUrl\":\"https:\\\/\\\/batijournal.com\\\/wp-content\\\/uploads\\\/2016\\\/06\\\/Perspective_Bordeaux_GroupePichet.jpg\",\"width\":1200,\"height\":774},{\"@type\":\"BreadcrumbList\",\"@id\":\"https:\\\/\\\/batijournal.com\\\/index.php\\\/construction-bois-bordeaux-euratlantique-honore-engagement\\\/95476\\\/#breadcrumb\",\"itemListElement\":[{\"@type\":\"ListItem\",\"position\":1,\"name\":\"Accueil\",\"item\":\"https:\\\/\\\/batijournal.com\\\/\"},{\"@type\":\"ListItem\",\"position\":2,\"name\":\"Actualit\u00e9s\",\"item\":\"https:\\\/\\\/batijournal.com\\\/index.php\\\/category\\\/actualites\\\/\"},{\"@type\":\"ListItem\",\"position\":3,\"name\":\"\u00c9conomie &amp; March\u00e9s\",\"item\":\"https:\\\/\\\/batijournal.com\\\/index.php\\\/category\\\/actualites\\\/economie-marches\\\/\"},{\"@type\":\"ListItem\",\"position\":4,\"name\":\"Construction bois : Bordeaux-Euratlantique honore son engagement\"}]},{\"@type\":\"WebSite\",\"@id\":\"https:\\\/\\\/batijournal.com\\\/#website\",\"url\":\"https:\\\/\\\/batijournal.com\\\/\",\"name\":\"Batijournal\",\"description\":\"L&#039;actualit\u00e9 du b\u00e2timent\",\"potentialAction\":[{\"@type\":\"SearchAction\",\"target\":{\"@type\":\"EntryPoint\",\"urlTemplate\":\"https:\\\/\\\/batijournal.com\\\/?s={search_term_string}\"},\"query-input\":{\"@type\":\"PropertyValueSpecification\",\"valueRequired\":true,\"valueName\":\"search_term_string\"}}],\"inLanguage\":\"fr-FR\"},{\"@type\":\"Person\",\"@id\":\"https:\\\/\\\/batijournal.com\\\/#\\\/schema\\\/person\\\/1dc96ec6957aa1ccb25ebe78bb19f100\",\"name\":\"St\u00e9phane Miget\",\"image\":{\"@type\":\"ImageObject\",\"inLanguage\":\"fr-FR\",\"@id\":\"https:\\\/\\\/secure.gravatar.com\\\/avatar\\\/89915563d925342126b8ef0281b93d9d7fc337043e8df017f780908eb9644451?s=96&d=mm&r=g\",\"url\":\"https:\\\/\\\/secure.gravatar.com\\\/avatar\\\/89915563d925342126b8ef0281b93d9d7fc337043e8df017f780908eb9644451?s=96&d=mm&r=g\",\"contentUrl\":\"https:\\\/\\\/secure.gravatar.com\\\/avatar\\\/89915563d925342126b8ef0281b93d9d7fc337043e8df017f780908eb9644451?s=96&d=mm&r=g\",\"caption\":\"St\u00e9phane Miget\"},\"url\":\"https:\\\/\\\/batijournal.com\\\/index.php\\\/author\\\/stephane\\\/\"}]}<\/script>\n<!-- \/ Yoast SEO plugin. -->","yoast_head_json":{"title":"Construction bois : Bordeaux-Euratlantique honore son engagement","robots":{"index":"index","follow":"follow","max-snippet":"max-snippet:-1","max-image-preview":"max-image-preview:large","max-video-preview":"max-video-preview:-1"},"canonical":"https:\/\/batijournal.com\/index.php\/construction-bois-bordeaux-euratlantique-honore-engagement\/95476\/","og_locale":"fr_FR","og_type":"article","og_title":"Construction bois : Bordeaux-Euratlantique honore son engagement","og_description":"En mars 2016, Bordeaux-Euratlantique s\u2019engageait \u00e0 construire 25 000 m2 par an sur l\u2019OIN en structure interne bois ; toutes programmations confondues. Une strat\u00e9gie d\u00e9j\u00e0 bien ancr\u00e9e avec la construction de l\u2019immeuble tertiaire R+6 de 5000 m2 r\u00e9alis\u00e9 par le Groupe Pichet et qui sera livr\u00e9 en 2018. Un an apr\u00e8s cette annonce, l\u2019objectif a [&hellip;]","og_url":"https:\/\/batijournal.com\/index.php\/construction-bois-bordeaux-euratlantique-honore-engagement\/95476\/","og_site_name":"Batijournal","article_published_time":"2017-03-17T07:26:25+00:00","article_modified_time":"2019-07-15T10:10:56+00:00","og_image":[{"width":1200,"height":774,"url":"https:\/\/batijournal.com\/wp-content\/uploads\/2016\/06\/Perspective_Bordeaux_GroupePichet.jpg","type":"image\/jpeg"}],"author":"St\u00e9phane Miget","twitter_card":"summary_large_image","twitter_creator":"@bati_journal","twitter_site":"@bati_journal","twitter_misc":{"\u00c9crit par":"St\u00e9phane Miget","Dur\u00e9e de lecture estim\u00e9e":"1 minute"},"schema":{"@context":"https:\/\/schema.org","@graph":[{"@type":"Article","@id":"https:\/\/batijournal.com\/index.php\/construction-bois-bordeaux-euratlantique-honore-engagement\/95476\/#article","isPartOf":{"@id":"https:\/\/batijournal.com\/index.php\/construction-bois-bordeaux-euratlantique-honore-engagement\/95476\/"},"author":{"name":"St\u00e9phane Miget","@id":"https:\/\/batijournal.com\/#\/schema\/person\/1dc96ec6957aa1ccb25ebe78bb19f100"},"headline":"Construction bois : Bordeaux-Euratlantique honore son engagement","datePublished":"2017-03-17T07:26:25+00:00","dateModified":"2019-07-15T10:10:56+00:00","mainEntityOfPage":{"@id":"https:\/\/batijournal.com\/index.php\/construction-bois-bordeaux-euratlantique-honore-engagement\/95476\/"},"wordCount":242,"image":{"@id":"https:\/\/batijournal.com\/index.php\/construction-bois-bordeaux-euratlantique-honore-engagement\/95476\/#primaryimage"},"thumbnailUrl":"https:\/\/batijournal.com\/wp-content\/uploads\/2016\/06\/Perspective_Bordeaux_GroupePichet.jpg","keywords":["bordeaux","euratlantique"],"articleSection":["Architecture &amp; Conception","\u00c9conomie &amp; March\u00e9s"],"inLanguage":"fr-FR"},{"@type":"WebPage","@id":"https:\/\/batijournal.com\/index.php\/construction-bois-bordeaux-euratlantique-honore-engagement\/95476\/","url":"https:\/\/batijournal.com\/index.php\/construction-bois-bordeaux-euratlantique-honore-engagement\/95476\/","name":"Construction bois : Bordeaux-Euratlantique honore son engagement","isPartOf":{"@id":"https:\/\/batijournal.com\/#website"},"primaryImageOfPage":{"@id":"https:\/\/batijournal.com\/index.php\/construction-bois-bordeaux-euratlantique-honore-engagement\/95476\/#primaryimage"},"image":{"@id":"https:\/\/batijournal.com\/index.php\/construction-bois-bordeaux-euratlantique-honore-engagement\/95476\/#primaryimage"},"thumbnailUrl":"https:\/\/batijournal.com\/wp-content\/uploads\/2016\/06\/Perspective_Bordeaux_GroupePichet.jpg","datePublished":"2017-03-17T07:26:25+00:00","dateModified":"2019-07-15T10:10:56+00:00","author":{"@id":"https:\/\/batijournal.com\/#\/schema\/person\/1dc96ec6957aa1ccb25ebe78bb19f100"},"breadcrumb":{"@id":"https:\/\/batijournal.com\/index.php\/construction-bois-bordeaux-euratlantique-honore-engagement\/95476\/#breadcrumb"},"inLanguage":"fr-FR","potentialAction":[{"@type":"ReadAction","target":["https:\/\/batijournal.com\/index.php\/construction-bois-bordeaux-euratlantique-honore-engagement\/95476\/"]}]},{"@type":"ImageObject","inLanguage":"fr-FR","@id":"https:\/\/batijournal.com\/index.php\/construction-bois-bordeaux-euratlantique-honore-engagement\/95476\/#primaryimage","url":"https:\/\/batijournal.com\/wp-content\/uploads\/2016\/06\/Perspective_Bordeaux_GroupePichet.jpg","contentUrl":"https:\/\/batijournal.com\/wp-content\/uploads\/2016\/06\/Perspective_Bordeaux_GroupePichet.jpg","width":1200,"height":774},{"@type":"BreadcrumbList","@id":"https:\/\/batijournal.com\/index.php\/construction-bois-bordeaux-euratlantique-honore-engagement\/95476\/#breadcrumb","itemListElement":[{"@type":"ListItem","position":1,"name":"Accueil","item":"https:\/\/batijournal.com\/"},{"@type":"ListItem","position":2,"name":"Actualit\u00e9s","item":"https:\/\/batijournal.com\/index.php\/category\/actualites\/"},{"@type":"ListItem","position":3,"name":"\u00c9conomie &amp; March\u00e9s","item":"https:\/\/batijournal.com\/index.php\/category\/actualites\/economie-marches\/"},{"@type":"ListItem","position":4,"name":"Construction bois : Bordeaux-Euratlantique honore son engagement"}]},{"@type":"WebSite","@id":"https:\/\/batijournal.com\/#website","url":"https:\/\/batijournal.com\/","name":"Batijournal","description":"L&#039;actualit\u00e9 du b\u00e2timent","potentialAction":[{"@type":"SearchAction","target":{"@type":"EntryPoint","urlTemplate":"https:\/\/batijournal.com\/?s={search_term_string}"},"query-input":{"@type":"PropertyValueSpecification","valueRequired":true,"valueName":"search_term_string"}}],"inLanguage":"fr-FR"},{"@type":"Person","@id":"https:\/\/batijournal.com\/#\/schema\/person\/1dc96ec6957aa1ccb25ebe78bb19f100","name":"St\u00e9phane Miget","image":{"@type":"ImageObject","inLanguage":"fr-FR","@id":"https:\/\/secure.gravatar.com\/avatar\/89915563d925342126b8ef0281b93d9d7fc337043e8df017f780908eb9644451?s=96&d=mm&r=g","url":"https:\/\/secure.gravatar.com\/avatar\/89915563d925342126b8ef0281b93d9d7fc337043e8df017f780908eb9644451?s=96&d=mm&r=g","contentUrl":"https:\/\/secure.gravatar.com\/avatar\/89915563d925342126b8ef0281b93d9d7fc337043e8df017f780908eb9644451?s=96&d=mm&r=g","caption":"St\u00e9phane Miget"},"url":"https:\/\/batijournal.com\/index.php\/author\/stephane\/"}]}},"_links":{"self":[{"href":"https:\/\/batijournal.com\/index.php\/wp-json\/wp\/v2\/posts\/95476","targetHints":{"allow":["GET"]}}],"collection":[{"href":"https:\/\/batijournal.com\/index.php\/wp-json\/wp\/v2\/posts"}],"about":[{"href":"https:\/\/batijournal.com\/index.php\/wp-json\/wp\/v2\/types\/post"}],"author":[{"embeddable":true,"href":"https:\/\/batijournal.com\/index.php\/wp-json\/wp\/v2\/users\/17"}],"replies":[{"embeddable":true,"href":"https:\/\/batijournal.com\/index.php\/wp-json\/wp\/v2\/comments?post=95476"}],"version-history":[{"count":0,"href":"https:\/\/batijournal.com\/index.php\/wp-json\/wp\/v2\/posts\/95476\/revisions"}],"wp:featuredmedia":[{"embeddable":true,"href":"https:\/\/batijournal.com\/index.php\/wp-json\/wp\/v2\/media\/93085"}],"wp:attachment":[{"href":"https:\/\/batijournal.com\/index.php\/wp-json\/wp\/v2\/media?parent=95476"}],"wp:term":[{"taxonomy":"category","embeddable":true,"href":"https:\/\/batijournal.com\/index.php\/wp-json\/wp\/v2\/categories?post=95476"},{"taxonomy":"post_tag","embeddable":true,"href":"https:\/\/batijournal.com\/index.php\/wp-json\/wp\/v2\/tags?post=95476"}],"curies":[{"name":"wp","href":"https:\/\/api.w.org\/{rel}","templated":true}]}}