{"id":95479,"date":"2017-03-17T18:33:17","date_gmt":"2017-03-17T17:33:17","guid":{"rendered":"http:\/\/batijournal.com\/?p=95479"},"modified":"2019-07-15T12:10:56","modified_gmt":"2019-07-15T10:10:56","slug":"communes-forestieres-pionnieres-accueillent-favorablement-lami-bois-bourg","status":"publish","type":"post","link":"https:\/\/batijournal.com\/index.php\/communes-forestieres-pionnieres-accueillent-favorablement-lami-bois-bourg\/95479\/","title":{"rendered":"Les Communes foresti\u00e8res pionni\u00e8res accueillent favorablement l\u2019AMI \u00ab Bois \u2013 Bourg \u00bb"},"content":{"rendered":"<p>La F\u00e9d\u00e9ration nationale des Communes foresti\u00e8res salue l\u2019AMI \u00ab Bois \u2013 Bourg \u00bb qui pr\u00e9voit un soutien \u00e0 100 projets de construction et de r\u00e9habilitation dans les territoires ruraux utilisant du bois local. A travers le programme \u00ab 100 constructions publiques en bois local \u00bb lanc\u00e9 en 2012, les Communes foresti\u00e8res ont \u00e9t\u00e9 pionni\u00e8res, elles contribueront \u00e0 cet appel \u00e0 projet en apportant leur appui et leur expertise incontournable pour d\u00e9velopper l\u2019utilisation du bois fran\u00e7ais. Valorisation des essences locales, \u00e9conomie de proximit\u00e9, circuits courts, maintien et cr\u00e9ation d\u2019emplois locaux non d\u00e9localisables, toute la fili\u00e8re for\u00eat-bois d\u2019un territoire est port\u00e9e par la dynamique engag\u00e9e par les ma\u00eetres d\u2019ouvrage que sont les \u00e9lus locaux.<\/p>\n","protected":false},"excerpt":{"rendered":"<p>La F\u00e9d\u00e9ration nationale des Communes foresti\u00e8res salue l\u2019AMI \u00ab Bois \u2013 Bourg \u00bb qui pr\u00e9voit un soutien \u00e0 100 projets de construction et de r\u00e9habilitation dans les territoires ruraux utilisant du bois local. A travers le programme \u00ab 100 constructions publiques en bois local \u00bb lanc\u00e9 en 2012, les Communes foresti\u00e8res ont \u00e9t\u00e9 pionni\u00e8res, elles [&hellip;]<\/p>\n","protected":false},"author":17,"featured_media":91549,"comment_status":"closed","ping_status":"closed","sticky":false,"template":"","format":"standard","meta":{"_et_pb_use_builder":"","_et_pb_old_content":"","_et_gb_content_width":"","footnotes":""},"categories":[10530,6340,6345],"tags":[990,11710,1017],"class_list":["post-95479","post","type-post","status-publish","format-standard","has-post-thumbnail","hentry","category-actualites","category-architecture-conception","category-economie-marches","tag-bois-local","tag-communes-forestieres","tag-filiere-bois"],"yoast_head":"<!-- This site is optimized with the Yoast SEO plugin v27.4 - https:\/\/yoast.com\/product\/yoast-seo-wordpress\/ -->\n<title>Les Communes foresti\u00e8res pionni\u00e8res accueillent favorablement l\u2019AMI \u00ab Bois \u2013 Bourg \u00bb<\/title>\n<meta name=\"robots\" content=\"index, follow, max-snippet:-1, max-image-preview:large, max-video-preview:-1\" \/>\n<link rel=\"canonical\" href=\"https:\/\/batijournal.com\/index.php\/communes-forestieres-pionnieres-accueillent-favorablement-lami-bois-bourg\/95479\/\" \/>\n<meta property=\"og:locale\" content=\"fr_FR\" \/>\n<meta property=\"og:type\" content=\"article\" \/>\n<meta property=\"og:title\" content=\"Les Communes foresti\u00e8res pionni\u00e8res accueillent favorablement l\u2019AMI \u00ab Bois \u2013 Bourg \u00bb\" \/>\n<meta property=\"og:description\" content=\"La F\u00e9d\u00e9ration nationale des Communes foresti\u00e8res salue l\u2019AMI \u00ab Bois \u2013 Bourg \u00bb qui pr\u00e9voit un soutien \u00e0 100 projets de construction et de r\u00e9habilitation dans les territoires ruraux utilisant du bois local. A travers le programme \u00ab 100 constructions publiques en bois local \u00bb lanc\u00e9 en 2012, les Communes foresti\u00e8res ont \u00e9t\u00e9 pionni\u00e8res, elles [&hellip;]\" \/>\n<meta property=\"og:url\" content=\"https:\/\/batijournal.com\/index.php\/communes-forestieres-pionnieres-accueillent-favorablement-lami-bois-bourg\/95479\/\" \/>\n<meta property=\"og:site_name\" content=\"Batijournal\" \/>\n<meta property=\"article:published_time\" content=\"2017-03-17T17:33:17+00:00\" \/>\n<meta property=\"article:modified_time\" content=\"2019-07-15T10:10:56+00:00\" \/>\n<meta property=\"og:image\" content=\"https:\/\/batijournal.com\/wp-content\/uploads\/2016\/02\/foret.jpg\" \/>\n\t<meta property=\"og:image:width\" content=\"1024\" \/>\n\t<meta property=\"og:image:height\" content=\"683\" \/>\n\t<meta property=\"og:image:type\" content=\"image\/jpeg\" \/>\n<meta name=\"author\" content=\"St\u00e9phane Miget\" \/>\n<meta name=\"twitter:card\" content=\"summary_large_image\" \/>\n<meta name=\"twitter:creator\" content=\"@bati_journal\" \/>\n<meta name=\"twitter:site\" content=\"@bati_journal\" \/>\n<meta name=\"twitter:label1\" content=\"\u00c9crit par\" \/>\n\t<meta name=\"twitter:data1\" content=\"St\u00e9phane Miget\" \/>\n\t<meta name=\"twitter:label2\" content=\"Dur\u00e9e de lecture estim\u00e9e\" \/>\n\t<meta name=\"twitter:data2\" content=\"1 minute\" \/>\n<script type=\"application\/ld+json\" class=\"yoast-schema-graph\">{\"@context\":\"https:\\\/\\\/schema.org\",\"@graph\":[{\"@type\":\"Article\",\"@id\":\"https:\\\/\\\/batijournal.com\\\/index.php\\\/communes-forestieres-pionnieres-accueillent-favorablement-lami-bois-bourg\\\/95479\\\/#article\",\"isPartOf\":{\"@id\":\"https:\\\/\\\/batijournal.com\\\/index.php\\\/communes-forestieres-pionnieres-accueillent-favorablement-lami-bois-bourg\\\/95479\\\/\"},\"author\":{\"name\":\"St\u00e9phane Miget\",\"@id\":\"https:\\\/\\\/batijournal.com\\\/#\\\/schema\\\/person\\\/1dc96ec6957aa1ccb25ebe78bb19f100\"},\"headline\":\"Les Communes foresti\u00e8res pionni\u00e8res accueillent favorablement l\u2019AMI \u00ab Bois \u2013 Bourg \u00bb\",\"datePublished\":\"2017-03-17T17:33:17+00:00\",\"dateModified\":\"2019-07-15T10:10:56+00:00\",\"mainEntityOfPage\":{\"@id\":\"https:\\\/\\\/batijournal.com\\\/index.php\\\/communes-forestieres-pionnieres-accueillent-favorablement-lami-bois-bourg\\\/95479\\\/\"},\"wordCount\":134,\"image\":{\"@id\":\"https:\\\/\\\/batijournal.com\\\/index.php\\\/communes-forestieres-pionnieres-accueillent-favorablement-lami-bois-bourg\\\/95479\\\/#primaryimage\"},\"thumbnailUrl\":\"https:\\\/\\\/batijournal.com\\\/wp-content\\\/uploads\\\/2016\\\/02\\\/foret.jpg\",\"keywords\":[\"bois local\",\"communes foresti\u00e8res\",\"fili\u00e8re bois\"],\"articleSection\":[\"Actualit\u00e9s\",\"Architecture &amp; Conception\",\"\u00c9conomie &amp; March\u00e9s\"],\"inLanguage\":\"fr-FR\"},{\"@type\":\"WebPage\",\"@id\":\"https:\\\/\\\/batijournal.com\\\/index.php\\\/communes-forestieres-pionnieres-accueillent-favorablement-lami-bois-bourg\\\/95479\\\/\",\"url\":\"https:\\\/\\\/batijournal.com\\\/index.php\\\/communes-forestieres-pionnieres-accueillent-favorablement-lami-bois-bourg\\\/95479\\\/\",\"name\":\"Les Communes foresti\u00e8res pionni\u00e8res accueillent favorablement l\u2019AMI \u00ab Bois \u2013 Bourg \u00bb\",\"isPartOf\":{\"@id\":\"https:\\\/\\\/batijournal.com\\\/#website\"},\"primaryImageOfPage\":{\"@id\":\"https:\\\/\\\/batijournal.com\\\/index.php\\\/communes-forestieres-pionnieres-accueillent-favorablement-lami-bois-bourg\\\/95479\\\/#primaryimage\"},\"image\":{\"@id\":\"https:\\\/\\\/batijournal.com\\\/index.php\\\/communes-forestieres-pionnieres-accueillent-favorablement-lami-bois-bourg\\\/95479\\\/#primaryimage\"},\"thumbnailUrl\":\"https:\\\/\\\/batijournal.com\\\/wp-content\\\/uploads\\\/2016\\\/02\\\/foret.jpg\",\"datePublished\":\"2017-03-17T17:33:17+00:00\",\"dateModified\":\"2019-07-15T10:10:56+00:00\",\"author\":{\"@id\":\"https:\\\/\\\/batijournal.com\\\/#\\\/schema\\\/person\\\/1dc96ec6957aa1ccb25ebe78bb19f100\"},\"breadcrumb\":{\"@id\":\"https:\\\/\\\/batijournal.com\\\/index.php\\\/communes-forestieres-pionnieres-accueillent-favorablement-lami-bois-bourg\\\/95479\\\/#breadcrumb\"},\"inLanguage\":\"fr-FR\",\"potentialAction\":[{\"@type\":\"ReadAction\",\"target\":[\"https:\\\/\\\/batijournal.com\\\/index.php\\\/communes-forestieres-pionnieres-accueillent-favorablement-lami-bois-bourg\\\/95479\\\/\"]}]},{\"@type\":\"ImageObject\",\"inLanguage\":\"fr-FR\",\"@id\":\"https:\\\/\\\/batijournal.com\\\/index.php\\\/communes-forestieres-pionnieres-accueillent-favorablement-lami-bois-bourg\\\/95479\\\/#primaryimage\",\"url\":\"https:\\\/\\\/batijournal.com\\\/wp-content\\\/uploads\\\/2016\\\/02\\\/foret.jpg\",\"contentUrl\":\"https:\\\/\\\/batijournal.com\\\/wp-content\\\/uploads\\\/2016\\\/02\\\/foret.jpg\",\"width\":1024,\"height\":683,\"caption\":\"premier-conseil-superieur-de-foret-et-du-bois-de-2018\"},{\"@type\":\"BreadcrumbList\",\"@id\":\"https:\\\/\\\/batijournal.com\\\/index.php\\\/communes-forestieres-pionnieres-accueillent-favorablement-lami-bois-bourg\\\/95479\\\/#breadcrumb\",\"itemListElement\":[{\"@type\":\"ListItem\",\"position\":1,\"name\":\"Accueil\",\"item\":\"https:\\\/\\\/batijournal.com\\\/\"},{\"@type\":\"ListItem\",\"position\":2,\"name\":\"Actualit\u00e9s\",\"item\":\"https:\\\/\\\/batijournal.com\\\/index.php\\\/category\\\/actualites\\\/\"},{\"@type\":\"ListItem\",\"position\":3,\"name\":\"Les Communes foresti\u00e8res pionni\u00e8res accueillent favorablement l\u2019AMI \u00ab Bois \u2013 Bourg \u00bb\"}]},{\"@type\":\"WebSite\",\"@id\":\"https:\\\/\\\/batijournal.com\\\/#website\",\"url\":\"https:\\\/\\\/batijournal.com\\\/\",\"name\":\"Batijournal\",\"description\":\"L&#039;actualit\u00e9 du b\u00e2timent\",\"potentialAction\":[{\"@type\":\"SearchAction\",\"target\":{\"@type\":\"EntryPoint\",\"urlTemplate\":\"https:\\\/\\\/batijournal.com\\\/?s={search_term_string}\"},\"query-input\":{\"@type\":\"PropertyValueSpecification\",\"valueRequired\":true,\"valueName\":\"search_term_string\"}}],\"inLanguage\":\"fr-FR\"},{\"@type\":\"Person\",\"@id\":\"https:\\\/\\\/batijournal.com\\\/#\\\/schema\\\/person\\\/1dc96ec6957aa1ccb25ebe78bb19f100\",\"name\":\"St\u00e9phane Miget\",\"image\":{\"@type\":\"ImageObject\",\"inLanguage\":\"fr-FR\",\"@id\":\"https:\\\/\\\/secure.gravatar.com\\\/avatar\\\/89915563d925342126b8ef0281b93d9d7fc337043e8df017f780908eb9644451?s=96&d=mm&r=g\",\"url\":\"https:\\\/\\\/secure.gravatar.com\\\/avatar\\\/89915563d925342126b8ef0281b93d9d7fc337043e8df017f780908eb9644451?s=96&d=mm&r=g\",\"contentUrl\":\"https:\\\/\\\/secure.gravatar.com\\\/avatar\\\/89915563d925342126b8ef0281b93d9d7fc337043e8df017f780908eb9644451?s=96&d=mm&r=g\",\"caption\":\"St\u00e9phane Miget\"},\"url\":\"https:\\\/\\\/batijournal.com\\\/index.php\\\/author\\\/stephane\\\/\"}]}<\/script>\n<!-- \/ Yoast SEO plugin. -->","yoast_head_json":{"title":"Les Communes foresti\u00e8res pionni\u00e8res accueillent favorablement l\u2019AMI \u00ab Bois \u2013 Bourg \u00bb","robots":{"index":"index","follow":"follow","max-snippet":"max-snippet:-1","max-image-preview":"max-image-preview:large","max-video-preview":"max-video-preview:-1"},"canonical":"https:\/\/batijournal.com\/index.php\/communes-forestieres-pionnieres-accueillent-favorablement-lami-bois-bourg\/95479\/","og_locale":"fr_FR","og_type":"article","og_title":"Les Communes foresti\u00e8res pionni\u00e8res accueillent favorablement l\u2019AMI \u00ab Bois \u2013 Bourg \u00bb","og_description":"La F\u00e9d\u00e9ration nationale des Communes foresti\u00e8res salue l\u2019AMI \u00ab Bois \u2013 Bourg \u00bb qui pr\u00e9voit un soutien \u00e0 100 projets de construction et de r\u00e9habilitation dans les territoires ruraux utilisant du bois local. A travers le programme \u00ab 100 constructions publiques en bois local \u00bb lanc\u00e9 en 2012, les Communes foresti\u00e8res ont \u00e9t\u00e9 pionni\u00e8res, elles [&hellip;]","og_url":"https:\/\/batijournal.com\/index.php\/communes-forestieres-pionnieres-accueillent-favorablement-lami-bois-bourg\/95479\/","og_site_name":"Batijournal","article_published_time":"2017-03-17T17:33:17+00:00","article_modified_time":"2019-07-15T10:10:56+00:00","og_image":[{"width":1024,"height":683,"url":"https:\/\/batijournal.com\/wp-content\/uploads\/2016\/02\/foret.jpg","type":"image\/jpeg"}],"author":"St\u00e9phane Miget","twitter_card":"summary_large_image","twitter_creator":"@bati_journal","twitter_site":"@bati_journal","twitter_misc":{"\u00c9crit par":"St\u00e9phane Miget","Dur\u00e9e de lecture estim\u00e9e":"1 minute"},"schema":{"@context":"https:\/\/schema.org","@graph":[{"@type":"Article","@id":"https:\/\/batijournal.com\/index.php\/communes-forestieres-pionnieres-accueillent-favorablement-lami-bois-bourg\/95479\/#article","isPartOf":{"@id":"https:\/\/batijournal.com\/index.php\/communes-forestieres-pionnieres-accueillent-favorablement-lami-bois-bourg\/95479\/"},"author":{"name":"St\u00e9phane Miget","@id":"https:\/\/batijournal.com\/#\/schema\/person\/1dc96ec6957aa1ccb25ebe78bb19f100"},"headline":"Les Communes foresti\u00e8res pionni\u00e8res accueillent favorablement l\u2019AMI \u00ab Bois \u2013 Bourg \u00bb","datePublished":"2017-03-17T17:33:17+00:00","dateModified":"2019-07-15T10:10:56+00:00","mainEntityOfPage":{"@id":"https:\/\/batijournal.com\/index.php\/communes-forestieres-pionnieres-accueillent-favorablement-lami-bois-bourg\/95479\/"},"wordCount":134,"image":{"@id":"https:\/\/batijournal.com\/index.php\/communes-forestieres-pionnieres-accueillent-favorablement-lami-bois-bourg\/95479\/#primaryimage"},"thumbnailUrl":"https:\/\/batijournal.com\/wp-content\/uploads\/2016\/02\/foret.jpg","keywords":["bois local","communes foresti\u00e8res","fili\u00e8re bois"],"articleSection":["Actualit\u00e9s","Architecture &amp; Conception","\u00c9conomie &amp; March\u00e9s"],"inLanguage":"fr-FR"},{"@type":"WebPage","@id":"https:\/\/batijournal.com\/index.php\/communes-forestieres-pionnieres-accueillent-favorablement-lami-bois-bourg\/95479\/","url":"https:\/\/batijournal.com\/index.php\/communes-forestieres-pionnieres-accueillent-favorablement-lami-bois-bourg\/95479\/","name":"Les Communes foresti\u00e8res pionni\u00e8res accueillent favorablement l\u2019AMI \u00ab Bois \u2013 Bourg \u00bb","isPartOf":{"@id":"https:\/\/batijournal.com\/#website"},"primaryImageOfPage":{"@id":"https:\/\/batijournal.com\/index.php\/communes-forestieres-pionnieres-accueillent-favorablement-lami-bois-bourg\/95479\/#primaryimage"},"image":{"@id":"https:\/\/batijournal.com\/index.php\/communes-forestieres-pionnieres-accueillent-favorablement-lami-bois-bourg\/95479\/#primaryimage"},"thumbnailUrl":"https:\/\/batijournal.com\/wp-content\/uploads\/2016\/02\/foret.jpg","datePublished":"2017-03-17T17:33:17+00:00","dateModified":"2019-07-15T10:10:56+00:00","author":{"@id":"https:\/\/batijournal.com\/#\/schema\/person\/1dc96ec6957aa1ccb25ebe78bb19f100"},"breadcrumb":{"@id":"https:\/\/batijournal.com\/index.php\/communes-forestieres-pionnieres-accueillent-favorablement-lami-bois-bourg\/95479\/#breadcrumb"},"inLanguage":"fr-FR","potentialAction":[{"@type":"ReadAction","target":["https:\/\/batijournal.com\/index.php\/communes-forestieres-pionnieres-accueillent-favorablement-lami-bois-bourg\/95479\/"]}]},{"@type":"ImageObject","inLanguage":"fr-FR","@id":"https:\/\/batijournal.com\/index.php\/communes-forestieres-pionnieres-accueillent-favorablement-lami-bois-bourg\/95479\/#primaryimage","url":"https:\/\/batijournal.com\/wp-content\/uploads\/2016\/02\/foret.jpg","contentUrl":"https:\/\/batijournal.com\/wp-content\/uploads\/2016\/02\/foret.jpg","width":1024,"height":683,"caption":"premier-conseil-superieur-de-foret-et-du-bois-de-2018"},{"@type":"BreadcrumbList","@id":"https:\/\/batijournal.com\/index.php\/communes-forestieres-pionnieres-accueillent-favorablement-lami-bois-bourg\/95479\/#breadcrumb","itemListElement":[{"@type":"ListItem","position":1,"name":"Accueil","item":"https:\/\/batijournal.com\/"},{"@type":"ListItem","position":2,"name":"Actualit\u00e9s","item":"https:\/\/batijournal.com\/index.php\/category\/actualites\/"},{"@type":"ListItem","position":3,"name":"Les Communes foresti\u00e8res pionni\u00e8res accueillent favorablement l\u2019AMI \u00ab Bois \u2013 Bourg \u00bb"}]},{"@type":"WebSite","@id":"https:\/\/batijournal.com\/#website","url":"https:\/\/batijournal.com\/","name":"Batijournal","description":"L&#039;actualit\u00e9 du b\u00e2timent","potentialAction":[{"@type":"SearchAction","target":{"@type":"EntryPoint","urlTemplate":"https:\/\/batijournal.com\/?s={search_term_string}"},"query-input":{"@type":"PropertyValueSpecification","valueRequired":true,"valueName":"search_term_string"}}],"inLanguage":"fr-FR"},{"@type":"Person","@id":"https:\/\/batijournal.com\/#\/schema\/person\/1dc96ec6957aa1ccb25ebe78bb19f100","name":"St\u00e9phane Miget","image":{"@type":"ImageObject","inLanguage":"fr-FR","@id":"https:\/\/secure.gravatar.com\/avatar\/89915563d925342126b8ef0281b93d9d7fc337043e8df017f780908eb9644451?s=96&d=mm&r=g","url":"https:\/\/secure.gravatar.com\/avatar\/89915563d925342126b8ef0281b93d9d7fc337043e8df017f780908eb9644451?s=96&d=mm&r=g","contentUrl":"https:\/\/secure.gravatar.com\/avatar\/89915563d925342126b8ef0281b93d9d7fc337043e8df017f780908eb9644451?s=96&d=mm&r=g","caption":"St\u00e9phane Miget"},"url":"https:\/\/batijournal.com\/index.php\/author\/stephane\/"}]}},"_links":{"self":[{"href":"https:\/\/batijournal.com\/index.php\/wp-json\/wp\/v2\/posts\/95479","targetHints":{"allow":["GET"]}}],"collection":[{"href":"https:\/\/batijournal.com\/index.php\/wp-json\/wp\/v2\/posts"}],"about":[{"href":"https:\/\/batijournal.com\/index.php\/wp-json\/wp\/v2\/types\/post"}],"author":[{"embeddable":true,"href":"https:\/\/batijournal.com\/index.php\/wp-json\/wp\/v2\/users\/17"}],"replies":[{"embeddable":true,"href":"https:\/\/batijournal.com\/index.php\/wp-json\/wp\/v2\/comments?post=95479"}],"version-history":[{"count":0,"href":"https:\/\/batijournal.com\/index.php\/wp-json\/wp\/v2\/posts\/95479\/revisions"}],"wp:featuredmedia":[{"embeddable":true,"href":"https:\/\/batijournal.com\/index.php\/wp-json\/wp\/v2\/media\/91549"}],"wp:attachment":[{"href":"https:\/\/batijournal.com\/index.php\/wp-json\/wp\/v2\/media?parent=95479"}],"wp:term":[{"taxonomy":"category","embeddable":true,"href":"https:\/\/batijournal.com\/index.php\/wp-json\/wp\/v2\/categories?post=95479"},{"taxonomy":"post_tag","embeddable":true,"href":"https:\/\/batijournal.com\/index.php\/wp-json\/wp\/v2\/tags?post=95479"}],"curies":[{"name":"wp","href":"https:\/\/api.w.org\/{rel}","templated":true}]}}