{"id":95487,"date":"2017-03-21T08:30:07","date_gmt":"2017-03-21T07:30:07","guid":{"rendered":"http:\/\/batijournal.com\/?p=95487"},"modified":"2019-07-15T12:10:55","modified_gmt":"2019-07-15T10:10:55","slug":"129-millions-deuros-pacte-metropolitain-dinnovation-grand-lyon","status":"publish","type":"post","link":"https:\/\/batijournal.com\/index.php\/129-millions-deuros-pacte-metropolitain-dinnovation-grand-lyon\/95487\/","title":{"rendered":"12,9 millions d\u2019euros pour le pacte m\u00e9tropolitain d\u2019innovation du Grand Lyon"},"content":{"rendered":"<p>Jean-Michel Baylet, ministre de l\u2019Am\u00e9nagement du Territoire, de la Ruralit\u00e9 et des Collectivit\u00e9s territoriales, G\u00e9rard Collomb, pr\u00e9sident de la m\u00e9tropole de Lyon et Henri-Michel Comet, Pr\u00e9fet de la r\u00e9gion Auvergne-Rh\u00f4ne-Alpes, ont sign\u00e9, lundi 20 mars, le pacte m\u00e9tropolitain d\u2019innovation du Grand Lyon. Il permet de formaliser l\u2019engagement de l\u2019\u00c9tat aux cot\u00e9s de la M\u00e9tropole pour un montant total de 12,9 M\u20ac au titre du Fonds de Soutien \u00e0 l\u2019Investissement Local (FSIL) 2017, sur un montant de projets \u00e9valu\u00e9s \u00e0 plus de 121 M\u20ac. La Caisse des D\u00e9p\u00f4ts et Consignations apporte, pour sa part, un concours de 372 800 \u20ac d\u2019ing\u00e9nierie. Le pacte m\u00e9tropolitain d\u2019innovation de Lyon comporte trois volets.<\/p>\n<p><strong>5,57 millions d\u2019euros pour le volet \u00ab ville intelligente \u00bb et le soutien \u00e0 trois projets innovants visant \u00e0 :<\/strong><br \/>\n&#8211; soutenir la mise en place et le suivi d\u2019exp\u00e9rimentations sur les r\u00e9seaux de distribution d\u2019\u00e9lectricit\u00e9 intelligent<br \/>\n&#8211; poursuivre le d\u00e9ploiement de la plateforme de diffusion de donn\u00e9es data.grandlyon.com<br \/>\n&#8211; lancer le projet de transformation de l\u2019axe A6-A7 en boulevard urbain<\/p>\n<p><strong>3,19 millions d\u2019euros pour le volet \u00ab transition \u00e9nerg\u00e9tique \u00bb et le soutien \u00e0 deux projets innovants :<\/strong><br \/>\n&#8211; la r\u00e9habilitation de plus de 600 logements sociaux qui combine interventions sociales, \u00e9nerg\u00e9tiques et patrimoniales.<br \/>\n&#8211; l\u2019accompagnement des acteurs \u00e9conomiques de la Vall\u00e9e de la chimie dans la mise en oeuvre du Plan de Pr\u00e9vention des Risques Technologiques (PPRT), en recensant et d\u00e9veloppant les bonnes pratiques en mati\u00e8re de gestion des risques technologiques.<\/p>\n<p><strong>4,14 millions d\u2019euros pour le volet \u00ab excellence \u00e9conomique et rayonnement international \u00bb, pour :<\/strong><br \/>\n&#8211; d\u00e9velopper des \u00e9quipements de recherche , en compl\u00e9ment de programmes r\u00e9alis\u00e9s : Axel One Campus, plateforme d\u2019innovation collaborative dans les domaines des proc\u00e9d\u00e9s propres et des mat\u00e9riaux innovants ; le regroupement sur le site Neurocampus de l\u2019ensemble du potentiel de recherche fondamentale et clinique en neurosciences ; la cr\u00e9ation d\u2019un centre d\u2019excellence regroupant la physique et la physio-chimie fondamentale avec l\u2019ing\u00e9nierie et les d\u00e9veloppements technologiques sur le campus Lyon-Tech La Doua.<br \/>\n&#8211; la r\u00e9alisation de la Cit\u00e9 internationale de la Gastronomie, \u00e9quipement d\u00e9di\u00e9 au savoir-faire culinaire et \u00e0 la sant\u00e9 alimentaire.<\/p>\n","protected":false},"excerpt":{"rendered":"<p>Jean-Michel Baylet, ministre de l\u2019Am\u00e9nagement du Territoire, de la Ruralit\u00e9 et des Collectivit\u00e9s territoriales, G\u00e9rard Collomb, pr\u00e9sident de la m\u00e9tropole de Lyon et Henri-Michel Comet, Pr\u00e9fet de la r\u00e9gion Auvergne-Rh\u00f4ne-Alpes, ont sign\u00e9, lundi 20 mars, le pacte m\u00e9tropolitain d\u2019innovation du Grand Lyon. Il permet de formaliser l\u2019engagement de l\u2019\u00c9tat aux cot\u00e9s de la M\u00e9tropole pour [&hellip;]<\/p>\n","protected":false},"author":17,"featured_media":95488,"comment_status":"closed","ping_status":"closed","sticky":false,"template":"","format":"standard","meta":{"_et_pb_use_builder":"","_et_pb_old_content":"","_et_gb_content_width":"","footnotes":""},"categories":[10530,6340],"tags":[1937,4958],"class_list":["post-95487","post","type-post","status-publish","format-standard","has-post-thumbnail","hentry","category-actualites","category-architecture-conception","tag-lyon","tag-lyon-confluence"],"yoast_head":"<!-- This site is optimized with the Yoast SEO plugin v27.4 - https:\/\/yoast.com\/product\/yoast-seo-wordpress\/ -->\n<title>12,9 millions d\u2019euros pour le pacte m\u00e9tropolitain d\u2019innovation du Grand Lyon<\/title>\n<meta name=\"robots\" content=\"index, follow, max-snippet:-1, max-image-preview:large, max-video-preview:-1\" \/>\n<link rel=\"canonical\" href=\"https:\/\/batijournal.com\/index.php\/129-millions-deuros-pacte-metropolitain-dinnovation-grand-lyon\/95487\/\" \/>\n<meta property=\"og:locale\" content=\"fr_FR\" \/>\n<meta property=\"og:type\" content=\"article\" \/>\n<meta property=\"og:title\" content=\"12,9 millions d\u2019euros pour le pacte m\u00e9tropolitain d\u2019innovation du Grand Lyon\" \/>\n<meta property=\"og:description\" content=\"Jean-Michel Baylet, ministre de l\u2019Am\u00e9nagement du Territoire, de la Ruralit\u00e9 et des Collectivit\u00e9s territoriales, G\u00e9rard Collomb, pr\u00e9sident de la m\u00e9tropole de Lyon et Henri-Michel Comet, Pr\u00e9fet de la r\u00e9gion Auvergne-Rh\u00f4ne-Alpes, ont sign\u00e9, lundi 20 mars, le pacte m\u00e9tropolitain d\u2019innovation du Grand Lyon. Il permet de formaliser l\u2019engagement de l\u2019\u00c9tat aux cot\u00e9s de la M\u00e9tropole pour [&hellip;]\" \/>\n<meta property=\"og:url\" content=\"https:\/\/batijournal.com\/index.php\/129-millions-deuros-pacte-metropolitain-dinnovation-grand-lyon\/95487\/\" \/>\n<meta property=\"og:site_name\" content=\"Batijournal\" \/>\n<meta property=\"article:published_time\" content=\"2017-03-21T07:30:07+00:00\" \/>\n<meta property=\"article:modified_time\" content=\"2019-07-15T10:10:55+00:00\" \/>\n<meta property=\"og:image\" content=\"https:\/\/batijournal.com\/wp-content\/uploads\/2017\/03\/csm_hoteldieu_asylum_accueil_0f9485219d.jpg\" \/>\n\t<meta property=\"og:image:width\" content=\"1180\" \/>\n\t<meta property=\"og:image:height\" content=\"645\" \/>\n\t<meta property=\"og:image:type\" content=\"image\/jpeg\" \/>\n<meta name=\"author\" content=\"St\u00e9phane Miget\" \/>\n<meta name=\"twitter:card\" content=\"summary_large_image\" \/>\n<meta name=\"twitter:creator\" content=\"@bati_journal\" \/>\n<meta name=\"twitter:site\" content=\"@bati_journal\" \/>\n<meta name=\"twitter:label1\" content=\"\u00c9crit par\" \/>\n\t<meta name=\"twitter:data1\" content=\"St\u00e9phane Miget\" \/>\n\t<meta name=\"twitter:label2\" content=\"Dur\u00e9e de lecture estim\u00e9e\" \/>\n\t<meta name=\"twitter:data2\" content=\"2 minutes\" \/>\n<script type=\"application\/ld+json\" class=\"yoast-schema-graph\">{\"@context\":\"https:\\\/\\\/schema.org\",\"@graph\":[{\"@type\":\"Article\",\"@id\":\"https:\\\/\\\/batijournal.com\\\/index.php\\\/129-millions-deuros-pacte-metropolitain-dinnovation-grand-lyon\\\/95487\\\/#article\",\"isPartOf\":{\"@id\":\"https:\\\/\\\/batijournal.com\\\/index.php\\\/129-millions-deuros-pacte-metropolitain-dinnovation-grand-lyon\\\/95487\\\/\"},\"author\":{\"name\":\"St\u00e9phane Miget\",\"@id\":\"https:\\\/\\\/batijournal.com\\\/#\\\/schema\\\/person\\\/1dc96ec6957aa1ccb25ebe78bb19f100\"},\"headline\":\"12,9 millions d\u2019euros pour le pacte m\u00e9tropolitain d\u2019innovation du Grand Lyon\",\"datePublished\":\"2017-03-21T07:30:07+00:00\",\"dateModified\":\"2019-07-15T10:10:55+00:00\",\"mainEntityOfPage\":{\"@id\":\"https:\\\/\\\/batijournal.com\\\/index.php\\\/129-millions-deuros-pacte-metropolitain-dinnovation-grand-lyon\\\/95487\\\/\"},\"wordCount\":393,\"image\":{\"@id\":\"https:\\\/\\\/batijournal.com\\\/index.php\\\/129-millions-deuros-pacte-metropolitain-dinnovation-grand-lyon\\\/95487\\\/#primaryimage\"},\"thumbnailUrl\":\"https:\\\/\\\/batijournal.com\\\/wp-content\\\/uploads\\\/2017\\\/03\\\/csm_hoteldieu_asylum_accueil_0f9485219d.jpg\",\"keywords\":[\"Lyon\",\"Lyon Confluence\"],\"articleSection\":[\"Actualit\u00e9s\",\"Architecture &amp; Conception\"],\"inLanguage\":\"fr-FR\"},{\"@type\":\"WebPage\",\"@id\":\"https:\\\/\\\/batijournal.com\\\/index.php\\\/129-millions-deuros-pacte-metropolitain-dinnovation-grand-lyon\\\/95487\\\/\",\"url\":\"https:\\\/\\\/batijournal.com\\\/index.php\\\/129-millions-deuros-pacte-metropolitain-dinnovation-grand-lyon\\\/95487\\\/\",\"name\":\"12,9 millions d\u2019euros pour le pacte m\u00e9tropolitain d\u2019innovation du Grand Lyon\",\"isPartOf\":{\"@id\":\"https:\\\/\\\/batijournal.com\\\/#website\"},\"primaryImageOfPage\":{\"@id\":\"https:\\\/\\\/batijournal.com\\\/index.php\\\/129-millions-deuros-pacte-metropolitain-dinnovation-grand-lyon\\\/95487\\\/#primaryimage\"},\"image\":{\"@id\":\"https:\\\/\\\/batijournal.com\\\/index.php\\\/129-millions-deuros-pacte-metropolitain-dinnovation-grand-lyon\\\/95487\\\/#primaryimage\"},\"thumbnailUrl\":\"https:\\\/\\\/batijournal.com\\\/wp-content\\\/uploads\\\/2017\\\/03\\\/csm_hoteldieu_asylum_accueil_0f9485219d.jpg\",\"datePublished\":\"2017-03-21T07:30:07+00:00\",\"dateModified\":\"2019-07-15T10:10:55+00:00\",\"author\":{\"@id\":\"https:\\\/\\\/batijournal.com\\\/#\\\/schema\\\/person\\\/1dc96ec6957aa1ccb25ebe78bb19f100\"},\"breadcrumb\":{\"@id\":\"https:\\\/\\\/batijournal.com\\\/index.php\\\/129-millions-deuros-pacte-metropolitain-dinnovation-grand-lyon\\\/95487\\\/#breadcrumb\"},\"inLanguage\":\"fr-FR\",\"potentialAction\":[{\"@type\":\"ReadAction\",\"target\":[\"https:\\\/\\\/batijournal.com\\\/index.php\\\/129-millions-deuros-pacte-metropolitain-dinnovation-grand-lyon\\\/95487\\\/\"]}]},{\"@type\":\"ImageObject\",\"inLanguage\":\"fr-FR\",\"@id\":\"https:\\\/\\\/batijournal.com\\\/index.php\\\/129-millions-deuros-pacte-metropolitain-dinnovation-grand-lyon\\\/95487\\\/#primaryimage\",\"url\":\"https:\\\/\\\/batijournal.com\\\/wp-content\\\/uploads\\\/2017\\\/03\\\/csm_hoteldieu_asylum_accueil_0f9485219d.jpg\",\"contentUrl\":\"https:\\\/\\\/batijournal.com\\\/wp-content\\\/uploads\\\/2017\\\/03\\\/csm_hoteldieu_asylum_accueil_0f9485219d.jpg\",\"width\":1180,\"height\":645},{\"@type\":\"BreadcrumbList\",\"@id\":\"https:\\\/\\\/batijournal.com\\\/index.php\\\/129-millions-deuros-pacte-metropolitain-dinnovation-grand-lyon\\\/95487\\\/#breadcrumb\",\"itemListElement\":[{\"@type\":\"ListItem\",\"position\":1,\"name\":\"Accueil\",\"item\":\"https:\\\/\\\/batijournal.com\\\/\"},{\"@type\":\"ListItem\",\"position\":2,\"name\":\"Actualit\u00e9s\",\"item\":\"https:\\\/\\\/batijournal.com\\\/index.php\\\/category\\\/actualites\\\/\"},{\"@type\":\"ListItem\",\"position\":3,\"name\":\"12,9 millions d\u2019euros pour le pacte m\u00e9tropolitain d\u2019innovation du Grand Lyon\"}]},{\"@type\":\"WebSite\",\"@id\":\"https:\\\/\\\/batijournal.com\\\/#website\",\"url\":\"https:\\\/\\\/batijournal.com\\\/\",\"name\":\"Batijournal\",\"description\":\"L&#039;actualit\u00e9 du b\u00e2timent\",\"potentialAction\":[{\"@type\":\"SearchAction\",\"target\":{\"@type\":\"EntryPoint\",\"urlTemplate\":\"https:\\\/\\\/batijournal.com\\\/?s={search_term_string}\"},\"query-input\":{\"@type\":\"PropertyValueSpecification\",\"valueRequired\":true,\"valueName\":\"search_term_string\"}}],\"inLanguage\":\"fr-FR\"},{\"@type\":\"Person\",\"@id\":\"https:\\\/\\\/batijournal.com\\\/#\\\/schema\\\/person\\\/1dc96ec6957aa1ccb25ebe78bb19f100\",\"name\":\"St\u00e9phane Miget\",\"image\":{\"@type\":\"ImageObject\",\"inLanguage\":\"fr-FR\",\"@id\":\"https:\\\/\\\/secure.gravatar.com\\\/avatar\\\/89915563d925342126b8ef0281b93d9d7fc337043e8df017f780908eb9644451?s=96&d=mm&r=g\",\"url\":\"https:\\\/\\\/secure.gravatar.com\\\/avatar\\\/89915563d925342126b8ef0281b93d9d7fc337043e8df017f780908eb9644451?s=96&d=mm&r=g\",\"contentUrl\":\"https:\\\/\\\/secure.gravatar.com\\\/avatar\\\/89915563d925342126b8ef0281b93d9d7fc337043e8df017f780908eb9644451?s=96&d=mm&r=g\",\"caption\":\"St\u00e9phane Miget\"},\"url\":\"https:\\\/\\\/batijournal.com\\\/index.php\\\/author\\\/stephane\\\/\"}]}<\/script>\n<!-- \/ Yoast SEO plugin. -->","yoast_head_json":{"title":"12,9 millions d\u2019euros pour le pacte m\u00e9tropolitain d\u2019innovation du Grand Lyon","robots":{"index":"index","follow":"follow","max-snippet":"max-snippet:-1","max-image-preview":"max-image-preview:large","max-video-preview":"max-video-preview:-1"},"canonical":"https:\/\/batijournal.com\/index.php\/129-millions-deuros-pacte-metropolitain-dinnovation-grand-lyon\/95487\/","og_locale":"fr_FR","og_type":"article","og_title":"12,9 millions d\u2019euros pour le pacte m\u00e9tropolitain d\u2019innovation du Grand Lyon","og_description":"Jean-Michel Baylet, ministre de l\u2019Am\u00e9nagement du Territoire, de la Ruralit\u00e9 et des Collectivit\u00e9s territoriales, G\u00e9rard Collomb, pr\u00e9sident de la m\u00e9tropole de Lyon et Henri-Michel Comet, Pr\u00e9fet de la r\u00e9gion Auvergne-Rh\u00f4ne-Alpes, ont sign\u00e9, lundi 20 mars, le pacte m\u00e9tropolitain d\u2019innovation du Grand Lyon. Il permet de formaliser l\u2019engagement de l\u2019\u00c9tat aux cot\u00e9s de la M\u00e9tropole pour [&hellip;]","og_url":"https:\/\/batijournal.com\/index.php\/129-millions-deuros-pacte-metropolitain-dinnovation-grand-lyon\/95487\/","og_site_name":"Batijournal","article_published_time":"2017-03-21T07:30:07+00:00","article_modified_time":"2019-07-15T10:10:55+00:00","og_image":[{"width":1180,"height":645,"url":"https:\/\/batijournal.com\/wp-content\/uploads\/2017\/03\/csm_hoteldieu_asylum_accueil_0f9485219d.jpg","type":"image\/jpeg"}],"author":"St\u00e9phane Miget","twitter_card":"summary_large_image","twitter_creator":"@bati_journal","twitter_site":"@bati_journal","twitter_misc":{"\u00c9crit par":"St\u00e9phane Miget","Dur\u00e9e de lecture estim\u00e9e":"2 minutes"},"schema":{"@context":"https:\/\/schema.org","@graph":[{"@type":"Article","@id":"https:\/\/batijournal.com\/index.php\/129-millions-deuros-pacte-metropolitain-dinnovation-grand-lyon\/95487\/#article","isPartOf":{"@id":"https:\/\/batijournal.com\/index.php\/129-millions-deuros-pacte-metropolitain-dinnovation-grand-lyon\/95487\/"},"author":{"name":"St\u00e9phane Miget","@id":"https:\/\/batijournal.com\/#\/schema\/person\/1dc96ec6957aa1ccb25ebe78bb19f100"},"headline":"12,9 millions d\u2019euros pour le pacte m\u00e9tropolitain d\u2019innovation du Grand Lyon","datePublished":"2017-03-21T07:30:07+00:00","dateModified":"2019-07-15T10:10:55+00:00","mainEntityOfPage":{"@id":"https:\/\/batijournal.com\/index.php\/129-millions-deuros-pacte-metropolitain-dinnovation-grand-lyon\/95487\/"},"wordCount":393,"image":{"@id":"https:\/\/batijournal.com\/index.php\/129-millions-deuros-pacte-metropolitain-dinnovation-grand-lyon\/95487\/#primaryimage"},"thumbnailUrl":"https:\/\/batijournal.com\/wp-content\/uploads\/2017\/03\/csm_hoteldieu_asylum_accueil_0f9485219d.jpg","keywords":["Lyon","Lyon Confluence"],"articleSection":["Actualit\u00e9s","Architecture &amp; Conception"],"inLanguage":"fr-FR"},{"@type":"WebPage","@id":"https:\/\/batijournal.com\/index.php\/129-millions-deuros-pacte-metropolitain-dinnovation-grand-lyon\/95487\/","url":"https:\/\/batijournal.com\/index.php\/129-millions-deuros-pacte-metropolitain-dinnovation-grand-lyon\/95487\/","name":"12,9 millions d\u2019euros pour le pacte m\u00e9tropolitain d\u2019innovation du Grand Lyon","isPartOf":{"@id":"https:\/\/batijournal.com\/#website"},"primaryImageOfPage":{"@id":"https:\/\/batijournal.com\/index.php\/129-millions-deuros-pacte-metropolitain-dinnovation-grand-lyon\/95487\/#primaryimage"},"image":{"@id":"https:\/\/batijournal.com\/index.php\/129-millions-deuros-pacte-metropolitain-dinnovation-grand-lyon\/95487\/#primaryimage"},"thumbnailUrl":"https:\/\/batijournal.com\/wp-content\/uploads\/2017\/03\/csm_hoteldieu_asylum_accueil_0f9485219d.jpg","datePublished":"2017-03-21T07:30:07+00:00","dateModified":"2019-07-15T10:10:55+00:00","author":{"@id":"https:\/\/batijournal.com\/#\/schema\/person\/1dc96ec6957aa1ccb25ebe78bb19f100"},"breadcrumb":{"@id":"https:\/\/batijournal.com\/index.php\/129-millions-deuros-pacte-metropolitain-dinnovation-grand-lyon\/95487\/#breadcrumb"},"inLanguage":"fr-FR","potentialAction":[{"@type":"ReadAction","target":["https:\/\/batijournal.com\/index.php\/129-millions-deuros-pacte-metropolitain-dinnovation-grand-lyon\/95487\/"]}]},{"@type":"ImageObject","inLanguage":"fr-FR","@id":"https:\/\/batijournal.com\/index.php\/129-millions-deuros-pacte-metropolitain-dinnovation-grand-lyon\/95487\/#primaryimage","url":"https:\/\/batijournal.com\/wp-content\/uploads\/2017\/03\/csm_hoteldieu_asylum_accueil_0f9485219d.jpg","contentUrl":"https:\/\/batijournal.com\/wp-content\/uploads\/2017\/03\/csm_hoteldieu_asylum_accueil_0f9485219d.jpg","width":1180,"height":645},{"@type":"BreadcrumbList","@id":"https:\/\/batijournal.com\/index.php\/129-millions-deuros-pacte-metropolitain-dinnovation-grand-lyon\/95487\/#breadcrumb","itemListElement":[{"@type":"ListItem","position":1,"name":"Accueil","item":"https:\/\/batijournal.com\/"},{"@type":"ListItem","position":2,"name":"Actualit\u00e9s","item":"https:\/\/batijournal.com\/index.php\/category\/actualites\/"},{"@type":"ListItem","position":3,"name":"12,9 millions d\u2019euros pour le pacte m\u00e9tropolitain d\u2019innovation du Grand Lyon"}]},{"@type":"WebSite","@id":"https:\/\/batijournal.com\/#website","url":"https:\/\/batijournal.com\/","name":"Batijournal","description":"L&#039;actualit\u00e9 du b\u00e2timent","potentialAction":[{"@type":"SearchAction","target":{"@type":"EntryPoint","urlTemplate":"https:\/\/batijournal.com\/?s={search_term_string}"},"query-input":{"@type":"PropertyValueSpecification","valueRequired":true,"valueName":"search_term_string"}}],"inLanguage":"fr-FR"},{"@type":"Person","@id":"https:\/\/batijournal.com\/#\/schema\/person\/1dc96ec6957aa1ccb25ebe78bb19f100","name":"St\u00e9phane Miget","image":{"@type":"ImageObject","inLanguage":"fr-FR","@id":"https:\/\/secure.gravatar.com\/avatar\/89915563d925342126b8ef0281b93d9d7fc337043e8df017f780908eb9644451?s=96&d=mm&r=g","url":"https:\/\/secure.gravatar.com\/avatar\/89915563d925342126b8ef0281b93d9d7fc337043e8df017f780908eb9644451?s=96&d=mm&r=g","contentUrl":"https:\/\/secure.gravatar.com\/avatar\/89915563d925342126b8ef0281b93d9d7fc337043e8df017f780908eb9644451?s=96&d=mm&r=g","caption":"St\u00e9phane Miget"},"url":"https:\/\/batijournal.com\/index.php\/author\/stephane\/"}]}},"_links":{"self":[{"href":"https:\/\/batijournal.com\/index.php\/wp-json\/wp\/v2\/posts\/95487","targetHints":{"allow":["GET"]}}],"collection":[{"href":"https:\/\/batijournal.com\/index.php\/wp-json\/wp\/v2\/posts"}],"about":[{"href":"https:\/\/batijournal.com\/index.php\/wp-json\/wp\/v2\/types\/post"}],"author":[{"embeddable":true,"href":"https:\/\/batijournal.com\/index.php\/wp-json\/wp\/v2\/users\/17"}],"replies":[{"embeddable":true,"href":"https:\/\/batijournal.com\/index.php\/wp-json\/wp\/v2\/comments?post=95487"}],"version-history":[{"count":0,"href":"https:\/\/batijournal.com\/index.php\/wp-json\/wp\/v2\/posts\/95487\/revisions"}],"wp:featuredmedia":[{"embeddable":true,"href":"https:\/\/batijournal.com\/index.php\/wp-json\/wp\/v2\/media\/95488"}],"wp:attachment":[{"href":"https:\/\/batijournal.com\/index.php\/wp-json\/wp\/v2\/media?parent=95487"}],"wp:term":[{"taxonomy":"category","embeddable":true,"href":"https:\/\/batijournal.com\/index.php\/wp-json\/wp\/v2\/categories?post=95487"},{"taxonomy":"post_tag","embeddable":true,"href":"https:\/\/batijournal.com\/index.php\/wp-json\/wp\/v2\/tags?post=95487"}],"curies":[{"name":"wp","href":"https:\/\/api.w.org\/{rel}","templated":true}]}}