{"id":95489,"date":"2017-03-21T08:39:21","date_gmt":"2017-03-21T07:39:21","guid":{"rendered":"http:\/\/batijournal.com\/?p=95489"},"modified":"2019-07-15T12:10:55","modified_gmt":"2019-07-15T10:10:55","slug":"appel-a-manifestations-dinteret-anru","status":"publish","type":"post","link":"https:\/\/batijournal.com\/index.php\/appel-a-manifestations-dinteret-anru\/95489\/","title":{"rendered":"Appel \u00e0 manifestations d\u2019int\u00e9r\u00eat \u00ab ANRU + \u00bb"},"content":{"rendered":"<div class=\"page\" title=\"Page 1\">\n<div class=\"layoutArea\">\n<div class=\"column\">\n<p><strong>A travers le Nouveau Programme National de Renouvellement Urbain (NPNRU), l\u2019ANRU accompagne la restructuration de 200 quartiers prioritaires de la politique de la ville dits d\u2019int\u00e9r\u00eat national.\u00a0Parmi eux, 20 territoires laur\u00e9ats du Programme d\u2019investissements d\u2019avenir (PIA) \u00ab Ville durable et solidaire, excellence environnementale du renouvellement urbain \u00bb b\u00e9n\u00e9ficient, pour la mise en \u0153uvre d\u2019actions innovantes int\u00e9gr\u00e9es aux projets de renouvellement urbain, de subventions du PIA (au total 71 millions d\u2019euros).<\/strong><\/p>\n<p>Pour favoriser la structuration des partenariats autour de l\u2019innovation dans les territoires en renouvellement urbain, une journ\u00e9e de rencontres entre les collectivit\u00e9s, leurs partenaires et les pourvoyeurs de l\u2019innovation urbaine et sociale ou de la ville durable s\u2019est tenue le 14 mars 2017. \u00a0Patrick Kanner, Ministre de la Ville, de la Jeunesse et des Sports, et Thierry Francq, Commissaire G\u00e9n\u00e9ral-adjoint \u00e0 l\u2019Investissement, ont confirm\u00e9 \u00e0 cette occasion la mobilisation de 50 millions d\u2019euros compl\u00e9mentaires au titre du PIA \u00ab Territoires d\u2019innovation \u00bb pour d\u00e9velopper l\u2019innovation urbaine et sociale dans de nouveaux quartiers qui seront s\u00e9lectionn\u00e9s en 2017 dans le cadre de l\u2019appel \u00e0 manifestations d\u2019int\u00e9r\u00eat \u00ab ANRU+ \u00bb.<\/p>\n<div class=\"page\" title=\"Page 1\">\n<div class=\"layoutArea\">\n<div class=\"column\">\n<p>\u00ab ANRU + \u00bb, dispositif d\u2019accompagnement au carrefour du NPNRU et des PIA 2 et 3 mis en place par l\u2019ANRU en 2017, permet de soutenir le d\u00e9ploiement de l\u2019innovation et des pratiques d\u2019excellence dans les quartiers.<\/p>\n<p>\u00ab ANRU + \u00bb mobilise des moyens issus du NPNRU et du PIA, en subvention et en fonds propres, pour r\u00e9pondre \u00e0 la volont\u00e9 d\u2019une articulation plus \u00e9troite des projets soutenus au titre de ces diff\u00e9rents programmes, afin de renforcer leurs effets en termes d\u2019innovation.<\/p>\n<\/div>\n<\/div>\n<\/div>\n<\/div>\n<\/div>\n<\/div>\n","protected":false},"excerpt":{"rendered":"<p>A travers le Nouveau Programme National de Renouvellement Urbain (NPNRU), l\u2019ANRU accompagne la restructuration de 200 quartiers prioritaires de la politique de la ville dits d\u2019int\u00e9r\u00eat national.\u00a0Parmi eux, 20 territoires laur\u00e9ats du Programme d\u2019investissements d\u2019avenir (PIA) \u00ab Ville durable et solidaire, excellence environnementale du renouvellement urbain \u00bb b\u00e9n\u00e9ficient, pour la mise en \u0153uvre d\u2019actions innovantes [&hellip;]<\/p>\n","protected":false},"author":17,"featured_media":95490,"comment_status":"closed","ping_status":"closed","sticky":false,"template":"","format":"standard","meta":{"_et_pb_use_builder":"","_et_pb_old_content":"","_et_gb_content_width":"","footnotes":""},"categories":[10530,6340],"tags":[],"class_list":["post-95489","post","type-post","status-publish","format-standard","has-post-thumbnail","hentry","category-actualites","category-architecture-conception"],"yoast_head":"<!-- This site is optimized with the Yoast SEO plugin v27.4 - https:\/\/yoast.com\/product\/yoast-seo-wordpress\/ -->\n<title>Appel \u00e0 manifestations d\u2019int\u00e9r\u00eat \u00ab ANRU + \u00bb<\/title>\n<meta name=\"robots\" content=\"index, follow, max-snippet:-1, max-image-preview:large, max-video-preview:-1\" \/>\n<link rel=\"canonical\" href=\"https:\/\/batijournal.com\/index.php\/appel-a-manifestations-dinteret-anru\/95489\/\" \/>\n<meta property=\"og:locale\" content=\"fr_FR\" \/>\n<meta property=\"og:type\" content=\"article\" \/>\n<meta property=\"og:title\" content=\"Appel \u00e0 manifestations d\u2019int\u00e9r\u00eat \u00ab ANRU + \u00bb\" \/>\n<meta property=\"og:description\" content=\"A travers le Nouveau Programme National de Renouvellement Urbain (NPNRU), l\u2019ANRU accompagne la restructuration de 200 quartiers prioritaires de la politique de la ville dits d\u2019int\u00e9r\u00eat national.\u00a0Parmi eux, 20 territoires laur\u00e9ats du Programme d\u2019investissements d\u2019avenir (PIA) \u00ab Ville durable et solidaire, excellence environnementale du renouvellement urbain \u00bb b\u00e9n\u00e9ficient, pour la mise en \u0153uvre d\u2019actions innovantes [&hellip;]\" \/>\n<meta property=\"og:url\" content=\"https:\/\/batijournal.com\/index.php\/appel-a-manifestations-dinteret-anru\/95489\/\" \/>\n<meta property=\"og:site_name\" content=\"Batijournal\" \/>\n<meta property=\"article:published_time\" content=\"2017-03-21T07:39:21+00:00\" \/>\n<meta property=\"article:modified_time\" content=\"2019-07-15T10:10:55+00:00\" \/>\n<meta property=\"og:image\" content=\"https:\/\/batijournal.com\/wp-content\/uploads\/2017\/03\/anru-plus.png\" \/>\n\t<meta property=\"og:image:width\" content=\"911\" \/>\n\t<meta property=\"og:image:height\" content=\"309\" \/>\n\t<meta property=\"og:image:type\" content=\"image\/png\" \/>\n<meta name=\"author\" content=\"St\u00e9phane Miget\" \/>\n<meta name=\"twitter:card\" content=\"summary_large_image\" \/>\n<meta name=\"twitter:creator\" content=\"@bati_journal\" \/>\n<meta name=\"twitter:site\" content=\"@bati_journal\" \/>\n<meta name=\"twitter:label1\" content=\"\u00c9crit par\" \/>\n\t<meta name=\"twitter:data1\" content=\"St\u00e9phane Miget\" \/>\n\t<meta name=\"twitter:label2\" content=\"Dur\u00e9e de lecture estim\u00e9e\" \/>\n\t<meta name=\"twitter:data2\" content=\"1 minute\" \/>\n<script type=\"application\/ld+json\" class=\"yoast-schema-graph\">{\"@context\":\"https:\\\/\\\/schema.org\",\"@graph\":[{\"@type\":\"Article\",\"@id\":\"https:\\\/\\\/batijournal.com\\\/index.php\\\/appel-a-manifestations-dinteret-anru\\\/95489\\\/#article\",\"isPartOf\":{\"@id\":\"https:\\\/\\\/batijournal.com\\\/index.php\\\/appel-a-manifestations-dinteret-anru\\\/95489\\\/\"},\"author\":{\"name\":\"St\u00e9phane Miget\",\"@id\":\"https:\\\/\\\/batijournal.com\\\/#\\\/schema\\\/person\\\/1dc96ec6957aa1ccb25ebe78bb19f100\"},\"headline\":\"Appel \u00e0 manifestations d\u2019int\u00e9r\u00eat \u00ab ANRU + \u00bb\",\"datePublished\":\"2017-03-21T07:39:21+00:00\",\"dateModified\":\"2019-07-15T10:10:55+00:00\",\"mainEntityOfPage\":{\"@id\":\"https:\\\/\\\/batijournal.com\\\/index.php\\\/appel-a-manifestations-dinteret-anru\\\/95489\\\/\"},\"wordCount\":283,\"image\":{\"@id\":\"https:\\\/\\\/batijournal.com\\\/index.php\\\/appel-a-manifestations-dinteret-anru\\\/95489\\\/#primaryimage\"},\"thumbnailUrl\":\"https:\\\/\\\/batijournal.com\\\/wp-content\\\/uploads\\\/2017\\\/03\\\/anru-plus.png\",\"articleSection\":[\"Actualit\u00e9s\",\"Architecture &amp; Conception\"],\"inLanguage\":\"fr-FR\"},{\"@type\":\"WebPage\",\"@id\":\"https:\\\/\\\/batijournal.com\\\/index.php\\\/appel-a-manifestations-dinteret-anru\\\/95489\\\/\",\"url\":\"https:\\\/\\\/batijournal.com\\\/index.php\\\/appel-a-manifestations-dinteret-anru\\\/95489\\\/\",\"name\":\"Appel \u00e0 manifestations d\u2019int\u00e9r\u00eat \u00ab ANRU + \u00bb\",\"isPartOf\":{\"@id\":\"https:\\\/\\\/batijournal.com\\\/#website\"},\"primaryImageOfPage\":{\"@id\":\"https:\\\/\\\/batijournal.com\\\/index.php\\\/appel-a-manifestations-dinteret-anru\\\/95489\\\/#primaryimage\"},\"image\":{\"@id\":\"https:\\\/\\\/batijournal.com\\\/index.php\\\/appel-a-manifestations-dinteret-anru\\\/95489\\\/#primaryimage\"},\"thumbnailUrl\":\"https:\\\/\\\/batijournal.com\\\/wp-content\\\/uploads\\\/2017\\\/03\\\/anru-plus.png\",\"datePublished\":\"2017-03-21T07:39:21+00:00\",\"dateModified\":\"2019-07-15T10:10:55+00:00\",\"author\":{\"@id\":\"https:\\\/\\\/batijournal.com\\\/#\\\/schema\\\/person\\\/1dc96ec6957aa1ccb25ebe78bb19f100\"},\"breadcrumb\":{\"@id\":\"https:\\\/\\\/batijournal.com\\\/index.php\\\/appel-a-manifestations-dinteret-anru\\\/95489\\\/#breadcrumb\"},\"inLanguage\":\"fr-FR\",\"potentialAction\":[{\"@type\":\"ReadAction\",\"target\":[\"https:\\\/\\\/batijournal.com\\\/index.php\\\/appel-a-manifestations-dinteret-anru\\\/95489\\\/\"]}]},{\"@type\":\"ImageObject\",\"inLanguage\":\"fr-FR\",\"@id\":\"https:\\\/\\\/batijournal.com\\\/index.php\\\/appel-a-manifestations-dinteret-anru\\\/95489\\\/#primaryimage\",\"url\":\"https:\\\/\\\/batijournal.com\\\/wp-content\\\/uploads\\\/2017\\\/03\\\/anru-plus.png\",\"contentUrl\":\"https:\\\/\\\/batijournal.com\\\/wp-content\\\/uploads\\\/2017\\\/03\\\/anru-plus.png\",\"width\":911,\"height\":309},{\"@type\":\"BreadcrumbList\",\"@id\":\"https:\\\/\\\/batijournal.com\\\/index.php\\\/appel-a-manifestations-dinteret-anru\\\/95489\\\/#breadcrumb\",\"itemListElement\":[{\"@type\":\"ListItem\",\"position\":1,\"name\":\"Accueil\",\"item\":\"https:\\\/\\\/batijournal.com\\\/\"},{\"@type\":\"ListItem\",\"position\":2,\"name\":\"Actualit\u00e9s\",\"item\":\"https:\\\/\\\/batijournal.com\\\/index.php\\\/category\\\/actualites\\\/\"},{\"@type\":\"ListItem\",\"position\":3,\"name\":\"Appel \u00e0 manifestations d\u2019int\u00e9r\u00eat \u00ab ANRU + \u00bb\"}]},{\"@type\":\"WebSite\",\"@id\":\"https:\\\/\\\/batijournal.com\\\/#website\",\"url\":\"https:\\\/\\\/batijournal.com\\\/\",\"name\":\"Batijournal\",\"description\":\"L&#039;actualit\u00e9 du b\u00e2timent\",\"potentialAction\":[{\"@type\":\"SearchAction\",\"target\":{\"@type\":\"EntryPoint\",\"urlTemplate\":\"https:\\\/\\\/batijournal.com\\\/?s={search_term_string}\"},\"query-input\":{\"@type\":\"PropertyValueSpecification\",\"valueRequired\":true,\"valueName\":\"search_term_string\"}}],\"inLanguage\":\"fr-FR\"},{\"@type\":\"Person\",\"@id\":\"https:\\\/\\\/batijournal.com\\\/#\\\/schema\\\/person\\\/1dc96ec6957aa1ccb25ebe78bb19f100\",\"name\":\"St\u00e9phane Miget\",\"image\":{\"@type\":\"ImageObject\",\"inLanguage\":\"fr-FR\",\"@id\":\"https:\\\/\\\/secure.gravatar.com\\\/avatar\\\/89915563d925342126b8ef0281b93d9d7fc337043e8df017f780908eb9644451?s=96&d=mm&r=g\",\"url\":\"https:\\\/\\\/secure.gravatar.com\\\/avatar\\\/89915563d925342126b8ef0281b93d9d7fc337043e8df017f780908eb9644451?s=96&d=mm&r=g\",\"contentUrl\":\"https:\\\/\\\/secure.gravatar.com\\\/avatar\\\/89915563d925342126b8ef0281b93d9d7fc337043e8df017f780908eb9644451?s=96&d=mm&r=g\",\"caption\":\"St\u00e9phane Miget\"},\"url\":\"https:\\\/\\\/batijournal.com\\\/index.php\\\/author\\\/stephane\\\/\"}]}<\/script>\n<!-- \/ Yoast SEO plugin. -->","yoast_head_json":{"title":"Appel \u00e0 manifestations d\u2019int\u00e9r\u00eat \u00ab ANRU + \u00bb","robots":{"index":"index","follow":"follow","max-snippet":"max-snippet:-1","max-image-preview":"max-image-preview:large","max-video-preview":"max-video-preview:-1"},"canonical":"https:\/\/batijournal.com\/index.php\/appel-a-manifestations-dinteret-anru\/95489\/","og_locale":"fr_FR","og_type":"article","og_title":"Appel \u00e0 manifestations d\u2019int\u00e9r\u00eat \u00ab ANRU + \u00bb","og_description":"A travers le Nouveau Programme National de Renouvellement Urbain (NPNRU), l\u2019ANRU accompagne la restructuration de 200 quartiers prioritaires de la politique de la ville dits d\u2019int\u00e9r\u00eat national.\u00a0Parmi eux, 20 territoires laur\u00e9ats du Programme d\u2019investissements d\u2019avenir (PIA) \u00ab Ville durable et solidaire, excellence environnementale du renouvellement urbain \u00bb b\u00e9n\u00e9ficient, pour la mise en \u0153uvre d\u2019actions innovantes [&hellip;]","og_url":"https:\/\/batijournal.com\/index.php\/appel-a-manifestations-dinteret-anru\/95489\/","og_site_name":"Batijournal","article_published_time":"2017-03-21T07:39:21+00:00","article_modified_time":"2019-07-15T10:10:55+00:00","og_image":[{"width":911,"height":309,"url":"https:\/\/batijournal.com\/wp-content\/uploads\/2017\/03\/anru-plus.png","type":"image\/png"}],"author":"St\u00e9phane Miget","twitter_card":"summary_large_image","twitter_creator":"@bati_journal","twitter_site":"@bati_journal","twitter_misc":{"\u00c9crit par":"St\u00e9phane Miget","Dur\u00e9e de lecture estim\u00e9e":"1 minute"},"schema":{"@context":"https:\/\/schema.org","@graph":[{"@type":"Article","@id":"https:\/\/batijournal.com\/index.php\/appel-a-manifestations-dinteret-anru\/95489\/#article","isPartOf":{"@id":"https:\/\/batijournal.com\/index.php\/appel-a-manifestations-dinteret-anru\/95489\/"},"author":{"name":"St\u00e9phane Miget","@id":"https:\/\/batijournal.com\/#\/schema\/person\/1dc96ec6957aa1ccb25ebe78bb19f100"},"headline":"Appel \u00e0 manifestations d\u2019int\u00e9r\u00eat \u00ab ANRU + \u00bb","datePublished":"2017-03-21T07:39:21+00:00","dateModified":"2019-07-15T10:10:55+00:00","mainEntityOfPage":{"@id":"https:\/\/batijournal.com\/index.php\/appel-a-manifestations-dinteret-anru\/95489\/"},"wordCount":283,"image":{"@id":"https:\/\/batijournal.com\/index.php\/appel-a-manifestations-dinteret-anru\/95489\/#primaryimage"},"thumbnailUrl":"https:\/\/batijournal.com\/wp-content\/uploads\/2017\/03\/anru-plus.png","articleSection":["Actualit\u00e9s","Architecture &amp; Conception"],"inLanguage":"fr-FR"},{"@type":"WebPage","@id":"https:\/\/batijournal.com\/index.php\/appel-a-manifestations-dinteret-anru\/95489\/","url":"https:\/\/batijournal.com\/index.php\/appel-a-manifestations-dinteret-anru\/95489\/","name":"Appel \u00e0 manifestations d\u2019int\u00e9r\u00eat \u00ab ANRU + \u00bb","isPartOf":{"@id":"https:\/\/batijournal.com\/#website"},"primaryImageOfPage":{"@id":"https:\/\/batijournal.com\/index.php\/appel-a-manifestations-dinteret-anru\/95489\/#primaryimage"},"image":{"@id":"https:\/\/batijournal.com\/index.php\/appel-a-manifestations-dinteret-anru\/95489\/#primaryimage"},"thumbnailUrl":"https:\/\/batijournal.com\/wp-content\/uploads\/2017\/03\/anru-plus.png","datePublished":"2017-03-21T07:39:21+00:00","dateModified":"2019-07-15T10:10:55+00:00","author":{"@id":"https:\/\/batijournal.com\/#\/schema\/person\/1dc96ec6957aa1ccb25ebe78bb19f100"},"breadcrumb":{"@id":"https:\/\/batijournal.com\/index.php\/appel-a-manifestations-dinteret-anru\/95489\/#breadcrumb"},"inLanguage":"fr-FR","potentialAction":[{"@type":"ReadAction","target":["https:\/\/batijournal.com\/index.php\/appel-a-manifestations-dinteret-anru\/95489\/"]}]},{"@type":"ImageObject","inLanguage":"fr-FR","@id":"https:\/\/batijournal.com\/index.php\/appel-a-manifestations-dinteret-anru\/95489\/#primaryimage","url":"https:\/\/batijournal.com\/wp-content\/uploads\/2017\/03\/anru-plus.png","contentUrl":"https:\/\/batijournal.com\/wp-content\/uploads\/2017\/03\/anru-plus.png","width":911,"height":309},{"@type":"BreadcrumbList","@id":"https:\/\/batijournal.com\/index.php\/appel-a-manifestations-dinteret-anru\/95489\/#breadcrumb","itemListElement":[{"@type":"ListItem","position":1,"name":"Accueil","item":"https:\/\/batijournal.com\/"},{"@type":"ListItem","position":2,"name":"Actualit\u00e9s","item":"https:\/\/batijournal.com\/index.php\/category\/actualites\/"},{"@type":"ListItem","position":3,"name":"Appel \u00e0 manifestations d\u2019int\u00e9r\u00eat \u00ab ANRU + \u00bb"}]},{"@type":"WebSite","@id":"https:\/\/batijournal.com\/#website","url":"https:\/\/batijournal.com\/","name":"Batijournal","description":"L&#039;actualit\u00e9 du b\u00e2timent","potentialAction":[{"@type":"SearchAction","target":{"@type":"EntryPoint","urlTemplate":"https:\/\/batijournal.com\/?s={search_term_string}"},"query-input":{"@type":"PropertyValueSpecification","valueRequired":true,"valueName":"search_term_string"}}],"inLanguage":"fr-FR"},{"@type":"Person","@id":"https:\/\/batijournal.com\/#\/schema\/person\/1dc96ec6957aa1ccb25ebe78bb19f100","name":"St\u00e9phane Miget","image":{"@type":"ImageObject","inLanguage":"fr-FR","@id":"https:\/\/secure.gravatar.com\/avatar\/89915563d925342126b8ef0281b93d9d7fc337043e8df017f780908eb9644451?s=96&d=mm&r=g","url":"https:\/\/secure.gravatar.com\/avatar\/89915563d925342126b8ef0281b93d9d7fc337043e8df017f780908eb9644451?s=96&d=mm&r=g","contentUrl":"https:\/\/secure.gravatar.com\/avatar\/89915563d925342126b8ef0281b93d9d7fc337043e8df017f780908eb9644451?s=96&d=mm&r=g","caption":"St\u00e9phane Miget"},"url":"https:\/\/batijournal.com\/index.php\/author\/stephane\/"}]}},"_links":{"self":[{"href":"https:\/\/batijournal.com\/index.php\/wp-json\/wp\/v2\/posts\/95489","targetHints":{"allow":["GET"]}}],"collection":[{"href":"https:\/\/batijournal.com\/index.php\/wp-json\/wp\/v2\/posts"}],"about":[{"href":"https:\/\/batijournal.com\/index.php\/wp-json\/wp\/v2\/types\/post"}],"author":[{"embeddable":true,"href":"https:\/\/batijournal.com\/index.php\/wp-json\/wp\/v2\/users\/17"}],"replies":[{"embeddable":true,"href":"https:\/\/batijournal.com\/index.php\/wp-json\/wp\/v2\/comments?post=95489"}],"version-history":[{"count":0,"href":"https:\/\/batijournal.com\/index.php\/wp-json\/wp\/v2\/posts\/95489\/revisions"}],"wp:featuredmedia":[{"embeddable":true,"href":"https:\/\/batijournal.com\/index.php\/wp-json\/wp\/v2\/media\/95490"}],"wp:attachment":[{"href":"https:\/\/batijournal.com\/index.php\/wp-json\/wp\/v2\/media?parent=95489"}],"wp:term":[{"taxonomy":"category","embeddable":true,"href":"https:\/\/batijournal.com\/index.php\/wp-json\/wp\/v2\/categories?post=95489"},{"taxonomy":"post_tag","embeddable":true,"href":"https:\/\/batijournal.com\/index.php\/wp-json\/wp\/v2\/tags?post=95489"}],"curies":[{"name":"wp","href":"https:\/\/api.w.org\/{rel}","templated":true}]}}