{"id":95498,"date":"2017-03-21T17:05:48","date_gmt":"2017-03-21T16:05:48","guid":{"rendered":"http:\/\/batijournal.com\/?p=95498"},"modified":"2019-07-15T11:16:00","modified_gmt":"2019-07-15T09:16:00","slug":"villa-noailles-a-hyeres-labellisee-centre-dart-dinteret-national","status":"publish","type":"post","link":"https:\/\/batijournal.com\/index.php\/villa-noailles-a-hyeres-labellisee-centre-dart-dinteret-national\/95498\/","title":{"rendered":"La Villa Noailles, \u00e0 Hy\u00e8res, labellis\u00e9e Centre d\u2019art d\u2019int\u00e9r\u00eat national"},"content":{"rendered":"<p>Lors de la r\u00e9cente visite d&rsquo;Audrey Azoulay et de Fran\u00e7ois Hollande \u00e0 la Villa Noailles (\u00e0 Hy\u00e8res), la ministre de la Culture et de la Communication a d\u00e9cid\u00e9 de labelliser la villa Centre d\u2019art d\u2019int\u00e9r\u00eat national et de renforcer le soutien financier du minist\u00e8re. Ce nouveau label, cr\u00e9\u00e9 au sein de la loi relative \u00e0 la libert\u00e9 de la cr\u00e9ation, \u00e0 l&rsquo;architecture et au patrimoine, vient reconnaitre le travail de qualit\u00e9 effectu\u00e9 par Jean-Pierre Blanc et son \u00e9quipe et r\u00e9affirmer la place qu&rsquo;a conquise la Villa Noailles au service de la cr\u00e9ation.\u00a0Le Pr\u00e9sident de la R\u00e9publique a \u00e9galement annonc\u00e9 que l&rsquo;Etat soutiendrait, aux c\u00f4t\u00e9s des collectivit\u00e9s territoriales et de partenaires m\u00e9c\u00e8nes un projet d\u2019extension du Centre d&rsquo;art.<\/p>\n<p><img loading=\"lazy\" decoding=\"async\" class=\"aligncenter size-large wp-image-95503\" src=\"https:\/\/batijournal.com\/wp-content\/uploads\/2017\/03\/villa-noailles-hyeres-en-construction-1024x676.jpg\" alt=\"\" width=\"960\" height=\"634\" srcset=\"https:\/\/batijournal.com\/wp-content\/uploads\/2017\/03\/villa-noailles-hyeres-en-construction-1024x676.jpg 1024w, https:\/\/batijournal.com\/wp-content\/uploads\/2017\/03\/villa-noailles-hyeres-en-construction-150x99.jpg 150w, https:\/\/batijournal.com\/wp-content\/uploads\/2017\/03\/villa-noailles-hyeres-en-construction-300x198.jpg 300w, https:\/\/batijournal.com\/wp-content\/uploads\/2017\/03\/villa-noailles-hyeres-en-construction-768x507.jpg 768w, https:\/\/batijournal.com\/wp-content\/uploads\/2017\/03\/villa-noailles-hyeres-en-construction-600x396.jpg 600w, https:\/\/batijournal.com\/wp-content\/uploads\/2017\/03\/villa-noailles-hyeres-en-construction.jpg 1200w\" sizes=\"(max-width: 960px) 100vw, 960px\" \/><\/p>\n<p>La villa Noailles figure parmi les toutes premi\u00e8res constructions de style moderne r\u00e9alis\u00e9es en France. Dessin\u00e9e en d\u00e9cembre 1923 et habit\u00e9e \u00e0 partir de janvier 1925, la villa initiale construite pour Charles et Marie-Laure de Noailles par l\u2019architecte Rob. Mallet-Stevens met en application les pr\u00e9ceptes fondateurs du mouvement rationaliste.<\/p>\n<p>Vue du b\u00e2timent \u00e0 l&rsquo;ach\u00e8vement des travaux, avril 1925.\u00a0Publi\u00e9e dans la revue Das Werk, Zurich, 1927.\u00a0Photographe inconnu.\u00a0Collection villa Noailles<\/p>\n<p>Photo en-t\u00eate : Olivier Amsellem<\/p>\n<p>&nbsp;<\/p>\n","protected":false},"excerpt":{"rendered":"<p>Lors de la r\u00e9cente visite d&rsquo;Audrey Azoulay et de Fran\u00e7ois Hollande \u00e0 la Villa Noailles (\u00e0 Hy\u00e8res), la ministre de la Culture et de la Communication a d\u00e9cid\u00e9 de labelliser la villa Centre d\u2019art d\u2019int\u00e9r\u00eat national et de renforcer le soutien financier du minist\u00e8re. Ce nouveau label, cr\u00e9\u00e9 au sein de la loi relative \u00e0 [&hellip;]<\/p>\n","protected":false},"author":17,"featured_media":95504,"comment_status":"closed","ping_status":"closed","sticky":false,"template":"","format":"standard","meta":{"_et_pb_use_builder":"","_et_pb_old_content":"","_et_gb_content_width":"","footnotes":""},"categories":[10530,6340,10789],"tags":[6376],"class_list":["post-95498","post","type-post","status-publish","format-standard","has-post-thumbnail","hentry","category-actualites","category-architecture-conception","category-publications-atrium","tag-monument-historique"],"yoast_head":"<!-- This site is optimized with the Yoast SEO plugin v27.4 - https:\/\/yoast.com\/product\/yoast-seo-wordpress\/ -->\n<title>La Villa Noailles, \u00e0 Hy\u00e8res, labellis\u00e9e Centre d\u2019art d\u2019int\u00e9r\u00eat national<\/title>\n<meta name=\"robots\" content=\"index, follow, max-snippet:-1, max-image-preview:large, max-video-preview:-1\" \/>\n<link rel=\"canonical\" href=\"https:\/\/batijournal.com\/index.php\/villa-noailles-a-hyeres-labellisee-centre-dart-dinteret-national\/95498\/\" \/>\n<meta property=\"og:locale\" content=\"fr_FR\" \/>\n<meta property=\"og:type\" content=\"article\" \/>\n<meta property=\"og:title\" content=\"La Villa Noailles, \u00e0 Hy\u00e8res, labellis\u00e9e Centre d\u2019art d\u2019int\u00e9r\u00eat national\" \/>\n<meta property=\"og:description\" content=\"Lors de la r\u00e9cente visite d&rsquo;Audrey Azoulay et de Fran\u00e7ois Hollande \u00e0 la Villa Noailles (\u00e0 Hy\u00e8res), la ministre de la Culture et de la Communication a d\u00e9cid\u00e9 de labelliser la villa Centre d\u2019art d\u2019int\u00e9r\u00eat national et de renforcer le soutien financier du minist\u00e8re. Ce nouveau label, cr\u00e9\u00e9 au sein de la loi relative \u00e0 [&hellip;]\" \/>\n<meta property=\"og:url\" content=\"https:\/\/batijournal.com\/index.php\/villa-noailles-a-hyeres-labellisee-centre-dart-dinteret-national\/95498\/\" \/>\n<meta property=\"og:site_name\" content=\"Batijournal\" \/>\n<meta property=\"article:published_time\" content=\"2017-03-21T16:05:48+00:00\" \/>\n<meta property=\"article:modified_time\" content=\"2019-07-15T09:16:00+00:00\" \/>\n<meta property=\"og:image\" content=\"https:\/\/batijournal.com\/wp-content\/uploads\/2017\/03\/villa-noailles-hyeres.jpg\" \/>\n\t<meta property=\"og:image:width\" content=\"1200\" \/>\n\t<meta property=\"og:image:height\" content=\"801\" \/>\n\t<meta property=\"og:image:type\" content=\"image\/jpeg\" \/>\n<meta name=\"author\" content=\"St\u00e9phane Miget\" \/>\n<meta name=\"twitter:card\" content=\"summary_large_image\" \/>\n<meta name=\"twitter:creator\" content=\"@bati_journal\" \/>\n<meta name=\"twitter:site\" content=\"@bati_journal\" \/>\n<meta name=\"twitter:label1\" content=\"\u00c9crit par\" \/>\n\t<meta name=\"twitter:data1\" content=\"St\u00e9phane Miget\" \/>\n\t<meta name=\"twitter:label2\" content=\"Dur\u00e9e de lecture estim\u00e9e\" \/>\n\t<meta name=\"twitter:data2\" content=\"1 minute\" \/>\n<script type=\"application\/ld+json\" class=\"yoast-schema-graph\">{\"@context\":\"https:\\\/\\\/schema.org\",\"@graph\":[{\"@type\":\"Article\",\"@id\":\"https:\\\/\\\/batijournal.com\\\/index.php\\\/villa-noailles-a-hyeres-labellisee-centre-dart-dinteret-national\\\/95498\\\/#article\",\"isPartOf\":{\"@id\":\"https:\\\/\\\/batijournal.com\\\/index.php\\\/villa-noailles-a-hyeres-labellisee-centre-dart-dinteret-national\\\/95498\\\/\"},\"author\":{\"name\":\"St\u00e9phane Miget\",\"@id\":\"https:\\\/\\\/batijournal.com\\\/#\\\/schema\\\/person\\\/1dc96ec6957aa1ccb25ebe78bb19f100\"},\"headline\":\"La Villa Noailles, \u00e0 Hy\u00e8res, labellis\u00e9e Centre d\u2019art d\u2019int\u00e9r\u00eat national\",\"datePublished\":\"2017-03-21T16:05:48+00:00\",\"dateModified\":\"2019-07-15T09:16:00+00:00\",\"mainEntityOfPage\":{\"@id\":\"https:\\\/\\\/batijournal.com\\\/index.php\\\/villa-noailles-a-hyeres-labellisee-centre-dart-dinteret-national\\\/95498\\\/\"},\"wordCount\":237,\"image\":{\"@id\":\"https:\\\/\\\/batijournal.com\\\/index.php\\\/villa-noailles-a-hyeres-labellisee-centre-dart-dinteret-national\\\/95498\\\/#primaryimage\"},\"thumbnailUrl\":\"https:\\\/\\\/batijournal.com\\\/wp-content\\\/uploads\\\/2017\\\/03\\\/villa-noailles-hyeres.jpg\",\"keywords\":[\"monument historique\"],\"articleSection\":[\"Actualit\u00e9s\",\"Architecture &amp; Conception\",\"zz_Actualit\u00e9s - Atrium\"],\"inLanguage\":\"fr-FR\"},{\"@type\":\"WebPage\",\"@id\":\"https:\\\/\\\/batijournal.com\\\/index.php\\\/villa-noailles-a-hyeres-labellisee-centre-dart-dinteret-national\\\/95498\\\/\",\"url\":\"https:\\\/\\\/batijournal.com\\\/index.php\\\/villa-noailles-a-hyeres-labellisee-centre-dart-dinteret-national\\\/95498\\\/\",\"name\":\"La Villa Noailles, \u00e0 Hy\u00e8res, labellis\u00e9e Centre d\u2019art d\u2019int\u00e9r\u00eat national\",\"isPartOf\":{\"@id\":\"https:\\\/\\\/batijournal.com\\\/#website\"},\"primaryImageOfPage\":{\"@id\":\"https:\\\/\\\/batijournal.com\\\/index.php\\\/villa-noailles-a-hyeres-labellisee-centre-dart-dinteret-national\\\/95498\\\/#primaryimage\"},\"image\":{\"@id\":\"https:\\\/\\\/batijournal.com\\\/index.php\\\/villa-noailles-a-hyeres-labellisee-centre-dart-dinteret-national\\\/95498\\\/#primaryimage\"},\"thumbnailUrl\":\"https:\\\/\\\/batijournal.com\\\/wp-content\\\/uploads\\\/2017\\\/03\\\/villa-noailles-hyeres.jpg\",\"datePublished\":\"2017-03-21T16:05:48+00:00\",\"dateModified\":\"2019-07-15T09:16:00+00:00\",\"author\":{\"@id\":\"https:\\\/\\\/batijournal.com\\\/#\\\/schema\\\/person\\\/1dc96ec6957aa1ccb25ebe78bb19f100\"},\"breadcrumb\":{\"@id\":\"https:\\\/\\\/batijournal.com\\\/index.php\\\/villa-noailles-a-hyeres-labellisee-centre-dart-dinteret-national\\\/95498\\\/#breadcrumb\"},\"inLanguage\":\"fr-FR\",\"potentialAction\":[{\"@type\":\"ReadAction\",\"target\":[\"https:\\\/\\\/batijournal.com\\\/index.php\\\/villa-noailles-a-hyeres-labellisee-centre-dart-dinteret-national\\\/95498\\\/\"]}]},{\"@type\":\"ImageObject\",\"inLanguage\":\"fr-FR\",\"@id\":\"https:\\\/\\\/batijournal.com\\\/index.php\\\/villa-noailles-a-hyeres-labellisee-centre-dart-dinteret-national\\\/95498\\\/#primaryimage\",\"url\":\"https:\\\/\\\/batijournal.com\\\/wp-content\\\/uploads\\\/2017\\\/03\\\/villa-noailles-hyeres.jpg\",\"contentUrl\":\"https:\\\/\\\/batijournal.com\\\/wp-content\\\/uploads\\\/2017\\\/03\\\/villa-noailles-hyeres.jpg\",\"width\":1200,\"height\":801},{\"@type\":\"BreadcrumbList\",\"@id\":\"https:\\\/\\\/batijournal.com\\\/index.php\\\/villa-noailles-a-hyeres-labellisee-centre-dart-dinteret-national\\\/95498\\\/#breadcrumb\",\"itemListElement\":[{\"@type\":\"ListItem\",\"position\":1,\"name\":\"Accueil\",\"item\":\"https:\\\/\\\/batijournal.com\\\/\"},{\"@type\":\"ListItem\",\"position\":2,\"name\":\"Actualit\u00e9s\",\"item\":\"https:\\\/\\\/batijournal.com\\\/index.php\\\/category\\\/actualites\\\/\"},{\"@type\":\"ListItem\",\"position\":3,\"name\":\"La Villa Noailles, \u00e0 Hy\u00e8res, labellis\u00e9e Centre d\u2019art d\u2019int\u00e9r\u00eat national\"}]},{\"@type\":\"WebSite\",\"@id\":\"https:\\\/\\\/batijournal.com\\\/#website\",\"url\":\"https:\\\/\\\/batijournal.com\\\/\",\"name\":\"Batijournal\",\"description\":\"L&#039;actualit\u00e9 du b\u00e2timent\",\"potentialAction\":[{\"@type\":\"SearchAction\",\"target\":{\"@type\":\"EntryPoint\",\"urlTemplate\":\"https:\\\/\\\/batijournal.com\\\/?s={search_term_string}\"},\"query-input\":{\"@type\":\"PropertyValueSpecification\",\"valueRequired\":true,\"valueName\":\"search_term_string\"}}],\"inLanguage\":\"fr-FR\"},{\"@type\":\"Person\",\"@id\":\"https:\\\/\\\/batijournal.com\\\/#\\\/schema\\\/person\\\/1dc96ec6957aa1ccb25ebe78bb19f100\",\"name\":\"St\u00e9phane Miget\",\"image\":{\"@type\":\"ImageObject\",\"inLanguage\":\"fr-FR\",\"@id\":\"https:\\\/\\\/secure.gravatar.com\\\/avatar\\\/89915563d925342126b8ef0281b93d9d7fc337043e8df017f780908eb9644451?s=96&d=mm&r=g\",\"url\":\"https:\\\/\\\/secure.gravatar.com\\\/avatar\\\/89915563d925342126b8ef0281b93d9d7fc337043e8df017f780908eb9644451?s=96&d=mm&r=g\",\"contentUrl\":\"https:\\\/\\\/secure.gravatar.com\\\/avatar\\\/89915563d925342126b8ef0281b93d9d7fc337043e8df017f780908eb9644451?s=96&d=mm&r=g\",\"caption\":\"St\u00e9phane Miget\"},\"url\":\"https:\\\/\\\/batijournal.com\\\/index.php\\\/author\\\/stephane\\\/\"}]}<\/script>\n<!-- \/ Yoast SEO plugin. -->","yoast_head_json":{"title":"La Villa Noailles, \u00e0 Hy\u00e8res, labellis\u00e9e Centre d\u2019art d\u2019int\u00e9r\u00eat national","robots":{"index":"index","follow":"follow","max-snippet":"max-snippet:-1","max-image-preview":"max-image-preview:large","max-video-preview":"max-video-preview:-1"},"canonical":"https:\/\/batijournal.com\/index.php\/villa-noailles-a-hyeres-labellisee-centre-dart-dinteret-national\/95498\/","og_locale":"fr_FR","og_type":"article","og_title":"La Villa Noailles, \u00e0 Hy\u00e8res, labellis\u00e9e Centre d\u2019art d\u2019int\u00e9r\u00eat national","og_description":"Lors de la r\u00e9cente visite d&rsquo;Audrey Azoulay et de Fran\u00e7ois Hollande \u00e0 la Villa Noailles (\u00e0 Hy\u00e8res), la ministre de la Culture et de la Communication a d\u00e9cid\u00e9 de labelliser la villa Centre d\u2019art d\u2019int\u00e9r\u00eat national et de renforcer le soutien financier du minist\u00e8re. Ce nouveau label, cr\u00e9\u00e9 au sein de la loi relative \u00e0 [&hellip;]","og_url":"https:\/\/batijournal.com\/index.php\/villa-noailles-a-hyeres-labellisee-centre-dart-dinteret-national\/95498\/","og_site_name":"Batijournal","article_published_time":"2017-03-21T16:05:48+00:00","article_modified_time":"2019-07-15T09:16:00+00:00","og_image":[{"width":1200,"height":801,"url":"https:\/\/batijournal.com\/wp-content\/uploads\/2017\/03\/villa-noailles-hyeres.jpg","type":"image\/jpeg"}],"author":"St\u00e9phane Miget","twitter_card":"summary_large_image","twitter_creator":"@bati_journal","twitter_site":"@bati_journal","twitter_misc":{"\u00c9crit par":"St\u00e9phane Miget","Dur\u00e9e de lecture estim\u00e9e":"1 minute"},"schema":{"@context":"https:\/\/schema.org","@graph":[{"@type":"Article","@id":"https:\/\/batijournal.com\/index.php\/villa-noailles-a-hyeres-labellisee-centre-dart-dinteret-national\/95498\/#article","isPartOf":{"@id":"https:\/\/batijournal.com\/index.php\/villa-noailles-a-hyeres-labellisee-centre-dart-dinteret-national\/95498\/"},"author":{"name":"St\u00e9phane Miget","@id":"https:\/\/batijournal.com\/#\/schema\/person\/1dc96ec6957aa1ccb25ebe78bb19f100"},"headline":"La Villa Noailles, \u00e0 Hy\u00e8res, labellis\u00e9e Centre d\u2019art d\u2019int\u00e9r\u00eat national","datePublished":"2017-03-21T16:05:48+00:00","dateModified":"2019-07-15T09:16:00+00:00","mainEntityOfPage":{"@id":"https:\/\/batijournal.com\/index.php\/villa-noailles-a-hyeres-labellisee-centre-dart-dinteret-national\/95498\/"},"wordCount":237,"image":{"@id":"https:\/\/batijournal.com\/index.php\/villa-noailles-a-hyeres-labellisee-centre-dart-dinteret-national\/95498\/#primaryimage"},"thumbnailUrl":"https:\/\/batijournal.com\/wp-content\/uploads\/2017\/03\/villa-noailles-hyeres.jpg","keywords":["monument historique"],"articleSection":["Actualit\u00e9s","Architecture &amp; Conception","zz_Actualit\u00e9s - Atrium"],"inLanguage":"fr-FR"},{"@type":"WebPage","@id":"https:\/\/batijournal.com\/index.php\/villa-noailles-a-hyeres-labellisee-centre-dart-dinteret-national\/95498\/","url":"https:\/\/batijournal.com\/index.php\/villa-noailles-a-hyeres-labellisee-centre-dart-dinteret-national\/95498\/","name":"La Villa Noailles, \u00e0 Hy\u00e8res, labellis\u00e9e Centre d\u2019art d\u2019int\u00e9r\u00eat national","isPartOf":{"@id":"https:\/\/batijournal.com\/#website"},"primaryImageOfPage":{"@id":"https:\/\/batijournal.com\/index.php\/villa-noailles-a-hyeres-labellisee-centre-dart-dinteret-national\/95498\/#primaryimage"},"image":{"@id":"https:\/\/batijournal.com\/index.php\/villa-noailles-a-hyeres-labellisee-centre-dart-dinteret-national\/95498\/#primaryimage"},"thumbnailUrl":"https:\/\/batijournal.com\/wp-content\/uploads\/2017\/03\/villa-noailles-hyeres.jpg","datePublished":"2017-03-21T16:05:48+00:00","dateModified":"2019-07-15T09:16:00+00:00","author":{"@id":"https:\/\/batijournal.com\/#\/schema\/person\/1dc96ec6957aa1ccb25ebe78bb19f100"},"breadcrumb":{"@id":"https:\/\/batijournal.com\/index.php\/villa-noailles-a-hyeres-labellisee-centre-dart-dinteret-national\/95498\/#breadcrumb"},"inLanguage":"fr-FR","potentialAction":[{"@type":"ReadAction","target":["https:\/\/batijournal.com\/index.php\/villa-noailles-a-hyeres-labellisee-centre-dart-dinteret-national\/95498\/"]}]},{"@type":"ImageObject","inLanguage":"fr-FR","@id":"https:\/\/batijournal.com\/index.php\/villa-noailles-a-hyeres-labellisee-centre-dart-dinteret-national\/95498\/#primaryimage","url":"https:\/\/batijournal.com\/wp-content\/uploads\/2017\/03\/villa-noailles-hyeres.jpg","contentUrl":"https:\/\/batijournal.com\/wp-content\/uploads\/2017\/03\/villa-noailles-hyeres.jpg","width":1200,"height":801},{"@type":"BreadcrumbList","@id":"https:\/\/batijournal.com\/index.php\/villa-noailles-a-hyeres-labellisee-centre-dart-dinteret-national\/95498\/#breadcrumb","itemListElement":[{"@type":"ListItem","position":1,"name":"Accueil","item":"https:\/\/batijournal.com\/"},{"@type":"ListItem","position":2,"name":"Actualit\u00e9s","item":"https:\/\/batijournal.com\/index.php\/category\/actualites\/"},{"@type":"ListItem","position":3,"name":"La Villa Noailles, \u00e0 Hy\u00e8res, labellis\u00e9e Centre d\u2019art d\u2019int\u00e9r\u00eat national"}]},{"@type":"WebSite","@id":"https:\/\/batijournal.com\/#website","url":"https:\/\/batijournal.com\/","name":"Batijournal","description":"L&#039;actualit\u00e9 du b\u00e2timent","potentialAction":[{"@type":"SearchAction","target":{"@type":"EntryPoint","urlTemplate":"https:\/\/batijournal.com\/?s={search_term_string}"},"query-input":{"@type":"PropertyValueSpecification","valueRequired":true,"valueName":"search_term_string"}}],"inLanguage":"fr-FR"},{"@type":"Person","@id":"https:\/\/batijournal.com\/#\/schema\/person\/1dc96ec6957aa1ccb25ebe78bb19f100","name":"St\u00e9phane Miget","image":{"@type":"ImageObject","inLanguage":"fr-FR","@id":"https:\/\/secure.gravatar.com\/avatar\/89915563d925342126b8ef0281b93d9d7fc337043e8df017f780908eb9644451?s=96&d=mm&r=g","url":"https:\/\/secure.gravatar.com\/avatar\/89915563d925342126b8ef0281b93d9d7fc337043e8df017f780908eb9644451?s=96&d=mm&r=g","contentUrl":"https:\/\/secure.gravatar.com\/avatar\/89915563d925342126b8ef0281b93d9d7fc337043e8df017f780908eb9644451?s=96&d=mm&r=g","caption":"St\u00e9phane Miget"},"url":"https:\/\/batijournal.com\/index.php\/author\/stephane\/"}]}},"_links":{"self":[{"href":"https:\/\/batijournal.com\/index.php\/wp-json\/wp\/v2\/posts\/95498","targetHints":{"allow":["GET"]}}],"collection":[{"href":"https:\/\/batijournal.com\/index.php\/wp-json\/wp\/v2\/posts"}],"about":[{"href":"https:\/\/batijournal.com\/index.php\/wp-json\/wp\/v2\/types\/post"}],"author":[{"embeddable":true,"href":"https:\/\/batijournal.com\/index.php\/wp-json\/wp\/v2\/users\/17"}],"replies":[{"embeddable":true,"href":"https:\/\/batijournal.com\/index.php\/wp-json\/wp\/v2\/comments?post=95498"}],"version-history":[{"count":0,"href":"https:\/\/batijournal.com\/index.php\/wp-json\/wp\/v2\/posts\/95498\/revisions"}],"wp:featuredmedia":[{"embeddable":true,"href":"https:\/\/batijournal.com\/index.php\/wp-json\/wp\/v2\/media\/95504"}],"wp:attachment":[{"href":"https:\/\/batijournal.com\/index.php\/wp-json\/wp\/v2\/media?parent=95498"}],"wp:term":[{"taxonomy":"category","embeddable":true,"href":"https:\/\/batijournal.com\/index.php\/wp-json\/wp\/v2\/categories?post=95498"},{"taxonomy":"post_tag","embeddable":true,"href":"https:\/\/batijournal.com\/index.php\/wp-json\/wp\/v2\/tags?post=95498"}],"curies":[{"name":"wp","href":"https:\/\/api.w.org\/{rel}","templated":true}]}}