{"id":95507,"date":"2017-03-21T18:12:45","date_gmt":"2017-03-21T17:12:45","guid":{"rendered":"http:\/\/batijournal.com\/?p=95507"},"modified":"2019-07-15T12:20:02","modified_gmt":"2019-07-15T10:20:02","slug":"renovation-energetique-tiers-financement-se-developpe-doucement","status":"publish","type":"post","link":"https:\/\/batijournal.com\/index.php\/renovation-energetique-tiers-financement-se-developpe-doucement\/95507\/","title":{"rendered":"R\u00e9novation \u00e9nerg\u00e9tique : le tiers-financement se d\u00e9veloppe&#8230; doucement"},"content":{"rendered":"<p><strong>Emmanuelle Cosse, ministre du Logement et de l\u2019Habitat durable, vient de recevoir le rapport sur les \u00ab\u00a0Financements de la r\u00e9novation \u00e9nerg\u00e9tique des logements priv\u00e9s et le d\u00e9ploiement du tiers-financement\u00a0\u00bb par Philippe Pelletier, pr\u00e9sident du Plan B\u00e2timent Durable.<\/strong><\/p>\n<p>Le document r\u00e9v\u00e8le que les soci\u00e9t\u00e9s de tiers-financement sont encore, d\u00e9but 2017, dans une phase d\u2019amor\u00e7age et de d\u00e9but d\u2019activit\u00e9. En effet, le dispositif du tiers-financement n\u2019est pas encore tr\u00e8s connu y compris des acteurs publics. Les questions relatives aux risques syst\u00e9miques qu&rsquo;il ferait porter sur le syst\u00e8me bancaire fran\u00e7ais semblent entraver son d\u00e9veloppement. Il bute \u00e9galement sur une difficult\u00e9 pratique tenant \u00e0 l\u2019obligation, en cas de souscription d\u2019un emprunt collectif par un syndicat de copropri\u00e9taires, d\u2019obtenir au b\u00e9n\u00e9fice du syndicat une garantie en totalit\u00e9, sans franchise et sans d\u00e9lai de carence, sous la forme d\u2019un cautionnement solidaire apr\u00e8s constat de la d\u00e9faillance d&rsquo;un copropri\u00e9taire. Les soci\u00e9t\u00e9s de tiers-financement font \u00e9tat de la difficult\u00e9 de trouver une structure de cautionnement pour fournir cette garantie. Le rapport souligne qu&rsquo;il faudrait parvenir \u00e0 lever cette difficult\u00e9 en sollicitant le concours actif des groupes bancaires impliqu\u00e9s dans le financement des copropri\u00e9t\u00e9s.<\/p>\n<p><strong>Les r\u00e9gions en fer de lance<\/strong><\/p>\n<p>Les initiatives r\u00e9gionales devraient conduire, cette ann\u00e9e, \u00e0 la cr\u00e9ation ou au d\u00e9veloppement de 5 soci\u00e9t\u00e9s de tiers-financement dans les r\u00e9gions Hauts-de-France (SPEE et ORREL), Ile-de-France (ENERGIES POSIT\u2019IF), Nouvelle Aquitaine (ARTEE) et Grand Est (OKTAVE). Par ailleurs, les r\u00e9flexions engag\u00e9es sur un projet de cr\u00e9ation d\u2019un op\u00e9rateur r\u00e9gional d\u2019efficacit\u00e9 \u00e9nerg\u00e9tique dans les r\u00e9gions Auvergne-Rh\u00f4ne-Alpes, Occitanie et Centre-Val de Loire devraient aboutir. Ces projets d\u2019ampleur r\u00e9gionale pourraient par ailleurs \u00eatre renforc\u00e9s par des initiatives au plan des m\u00e9tropoles ou des communaut\u00e9s d\u2019agglom\u00e9ration. Un partage d\u2019exp\u00e9rience, voire la mutualisation de moyens entre r\u00e9gions, devrait \u00eatre encourag\u00e9s afin de rendre plus efficaces et plus optimis\u00e9s les moyens affect\u00e9s aux processus prudentiels dans chacune des soci\u00e9t\u00e9s de tiers-financement.<br \/>\nVisuel : Cartographie du d\u00e9ploiement du tiers-financement &#8211; Etat au 15 mars 2017<\/p>\n","protected":false},"excerpt":{"rendered":"<p>Emmanuelle Cosse, ministre du Logement et de l\u2019Habitat durable, vient de recevoir le rapport sur les \u00ab\u00a0Financements de la r\u00e9novation \u00e9nerg\u00e9tique des logements priv\u00e9s et le d\u00e9ploiement du tiers-financement\u00a0\u00bb par Philippe Pelletier, pr\u00e9sident du Plan B\u00e2timent Durable. Le document r\u00e9v\u00e8le que les soci\u00e9t\u00e9s de tiers-financement sont encore, d\u00e9but 2017, dans une phase d\u2019amor\u00e7age et de [&hellip;]<\/p>\n","protected":false},"author":17,"featured_media":95508,"comment_status":"closed","ping_status":"closed","sticky":false,"template":"","format":"standard","meta":{"_et_pb_use_builder":"","_et_pb_old_content":"","_et_gb_content_width":"","footnotes":""},"categories":[10736,10530,6345,6351],"tags":[1683,10616],"class_list":["post-95507","post","type-post","status-publish","format-standard","has-post-thumbnail","hentry","category-a-la-une","category-actualites","category-economie-marches","category-energie-environnement","tag-renovation-energetique","tag-tiers-financement"],"yoast_head":"<!-- This site is optimized with the Yoast SEO plugin v27.4 - https:\/\/yoast.com\/product\/yoast-seo-wordpress\/ -->\n<title>R\u00e9novation \u00e9nerg\u00e9tique : le tiers-financement se d\u00e9veloppe... doucement<\/title>\n<meta name=\"robots\" content=\"index, follow, max-snippet:-1, max-image-preview:large, max-video-preview:-1\" \/>\n<link rel=\"canonical\" href=\"https:\/\/batijournal.com\/index.php\/renovation-energetique-tiers-financement-se-developpe-doucement\/95507\/\" \/>\n<meta property=\"og:locale\" content=\"fr_FR\" \/>\n<meta property=\"og:type\" content=\"article\" \/>\n<meta property=\"og:title\" content=\"R\u00e9novation \u00e9nerg\u00e9tique : le tiers-financement se d\u00e9veloppe... doucement\" \/>\n<meta property=\"og:description\" content=\"Emmanuelle Cosse, ministre du Logement et de l\u2019Habitat durable, vient de recevoir le rapport sur les \u00ab\u00a0Financements de la r\u00e9novation \u00e9nerg\u00e9tique des logements priv\u00e9s et le d\u00e9ploiement du tiers-financement\u00a0\u00bb par Philippe Pelletier, pr\u00e9sident du Plan B\u00e2timent Durable. Le document r\u00e9v\u00e8le que les soci\u00e9t\u00e9s de tiers-financement sont encore, d\u00e9but 2017, dans une phase d\u2019amor\u00e7age et de [&hellip;]\" \/>\n<meta property=\"og:url\" content=\"https:\/\/batijournal.com\/index.php\/renovation-energetique-tiers-financement-se-developpe-doucement\/95507\/\" \/>\n<meta property=\"og:site_name\" content=\"Batijournal\" \/>\n<meta property=\"article:published_time\" content=\"2017-03-21T17:12:45+00:00\" \/>\n<meta property=\"article:modified_time\" content=\"2019-07-15T10:20:02+00:00\" \/>\n<meta property=\"og:image\" content=\"https:\/\/batijournal.com\/wp-content\/uploads\/2017\/03\/Cartographie-du-deploiement-du-tiers-financement.png\" \/>\n\t<meta property=\"og:image:width\" content=\"950\" \/>\n\t<meta property=\"og:image:height\" content=\"618\" \/>\n\t<meta property=\"og:image:type\" content=\"image\/png\" \/>\n<meta name=\"author\" content=\"St\u00e9phane Miget\" \/>\n<meta name=\"twitter:card\" content=\"summary_large_image\" \/>\n<meta name=\"twitter:creator\" content=\"@bati_journal\" \/>\n<meta name=\"twitter:site\" content=\"@bati_journal\" \/>\n<meta name=\"twitter:label1\" content=\"\u00c9crit par\" \/>\n\t<meta name=\"twitter:data1\" content=\"St\u00e9phane Miget\" \/>\n\t<meta name=\"twitter:label2\" content=\"Dur\u00e9e de lecture estim\u00e9e\" \/>\n\t<meta name=\"twitter:data2\" content=\"2 minutes\" \/>\n<script type=\"application\/ld+json\" class=\"yoast-schema-graph\">{\"@context\":\"https:\\\/\\\/schema.org\",\"@graph\":[{\"@type\":\"Article\",\"@id\":\"https:\\\/\\\/batijournal.com\\\/index.php\\\/renovation-energetique-tiers-financement-se-developpe-doucement\\\/95507\\\/#article\",\"isPartOf\":{\"@id\":\"https:\\\/\\\/batijournal.com\\\/index.php\\\/renovation-energetique-tiers-financement-se-developpe-doucement\\\/95507\\\/\"},\"author\":{\"name\":\"St\u00e9phane Miget\",\"@id\":\"https:\\\/\\\/batijournal.com\\\/#\\\/schema\\\/person\\\/1dc96ec6957aa1ccb25ebe78bb19f100\"},\"headline\":\"R\u00e9novation \u00e9nerg\u00e9tique : le tiers-financement se d\u00e9veloppe&#8230; doucement\",\"datePublished\":\"2017-03-21T17:12:45+00:00\",\"dateModified\":\"2019-07-15T10:20:02+00:00\",\"mainEntityOfPage\":{\"@id\":\"https:\\\/\\\/batijournal.com\\\/index.php\\\/renovation-energetique-tiers-financement-se-developpe-doucement\\\/95507\\\/\"},\"wordCount\":396,\"image\":{\"@id\":\"https:\\\/\\\/batijournal.com\\\/index.php\\\/renovation-energetique-tiers-financement-se-developpe-doucement\\\/95507\\\/#primaryimage\"},\"thumbnailUrl\":\"https:\\\/\\\/batijournal.com\\\/wp-content\\\/uploads\\\/2017\\\/03\\\/Cartographie-du-deploiement-du-tiers-financement.png\",\"keywords\":[\"renovation energetique\",\"tiers financement\"],\"articleSection\":[\"A la Une\",\"Actualit\u00e9s\",\"\u00c9conomie &amp; March\u00e9s\",\"\u00c9nergie &amp; Environnement\"],\"inLanguage\":\"fr-FR\"},{\"@type\":\"WebPage\",\"@id\":\"https:\\\/\\\/batijournal.com\\\/index.php\\\/renovation-energetique-tiers-financement-se-developpe-doucement\\\/95507\\\/\",\"url\":\"https:\\\/\\\/batijournal.com\\\/index.php\\\/renovation-energetique-tiers-financement-se-developpe-doucement\\\/95507\\\/\",\"name\":\"R\u00e9novation \u00e9nerg\u00e9tique : le tiers-financement se d\u00e9veloppe... doucement\",\"isPartOf\":{\"@id\":\"https:\\\/\\\/batijournal.com\\\/#website\"},\"primaryImageOfPage\":{\"@id\":\"https:\\\/\\\/batijournal.com\\\/index.php\\\/renovation-energetique-tiers-financement-se-developpe-doucement\\\/95507\\\/#primaryimage\"},\"image\":{\"@id\":\"https:\\\/\\\/batijournal.com\\\/index.php\\\/renovation-energetique-tiers-financement-se-developpe-doucement\\\/95507\\\/#primaryimage\"},\"thumbnailUrl\":\"https:\\\/\\\/batijournal.com\\\/wp-content\\\/uploads\\\/2017\\\/03\\\/Cartographie-du-deploiement-du-tiers-financement.png\",\"datePublished\":\"2017-03-21T17:12:45+00:00\",\"dateModified\":\"2019-07-15T10:20:02+00:00\",\"author\":{\"@id\":\"https:\\\/\\\/batijournal.com\\\/#\\\/schema\\\/person\\\/1dc96ec6957aa1ccb25ebe78bb19f100\"},\"breadcrumb\":{\"@id\":\"https:\\\/\\\/batijournal.com\\\/index.php\\\/renovation-energetique-tiers-financement-se-developpe-doucement\\\/95507\\\/#breadcrumb\"},\"inLanguage\":\"fr-FR\",\"potentialAction\":[{\"@type\":\"ReadAction\",\"target\":[\"https:\\\/\\\/batijournal.com\\\/index.php\\\/renovation-energetique-tiers-financement-se-developpe-doucement\\\/95507\\\/\"]}]},{\"@type\":\"ImageObject\",\"inLanguage\":\"fr-FR\",\"@id\":\"https:\\\/\\\/batijournal.com\\\/index.php\\\/renovation-energetique-tiers-financement-se-developpe-doucement\\\/95507\\\/#primaryimage\",\"url\":\"https:\\\/\\\/batijournal.com\\\/wp-content\\\/uploads\\\/2017\\\/03\\\/Cartographie-du-deploiement-du-tiers-financement.png\",\"contentUrl\":\"https:\\\/\\\/batijournal.com\\\/wp-content\\\/uploads\\\/2017\\\/03\\\/Cartographie-du-deploiement-du-tiers-financement.png\",\"width\":950,\"height\":618},{\"@type\":\"BreadcrumbList\",\"@id\":\"https:\\\/\\\/batijournal.com\\\/index.php\\\/renovation-energetique-tiers-financement-se-developpe-doucement\\\/95507\\\/#breadcrumb\",\"itemListElement\":[{\"@type\":\"ListItem\",\"position\":1,\"name\":\"Accueil\",\"item\":\"https:\\\/\\\/batijournal.com\\\/\"},{\"@type\":\"ListItem\",\"position\":2,\"name\":\"Actualit\u00e9s\",\"item\":\"https:\\\/\\\/batijournal.com\\\/index.php\\\/category\\\/actualites\\\/\"},{\"@type\":\"ListItem\",\"position\":3,\"name\":\"R\u00e9novation \u00e9nerg\u00e9tique : le tiers-financement se d\u00e9veloppe&#8230; doucement\"}]},{\"@type\":\"WebSite\",\"@id\":\"https:\\\/\\\/batijournal.com\\\/#website\",\"url\":\"https:\\\/\\\/batijournal.com\\\/\",\"name\":\"Batijournal\",\"description\":\"L&#039;actualit\u00e9 du b\u00e2timent\",\"potentialAction\":[{\"@type\":\"SearchAction\",\"target\":{\"@type\":\"EntryPoint\",\"urlTemplate\":\"https:\\\/\\\/batijournal.com\\\/?s={search_term_string}\"},\"query-input\":{\"@type\":\"PropertyValueSpecification\",\"valueRequired\":true,\"valueName\":\"search_term_string\"}}],\"inLanguage\":\"fr-FR\"},{\"@type\":\"Person\",\"@id\":\"https:\\\/\\\/batijournal.com\\\/#\\\/schema\\\/person\\\/1dc96ec6957aa1ccb25ebe78bb19f100\",\"name\":\"St\u00e9phane Miget\",\"image\":{\"@type\":\"ImageObject\",\"inLanguage\":\"fr-FR\",\"@id\":\"https:\\\/\\\/secure.gravatar.com\\\/avatar\\\/89915563d925342126b8ef0281b93d9d7fc337043e8df017f780908eb9644451?s=96&d=mm&r=g\",\"url\":\"https:\\\/\\\/secure.gravatar.com\\\/avatar\\\/89915563d925342126b8ef0281b93d9d7fc337043e8df017f780908eb9644451?s=96&d=mm&r=g\",\"contentUrl\":\"https:\\\/\\\/secure.gravatar.com\\\/avatar\\\/89915563d925342126b8ef0281b93d9d7fc337043e8df017f780908eb9644451?s=96&d=mm&r=g\",\"caption\":\"St\u00e9phane Miget\"},\"url\":\"https:\\\/\\\/batijournal.com\\\/index.php\\\/author\\\/stephane\\\/\"}]}<\/script>\n<!-- \/ Yoast SEO plugin. -->","yoast_head_json":{"title":"R\u00e9novation \u00e9nerg\u00e9tique : le tiers-financement se d\u00e9veloppe... doucement","robots":{"index":"index","follow":"follow","max-snippet":"max-snippet:-1","max-image-preview":"max-image-preview:large","max-video-preview":"max-video-preview:-1"},"canonical":"https:\/\/batijournal.com\/index.php\/renovation-energetique-tiers-financement-se-developpe-doucement\/95507\/","og_locale":"fr_FR","og_type":"article","og_title":"R\u00e9novation \u00e9nerg\u00e9tique : le tiers-financement se d\u00e9veloppe... doucement","og_description":"Emmanuelle Cosse, ministre du Logement et de l\u2019Habitat durable, vient de recevoir le rapport sur les \u00ab\u00a0Financements de la r\u00e9novation \u00e9nerg\u00e9tique des logements priv\u00e9s et le d\u00e9ploiement du tiers-financement\u00a0\u00bb par Philippe Pelletier, pr\u00e9sident du Plan B\u00e2timent Durable. Le document r\u00e9v\u00e8le que les soci\u00e9t\u00e9s de tiers-financement sont encore, d\u00e9but 2017, dans une phase d\u2019amor\u00e7age et de [&hellip;]","og_url":"https:\/\/batijournal.com\/index.php\/renovation-energetique-tiers-financement-se-developpe-doucement\/95507\/","og_site_name":"Batijournal","article_published_time":"2017-03-21T17:12:45+00:00","article_modified_time":"2019-07-15T10:20:02+00:00","og_image":[{"width":950,"height":618,"url":"https:\/\/batijournal.com\/wp-content\/uploads\/2017\/03\/Cartographie-du-deploiement-du-tiers-financement.png","type":"image\/png"}],"author":"St\u00e9phane Miget","twitter_card":"summary_large_image","twitter_creator":"@bati_journal","twitter_site":"@bati_journal","twitter_misc":{"\u00c9crit par":"St\u00e9phane Miget","Dur\u00e9e de lecture estim\u00e9e":"2 minutes"},"schema":{"@context":"https:\/\/schema.org","@graph":[{"@type":"Article","@id":"https:\/\/batijournal.com\/index.php\/renovation-energetique-tiers-financement-se-developpe-doucement\/95507\/#article","isPartOf":{"@id":"https:\/\/batijournal.com\/index.php\/renovation-energetique-tiers-financement-se-developpe-doucement\/95507\/"},"author":{"name":"St\u00e9phane Miget","@id":"https:\/\/batijournal.com\/#\/schema\/person\/1dc96ec6957aa1ccb25ebe78bb19f100"},"headline":"R\u00e9novation \u00e9nerg\u00e9tique : le tiers-financement se d\u00e9veloppe&#8230; doucement","datePublished":"2017-03-21T17:12:45+00:00","dateModified":"2019-07-15T10:20:02+00:00","mainEntityOfPage":{"@id":"https:\/\/batijournal.com\/index.php\/renovation-energetique-tiers-financement-se-developpe-doucement\/95507\/"},"wordCount":396,"image":{"@id":"https:\/\/batijournal.com\/index.php\/renovation-energetique-tiers-financement-se-developpe-doucement\/95507\/#primaryimage"},"thumbnailUrl":"https:\/\/batijournal.com\/wp-content\/uploads\/2017\/03\/Cartographie-du-deploiement-du-tiers-financement.png","keywords":["renovation energetique","tiers financement"],"articleSection":["A la Une","Actualit\u00e9s","\u00c9conomie &amp; March\u00e9s","\u00c9nergie &amp; Environnement"],"inLanguage":"fr-FR"},{"@type":"WebPage","@id":"https:\/\/batijournal.com\/index.php\/renovation-energetique-tiers-financement-se-developpe-doucement\/95507\/","url":"https:\/\/batijournal.com\/index.php\/renovation-energetique-tiers-financement-se-developpe-doucement\/95507\/","name":"R\u00e9novation \u00e9nerg\u00e9tique : le tiers-financement se d\u00e9veloppe... doucement","isPartOf":{"@id":"https:\/\/batijournal.com\/#website"},"primaryImageOfPage":{"@id":"https:\/\/batijournal.com\/index.php\/renovation-energetique-tiers-financement-se-developpe-doucement\/95507\/#primaryimage"},"image":{"@id":"https:\/\/batijournal.com\/index.php\/renovation-energetique-tiers-financement-se-developpe-doucement\/95507\/#primaryimage"},"thumbnailUrl":"https:\/\/batijournal.com\/wp-content\/uploads\/2017\/03\/Cartographie-du-deploiement-du-tiers-financement.png","datePublished":"2017-03-21T17:12:45+00:00","dateModified":"2019-07-15T10:20:02+00:00","author":{"@id":"https:\/\/batijournal.com\/#\/schema\/person\/1dc96ec6957aa1ccb25ebe78bb19f100"},"breadcrumb":{"@id":"https:\/\/batijournal.com\/index.php\/renovation-energetique-tiers-financement-se-developpe-doucement\/95507\/#breadcrumb"},"inLanguage":"fr-FR","potentialAction":[{"@type":"ReadAction","target":["https:\/\/batijournal.com\/index.php\/renovation-energetique-tiers-financement-se-developpe-doucement\/95507\/"]}]},{"@type":"ImageObject","inLanguage":"fr-FR","@id":"https:\/\/batijournal.com\/index.php\/renovation-energetique-tiers-financement-se-developpe-doucement\/95507\/#primaryimage","url":"https:\/\/batijournal.com\/wp-content\/uploads\/2017\/03\/Cartographie-du-deploiement-du-tiers-financement.png","contentUrl":"https:\/\/batijournal.com\/wp-content\/uploads\/2017\/03\/Cartographie-du-deploiement-du-tiers-financement.png","width":950,"height":618},{"@type":"BreadcrumbList","@id":"https:\/\/batijournal.com\/index.php\/renovation-energetique-tiers-financement-se-developpe-doucement\/95507\/#breadcrumb","itemListElement":[{"@type":"ListItem","position":1,"name":"Accueil","item":"https:\/\/batijournal.com\/"},{"@type":"ListItem","position":2,"name":"Actualit\u00e9s","item":"https:\/\/batijournal.com\/index.php\/category\/actualites\/"},{"@type":"ListItem","position":3,"name":"R\u00e9novation \u00e9nerg\u00e9tique : le tiers-financement se d\u00e9veloppe&#8230; doucement"}]},{"@type":"WebSite","@id":"https:\/\/batijournal.com\/#website","url":"https:\/\/batijournal.com\/","name":"Batijournal","description":"L&#039;actualit\u00e9 du b\u00e2timent","potentialAction":[{"@type":"SearchAction","target":{"@type":"EntryPoint","urlTemplate":"https:\/\/batijournal.com\/?s={search_term_string}"},"query-input":{"@type":"PropertyValueSpecification","valueRequired":true,"valueName":"search_term_string"}}],"inLanguage":"fr-FR"},{"@type":"Person","@id":"https:\/\/batijournal.com\/#\/schema\/person\/1dc96ec6957aa1ccb25ebe78bb19f100","name":"St\u00e9phane Miget","image":{"@type":"ImageObject","inLanguage":"fr-FR","@id":"https:\/\/secure.gravatar.com\/avatar\/89915563d925342126b8ef0281b93d9d7fc337043e8df017f780908eb9644451?s=96&d=mm&r=g","url":"https:\/\/secure.gravatar.com\/avatar\/89915563d925342126b8ef0281b93d9d7fc337043e8df017f780908eb9644451?s=96&d=mm&r=g","contentUrl":"https:\/\/secure.gravatar.com\/avatar\/89915563d925342126b8ef0281b93d9d7fc337043e8df017f780908eb9644451?s=96&d=mm&r=g","caption":"St\u00e9phane Miget"},"url":"https:\/\/batijournal.com\/index.php\/author\/stephane\/"}]}},"_links":{"self":[{"href":"https:\/\/batijournal.com\/index.php\/wp-json\/wp\/v2\/posts\/95507","targetHints":{"allow":["GET"]}}],"collection":[{"href":"https:\/\/batijournal.com\/index.php\/wp-json\/wp\/v2\/posts"}],"about":[{"href":"https:\/\/batijournal.com\/index.php\/wp-json\/wp\/v2\/types\/post"}],"author":[{"embeddable":true,"href":"https:\/\/batijournal.com\/index.php\/wp-json\/wp\/v2\/users\/17"}],"replies":[{"embeddable":true,"href":"https:\/\/batijournal.com\/index.php\/wp-json\/wp\/v2\/comments?post=95507"}],"version-history":[{"count":0,"href":"https:\/\/batijournal.com\/index.php\/wp-json\/wp\/v2\/posts\/95507\/revisions"}],"wp:featuredmedia":[{"embeddable":true,"href":"https:\/\/batijournal.com\/index.php\/wp-json\/wp\/v2\/media\/95508"}],"wp:attachment":[{"href":"https:\/\/batijournal.com\/index.php\/wp-json\/wp\/v2\/media?parent=95507"}],"wp:term":[{"taxonomy":"category","embeddable":true,"href":"https:\/\/batijournal.com\/index.php\/wp-json\/wp\/v2\/categories?post=95507"},{"taxonomy":"post_tag","embeddable":true,"href":"https:\/\/batijournal.com\/index.php\/wp-json\/wp\/v2\/tags?post=95507"}],"curies":[{"name":"wp","href":"https:\/\/api.w.org\/{rel}","templated":true}]}}