{"id":95509,"date":"2017-03-22T08:31:56","date_gmt":"2017-03-22T07:31:56","guid":{"rendered":"http:\/\/batijournal.com\/?p=95509"},"modified":"2019-07-15T11:15:59","modified_gmt":"2019-07-15T09:15:59","slug":"alliance-protection-patrimoine-zones-conflit","status":"publish","type":"post","link":"https:\/\/batijournal.com\/index.php\/alliance-protection-patrimoine-zones-conflit\/95509\/","title":{"rendered":"Une alliance pour la protection du patrimoine dans les zones en conflit"},"content":{"rendered":"<p>La France continue de mobiliser la communaut\u00e9 internationale en vue de mettre en \u0153uvre les engagements de la d\u00e9claration d\u2019Abou Dabi. Fran\u00e7ois Hollande, le vice-Premier ministre et ministre de l\u2019int\u00e9rieur \u00e9mirien et la directrice g\u00e9n\u00e9rale de l&rsquo;UNESCO se sont r\u00e9unis le lundi 20 mars au Mus\u00e9e du Louvre pour une conf\u00e9rence de donateurs et de soutien \u00e0 l\u2019Alliance internationale pour la protection du patrimoine dans les zones en conflit (ALIPH). L\u2019Alliance a pris la forme d\u2019une fondation, cr\u00e9\u00e9e sur la base d&rsquo;un partenariat public-priv\u00e9. Elle a \u00e9t\u00e9 lanc\u00e9e le 3 mars 2017 \u00e0 Gen\u00e8ve par la France et les Emirats arabes unis. Les participants ont fait part de leurs contributions et de leurs appuis pour lancer des premiers projets d\u00e8s 2017.<\/p>\n<p>Photo : Pr\u00e9sidence de la R\u00e9publique &#8211; F. Lafite<\/p>\n","protected":false},"excerpt":{"rendered":"<p>La France continue de mobiliser la communaut\u00e9 internationale en vue de mettre en \u0153uvre les engagements de la d\u00e9claration d\u2019Abou Dabi. Fran\u00e7ois Hollande, le vice-Premier ministre et ministre de l\u2019int\u00e9rieur \u00e9mirien et la directrice g\u00e9n\u00e9rale de l&rsquo;UNESCO se sont r\u00e9unis le lundi 20 mars au Mus\u00e9e du Louvre pour une conf\u00e9rence de donateurs et de [&hellip;]<\/p>\n","protected":false},"author":17,"featured_media":95510,"comment_status":"closed","ping_status":"closed","sticky":false,"template":"","format":"standard","meta":{"_et_pb_use_builder":"","_et_pb_old_content":"","_et_gb_content_width":"","footnotes":""},"categories":[10530,6340,10785],"tags":[11042],"class_list":["post-95509","post","type-post","status-publish","format-standard","has-post-thumbnail","hentry","category-actualites","category-architecture-conception","category-atrium","tag-patrimoine"],"yoast_head":"<!-- This site is optimized with the Yoast SEO plugin v27.4 - https:\/\/yoast.com\/product\/yoast-seo-wordpress\/ -->\n<title>Une alliance pour la protection du patrimoine dans les zones en conflit<\/title>\n<meta name=\"robots\" content=\"index, follow, max-snippet:-1, max-image-preview:large, max-video-preview:-1\" \/>\n<link rel=\"canonical\" href=\"https:\/\/batijournal.com\/index.php\/alliance-protection-patrimoine-zones-conflit\/95509\/\" \/>\n<meta property=\"og:locale\" content=\"fr_FR\" \/>\n<meta property=\"og:type\" content=\"article\" \/>\n<meta property=\"og:title\" content=\"Une alliance pour la protection du patrimoine dans les zones en conflit\" \/>\n<meta property=\"og:description\" content=\"La France continue de mobiliser la communaut\u00e9 internationale en vue de mettre en \u0153uvre les engagements de la d\u00e9claration d\u2019Abou Dabi. Fran\u00e7ois Hollande, le vice-Premier ministre et ministre de l\u2019int\u00e9rieur \u00e9mirien et la directrice g\u00e9n\u00e9rale de l&rsquo;UNESCO se sont r\u00e9unis le lundi 20 mars au Mus\u00e9e du Louvre pour une conf\u00e9rence de donateurs et de [&hellip;]\" \/>\n<meta property=\"og:url\" content=\"https:\/\/batijournal.com\/index.php\/alliance-protection-patrimoine-zones-conflit\/95509\/\" \/>\n<meta property=\"og:site_name\" content=\"Batijournal\" \/>\n<meta property=\"article:published_time\" content=\"2017-03-22T07:31:56+00:00\" \/>\n<meta property=\"article:modified_time\" content=\"2019-07-15T09:15:59+00:00\" \/>\n<meta property=\"og:image\" content=\"https:\/\/batijournal.com\/wp-content\/uploads\/2017\/03\/alliance-protection-patrimoine-francois-hollande-louvre-paris.jpg\" \/>\n\t<meta property=\"og:image:width\" content=\"740\" \/>\n\t<meta property=\"og:image:height\" content=\"493\" \/>\n\t<meta property=\"og:image:type\" content=\"image\/jpeg\" \/>\n<meta name=\"author\" content=\"St\u00e9phane Miget\" \/>\n<meta name=\"twitter:card\" content=\"summary_large_image\" \/>\n<meta name=\"twitter:creator\" content=\"@bati_journal\" \/>\n<meta name=\"twitter:site\" content=\"@bati_journal\" \/>\n<meta name=\"twitter:label1\" content=\"\u00c9crit par\" \/>\n\t<meta name=\"twitter:data1\" content=\"St\u00e9phane Miget\" \/>\n\t<meta name=\"twitter:label2\" content=\"Dur\u00e9e de lecture estim\u00e9e\" \/>\n\t<meta name=\"twitter:data2\" content=\"1 minute\" \/>\n<script type=\"application\/ld+json\" class=\"yoast-schema-graph\">{\"@context\":\"https:\\\/\\\/schema.org\",\"@graph\":[{\"@type\":\"Article\",\"@id\":\"https:\\\/\\\/batijournal.com\\\/index.php\\\/alliance-protection-patrimoine-zones-conflit\\\/95509\\\/#article\",\"isPartOf\":{\"@id\":\"https:\\\/\\\/batijournal.com\\\/index.php\\\/alliance-protection-patrimoine-zones-conflit\\\/95509\\\/\"},\"author\":{\"name\":\"St\u00e9phane Miget\",\"@id\":\"https:\\\/\\\/batijournal.com\\\/#\\\/schema\\\/person\\\/1dc96ec6957aa1ccb25ebe78bb19f100\"},\"headline\":\"Une alliance pour la protection du patrimoine dans les zones en conflit\",\"datePublished\":\"2017-03-22T07:31:56+00:00\",\"dateModified\":\"2019-07-15T09:15:59+00:00\",\"mainEntityOfPage\":{\"@id\":\"https:\\\/\\\/batijournal.com\\\/index.php\\\/alliance-protection-patrimoine-zones-conflit\\\/95509\\\/\"},\"wordCount\":156,\"image\":{\"@id\":\"https:\\\/\\\/batijournal.com\\\/index.php\\\/alliance-protection-patrimoine-zones-conflit\\\/95509\\\/#primaryimage\"},\"thumbnailUrl\":\"https:\\\/\\\/batijournal.com\\\/wp-content\\\/uploads\\\/2017\\\/03\\\/alliance-protection-patrimoine-francois-hollande-louvre-paris.jpg\",\"keywords\":[\"patrimoine\"],\"articleSection\":[\"Actualit\u00e9s\",\"Architecture &amp; Conception\",\"zz_Atrium Patrimoine\"],\"inLanguage\":\"fr-FR\"},{\"@type\":\"WebPage\",\"@id\":\"https:\\\/\\\/batijournal.com\\\/index.php\\\/alliance-protection-patrimoine-zones-conflit\\\/95509\\\/\",\"url\":\"https:\\\/\\\/batijournal.com\\\/index.php\\\/alliance-protection-patrimoine-zones-conflit\\\/95509\\\/\",\"name\":\"Une alliance pour la protection du patrimoine dans les zones en conflit\",\"isPartOf\":{\"@id\":\"https:\\\/\\\/batijournal.com\\\/#website\"},\"primaryImageOfPage\":{\"@id\":\"https:\\\/\\\/batijournal.com\\\/index.php\\\/alliance-protection-patrimoine-zones-conflit\\\/95509\\\/#primaryimage\"},\"image\":{\"@id\":\"https:\\\/\\\/batijournal.com\\\/index.php\\\/alliance-protection-patrimoine-zones-conflit\\\/95509\\\/#primaryimage\"},\"thumbnailUrl\":\"https:\\\/\\\/batijournal.com\\\/wp-content\\\/uploads\\\/2017\\\/03\\\/alliance-protection-patrimoine-francois-hollande-louvre-paris.jpg\",\"datePublished\":\"2017-03-22T07:31:56+00:00\",\"dateModified\":\"2019-07-15T09:15:59+00:00\",\"author\":{\"@id\":\"https:\\\/\\\/batijournal.com\\\/#\\\/schema\\\/person\\\/1dc96ec6957aa1ccb25ebe78bb19f100\"},\"breadcrumb\":{\"@id\":\"https:\\\/\\\/batijournal.com\\\/index.php\\\/alliance-protection-patrimoine-zones-conflit\\\/95509\\\/#breadcrumb\"},\"inLanguage\":\"fr-FR\",\"potentialAction\":[{\"@type\":\"ReadAction\",\"target\":[\"https:\\\/\\\/batijournal.com\\\/index.php\\\/alliance-protection-patrimoine-zones-conflit\\\/95509\\\/\"]}]},{\"@type\":\"ImageObject\",\"inLanguage\":\"fr-FR\",\"@id\":\"https:\\\/\\\/batijournal.com\\\/index.php\\\/alliance-protection-patrimoine-zones-conflit\\\/95509\\\/#primaryimage\",\"url\":\"https:\\\/\\\/batijournal.com\\\/wp-content\\\/uploads\\\/2017\\\/03\\\/alliance-protection-patrimoine-francois-hollande-louvre-paris.jpg\",\"contentUrl\":\"https:\\\/\\\/batijournal.com\\\/wp-content\\\/uploads\\\/2017\\\/03\\\/alliance-protection-patrimoine-francois-hollande-louvre-paris.jpg\",\"width\":740,\"height\":493},{\"@type\":\"BreadcrumbList\",\"@id\":\"https:\\\/\\\/batijournal.com\\\/index.php\\\/alliance-protection-patrimoine-zones-conflit\\\/95509\\\/#breadcrumb\",\"itemListElement\":[{\"@type\":\"ListItem\",\"position\":1,\"name\":\"Accueil\",\"item\":\"https:\\\/\\\/batijournal.com\\\/\"},{\"@type\":\"ListItem\",\"position\":2,\"name\":\"Actualit\u00e9s\",\"item\":\"https:\\\/\\\/batijournal.com\\\/index.php\\\/category\\\/actualites\\\/\"},{\"@type\":\"ListItem\",\"position\":3,\"name\":\"Une alliance pour la protection du patrimoine dans les zones en conflit\"}]},{\"@type\":\"WebSite\",\"@id\":\"https:\\\/\\\/batijournal.com\\\/#website\",\"url\":\"https:\\\/\\\/batijournal.com\\\/\",\"name\":\"Batijournal\",\"description\":\"L&#039;actualit\u00e9 du b\u00e2timent\",\"potentialAction\":[{\"@type\":\"SearchAction\",\"target\":{\"@type\":\"EntryPoint\",\"urlTemplate\":\"https:\\\/\\\/batijournal.com\\\/?s={search_term_string}\"},\"query-input\":{\"@type\":\"PropertyValueSpecification\",\"valueRequired\":true,\"valueName\":\"search_term_string\"}}],\"inLanguage\":\"fr-FR\"},{\"@type\":\"Person\",\"@id\":\"https:\\\/\\\/batijournal.com\\\/#\\\/schema\\\/person\\\/1dc96ec6957aa1ccb25ebe78bb19f100\",\"name\":\"St\u00e9phane Miget\",\"image\":{\"@type\":\"ImageObject\",\"inLanguage\":\"fr-FR\",\"@id\":\"https:\\\/\\\/secure.gravatar.com\\\/avatar\\\/89915563d925342126b8ef0281b93d9d7fc337043e8df017f780908eb9644451?s=96&d=mm&r=g\",\"url\":\"https:\\\/\\\/secure.gravatar.com\\\/avatar\\\/89915563d925342126b8ef0281b93d9d7fc337043e8df017f780908eb9644451?s=96&d=mm&r=g\",\"contentUrl\":\"https:\\\/\\\/secure.gravatar.com\\\/avatar\\\/89915563d925342126b8ef0281b93d9d7fc337043e8df017f780908eb9644451?s=96&d=mm&r=g\",\"caption\":\"St\u00e9phane Miget\"},\"url\":\"https:\\\/\\\/batijournal.com\\\/index.php\\\/author\\\/stephane\\\/\"}]}<\/script>\n<!-- \/ Yoast SEO plugin. -->","yoast_head_json":{"title":"Une alliance pour la protection du patrimoine dans les zones en conflit","robots":{"index":"index","follow":"follow","max-snippet":"max-snippet:-1","max-image-preview":"max-image-preview:large","max-video-preview":"max-video-preview:-1"},"canonical":"https:\/\/batijournal.com\/index.php\/alliance-protection-patrimoine-zones-conflit\/95509\/","og_locale":"fr_FR","og_type":"article","og_title":"Une alliance pour la protection du patrimoine dans les zones en conflit","og_description":"La France continue de mobiliser la communaut\u00e9 internationale en vue de mettre en \u0153uvre les engagements de la d\u00e9claration d\u2019Abou Dabi. Fran\u00e7ois Hollande, le vice-Premier ministre et ministre de l\u2019int\u00e9rieur \u00e9mirien et la directrice g\u00e9n\u00e9rale de l&rsquo;UNESCO se sont r\u00e9unis le lundi 20 mars au Mus\u00e9e du Louvre pour une conf\u00e9rence de donateurs et de [&hellip;]","og_url":"https:\/\/batijournal.com\/index.php\/alliance-protection-patrimoine-zones-conflit\/95509\/","og_site_name":"Batijournal","article_published_time":"2017-03-22T07:31:56+00:00","article_modified_time":"2019-07-15T09:15:59+00:00","og_image":[{"width":740,"height":493,"url":"https:\/\/batijournal.com\/wp-content\/uploads\/2017\/03\/alliance-protection-patrimoine-francois-hollande-louvre-paris.jpg","type":"image\/jpeg"}],"author":"St\u00e9phane Miget","twitter_card":"summary_large_image","twitter_creator":"@bati_journal","twitter_site":"@bati_journal","twitter_misc":{"\u00c9crit par":"St\u00e9phane Miget","Dur\u00e9e de lecture estim\u00e9e":"1 minute"},"schema":{"@context":"https:\/\/schema.org","@graph":[{"@type":"Article","@id":"https:\/\/batijournal.com\/index.php\/alliance-protection-patrimoine-zones-conflit\/95509\/#article","isPartOf":{"@id":"https:\/\/batijournal.com\/index.php\/alliance-protection-patrimoine-zones-conflit\/95509\/"},"author":{"name":"St\u00e9phane Miget","@id":"https:\/\/batijournal.com\/#\/schema\/person\/1dc96ec6957aa1ccb25ebe78bb19f100"},"headline":"Une alliance pour la protection du patrimoine dans les zones en conflit","datePublished":"2017-03-22T07:31:56+00:00","dateModified":"2019-07-15T09:15:59+00:00","mainEntityOfPage":{"@id":"https:\/\/batijournal.com\/index.php\/alliance-protection-patrimoine-zones-conflit\/95509\/"},"wordCount":156,"image":{"@id":"https:\/\/batijournal.com\/index.php\/alliance-protection-patrimoine-zones-conflit\/95509\/#primaryimage"},"thumbnailUrl":"https:\/\/batijournal.com\/wp-content\/uploads\/2017\/03\/alliance-protection-patrimoine-francois-hollande-louvre-paris.jpg","keywords":["patrimoine"],"articleSection":["Actualit\u00e9s","Architecture &amp; Conception","zz_Atrium Patrimoine"],"inLanguage":"fr-FR"},{"@type":"WebPage","@id":"https:\/\/batijournal.com\/index.php\/alliance-protection-patrimoine-zones-conflit\/95509\/","url":"https:\/\/batijournal.com\/index.php\/alliance-protection-patrimoine-zones-conflit\/95509\/","name":"Une alliance pour la protection du patrimoine dans les zones en conflit","isPartOf":{"@id":"https:\/\/batijournal.com\/#website"},"primaryImageOfPage":{"@id":"https:\/\/batijournal.com\/index.php\/alliance-protection-patrimoine-zones-conflit\/95509\/#primaryimage"},"image":{"@id":"https:\/\/batijournal.com\/index.php\/alliance-protection-patrimoine-zones-conflit\/95509\/#primaryimage"},"thumbnailUrl":"https:\/\/batijournal.com\/wp-content\/uploads\/2017\/03\/alliance-protection-patrimoine-francois-hollande-louvre-paris.jpg","datePublished":"2017-03-22T07:31:56+00:00","dateModified":"2019-07-15T09:15:59+00:00","author":{"@id":"https:\/\/batijournal.com\/#\/schema\/person\/1dc96ec6957aa1ccb25ebe78bb19f100"},"breadcrumb":{"@id":"https:\/\/batijournal.com\/index.php\/alliance-protection-patrimoine-zones-conflit\/95509\/#breadcrumb"},"inLanguage":"fr-FR","potentialAction":[{"@type":"ReadAction","target":["https:\/\/batijournal.com\/index.php\/alliance-protection-patrimoine-zones-conflit\/95509\/"]}]},{"@type":"ImageObject","inLanguage":"fr-FR","@id":"https:\/\/batijournal.com\/index.php\/alliance-protection-patrimoine-zones-conflit\/95509\/#primaryimage","url":"https:\/\/batijournal.com\/wp-content\/uploads\/2017\/03\/alliance-protection-patrimoine-francois-hollande-louvre-paris.jpg","contentUrl":"https:\/\/batijournal.com\/wp-content\/uploads\/2017\/03\/alliance-protection-patrimoine-francois-hollande-louvre-paris.jpg","width":740,"height":493},{"@type":"BreadcrumbList","@id":"https:\/\/batijournal.com\/index.php\/alliance-protection-patrimoine-zones-conflit\/95509\/#breadcrumb","itemListElement":[{"@type":"ListItem","position":1,"name":"Accueil","item":"https:\/\/batijournal.com\/"},{"@type":"ListItem","position":2,"name":"Actualit\u00e9s","item":"https:\/\/batijournal.com\/index.php\/category\/actualites\/"},{"@type":"ListItem","position":3,"name":"Une alliance pour la protection du patrimoine dans les zones en conflit"}]},{"@type":"WebSite","@id":"https:\/\/batijournal.com\/#website","url":"https:\/\/batijournal.com\/","name":"Batijournal","description":"L&#039;actualit\u00e9 du b\u00e2timent","potentialAction":[{"@type":"SearchAction","target":{"@type":"EntryPoint","urlTemplate":"https:\/\/batijournal.com\/?s={search_term_string}"},"query-input":{"@type":"PropertyValueSpecification","valueRequired":true,"valueName":"search_term_string"}}],"inLanguage":"fr-FR"},{"@type":"Person","@id":"https:\/\/batijournal.com\/#\/schema\/person\/1dc96ec6957aa1ccb25ebe78bb19f100","name":"St\u00e9phane Miget","image":{"@type":"ImageObject","inLanguage":"fr-FR","@id":"https:\/\/secure.gravatar.com\/avatar\/89915563d925342126b8ef0281b93d9d7fc337043e8df017f780908eb9644451?s=96&d=mm&r=g","url":"https:\/\/secure.gravatar.com\/avatar\/89915563d925342126b8ef0281b93d9d7fc337043e8df017f780908eb9644451?s=96&d=mm&r=g","contentUrl":"https:\/\/secure.gravatar.com\/avatar\/89915563d925342126b8ef0281b93d9d7fc337043e8df017f780908eb9644451?s=96&d=mm&r=g","caption":"St\u00e9phane Miget"},"url":"https:\/\/batijournal.com\/index.php\/author\/stephane\/"}]}},"_links":{"self":[{"href":"https:\/\/batijournal.com\/index.php\/wp-json\/wp\/v2\/posts\/95509","targetHints":{"allow":["GET"]}}],"collection":[{"href":"https:\/\/batijournal.com\/index.php\/wp-json\/wp\/v2\/posts"}],"about":[{"href":"https:\/\/batijournal.com\/index.php\/wp-json\/wp\/v2\/types\/post"}],"author":[{"embeddable":true,"href":"https:\/\/batijournal.com\/index.php\/wp-json\/wp\/v2\/users\/17"}],"replies":[{"embeddable":true,"href":"https:\/\/batijournal.com\/index.php\/wp-json\/wp\/v2\/comments?post=95509"}],"version-history":[{"count":0,"href":"https:\/\/batijournal.com\/index.php\/wp-json\/wp\/v2\/posts\/95509\/revisions"}],"wp:featuredmedia":[{"embeddable":true,"href":"https:\/\/batijournal.com\/index.php\/wp-json\/wp\/v2\/media\/95510"}],"wp:attachment":[{"href":"https:\/\/batijournal.com\/index.php\/wp-json\/wp\/v2\/media?parent=95509"}],"wp:term":[{"taxonomy":"category","embeddable":true,"href":"https:\/\/batijournal.com\/index.php\/wp-json\/wp\/v2\/categories?post=95509"},{"taxonomy":"post_tag","embeddable":true,"href":"https:\/\/batijournal.com\/index.php\/wp-json\/wp\/v2\/tags?post=95509"}],"curies":[{"name":"wp","href":"https:\/\/api.w.org\/{rel}","templated":true}]}}