{"id":95521,"date":"2017-03-23T10:36:14","date_gmt":"2017-03-23T09:36:14","guid":{"rendered":"http:\/\/batijournal.com\/?p=95521"},"modified":"2019-07-15T12:10:55","modified_gmt":"2019-07-15T10:10:55","slug":"toiture-inversee-vegetalisee-batiment-zero-emissions","status":"publish","type":"post","link":"https:\/\/batijournal.com\/index.php\/toiture-inversee-vegetalisee-batiment-zero-emissions\/95521\/","title":{"rendered":"Toiture invers\u00e9e v\u00e9g\u00e9talis\u00e9e sur b\u00e2timent z\u00e9ro \u00e9mission"},"content":{"rendered":"<p>Projet europ\u00e9en phare en mati\u00e8re de transition \u00e9nerg\u00e9tique, Campus Euref, \u00e0 Berlin-Sch\u00f6neberg, rassemble des \u00e9difices class\u00e9s, r\u00e9nov\u00e9s \u00e0 grands frais et des architectures modernes. Parmi ces constructions neuves, le b\u00e2timent administratif Euref-Campus 14 pr\u00e9sente une toiture invers\u00e9e v\u00e9g\u00e9talis\u00e9e. Cette toiture plate non ventil\u00e9e accueille, au-dessus de son \u00e9tanch\u00e9it\u00e9 donc, des panneaux d&rsquo;isolation en mousse de polystyr\u00e8ne extrud\u00e9 (XPS) \u00e0 structure cellulaire ferm\u00e9e, lesquels s&rsquo;ajustent aux courbures des formes ovales du toit. Ces panneaux sont ensuite stabilis\u00e9s par des dalles alv\u00e9ol\u00e9es remplies de gros graviers. Elles-m\u00eames re\u00e7oivent au final les nappes de v\u00e9g\u00e9tation pr\u00e9cultiv\u00e9es de s\u00e9dum. Les zones accessibles ont \u00e9t\u00e9 remplies de graviers et couvertes de dalles de jardin.<\/p>\n<p>Isolation\u00a0: 650 m2 de panneaux isolants Jackodur KF 300 Standard SF 240 mm, de Jackon Insulation \u2022 V\u00e9g\u00e9talisation\u00a0: Optigr\u00fcn \u2022 Entreprise de couverture\u00a0: SKD Bau \u2022 Architecture et ma\u00eetre d\u2019\u0153uvre\u00a0: Euref Consulting \u2022 Constructeur\u00a0: Wolff &amp; M\u00fcller<\/p>\n","protected":false},"excerpt":{"rendered":"<p>Projet europ\u00e9en phare en mati\u00e8re de transition \u00e9nerg\u00e9tique, Campus Euref, \u00e0 Berlin-Sch\u00f6neberg, rassemble des \u00e9difices class\u00e9s, r\u00e9nov\u00e9s \u00e0 grands frais et des architectures modernes. Parmi ces constructions neuves, le b\u00e2timent administratif Euref-Campus 14 pr\u00e9sente une toiture invers\u00e9e v\u00e9g\u00e9talis\u00e9e. Cette toiture plate non ventil\u00e9e accueille, au-dessus de son \u00e9tanch\u00e9it\u00e9 donc, des panneaux d&rsquo;isolation en mousse de [&hellip;]<\/p>\n","protected":false},"author":17,"featured_media":95522,"comment_status":"closed","ping_status":"closed","sticky":false,"template":"","format":"standard","meta":{"_et_pb_use_builder":"","_et_pb_old_content":"","_et_gb_content_width":"","footnotes":""},"categories":[10530,6340,6351,10771,10775,10778],"tags":[1658],"class_list":["post-95521","post","type-post","status-publish","format-standard","has-post-thumbnail","hentry","category-actualites","category-architecture-conception","category-energie-environnement","category-5facades","category-actualites-5facades","category-planete","tag-vegetalisation"],"yoast_head":"<!-- This site is optimized with the Yoast SEO plugin v27.4 - https:\/\/yoast.com\/product\/yoast-seo-wordpress\/ -->\n<title>Toiture invers\u00e9e v\u00e9g\u00e9talis\u00e9e sur b\u00e2timent z\u00e9ro \u00e9mission<\/title>\n<meta name=\"robots\" content=\"index, follow, max-snippet:-1, max-image-preview:large, max-video-preview:-1\" \/>\n<link rel=\"canonical\" href=\"https:\/\/batijournal.com\/index.php\/toiture-inversee-vegetalisee-batiment-zero-emissions\/95521\/\" \/>\n<meta property=\"og:locale\" content=\"fr_FR\" \/>\n<meta property=\"og:type\" content=\"article\" \/>\n<meta property=\"og:title\" content=\"Toiture invers\u00e9e v\u00e9g\u00e9talis\u00e9e sur b\u00e2timent z\u00e9ro \u00e9mission\" \/>\n<meta property=\"og:description\" content=\"Projet europ\u00e9en phare en mati\u00e8re de transition \u00e9nerg\u00e9tique, Campus Euref, \u00e0 Berlin-Sch\u00f6neberg, rassemble des \u00e9difices class\u00e9s, r\u00e9nov\u00e9s \u00e0 grands frais et des architectures modernes. Parmi ces constructions neuves, le b\u00e2timent administratif Euref-Campus 14 pr\u00e9sente une toiture invers\u00e9e v\u00e9g\u00e9talis\u00e9e. Cette toiture plate non ventil\u00e9e accueille, au-dessus de son \u00e9tanch\u00e9it\u00e9 donc, des panneaux d&rsquo;isolation en mousse de [&hellip;]\" \/>\n<meta property=\"og:url\" content=\"https:\/\/batijournal.com\/index.php\/toiture-inversee-vegetalisee-batiment-zero-emissions\/95521\/\" \/>\n<meta property=\"og:site_name\" content=\"Batijournal\" \/>\n<meta property=\"article:published_time\" content=\"2017-03-23T09:36:14+00:00\" \/>\n<meta property=\"article:modified_time\" content=\"2019-07-15T10:10:55+00:00\" \/>\n<meta property=\"og:image\" content=\"https:\/\/batijournal.com\/wp-content\/uploads\/2017\/03\/Euref-CAmpus-14-Jackon.jpg\" \/>\n\t<meta property=\"og:image:width\" content=\"3015\" \/>\n\t<meta property=\"og:image:height\" content=\"3922\" \/>\n\t<meta property=\"og:image:type\" content=\"image\/jpeg\" \/>\n<meta name=\"author\" content=\"St\u00e9phane Miget\" \/>\n<meta name=\"twitter:card\" content=\"summary_large_image\" \/>\n<meta name=\"twitter:creator\" content=\"@bati_journal\" \/>\n<meta name=\"twitter:site\" content=\"@bati_journal\" \/>\n<meta name=\"twitter:label1\" content=\"\u00c9crit par\" \/>\n\t<meta name=\"twitter:data1\" content=\"St\u00e9phane Miget\" \/>\n\t<meta name=\"twitter:label2\" content=\"Dur\u00e9e de lecture estim\u00e9e\" \/>\n\t<meta name=\"twitter:data2\" content=\"1 minute\" \/>\n<script type=\"application\/ld+json\" class=\"yoast-schema-graph\">{\"@context\":\"https:\\\/\\\/schema.org\",\"@graph\":[{\"@type\":\"Article\",\"@id\":\"https:\\\/\\\/batijournal.com\\\/index.php\\\/toiture-inversee-vegetalisee-batiment-zero-emissions\\\/95521\\\/#article\",\"isPartOf\":{\"@id\":\"https:\\\/\\\/batijournal.com\\\/index.php\\\/toiture-inversee-vegetalisee-batiment-zero-emissions\\\/95521\\\/\"},\"author\":{\"name\":\"St\u00e9phane Miget\",\"@id\":\"https:\\\/\\\/batijournal.com\\\/#\\\/schema\\\/person\\\/1dc96ec6957aa1ccb25ebe78bb19f100\"},\"headline\":\"Toiture invers\u00e9e v\u00e9g\u00e9talis\u00e9e sur b\u00e2timent z\u00e9ro \u00e9mission\",\"datePublished\":\"2017-03-23T09:36:14+00:00\",\"dateModified\":\"2019-07-15T10:10:55+00:00\",\"mainEntityOfPage\":{\"@id\":\"https:\\\/\\\/batijournal.com\\\/index.php\\\/toiture-inversee-vegetalisee-batiment-zero-emissions\\\/95521\\\/\"},\"wordCount\":183,\"image\":{\"@id\":\"https:\\\/\\\/batijournal.com\\\/index.php\\\/toiture-inversee-vegetalisee-batiment-zero-emissions\\\/95521\\\/#primaryimage\"},\"thumbnailUrl\":\"https:\\\/\\\/batijournal.com\\\/wp-content\\\/uploads\\\/2017\\\/03\\\/Euref-CAmpus-14-Jackon.jpg\",\"keywords\":[\"v\u00e9g\u00e9talisation\"],\"articleSection\":[\"Actualit\u00e9s\",\"Architecture &amp; Conception\",\"\u00c9nergie &amp; Environnement\",\"zz_5fa\u00e7ades\",\"zz_Actualit\u00e9s - 5fa\u00e7ades\",\"zz_Plan\u00e8te B\u00e2timent\"],\"inLanguage\":\"fr-FR\"},{\"@type\":\"WebPage\",\"@id\":\"https:\\\/\\\/batijournal.com\\\/index.php\\\/toiture-inversee-vegetalisee-batiment-zero-emissions\\\/95521\\\/\",\"url\":\"https:\\\/\\\/batijournal.com\\\/index.php\\\/toiture-inversee-vegetalisee-batiment-zero-emissions\\\/95521\\\/\",\"name\":\"Toiture invers\u00e9e v\u00e9g\u00e9talis\u00e9e sur b\u00e2timent z\u00e9ro \u00e9mission\",\"isPartOf\":{\"@id\":\"https:\\\/\\\/batijournal.com\\\/#website\"},\"primaryImageOfPage\":{\"@id\":\"https:\\\/\\\/batijournal.com\\\/index.php\\\/toiture-inversee-vegetalisee-batiment-zero-emissions\\\/95521\\\/#primaryimage\"},\"image\":{\"@id\":\"https:\\\/\\\/batijournal.com\\\/index.php\\\/toiture-inversee-vegetalisee-batiment-zero-emissions\\\/95521\\\/#primaryimage\"},\"thumbnailUrl\":\"https:\\\/\\\/batijournal.com\\\/wp-content\\\/uploads\\\/2017\\\/03\\\/Euref-CAmpus-14-Jackon.jpg\",\"datePublished\":\"2017-03-23T09:36:14+00:00\",\"dateModified\":\"2019-07-15T10:10:55+00:00\",\"author\":{\"@id\":\"https:\\\/\\\/batijournal.com\\\/#\\\/schema\\\/person\\\/1dc96ec6957aa1ccb25ebe78bb19f100\"},\"breadcrumb\":{\"@id\":\"https:\\\/\\\/batijournal.com\\\/index.php\\\/toiture-inversee-vegetalisee-batiment-zero-emissions\\\/95521\\\/#breadcrumb\"},\"inLanguage\":\"fr-FR\",\"potentialAction\":[{\"@type\":\"ReadAction\",\"target\":[\"https:\\\/\\\/batijournal.com\\\/index.php\\\/toiture-inversee-vegetalisee-batiment-zero-emissions\\\/95521\\\/\"]}]},{\"@type\":\"ImageObject\",\"inLanguage\":\"fr-FR\",\"@id\":\"https:\\\/\\\/batijournal.com\\\/index.php\\\/toiture-inversee-vegetalisee-batiment-zero-emissions\\\/95521\\\/#primaryimage\",\"url\":\"https:\\\/\\\/batijournal.com\\\/wp-content\\\/uploads\\\/2017\\\/03\\\/Euref-CAmpus-14-Jackon.jpg\",\"contentUrl\":\"https:\\\/\\\/batijournal.com\\\/wp-content\\\/uploads\\\/2017\\\/03\\\/Euref-CAmpus-14-Jackon.jpg\",\"width\":3015,\"height\":3922,\"caption\":\"Euref Campus 14 Jackon\"},{\"@type\":\"BreadcrumbList\",\"@id\":\"https:\\\/\\\/batijournal.com\\\/index.php\\\/toiture-inversee-vegetalisee-batiment-zero-emissions\\\/95521\\\/#breadcrumb\",\"itemListElement\":[{\"@type\":\"ListItem\",\"position\":1,\"name\":\"Accueil\",\"item\":\"https:\\\/\\\/batijournal.com\\\/\"},{\"@type\":\"ListItem\",\"position\":2,\"name\":\"Actualit\u00e9s\",\"item\":\"https:\\\/\\\/batijournal.com\\\/index.php\\\/category\\\/actualites\\\/\"},{\"@type\":\"ListItem\",\"position\":3,\"name\":\"Toiture invers\u00e9e v\u00e9g\u00e9talis\u00e9e sur b\u00e2timent z\u00e9ro \u00e9mission\"}]},{\"@type\":\"WebSite\",\"@id\":\"https:\\\/\\\/batijournal.com\\\/#website\",\"url\":\"https:\\\/\\\/batijournal.com\\\/\",\"name\":\"Batijournal\",\"description\":\"L&#039;actualit\u00e9 du b\u00e2timent\",\"potentialAction\":[{\"@type\":\"SearchAction\",\"target\":{\"@type\":\"EntryPoint\",\"urlTemplate\":\"https:\\\/\\\/batijournal.com\\\/?s={search_term_string}\"},\"query-input\":{\"@type\":\"PropertyValueSpecification\",\"valueRequired\":true,\"valueName\":\"search_term_string\"}}],\"inLanguage\":\"fr-FR\"},{\"@type\":\"Person\",\"@id\":\"https:\\\/\\\/batijournal.com\\\/#\\\/schema\\\/person\\\/1dc96ec6957aa1ccb25ebe78bb19f100\",\"name\":\"St\u00e9phane Miget\",\"image\":{\"@type\":\"ImageObject\",\"inLanguage\":\"fr-FR\",\"@id\":\"https:\\\/\\\/secure.gravatar.com\\\/avatar\\\/89915563d925342126b8ef0281b93d9d7fc337043e8df017f780908eb9644451?s=96&d=mm&r=g\",\"url\":\"https:\\\/\\\/secure.gravatar.com\\\/avatar\\\/89915563d925342126b8ef0281b93d9d7fc337043e8df017f780908eb9644451?s=96&d=mm&r=g\",\"contentUrl\":\"https:\\\/\\\/secure.gravatar.com\\\/avatar\\\/89915563d925342126b8ef0281b93d9d7fc337043e8df017f780908eb9644451?s=96&d=mm&r=g\",\"caption\":\"St\u00e9phane Miget\"},\"url\":\"https:\\\/\\\/batijournal.com\\\/index.php\\\/author\\\/stephane\\\/\"}]}<\/script>\n<!-- \/ Yoast SEO plugin. -->","yoast_head_json":{"title":"Toiture invers\u00e9e v\u00e9g\u00e9talis\u00e9e sur b\u00e2timent z\u00e9ro \u00e9mission","robots":{"index":"index","follow":"follow","max-snippet":"max-snippet:-1","max-image-preview":"max-image-preview:large","max-video-preview":"max-video-preview:-1"},"canonical":"https:\/\/batijournal.com\/index.php\/toiture-inversee-vegetalisee-batiment-zero-emissions\/95521\/","og_locale":"fr_FR","og_type":"article","og_title":"Toiture invers\u00e9e v\u00e9g\u00e9talis\u00e9e sur b\u00e2timent z\u00e9ro \u00e9mission","og_description":"Projet europ\u00e9en phare en mati\u00e8re de transition \u00e9nerg\u00e9tique, Campus Euref, \u00e0 Berlin-Sch\u00f6neberg, rassemble des \u00e9difices class\u00e9s, r\u00e9nov\u00e9s \u00e0 grands frais et des architectures modernes. Parmi ces constructions neuves, le b\u00e2timent administratif Euref-Campus 14 pr\u00e9sente une toiture invers\u00e9e v\u00e9g\u00e9talis\u00e9e. Cette toiture plate non ventil\u00e9e accueille, au-dessus de son \u00e9tanch\u00e9it\u00e9 donc, des panneaux d&rsquo;isolation en mousse de [&hellip;]","og_url":"https:\/\/batijournal.com\/index.php\/toiture-inversee-vegetalisee-batiment-zero-emissions\/95521\/","og_site_name":"Batijournal","article_published_time":"2017-03-23T09:36:14+00:00","article_modified_time":"2019-07-15T10:10:55+00:00","og_image":[{"width":3015,"height":3922,"url":"https:\/\/batijournal.com\/wp-content\/uploads\/2017\/03\/Euref-CAmpus-14-Jackon.jpg","type":"image\/jpeg"}],"author":"St\u00e9phane Miget","twitter_card":"summary_large_image","twitter_creator":"@bati_journal","twitter_site":"@bati_journal","twitter_misc":{"\u00c9crit par":"St\u00e9phane Miget","Dur\u00e9e de lecture estim\u00e9e":"1 minute"},"schema":{"@context":"https:\/\/schema.org","@graph":[{"@type":"Article","@id":"https:\/\/batijournal.com\/index.php\/toiture-inversee-vegetalisee-batiment-zero-emissions\/95521\/#article","isPartOf":{"@id":"https:\/\/batijournal.com\/index.php\/toiture-inversee-vegetalisee-batiment-zero-emissions\/95521\/"},"author":{"name":"St\u00e9phane Miget","@id":"https:\/\/batijournal.com\/#\/schema\/person\/1dc96ec6957aa1ccb25ebe78bb19f100"},"headline":"Toiture invers\u00e9e v\u00e9g\u00e9talis\u00e9e sur b\u00e2timent z\u00e9ro \u00e9mission","datePublished":"2017-03-23T09:36:14+00:00","dateModified":"2019-07-15T10:10:55+00:00","mainEntityOfPage":{"@id":"https:\/\/batijournal.com\/index.php\/toiture-inversee-vegetalisee-batiment-zero-emissions\/95521\/"},"wordCount":183,"image":{"@id":"https:\/\/batijournal.com\/index.php\/toiture-inversee-vegetalisee-batiment-zero-emissions\/95521\/#primaryimage"},"thumbnailUrl":"https:\/\/batijournal.com\/wp-content\/uploads\/2017\/03\/Euref-CAmpus-14-Jackon.jpg","keywords":["v\u00e9g\u00e9talisation"],"articleSection":["Actualit\u00e9s","Architecture &amp; Conception","\u00c9nergie &amp; Environnement","zz_5fa\u00e7ades","zz_Actualit\u00e9s - 5fa\u00e7ades","zz_Plan\u00e8te B\u00e2timent"],"inLanguage":"fr-FR"},{"@type":"WebPage","@id":"https:\/\/batijournal.com\/index.php\/toiture-inversee-vegetalisee-batiment-zero-emissions\/95521\/","url":"https:\/\/batijournal.com\/index.php\/toiture-inversee-vegetalisee-batiment-zero-emissions\/95521\/","name":"Toiture invers\u00e9e v\u00e9g\u00e9talis\u00e9e sur b\u00e2timent z\u00e9ro \u00e9mission","isPartOf":{"@id":"https:\/\/batijournal.com\/#website"},"primaryImageOfPage":{"@id":"https:\/\/batijournal.com\/index.php\/toiture-inversee-vegetalisee-batiment-zero-emissions\/95521\/#primaryimage"},"image":{"@id":"https:\/\/batijournal.com\/index.php\/toiture-inversee-vegetalisee-batiment-zero-emissions\/95521\/#primaryimage"},"thumbnailUrl":"https:\/\/batijournal.com\/wp-content\/uploads\/2017\/03\/Euref-CAmpus-14-Jackon.jpg","datePublished":"2017-03-23T09:36:14+00:00","dateModified":"2019-07-15T10:10:55+00:00","author":{"@id":"https:\/\/batijournal.com\/#\/schema\/person\/1dc96ec6957aa1ccb25ebe78bb19f100"},"breadcrumb":{"@id":"https:\/\/batijournal.com\/index.php\/toiture-inversee-vegetalisee-batiment-zero-emissions\/95521\/#breadcrumb"},"inLanguage":"fr-FR","potentialAction":[{"@type":"ReadAction","target":["https:\/\/batijournal.com\/index.php\/toiture-inversee-vegetalisee-batiment-zero-emissions\/95521\/"]}]},{"@type":"ImageObject","inLanguage":"fr-FR","@id":"https:\/\/batijournal.com\/index.php\/toiture-inversee-vegetalisee-batiment-zero-emissions\/95521\/#primaryimage","url":"https:\/\/batijournal.com\/wp-content\/uploads\/2017\/03\/Euref-CAmpus-14-Jackon.jpg","contentUrl":"https:\/\/batijournal.com\/wp-content\/uploads\/2017\/03\/Euref-CAmpus-14-Jackon.jpg","width":3015,"height":3922,"caption":"Euref Campus 14 Jackon"},{"@type":"BreadcrumbList","@id":"https:\/\/batijournal.com\/index.php\/toiture-inversee-vegetalisee-batiment-zero-emissions\/95521\/#breadcrumb","itemListElement":[{"@type":"ListItem","position":1,"name":"Accueil","item":"https:\/\/batijournal.com\/"},{"@type":"ListItem","position":2,"name":"Actualit\u00e9s","item":"https:\/\/batijournal.com\/index.php\/category\/actualites\/"},{"@type":"ListItem","position":3,"name":"Toiture invers\u00e9e v\u00e9g\u00e9talis\u00e9e sur b\u00e2timent z\u00e9ro \u00e9mission"}]},{"@type":"WebSite","@id":"https:\/\/batijournal.com\/#website","url":"https:\/\/batijournal.com\/","name":"Batijournal","description":"L&#039;actualit\u00e9 du b\u00e2timent","potentialAction":[{"@type":"SearchAction","target":{"@type":"EntryPoint","urlTemplate":"https:\/\/batijournal.com\/?s={search_term_string}"},"query-input":{"@type":"PropertyValueSpecification","valueRequired":true,"valueName":"search_term_string"}}],"inLanguage":"fr-FR"},{"@type":"Person","@id":"https:\/\/batijournal.com\/#\/schema\/person\/1dc96ec6957aa1ccb25ebe78bb19f100","name":"St\u00e9phane Miget","image":{"@type":"ImageObject","inLanguage":"fr-FR","@id":"https:\/\/secure.gravatar.com\/avatar\/89915563d925342126b8ef0281b93d9d7fc337043e8df017f780908eb9644451?s=96&d=mm&r=g","url":"https:\/\/secure.gravatar.com\/avatar\/89915563d925342126b8ef0281b93d9d7fc337043e8df017f780908eb9644451?s=96&d=mm&r=g","contentUrl":"https:\/\/secure.gravatar.com\/avatar\/89915563d925342126b8ef0281b93d9d7fc337043e8df017f780908eb9644451?s=96&d=mm&r=g","caption":"St\u00e9phane Miget"},"url":"https:\/\/batijournal.com\/index.php\/author\/stephane\/"}]}},"_links":{"self":[{"href":"https:\/\/batijournal.com\/index.php\/wp-json\/wp\/v2\/posts\/95521","targetHints":{"allow":["GET"]}}],"collection":[{"href":"https:\/\/batijournal.com\/index.php\/wp-json\/wp\/v2\/posts"}],"about":[{"href":"https:\/\/batijournal.com\/index.php\/wp-json\/wp\/v2\/types\/post"}],"author":[{"embeddable":true,"href":"https:\/\/batijournal.com\/index.php\/wp-json\/wp\/v2\/users\/17"}],"replies":[{"embeddable":true,"href":"https:\/\/batijournal.com\/index.php\/wp-json\/wp\/v2\/comments?post=95521"}],"version-history":[{"count":0,"href":"https:\/\/batijournal.com\/index.php\/wp-json\/wp\/v2\/posts\/95521\/revisions"}],"wp:featuredmedia":[{"embeddable":true,"href":"https:\/\/batijournal.com\/index.php\/wp-json\/wp\/v2\/media\/95522"}],"wp:attachment":[{"href":"https:\/\/batijournal.com\/index.php\/wp-json\/wp\/v2\/media?parent=95521"}],"wp:term":[{"taxonomy":"category","embeddable":true,"href":"https:\/\/batijournal.com\/index.php\/wp-json\/wp\/v2\/categories?post=95521"},{"taxonomy":"post_tag","embeddable":true,"href":"https:\/\/batijournal.com\/index.php\/wp-json\/wp\/v2\/tags?post=95521"}],"curies":[{"name":"wp","href":"https:\/\/api.w.org\/{rel}","templated":true}]}}