{"id":95539,"date":"2017-03-24T18:29:27","date_gmt":"2017-03-24T17:29:27","guid":{"rendered":"http:\/\/batijournal.com\/?p=95539"},"modified":"2019-07-15T12:10:55","modified_gmt":"2019-07-15T10:10:55","slug":"qualite-de-lair-batiments-performants-energie","status":"publish","type":"post","link":"https:\/\/batijournal.com\/index.php\/qualite-de-lair-batiments-performants-energie\/95539\/","title":{"rendered":"La qualit\u00e9 de l&rsquo;air des b\u00e2timents performants en \u00e9nergie"},"content":{"rendered":"<p>L\u2019Observatoire de la qualit\u00e9 de l\u2019air int\u00e9rieur a pr\u00e9sent\u00e9 les r\u00e9sultats d\u2019une \u00e9tude d\u00e9di\u00e9e aux b\u00e2timents performants en \u00e9nergie. Les premiers r\u00e9sultats portent sur 72 logements r\u00e9partis dans 43 b\u00e2timents. S\u2019ils ne sont \u00e0 ce stade pas g\u00e9n\u00e9ralisables \u00e0 l\u2019ensemble des b\u00e2timents performants en \u00e9nergie, ils permettent en revanche d\u2019apporter de premiers indicateurs utiles pour l\u2019ensemble de la fili\u00e8re. Par exemple, en termes de qualit\u00e9 de l\u2019air int\u00e9rieur, on ne rel\u00e8ve pas de diff\u00e9rences par rapport \u00e0 l\u2019ensemble des logements fran\u00e7ais, \u00e0 l\u2019exception de trois polluants observ\u00e9s en concentrations plus \u00e9lev\u00e9es et d\u2019un pourcentage plus \u00e9lev\u00e9 de logements pr\u00e9sentant une contamination fongique. 80 % des occupants sont satisfaits du confort de leur logement. Seule une minorit\u00e9 exprime une insatisfaction vis-\u00e0-vis de la pr\u00e9sence d\u2019odeurs, de la temp\u00e9rature, du bruit, du confort visuel et du renouvellement d\u2019air. Enfin, les informations collect\u00e9es mettent en \u00e9vidence une n\u00e9cessaire vigilance quant au fonctionnement des syst\u00e8mes de ventilation. La r\u00e9duction des infiltrations d\u2019air parasites dans ces b\u00e2timents conduit en effet \u00e0 un renouvellement d\u2019air tr\u00e8s limit\u00e9 en cas d\u2019arr\u00eat du syst\u00e8me de ventilation.<\/p>\n","protected":false},"excerpt":{"rendered":"<p>L\u2019Observatoire de la qualit\u00e9 de l\u2019air int\u00e9rieur a pr\u00e9sent\u00e9 les r\u00e9sultats d\u2019une \u00e9tude d\u00e9di\u00e9e aux b\u00e2timents performants en \u00e9nergie. Les premiers r\u00e9sultats portent sur 72 logements r\u00e9partis dans 43 b\u00e2timents. S\u2019ils ne sont \u00e0 ce stade pas g\u00e9n\u00e9ralisables \u00e0 l\u2019ensemble des b\u00e2timents performants en \u00e9nergie, ils permettent en revanche d\u2019apporter de premiers indicateurs utiles pour [&hellip;]<\/p>\n","protected":false},"author":17,"featured_media":95540,"comment_status":"closed","ping_status":"closed","sticky":false,"template":"","format":"standard","meta":{"_et_pb_use_builder":"","_et_pb_old_content":"","_et_gb_content_width":"","footnotes":""},"categories":[10530,6340,6351],"tags":[3575],"class_list":["post-95539","post","type-post","status-publish","format-standard","has-post-thumbnail","hentry","category-actualites","category-architecture-conception","category-energie-environnement","tag-qualite-de-lair"],"yoast_head":"<!-- This site is optimized with the Yoast SEO plugin v27.4 - https:\/\/yoast.com\/product\/yoast-seo-wordpress\/ -->\n<title>La qualit\u00e9 de l&#039;air des b\u00e2timents performants en \u00e9nergie<\/title>\n<meta name=\"robots\" content=\"index, follow, max-snippet:-1, max-image-preview:large, max-video-preview:-1\" \/>\n<link rel=\"canonical\" href=\"https:\/\/batijournal.com\/index.php\/qualite-de-lair-batiments-performants-energie\/95539\/\" \/>\n<meta property=\"og:locale\" content=\"fr_FR\" \/>\n<meta property=\"og:type\" content=\"article\" \/>\n<meta property=\"og:title\" content=\"La qualit\u00e9 de l&#039;air des b\u00e2timents performants en \u00e9nergie\" \/>\n<meta property=\"og:description\" content=\"L\u2019Observatoire de la qualit\u00e9 de l\u2019air int\u00e9rieur a pr\u00e9sent\u00e9 les r\u00e9sultats d\u2019une \u00e9tude d\u00e9di\u00e9e aux b\u00e2timents performants en \u00e9nergie. Les premiers r\u00e9sultats portent sur 72 logements r\u00e9partis dans 43 b\u00e2timents. S\u2019ils ne sont \u00e0 ce stade pas g\u00e9n\u00e9ralisables \u00e0 l\u2019ensemble des b\u00e2timents performants en \u00e9nergie, ils permettent en revanche d\u2019apporter de premiers indicateurs utiles pour [&hellip;]\" \/>\n<meta property=\"og:url\" content=\"https:\/\/batijournal.com\/index.php\/qualite-de-lair-batiments-performants-energie\/95539\/\" \/>\n<meta property=\"og:site_name\" content=\"Batijournal\" \/>\n<meta property=\"article:published_time\" content=\"2017-03-24T17:29:27+00:00\" \/>\n<meta property=\"article:modified_time\" content=\"2019-07-15T10:10:55+00:00\" \/>\n<meta property=\"og:image\" content=\"https:\/\/batijournal.com\/wp-content\/uploads\/2017\/03\/qualite-de-l-air-2.jpg\" \/>\n\t<meta property=\"og:image:width\" content=\"1200\" \/>\n\t<meta property=\"og:image:height\" content=\"800\" \/>\n\t<meta property=\"og:image:type\" content=\"image\/jpeg\" \/>\n<meta name=\"author\" content=\"St\u00e9phane Miget\" \/>\n<meta name=\"twitter:card\" content=\"summary_large_image\" \/>\n<meta name=\"twitter:creator\" content=\"@bati_journal\" \/>\n<meta name=\"twitter:site\" content=\"@bati_journal\" \/>\n<meta name=\"twitter:label1\" content=\"\u00c9crit par\" \/>\n\t<meta name=\"twitter:data1\" content=\"St\u00e9phane Miget\" \/>\n\t<meta name=\"twitter:label2\" content=\"Dur\u00e9e de lecture estim\u00e9e\" \/>\n\t<meta name=\"twitter:data2\" content=\"1 minute\" \/>\n<script type=\"application\/ld+json\" class=\"yoast-schema-graph\">{\"@context\":\"https:\\\/\\\/schema.org\",\"@graph\":[{\"@type\":\"Article\",\"@id\":\"https:\\\/\\\/batijournal.com\\\/index.php\\\/qualite-de-lair-batiments-performants-energie\\\/95539\\\/#article\",\"isPartOf\":{\"@id\":\"https:\\\/\\\/batijournal.com\\\/index.php\\\/qualite-de-lair-batiments-performants-energie\\\/95539\\\/\"},\"author\":{\"name\":\"St\u00e9phane Miget\",\"@id\":\"https:\\\/\\\/batijournal.com\\\/#\\\/schema\\\/person\\\/1dc96ec6957aa1ccb25ebe78bb19f100\"},\"headline\":\"La qualit\u00e9 de l&rsquo;air des b\u00e2timents performants en \u00e9nergie\",\"datePublished\":\"2017-03-24T17:29:27+00:00\",\"dateModified\":\"2019-07-15T10:10:55+00:00\",\"mainEntityOfPage\":{\"@id\":\"https:\\\/\\\/batijournal.com\\\/index.php\\\/qualite-de-lair-batiments-performants-energie\\\/95539\\\/\"},\"wordCount\":227,\"image\":{\"@id\":\"https:\\\/\\\/batijournal.com\\\/index.php\\\/qualite-de-lair-batiments-performants-energie\\\/95539\\\/#primaryimage\"},\"thumbnailUrl\":\"https:\\\/\\\/batijournal.com\\\/wp-content\\\/uploads\\\/2017\\\/03\\\/qualite-de-l-air-2.jpg\",\"keywords\":[\"qualit\u00e9 de l'air\"],\"articleSection\":[\"Actualit\u00e9s\",\"Architecture &amp; Conception\",\"\u00c9nergie &amp; Environnement\"],\"inLanguage\":\"fr-FR\"},{\"@type\":\"WebPage\",\"@id\":\"https:\\\/\\\/batijournal.com\\\/index.php\\\/qualite-de-lair-batiments-performants-energie\\\/95539\\\/\",\"url\":\"https:\\\/\\\/batijournal.com\\\/index.php\\\/qualite-de-lair-batiments-performants-energie\\\/95539\\\/\",\"name\":\"La qualit\u00e9 de l'air des b\u00e2timents performants en \u00e9nergie\",\"isPartOf\":{\"@id\":\"https:\\\/\\\/batijournal.com\\\/#website\"},\"primaryImageOfPage\":{\"@id\":\"https:\\\/\\\/batijournal.com\\\/index.php\\\/qualite-de-lair-batiments-performants-energie\\\/95539\\\/#primaryimage\"},\"image\":{\"@id\":\"https:\\\/\\\/batijournal.com\\\/index.php\\\/qualite-de-lair-batiments-performants-energie\\\/95539\\\/#primaryimage\"},\"thumbnailUrl\":\"https:\\\/\\\/batijournal.com\\\/wp-content\\\/uploads\\\/2017\\\/03\\\/qualite-de-l-air-2.jpg\",\"datePublished\":\"2017-03-24T17:29:27+00:00\",\"dateModified\":\"2019-07-15T10:10:55+00:00\",\"author\":{\"@id\":\"https:\\\/\\\/batijournal.com\\\/#\\\/schema\\\/person\\\/1dc96ec6957aa1ccb25ebe78bb19f100\"},\"breadcrumb\":{\"@id\":\"https:\\\/\\\/batijournal.com\\\/index.php\\\/qualite-de-lair-batiments-performants-energie\\\/95539\\\/#breadcrumb\"},\"inLanguage\":\"fr-FR\",\"potentialAction\":[{\"@type\":\"ReadAction\",\"target\":[\"https:\\\/\\\/batijournal.com\\\/index.php\\\/qualite-de-lair-batiments-performants-energie\\\/95539\\\/\"]}]},{\"@type\":\"ImageObject\",\"inLanguage\":\"fr-FR\",\"@id\":\"https:\\\/\\\/batijournal.com\\\/index.php\\\/qualite-de-lair-batiments-performants-energie\\\/95539\\\/#primaryimage\",\"url\":\"https:\\\/\\\/batijournal.com\\\/wp-content\\\/uploads\\\/2017\\\/03\\\/qualite-de-l-air-2.jpg\",\"contentUrl\":\"https:\\\/\\\/batijournal.com\\\/wp-content\\\/uploads\\\/2017\\\/03\\\/qualite-de-l-air-2.jpg\",\"width\":1200,\"height\":800},{\"@type\":\"BreadcrumbList\",\"@id\":\"https:\\\/\\\/batijournal.com\\\/index.php\\\/qualite-de-lair-batiments-performants-energie\\\/95539\\\/#breadcrumb\",\"itemListElement\":[{\"@type\":\"ListItem\",\"position\":1,\"name\":\"Accueil\",\"item\":\"https:\\\/\\\/batijournal.com\\\/\"},{\"@type\":\"ListItem\",\"position\":2,\"name\":\"Actualit\u00e9s\",\"item\":\"https:\\\/\\\/batijournal.com\\\/index.php\\\/category\\\/actualites\\\/\"},{\"@type\":\"ListItem\",\"position\":3,\"name\":\"La qualit\u00e9 de l&rsquo;air des b\u00e2timents performants en \u00e9nergie\"}]},{\"@type\":\"WebSite\",\"@id\":\"https:\\\/\\\/batijournal.com\\\/#website\",\"url\":\"https:\\\/\\\/batijournal.com\\\/\",\"name\":\"Batijournal\",\"description\":\"L&#039;actualit\u00e9 du b\u00e2timent\",\"potentialAction\":[{\"@type\":\"SearchAction\",\"target\":{\"@type\":\"EntryPoint\",\"urlTemplate\":\"https:\\\/\\\/batijournal.com\\\/?s={search_term_string}\"},\"query-input\":{\"@type\":\"PropertyValueSpecification\",\"valueRequired\":true,\"valueName\":\"search_term_string\"}}],\"inLanguage\":\"fr-FR\"},{\"@type\":\"Person\",\"@id\":\"https:\\\/\\\/batijournal.com\\\/#\\\/schema\\\/person\\\/1dc96ec6957aa1ccb25ebe78bb19f100\",\"name\":\"St\u00e9phane Miget\",\"image\":{\"@type\":\"ImageObject\",\"inLanguage\":\"fr-FR\",\"@id\":\"https:\\\/\\\/secure.gravatar.com\\\/avatar\\\/89915563d925342126b8ef0281b93d9d7fc337043e8df017f780908eb9644451?s=96&d=mm&r=g\",\"url\":\"https:\\\/\\\/secure.gravatar.com\\\/avatar\\\/89915563d925342126b8ef0281b93d9d7fc337043e8df017f780908eb9644451?s=96&d=mm&r=g\",\"contentUrl\":\"https:\\\/\\\/secure.gravatar.com\\\/avatar\\\/89915563d925342126b8ef0281b93d9d7fc337043e8df017f780908eb9644451?s=96&d=mm&r=g\",\"caption\":\"St\u00e9phane Miget\"},\"url\":\"https:\\\/\\\/batijournal.com\\\/index.php\\\/author\\\/stephane\\\/\"}]}<\/script>\n<!-- \/ Yoast SEO plugin. -->","yoast_head_json":{"title":"La qualit\u00e9 de l'air des b\u00e2timents performants en \u00e9nergie","robots":{"index":"index","follow":"follow","max-snippet":"max-snippet:-1","max-image-preview":"max-image-preview:large","max-video-preview":"max-video-preview:-1"},"canonical":"https:\/\/batijournal.com\/index.php\/qualite-de-lair-batiments-performants-energie\/95539\/","og_locale":"fr_FR","og_type":"article","og_title":"La qualit\u00e9 de l'air des b\u00e2timents performants en \u00e9nergie","og_description":"L\u2019Observatoire de la qualit\u00e9 de l\u2019air int\u00e9rieur a pr\u00e9sent\u00e9 les r\u00e9sultats d\u2019une \u00e9tude d\u00e9di\u00e9e aux b\u00e2timents performants en \u00e9nergie. Les premiers r\u00e9sultats portent sur 72 logements r\u00e9partis dans 43 b\u00e2timents. S\u2019ils ne sont \u00e0 ce stade pas g\u00e9n\u00e9ralisables \u00e0 l\u2019ensemble des b\u00e2timents performants en \u00e9nergie, ils permettent en revanche d\u2019apporter de premiers indicateurs utiles pour [&hellip;]","og_url":"https:\/\/batijournal.com\/index.php\/qualite-de-lair-batiments-performants-energie\/95539\/","og_site_name":"Batijournal","article_published_time":"2017-03-24T17:29:27+00:00","article_modified_time":"2019-07-15T10:10:55+00:00","og_image":[{"width":1200,"height":800,"url":"https:\/\/batijournal.com\/wp-content\/uploads\/2017\/03\/qualite-de-l-air-2.jpg","type":"image\/jpeg"}],"author":"St\u00e9phane Miget","twitter_card":"summary_large_image","twitter_creator":"@bati_journal","twitter_site":"@bati_journal","twitter_misc":{"\u00c9crit par":"St\u00e9phane Miget","Dur\u00e9e de lecture estim\u00e9e":"1 minute"},"schema":{"@context":"https:\/\/schema.org","@graph":[{"@type":"Article","@id":"https:\/\/batijournal.com\/index.php\/qualite-de-lair-batiments-performants-energie\/95539\/#article","isPartOf":{"@id":"https:\/\/batijournal.com\/index.php\/qualite-de-lair-batiments-performants-energie\/95539\/"},"author":{"name":"St\u00e9phane Miget","@id":"https:\/\/batijournal.com\/#\/schema\/person\/1dc96ec6957aa1ccb25ebe78bb19f100"},"headline":"La qualit\u00e9 de l&rsquo;air des b\u00e2timents performants en \u00e9nergie","datePublished":"2017-03-24T17:29:27+00:00","dateModified":"2019-07-15T10:10:55+00:00","mainEntityOfPage":{"@id":"https:\/\/batijournal.com\/index.php\/qualite-de-lair-batiments-performants-energie\/95539\/"},"wordCount":227,"image":{"@id":"https:\/\/batijournal.com\/index.php\/qualite-de-lair-batiments-performants-energie\/95539\/#primaryimage"},"thumbnailUrl":"https:\/\/batijournal.com\/wp-content\/uploads\/2017\/03\/qualite-de-l-air-2.jpg","keywords":["qualit\u00e9 de l'air"],"articleSection":["Actualit\u00e9s","Architecture &amp; Conception","\u00c9nergie &amp; Environnement"],"inLanguage":"fr-FR"},{"@type":"WebPage","@id":"https:\/\/batijournal.com\/index.php\/qualite-de-lair-batiments-performants-energie\/95539\/","url":"https:\/\/batijournal.com\/index.php\/qualite-de-lair-batiments-performants-energie\/95539\/","name":"La qualit\u00e9 de l'air des b\u00e2timents performants en \u00e9nergie","isPartOf":{"@id":"https:\/\/batijournal.com\/#website"},"primaryImageOfPage":{"@id":"https:\/\/batijournal.com\/index.php\/qualite-de-lair-batiments-performants-energie\/95539\/#primaryimage"},"image":{"@id":"https:\/\/batijournal.com\/index.php\/qualite-de-lair-batiments-performants-energie\/95539\/#primaryimage"},"thumbnailUrl":"https:\/\/batijournal.com\/wp-content\/uploads\/2017\/03\/qualite-de-l-air-2.jpg","datePublished":"2017-03-24T17:29:27+00:00","dateModified":"2019-07-15T10:10:55+00:00","author":{"@id":"https:\/\/batijournal.com\/#\/schema\/person\/1dc96ec6957aa1ccb25ebe78bb19f100"},"breadcrumb":{"@id":"https:\/\/batijournal.com\/index.php\/qualite-de-lair-batiments-performants-energie\/95539\/#breadcrumb"},"inLanguage":"fr-FR","potentialAction":[{"@type":"ReadAction","target":["https:\/\/batijournal.com\/index.php\/qualite-de-lair-batiments-performants-energie\/95539\/"]}]},{"@type":"ImageObject","inLanguage":"fr-FR","@id":"https:\/\/batijournal.com\/index.php\/qualite-de-lair-batiments-performants-energie\/95539\/#primaryimage","url":"https:\/\/batijournal.com\/wp-content\/uploads\/2017\/03\/qualite-de-l-air-2.jpg","contentUrl":"https:\/\/batijournal.com\/wp-content\/uploads\/2017\/03\/qualite-de-l-air-2.jpg","width":1200,"height":800},{"@type":"BreadcrumbList","@id":"https:\/\/batijournal.com\/index.php\/qualite-de-lair-batiments-performants-energie\/95539\/#breadcrumb","itemListElement":[{"@type":"ListItem","position":1,"name":"Accueil","item":"https:\/\/batijournal.com\/"},{"@type":"ListItem","position":2,"name":"Actualit\u00e9s","item":"https:\/\/batijournal.com\/index.php\/category\/actualites\/"},{"@type":"ListItem","position":3,"name":"La qualit\u00e9 de l&rsquo;air des b\u00e2timents performants en \u00e9nergie"}]},{"@type":"WebSite","@id":"https:\/\/batijournal.com\/#website","url":"https:\/\/batijournal.com\/","name":"Batijournal","description":"L&#039;actualit\u00e9 du b\u00e2timent","potentialAction":[{"@type":"SearchAction","target":{"@type":"EntryPoint","urlTemplate":"https:\/\/batijournal.com\/?s={search_term_string}"},"query-input":{"@type":"PropertyValueSpecification","valueRequired":true,"valueName":"search_term_string"}}],"inLanguage":"fr-FR"},{"@type":"Person","@id":"https:\/\/batijournal.com\/#\/schema\/person\/1dc96ec6957aa1ccb25ebe78bb19f100","name":"St\u00e9phane Miget","image":{"@type":"ImageObject","inLanguage":"fr-FR","@id":"https:\/\/secure.gravatar.com\/avatar\/89915563d925342126b8ef0281b93d9d7fc337043e8df017f780908eb9644451?s=96&d=mm&r=g","url":"https:\/\/secure.gravatar.com\/avatar\/89915563d925342126b8ef0281b93d9d7fc337043e8df017f780908eb9644451?s=96&d=mm&r=g","contentUrl":"https:\/\/secure.gravatar.com\/avatar\/89915563d925342126b8ef0281b93d9d7fc337043e8df017f780908eb9644451?s=96&d=mm&r=g","caption":"St\u00e9phane Miget"},"url":"https:\/\/batijournal.com\/index.php\/author\/stephane\/"}]}},"_links":{"self":[{"href":"https:\/\/batijournal.com\/index.php\/wp-json\/wp\/v2\/posts\/95539","targetHints":{"allow":["GET"]}}],"collection":[{"href":"https:\/\/batijournal.com\/index.php\/wp-json\/wp\/v2\/posts"}],"about":[{"href":"https:\/\/batijournal.com\/index.php\/wp-json\/wp\/v2\/types\/post"}],"author":[{"embeddable":true,"href":"https:\/\/batijournal.com\/index.php\/wp-json\/wp\/v2\/users\/17"}],"replies":[{"embeddable":true,"href":"https:\/\/batijournal.com\/index.php\/wp-json\/wp\/v2\/comments?post=95539"}],"version-history":[{"count":0,"href":"https:\/\/batijournal.com\/index.php\/wp-json\/wp\/v2\/posts\/95539\/revisions"}],"wp:featuredmedia":[{"embeddable":true,"href":"https:\/\/batijournal.com\/index.php\/wp-json\/wp\/v2\/media\/95540"}],"wp:attachment":[{"href":"https:\/\/batijournal.com\/index.php\/wp-json\/wp\/v2\/media?parent=95539"}],"wp:term":[{"taxonomy":"category","embeddable":true,"href":"https:\/\/batijournal.com\/index.php\/wp-json\/wp\/v2\/categories?post=95539"},{"taxonomy":"post_tag","embeddable":true,"href":"https:\/\/batijournal.com\/index.php\/wp-json\/wp\/v2\/tags?post=95539"}],"curies":[{"name":"wp","href":"https:\/\/api.w.org\/{rel}","templated":true}]}}