{"id":95541,"date":"2017-03-27T06:38:47","date_gmt":"2017-03-27T04:38:47","guid":{"rendered":"http:\/\/batijournal.com\/?p=95541"},"modified":"2019-07-15T12:03:55","modified_gmt":"2019-07-15T10:03:55","slug":"logement-absent-debat-de-presidentielle","status":"publish","type":"post","link":"https:\/\/batijournal.com\/index.php\/logement-absent-debat-de-presidentielle\/95541\/","title":{"rendered":"Le logement absent du d\u00e9bat de la pr\u00e9sidentielle"},"content":{"rendered":"<p>Durant plus de 3 heures les cinq principaux candidats aux pr\u00e9sidentielles\u00a0ont pu exposer leurs propositions et divergences sur de nombreux sujets : \u00e9ducation, la\u00efcit\u00e9, \u00e9conomie, retraites, sant\u00e9 ou politique \u00e9trang\u00e8re lors du premier d\u00e9bat t\u00e9l\u00e9vis\u00e9 du 20 mars.\u00a0Pourtant, pas une minute n&rsquo;a \u00e9t\u00e9 r\u00e9serv\u00e9e\u00a0au logement.\u00a0La CNL s\u2019\u00e9tonne de cette situation et plus largement de l\u2019absence d\u2019une th\u00e9matique aussi essentielle dans la campagne.\u00a0Le logement est pour beaucoup de famille le premier poste de d\u00e9penses.\u00a0La premi\u00e8re organisation repr\u00e9sentative des locataires, a interpell\u00e9 l\u2019ensemble des candidats sur le sujet il y a d\u00e9j\u00e0 plusieurs mois. Certains ont r\u00e9pondu.\u00a0Elle a pr\u00e9sent\u00e9 des propositions pr\u00e9cises et issues directement du terrain dans un livret intitul\u00e9 \u00ab Priorit\u00e9 aux Habitants \u00bb.\u00a0Cependant, \u00e9tant donn\u00e9 la raret\u00e9 des interventions des diff\u00e9rents candidats sur le sujet, il est difficile pour la plupart des habitants de ce pays de se faire un avis sur leurs programmes.\u00a0D\u2019ici le premier tour de l\u2019\u00e9lection, deux autres d\u00e9bats t\u00e9l\u00e9vis\u00e9s seront organis\u00e9s entre les candidats.\u00a0La CNL esp\u00e8re que les candidats auront l\u2019occasion d\u2019exposer leurs propositions pour en finir avec la crise du logement.\u00a0Elle a par ailleurs officiellement alert\u00e9 l\u2019ensemble des m\u00e9dias qui organisent ces d\u00e9bats pour leur faire part de cette aspiration importante des habitants.<\/p>\n<p>&nbsp;<\/p>\n","protected":false},"excerpt":{"rendered":"<p>Durant plus de 3 heures les cinq principaux candidats aux pr\u00e9sidentielles\u00a0ont pu exposer leurs propositions et divergences sur de nombreux sujets : \u00e9ducation, la\u00efcit\u00e9, \u00e9conomie, retraites, sant\u00e9 ou politique \u00e9trang\u00e8re lors du premier d\u00e9bat t\u00e9l\u00e9vis\u00e9 du 20 mars.\u00a0Pourtant, pas une minute n&rsquo;a \u00e9t\u00e9 r\u00e9serv\u00e9e\u00a0au logement.\u00a0La CNL s\u2019\u00e9tonne de cette situation et plus largement de l\u2019absence [&hellip;]<\/p>\n","protected":false},"author":17,"featured_media":90551,"comment_status":"closed","ping_status":"closed","sticky":false,"template":"","format":"standard","meta":{"_et_pb_use_builder":"","_et_pb_old_content":"","_et_gb_content_width":"","footnotes":""},"categories":[10530,6345],"tags":[11813],"class_list":["post-95541","post","type-post","status-publish","format-standard","has-post-thumbnail","hentry","category-actualites","category-economie-marches","tag-elections-presidentielles"],"yoast_head":"<!-- This site is optimized with the Yoast SEO plugin v27.4 - https:\/\/yoast.com\/product\/yoast-seo-wordpress\/ -->\n<title>Le logement absent du d\u00e9bat de la pr\u00e9sidentielle<\/title>\n<meta name=\"robots\" content=\"index, follow, max-snippet:-1, max-image-preview:large, max-video-preview:-1\" \/>\n<link rel=\"canonical\" href=\"https:\/\/batijournal.com\/index.php\/logement-absent-debat-de-presidentielle\/95541\/\" \/>\n<meta property=\"og:locale\" content=\"fr_FR\" \/>\n<meta property=\"og:type\" content=\"article\" \/>\n<meta property=\"og:title\" content=\"Le logement absent du d\u00e9bat de la pr\u00e9sidentielle\" \/>\n<meta property=\"og:description\" content=\"Durant plus de 3 heures les cinq principaux candidats aux pr\u00e9sidentielles\u00a0ont pu exposer leurs propositions et divergences sur de nombreux sujets : \u00e9ducation, la\u00efcit\u00e9, \u00e9conomie, retraites, sant\u00e9 ou politique \u00e9trang\u00e8re lors du premier d\u00e9bat t\u00e9l\u00e9vis\u00e9 du 20 mars.\u00a0Pourtant, pas une minute n&rsquo;a \u00e9t\u00e9 r\u00e9serv\u00e9e\u00a0au logement.\u00a0La CNL s\u2019\u00e9tonne de cette situation et plus largement de l\u2019absence [&hellip;]\" \/>\n<meta property=\"og:url\" content=\"https:\/\/batijournal.com\/index.php\/logement-absent-debat-de-presidentielle\/95541\/\" \/>\n<meta property=\"og:site_name\" content=\"Batijournal\" \/>\n<meta property=\"article:published_time\" content=\"2017-03-27T04:38:47+00:00\" \/>\n<meta property=\"article:modified_time\" content=\"2019-07-15T10:03:55+00:00\" \/>\n<meta property=\"og:image\" content=\"https:\/\/batijournal.com\/wp-content\/uploads\/2015\/11\/chantier.jpg\" \/>\n\t<meta property=\"og:image:width\" content=\"1200\" \/>\n\t<meta property=\"og:image:height\" content=\"800\" \/>\n\t<meta property=\"og:image:type\" content=\"image\/jpeg\" \/>\n<meta name=\"author\" content=\"St\u00e9phane Miget\" \/>\n<meta name=\"twitter:card\" content=\"summary_large_image\" \/>\n<meta name=\"twitter:creator\" content=\"@bati_journal\" \/>\n<meta name=\"twitter:site\" content=\"@bati_journal\" \/>\n<meta name=\"twitter:label1\" content=\"\u00c9crit par\" \/>\n\t<meta name=\"twitter:data1\" content=\"St\u00e9phane Miget\" \/>\n\t<meta name=\"twitter:label2\" content=\"Dur\u00e9e de lecture estim\u00e9e\" \/>\n\t<meta name=\"twitter:data2\" content=\"1 minute\" \/>\n<script type=\"application\/ld+json\" class=\"yoast-schema-graph\">{\"@context\":\"https:\\\/\\\/schema.org\",\"@graph\":[{\"@type\":\"Article\",\"@id\":\"https:\\\/\\\/batijournal.com\\\/index.php\\\/logement-absent-debat-de-presidentielle\\\/95541\\\/#article\",\"isPartOf\":{\"@id\":\"https:\\\/\\\/batijournal.com\\\/index.php\\\/logement-absent-debat-de-presidentielle\\\/95541\\\/\"},\"author\":{\"name\":\"St\u00e9phane Miget\",\"@id\":\"https:\\\/\\\/batijournal.com\\\/#\\\/schema\\\/person\\\/1dc96ec6957aa1ccb25ebe78bb19f100\"},\"headline\":\"Le logement absent du d\u00e9bat de la pr\u00e9sidentielle\",\"datePublished\":\"2017-03-27T04:38:47+00:00\",\"dateModified\":\"2019-07-15T10:03:55+00:00\",\"mainEntityOfPage\":{\"@id\":\"https:\\\/\\\/batijournal.com\\\/index.php\\\/logement-absent-debat-de-presidentielle\\\/95541\\\/\"},\"wordCount\":251,\"image\":{\"@id\":\"https:\\\/\\\/batijournal.com\\\/index.php\\\/logement-absent-debat-de-presidentielle\\\/95541\\\/#primaryimage\"},\"thumbnailUrl\":\"https:\\\/\\\/batijournal.com\\\/wp-content\\\/uploads\\\/2015\\\/11\\\/chantier.jpg\",\"keywords\":[\"\u00e9lections pr\u00e9sidentielles\"],\"articleSection\":[\"Actualit\u00e9s\",\"\u00c9conomie &amp; March\u00e9s\"],\"inLanguage\":\"fr-FR\"},{\"@type\":\"WebPage\",\"@id\":\"https:\\\/\\\/batijournal.com\\\/index.php\\\/logement-absent-debat-de-presidentielle\\\/95541\\\/\",\"url\":\"https:\\\/\\\/batijournal.com\\\/index.php\\\/logement-absent-debat-de-presidentielle\\\/95541\\\/\",\"name\":\"Le logement absent du d\u00e9bat de la pr\u00e9sidentielle\",\"isPartOf\":{\"@id\":\"https:\\\/\\\/batijournal.com\\\/#website\"},\"primaryImageOfPage\":{\"@id\":\"https:\\\/\\\/batijournal.com\\\/index.php\\\/logement-absent-debat-de-presidentielle\\\/95541\\\/#primaryimage\"},\"image\":{\"@id\":\"https:\\\/\\\/batijournal.com\\\/index.php\\\/logement-absent-debat-de-presidentielle\\\/95541\\\/#primaryimage\"},\"thumbnailUrl\":\"https:\\\/\\\/batijournal.com\\\/wp-content\\\/uploads\\\/2015\\\/11\\\/chantier.jpg\",\"datePublished\":\"2017-03-27T04:38:47+00:00\",\"dateModified\":\"2019-07-15T10:03:55+00:00\",\"author\":{\"@id\":\"https:\\\/\\\/batijournal.com\\\/#\\\/schema\\\/person\\\/1dc96ec6957aa1ccb25ebe78bb19f100\"},\"breadcrumb\":{\"@id\":\"https:\\\/\\\/batijournal.com\\\/index.php\\\/logement-absent-debat-de-presidentielle\\\/95541\\\/#breadcrumb\"},\"inLanguage\":\"fr-FR\",\"potentialAction\":[{\"@type\":\"ReadAction\",\"target\":[\"https:\\\/\\\/batijournal.com\\\/index.php\\\/logement-absent-debat-de-presidentielle\\\/95541\\\/\"]}]},{\"@type\":\"ImageObject\",\"inLanguage\":\"fr-FR\",\"@id\":\"https:\\\/\\\/batijournal.com\\\/index.php\\\/logement-absent-debat-de-presidentielle\\\/95541\\\/#primaryimage\",\"url\":\"https:\\\/\\\/batijournal.com\\\/wp-content\\\/uploads\\\/2015\\\/11\\\/chantier.jpg\",\"contentUrl\":\"https:\\\/\\\/batijournal.com\\\/wp-content\\\/uploads\\\/2015\\\/11\\\/chantier.jpg\",\"width\":1200,\"height\":800},{\"@type\":\"BreadcrumbList\",\"@id\":\"https:\\\/\\\/batijournal.com\\\/index.php\\\/logement-absent-debat-de-presidentielle\\\/95541\\\/#breadcrumb\",\"itemListElement\":[{\"@type\":\"ListItem\",\"position\":1,\"name\":\"Accueil\",\"item\":\"https:\\\/\\\/batijournal.com\\\/\"},{\"@type\":\"ListItem\",\"position\":2,\"name\":\"Actualit\u00e9s\",\"item\":\"https:\\\/\\\/batijournal.com\\\/index.php\\\/category\\\/actualites\\\/\"},{\"@type\":\"ListItem\",\"position\":3,\"name\":\"Le logement absent du d\u00e9bat de la pr\u00e9sidentielle\"}]},{\"@type\":\"WebSite\",\"@id\":\"https:\\\/\\\/batijournal.com\\\/#website\",\"url\":\"https:\\\/\\\/batijournal.com\\\/\",\"name\":\"Batijournal\",\"description\":\"L&#039;actualit\u00e9 du b\u00e2timent\",\"potentialAction\":[{\"@type\":\"SearchAction\",\"target\":{\"@type\":\"EntryPoint\",\"urlTemplate\":\"https:\\\/\\\/batijournal.com\\\/?s={search_term_string}\"},\"query-input\":{\"@type\":\"PropertyValueSpecification\",\"valueRequired\":true,\"valueName\":\"search_term_string\"}}],\"inLanguage\":\"fr-FR\"},{\"@type\":\"Person\",\"@id\":\"https:\\\/\\\/batijournal.com\\\/#\\\/schema\\\/person\\\/1dc96ec6957aa1ccb25ebe78bb19f100\",\"name\":\"St\u00e9phane Miget\",\"image\":{\"@type\":\"ImageObject\",\"inLanguage\":\"fr-FR\",\"@id\":\"https:\\\/\\\/secure.gravatar.com\\\/avatar\\\/89915563d925342126b8ef0281b93d9d7fc337043e8df017f780908eb9644451?s=96&d=mm&r=g\",\"url\":\"https:\\\/\\\/secure.gravatar.com\\\/avatar\\\/89915563d925342126b8ef0281b93d9d7fc337043e8df017f780908eb9644451?s=96&d=mm&r=g\",\"contentUrl\":\"https:\\\/\\\/secure.gravatar.com\\\/avatar\\\/89915563d925342126b8ef0281b93d9d7fc337043e8df017f780908eb9644451?s=96&d=mm&r=g\",\"caption\":\"St\u00e9phane Miget\"},\"url\":\"https:\\\/\\\/batijournal.com\\\/index.php\\\/author\\\/stephane\\\/\"}]}<\/script>\n<!-- \/ Yoast SEO plugin. -->","yoast_head_json":{"title":"Le logement absent du d\u00e9bat de la pr\u00e9sidentielle","robots":{"index":"index","follow":"follow","max-snippet":"max-snippet:-1","max-image-preview":"max-image-preview:large","max-video-preview":"max-video-preview:-1"},"canonical":"https:\/\/batijournal.com\/index.php\/logement-absent-debat-de-presidentielle\/95541\/","og_locale":"fr_FR","og_type":"article","og_title":"Le logement absent du d\u00e9bat de la pr\u00e9sidentielle","og_description":"Durant plus de 3 heures les cinq principaux candidats aux pr\u00e9sidentielles\u00a0ont pu exposer leurs propositions et divergences sur de nombreux sujets : \u00e9ducation, la\u00efcit\u00e9, \u00e9conomie, retraites, sant\u00e9 ou politique \u00e9trang\u00e8re lors du premier d\u00e9bat t\u00e9l\u00e9vis\u00e9 du 20 mars.\u00a0Pourtant, pas une minute n&rsquo;a \u00e9t\u00e9 r\u00e9serv\u00e9e\u00a0au logement.\u00a0La CNL s\u2019\u00e9tonne de cette situation et plus largement de l\u2019absence [&hellip;]","og_url":"https:\/\/batijournal.com\/index.php\/logement-absent-debat-de-presidentielle\/95541\/","og_site_name":"Batijournal","article_published_time":"2017-03-27T04:38:47+00:00","article_modified_time":"2019-07-15T10:03:55+00:00","og_image":[{"width":1200,"height":800,"url":"https:\/\/batijournal.com\/wp-content\/uploads\/2015\/11\/chantier.jpg","type":"image\/jpeg"}],"author":"St\u00e9phane Miget","twitter_card":"summary_large_image","twitter_creator":"@bati_journal","twitter_site":"@bati_journal","twitter_misc":{"\u00c9crit par":"St\u00e9phane Miget","Dur\u00e9e de lecture estim\u00e9e":"1 minute"},"schema":{"@context":"https:\/\/schema.org","@graph":[{"@type":"Article","@id":"https:\/\/batijournal.com\/index.php\/logement-absent-debat-de-presidentielle\/95541\/#article","isPartOf":{"@id":"https:\/\/batijournal.com\/index.php\/logement-absent-debat-de-presidentielle\/95541\/"},"author":{"name":"St\u00e9phane Miget","@id":"https:\/\/batijournal.com\/#\/schema\/person\/1dc96ec6957aa1ccb25ebe78bb19f100"},"headline":"Le logement absent du d\u00e9bat de la pr\u00e9sidentielle","datePublished":"2017-03-27T04:38:47+00:00","dateModified":"2019-07-15T10:03:55+00:00","mainEntityOfPage":{"@id":"https:\/\/batijournal.com\/index.php\/logement-absent-debat-de-presidentielle\/95541\/"},"wordCount":251,"image":{"@id":"https:\/\/batijournal.com\/index.php\/logement-absent-debat-de-presidentielle\/95541\/#primaryimage"},"thumbnailUrl":"https:\/\/batijournal.com\/wp-content\/uploads\/2015\/11\/chantier.jpg","keywords":["\u00e9lections pr\u00e9sidentielles"],"articleSection":["Actualit\u00e9s","\u00c9conomie &amp; March\u00e9s"],"inLanguage":"fr-FR"},{"@type":"WebPage","@id":"https:\/\/batijournal.com\/index.php\/logement-absent-debat-de-presidentielle\/95541\/","url":"https:\/\/batijournal.com\/index.php\/logement-absent-debat-de-presidentielle\/95541\/","name":"Le logement absent du d\u00e9bat de la pr\u00e9sidentielle","isPartOf":{"@id":"https:\/\/batijournal.com\/#website"},"primaryImageOfPage":{"@id":"https:\/\/batijournal.com\/index.php\/logement-absent-debat-de-presidentielle\/95541\/#primaryimage"},"image":{"@id":"https:\/\/batijournal.com\/index.php\/logement-absent-debat-de-presidentielle\/95541\/#primaryimage"},"thumbnailUrl":"https:\/\/batijournal.com\/wp-content\/uploads\/2015\/11\/chantier.jpg","datePublished":"2017-03-27T04:38:47+00:00","dateModified":"2019-07-15T10:03:55+00:00","author":{"@id":"https:\/\/batijournal.com\/#\/schema\/person\/1dc96ec6957aa1ccb25ebe78bb19f100"},"breadcrumb":{"@id":"https:\/\/batijournal.com\/index.php\/logement-absent-debat-de-presidentielle\/95541\/#breadcrumb"},"inLanguage":"fr-FR","potentialAction":[{"@type":"ReadAction","target":["https:\/\/batijournal.com\/index.php\/logement-absent-debat-de-presidentielle\/95541\/"]}]},{"@type":"ImageObject","inLanguage":"fr-FR","@id":"https:\/\/batijournal.com\/index.php\/logement-absent-debat-de-presidentielle\/95541\/#primaryimage","url":"https:\/\/batijournal.com\/wp-content\/uploads\/2015\/11\/chantier.jpg","contentUrl":"https:\/\/batijournal.com\/wp-content\/uploads\/2015\/11\/chantier.jpg","width":1200,"height":800},{"@type":"BreadcrumbList","@id":"https:\/\/batijournal.com\/index.php\/logement-absent-debat-de-presidentielle\/95541\/#breadcrumb","itemListElement":[{"@type":"ListItem","position":1,"name":"Accueil","item":"https:\/\/batijournal.com\/"},{"@type":"ListItem","position":2,"name":"Actualit\u00e9s","item":"https:\/\/batijournal.com\/index.php\/category\/actualites\/"},{"@type":"ListItem","position":3,"name":"Le logement absent du d\u00e9bat de la pr\u00e9sidentielle"}]},{"@type":"WebSite","@id":"https:\/\/batijournal.com\/#website","url":"https:\/\/batijournal.com\/","name":"Batijournal","description":"L&#039;actualit\u00e9 du b\u00e2timent","potentialAction":[{"@type":"SearchAction","target":{"@type":"EntryPoint","urlTemplate":"https:\/\/batijournal.com\/?s={search_term_string}"},"query-input":{"@type":"PropertyValueSpecification","valueRequired":true,"valueName":"search_term_string"}}],"inLanguage":"fr-FR"},{"@type":"Person","@id":"https:\/\/batijournal.com\/#\/schema\/person\/1dc96ec6957aa1ccb25ebe78bb19f100","name":"St\u00e9phane Miget","image":{"@type":"ImageObject","inLanguage":"fr-FR","@id":"https:\/\/secure.gravatar.com\/avatar\/89915563d925342126b8ef0281b93d9d7fc337043e8df017f780908eb9644451?s=96&d=mm&r=g","url":"https:\/\/secure.gravatar.com\/avatar\/89915563d925342126b8ef0281b93d9d7fc337043e8df017f780908eb9644451?s=96&d=mm&r=g","contentUrl":"https:\/\/secure.gravatar.com\/avatar\/89915563d925342126b8ef0281b93d9d7fc337043e8df017f780908eb9644451?s=96&d=mm&r=g","caption":"St\u00e9phane Miget"},"url":"https:\/\/batijournal.com\/index.php\/author\/stephane\/"}]}},"_links":{"self":[{"href":"https:\/\/batijournal.com\/index.php\/wp-json\/wp\/v2\/posts\/95541","targetHints":{"allow":["GET"]}}],"collection":[{"href":"https:\/\/batijournal.com\/index.php\/wp-json\/wp\/v2\/posts"}],"about":[{"href":"https:\/\/batijournal.com\/index.php\/wp-json\/wp\/v2\/types\/post"}],"author":[{"embeddable":true,"href":"https:\/\/batijournal.com\/index.php\/wp-json\/wp\/v2\/users\/17"}],"replies":[{"embeddable":true,"href":"https:\/\/batijournal.com\/index.php\/wp-json\/wp\/v2\/comments?post=95541"}],"version-history":[{"count":0,"href":"https:\/\/batijournal.com\/index.php\/wp-json\/wp\/v2\/posts\/95541\/revisions"}],"wp:featuredmedia":[{"embeddable":true,"href":"https:\/\/batijournal.com\/index.php\/wp-json\/wp\/v2\/media\/90551"}],"wp:attachment":[{"href":"https:\/\/batijournal.com\/index.php\/wp-json\/wp\/v2\/media?parent=95541"}],"wp:term":[{"taxonomy":"category","embeddable":true,"href":"https:\/\/batijournal.com\/index.php\/wp-json\/wp\/v2\/categories?post=95541"},{"taxonomy":"post_tag","embeddable":true,"href":"https:\/\/batijournal.com\/index.php\/wp-json\/wp\/v2\/tags?post=95541"}],"curies":[{"name":"wp","href":"https:\/\/api.w.org\/{rel}","templated":true}]}}