{"id":95554,"date":"2017-03-28T15:17:12","date_gmt":"2017-03-28T13:17:12","guid":{"rendered":"http:\/\/batijournal.com\/?p=95554"},"modified":"2019-07-15T11:15:59","modified_gmt":"2019-07-15T09:15:59","slug":"mecenat-participatif-demeure-guernesiaise-de-victor-hugo","status":"publish","type":"post","link":"https:\/\/batijournal.com\/index.php\/mecenat-participatif-demeure-guernesiaise-de-victor-hugo\/95554\/","title":{"rendered":"M\u00e9c\u00e9nat participatif pour la demeure guernesiaise de Victor Hugo"},"content":{"rendered":"<p>Hauteville House, situ\u00e9e sur les hauteurs de St Peter Port \u00e0 Guernesey, est le seul Mus\u00e9e de France hors du territoire national. G\u00e9r\u00e9e par Paris Mus\u00e9es tout comme l\u2019autre demeure embl\u00e9matique de Victor Hugo place des Vosges \u00e0 Paris, Hauteville House est l\u2019unique demeure ayant appartenu au c\u00e9l\u00e8bre \u00e9crivain. Elle a aussi \u00e9t\u00e9 son refuge ainsi que celui de sa famille en exil de 1856 \u00e0 1870. C\u2019est en 1927 que les descendants de Victor Hugo ont l\u00e9gu\u00e9 Hauteville House \u00e0 la Ville de Paris. Lieu de m\u00e9moire singulier par ses d\u00e9cors con\u00e7us par Victor Hugo lui-m\u00eame, ouvert d\u2019avril \u00e0 septembre, sa renomm\u00e9e n\u2019est plus \u00e0 d\u00e9montrer puisque le site accueille chaque ann\u00e9e 20 000 visiteurs. Bruno Julliard, Premier adjoint \u00e0 la Maire charg\u00e9 de la culture et du patrimoine a lanc\u00e9 l\u2019op\u00e9ration #POURVICTORHUGO : une campagne de m\u00e9c\u00e9nat participatif instaur\u00e9e par Paris Mus\u00e9es et la Fondation du Patrimoine, pour la r\u00e9novation de Hauteville House. Le m\u00e9c\u00e9nat participatif permettra notamment de r\u00e9aliser les travaux de maintenance et d\u2019entretien sur cette maison expos\u00e9e aux vents marins, et de restaurer des \u0153uvres abrit\u00e9es dans la maison de Victor Hugo.<\/p>\n<p>Photo : Wikimedia Commons &#8211; Rumburak3<\/p>\n<p>&nbsp;<\/p>\n","protected":false},"excerpt":{"rendered":"<p>Hauteville House, situ\u00e9e sur les hauteurs de St Peter Port \u00e0 Guernesey, est le seul Mus\u00e9e de France hors du territoire national. G\u00e9r\u00e9e par Paris Mus\u00e9es tout comme l\u2019autre demeure embl\u00e9matique de Victor Hugo place des Vosges \u00e0 Paris, Hauteville House est l\u2019unique demeure ayant appartenu au c\u00e9l\u00e8bre \u00e9crivain. Elle a aussi \u00e9t\u00e9 son refuge [&hellip;]<\/p>\n","protected":false},"author":17,"featured_media":95555,"comment_status":"closed","ping_status":"closed","sticky":false,"template":"","format":"standard","meta":{"_et_pb_use_builder":"","_et_pb_old_content":"","_et_gb_content_width":"","footnotes":""},"categories":[10530,6340],"tags":[5905],"class_list":["post-95554","post","type-post","status-publish","format-standard","has-post-thumbnail","hentry","category-actualites","category-architecture-conception","tag-fondation-du-patrimoine"],"yoast_head":"<!-- This site is optimized with the Yoast SEO plugin v27.4 - https:\/\/yoast.com\/product\/yoast-seo-wordpress\/ -->\n<title>M\u00e9c\u00e9nat participatif pour la demeure guernesiaise de Victor Hugo<\/title>\n<meta name=\"robots\" content=\"index, follow, max-snippet:-1, max-image-preview:large, max-video-preview:-1\" \/>\n<link rel=\"canonical\" href=\"https:\/\/batijournal.com\/index.php\/mecenat-participatif-demeure-guernesiaise-de-victor-hugo\/95554\/\" \/>\n<meta property=\"og:locale\" content=\"fr_FR\" \/>\n<meta property=\"og:type\" content=\"article\" \/>\n<meta property=\"og:title\" content=\"M\u00e9c\u00e9nat participatif pour la demeure guernesiaise de Victor Hugo\" \/>\n<meta property=\"og:description\" content=\"Hauteville House, situ\u00e9e sur les hauteurs de St Peter Port \u00e0 Guernesey, est le seul Mus\u00e9e de France hors du territoire national. G\u00e9r\u00e9e par Paris Mus\u00e9es tout comme l\u2019autre demeure embl\u00e9matique de Victor Hugo place des Vosges \u00e0 Paris, Hauteville House est l\u2019unique demeure ayant appartenu au c\u00e9l\u00e8bre \u00e9crivain. Elle a aussi \u00e9t\u00e9 son refuge [&hellip;]\" \/>\n<meta property=\"og:url\" content=\"https:\/\/batijournal.com\/index.php\/mecenat-participatif-demeure-guernesiaise-de-victor-hugo\/95554\/\" \/>\n<meta property=\"og:site_name\" content=\"Batijournal\" \/>\n<meta property=\"article:published_time\" content=\"2017-03-28T13:17:12+00:00\" \/>\n<meta property=\"article:modified_time\" content=\"2019-07-15T09:15:59+00:00\" \/>\n<meta property=\"og:image\" content=\"https:\/\/batijournal.com\/wp-content\/uploads\/2017\/03\/victor-hugo-Hauteville_House.jpg\" \/>\n\t<meta property=\"og:image:width\" content=\"800\" \/>\n\t<meta property=\"og:image:height\" content=\"450\" \/>\n\t<meta property=\"og:image:type\" content=\"image\/jpeg\" \/>\n<meta name=\"author\" content=\"St\u00e9phane Miget\" \/>\n<meta name=\"twitter:card\" content=\"summary_large_image\" \/>\n<meta name=\"twitter:creator\" content=\"@bati_journal\" \/>\n<meta name=\"twitter:site\" content=\"@bati_journal\" \/>\n<meta name=\"twitter:label1\" content=\"\u00c9crit par\" \/>\n\t<meta name=\"twitter:data1\" content=\"St\u00e9phane Miget\" \/>\n\t<meta name=\"twitter:label2\" content=\"Dur\u00e9e de lecture estim\u00e9e\" \/>\n\t<meta name=\"twitter:data2\" content=\"1 minute\" \/>\n<script type=\"application\/ld+json\" class=\"yoast-schema-graph\">{\"@context\":\"https:\\\/\\\/schema.org\",\"@graph\":[{\"@type\":\"Article\",\"@id\":\"https:\\\/\\\/batijournal.com\\\/index.php\\\/mecenat-participatif-demeure-guernesiaise-de-victor-hugo\\\/95554\\\/#article\",\"isPartOf\":{\"@id\":\"https:\\\/\\\/batijournal.com\\\/index.php\\\/mecenat-participatif-demeure-guernesiaise-de-victor-hugo\\\/95554\\\/\"},\"author\":{\"name\":\"St\u00e9phane Miget\",\"@id\":\"https:\\\/\\\/batijournal.com\\\/#\\\/schema\\\/person\\\/1dc96ec6957aa1ccb25ebe78bb19f100\"},\"headline\":\"M\u00e9c\u00e9nat participatif pour la demeure guernesiaise de Victor Hugo\",\"datePublished\":\"2017-03-28T13:17:12+00:00\",\"dateModified\":\"2019-07-15T09:15:59+00:00\",\"mainEntityOfPage\":{\"@id\":\"https:\\\/\\\/batijournal.com\\\/index.php\\\/mecenat-participatif-demeure-guernesiaise-de-victor-hugo\\\/95554\\\/\"},\"wordCount\":225,\"image\":{\"@id\":\"https:\\\/\\\/batijournal.com\\\/index.php\\\/mecenat-participatif-demeure-guernesiaise-de-victor-hugo\\\/95554\\\/#primaryimage\"},\"thumbnailUrl\":\"https:\\\/\\\/batijournal.com\\\/wp-content\\\/uploads\\\/2017\\\/03\\\/victor-hugo-Hauteville_House.jpg\",\"keywords\":[\"fondation du patrimoine\"],\"articleSection\":[\"Actualit\u00e9s\",\"Architecture &amp; Conception\"],\"inLanguage\":\"fr-FR\"},{\"@type\":\"WebPage\",\"@id\":\"https:\\\/\\\/batijournal.com\\\/index.php\\\/mecenat-participatif-demeure-guernesiaise-de-victor-hugo\\\/95554\\\/\",\"url\":\"https:\\\/\\\/batijournal.com\\\/index.php\\\/mecenat-participatif-demeure-guernesiaise-de-victor-hugo\\\/95554\\\/\",\"name\":\"M\u00e9c\u00e9nat participatif pour la demeure guernesiaise de Victor Hugo\",\"isPartOf\":{\"@id\":\"https:\\\/\\\/batijournal.com\\\/#website\"},\"primaryImageOfPage\":{\"@id\":\"https:\\\/\\\/batijournal.com\\\/index.php\\\/mecenat-participatif-demeure-guernesiaise-de-victor-hugo\\\/95554\\\/#primaryimage\"},\"image\":{\"@id\":\"https:\\\/\\\/batijournal.com\\\/index.php\\\/mecenat-participatif-demeure-guernesiaise-de-victor-hugo\\\/95554\\\/#primaryimage\"},\"thumbnailUrl\":\"https:\\\/\\\/batijournal.com\\\/wp-content\\\/uploads\\\/2017\\\/03\\\/victor-hugo-Hauteville_House.jpg\",\"datePublished\":\"2017-03-28T13:17:12+00:00\",\"dateModified\":\"2019-07-15T09:15:59+00:00\",\"author\":{\"@id\":\"https:\\\/\\\/batijournal.com\\\/#\\\/schema\\\/person\\\/1dc96ec6957aa1ccb25ebe78bb19f100\"},\"breadcrumb\":{\"@id\":\"https:\\\/\\\/batijournal.com\\\/index.php\\\/mecenat-participatif-demeure-guernesiaise-de-victor-hugo\\\/95554\\\/#breadcrumb\"},\"inLanguage\":\"fr-FR\",\"potentialAction\":[{\"@type\":\"ReadAction\",\"target\":[\"https:\\\/\\\/batijournal.com\\\/index.php\\\/mecenat-participatif-demeure-guernesiaise-de-victor-hugo\\\/95554\\\/\"]}]},{\"@type\":\"ImageObject\",\"inLanguage\":\"fr-FR\",\"@id\":\"https:\\\/\\\/batijournal.com\\\/index.php\\\/mecenat-participatif-demeure-guernesiaise-de-victor-hugo\\\/95554\\\/#primaryimage\",\"url\":\"https:\\\/\\\/batijournal.com\\\/wp-content\\\/uploads\\\/2017\\\/03\\\/victor-hugo-Hauteville_House.jpg\",\"contentUrl\":\"https:\\\/\\\/batijournal.com\\\/wp-content\\\/uploads\\\/2017\\\/03\\\/victor-hugo-Hauteville_House.jpg\",\"width\":800,\"height\":450},{\"@type\":\"BreadcrumbList\",\"@id\":\"https:\\\/\\\/batijournal.com\\\/index.php\\\/mecenat-participatif-demeure-guernesiaise-de-victor-hugo\\\/95554\\\/#breadcrumb\",\"itemListElement\":[{\"@type\":\"ListItem\",\"position\":1,\"name\":\"Accueil\",\"item\":\"https:\\\/\\\/batijournal.com\\\/\"},{\"@type\":\"ListItem\",\"position\":2,\"name\":\"Actualit\u00e9s\",\"item\":\"https:\\\/\\\/batijournal.com\\\/index.php\\\/category\\\/actualites\\\/\"},{\"@type\":\"ListItem\",\"position\":3,\"name\":\"M\u00e9c\u00e9nat participatif pour la demeure guernesiaise de Victor Hugo\"}]},{\"@type\":\"WebSite\",\"@id\":\"https:\\\/\\\/batijournal.com\\\/#website\",\"url\":\"https:\\\/\\\/batijournal.com\\\/\",\"name\":\"Batijournal\",\"description\":\"L&#039;actualit\u00e9 du b\u00e2timent\",\"potentialAction\":[{\"@type\":\"SearchAction\",\"target\":{\"@type\":\"EntryPoint\",\"urlTemplate\":\"https:\\\/\\\/batijournal.com\\\/?s={search_term_string}\"},\"query-input\":{\"@type\":\"PropertyValueSpecification\",\"valueRequired\":true,\"valueName\":\"search_term_string\"}}],\"inLanguage\":\"fr-FR\"},{\"@type\":\"Person\",\"@id\":\"https:\\\/\\\/batijournal.com\\\/#\\\/schema\\\/person\\\/1dc96ec6957aa1ccb25ebe78bb19f100\",\"name\":\"St\u00e9phane Miget\",\"image\":{\"@type\":\"ImageObject\",\"inLanguage\":\"fr-FR\",\"@id\":\"https:\\\/\\\/secure.gravatar.com\\\/avatar\\\/89915563d925342126b8ef0281b93d9d7fc337043e8df017f780908eb9644451?s=96&d=mm&r=g\",\"url\":\"https:\\\/\\\/secure.gravatar.com\\\/avatar\\\/89915563d925342126b8ef0281b93d9d7fc337043e8df017f780908eb9644451?s=96&d=mm&r=g\",\"contentUrl\":\"https:\\\/\\\/secure.gravatar.com\\\/avatar\\\/89915563d925342126b8ef0281b93d9d7fc337043e8df017f780908eb9644451?s=96&d=mm&r=g\",\"caption\":\"St\u00e9phane Miget\"},\"url\":\"https:\\\/\\\/batijournal.com\\\/index.php\\\/author\\\/stephane\\\/\"}]}<\/script>\n<!-- \/ Yoast SEO plugin. -->","yoast_head_json":{"title":"M\u00e9c\u00e9nat participatif pour la demeure guernesiaise de Victor Hugo","robots":{"index":"index","follow":"follow","max-snippet":"max-snippet:-1","max-image-preview":"max-image-preview:large","max-video-preview":"max-video-preview:-1"},"canonical":"https:\/\/batijournal.com\/index.php\/mecenat-participatif-demeure-guernesiaise-de-victor-hugo\/95554\/","og_locale":"fr_FR","og_type":"article","og_title":"M\u00e9c\u00e9nat participatif pour la demeure guernesiaise de Victor Hugo","og_description":"Hauteville House, situ\u00e9e sur les hauteurs de St Peter Port \u00e0 Guernesey, est le seul Mus\u00e9e de France hors du territoire national. G\u00e9r\u00e9e par Paris Mus\u00e9es tout comme l\u2019autre demeure embl\u00e9matique de Victor Hugo place des Vosges \u00e0 Paris, Hauteville House est l\u2019unique demeure ayant appartenu au c\u00e9l\u00e8bre \u00e9crivain. Elle a aussi \u00e9t\u00e9 son refuge [&hellip;]","og_url":"https:\/\/batijournal.com\/index.php\/mecenat-participatif-demeure-guernesiaise-de-victor-hugo\/95554\/","og_site_name":"Batijournal","article_published_time":"2017-03-28T13:17:12+00:00","article_modified_time":"2019-07-15T09:15:59+00:00","og_image":[{"width":800,"height":450,"url":"https:\/\/batijournal.com\/wp-content\/uploads\/2017\/03\/victor-hugo-Hauteville_House.jpg","type":"image\/jpeg"}],"author":"St\u00e9phane Miget","twitter_card":"summary_large_image","twitter_creator":"@bati_journal","twitter_site":"@bati_journal","twitter_misc":{"\u00c9crit par":"St\u00e9phane Miget","Dur\u00e9e de lecture estim\u00e9e":"1 minute"},"schema":{"@context":"https:\/\/schema.org","@graph":[{"@type":"Article","@id":"https:\/\/batijournal.com\/index.php\/mecenat-participatif-demeure-guernesiaise-de-victor-hugo\/95554\/#article","isPartOf":{"@id":"https:\/\/batijournal.com\/index.php\/mecenat-participatif-demeure-guernesiaise-de-victor-hugo\/95554\/"},"author":{"name":"St\u00e9phane Miget","@id":"https:\/\/batijournal.com\/#\/schema\/person\/1dc96ec6957aa1ccb25ebe78bb19f100"},"headline":"M\u00e9c\u00e9nat participatif pour la demeure guernesiaise de Victor Hugo","datePublished":"2017-03-28T13:17:12+00:00","dateModified":"2019-07-15T09:15:59+00:00","mainEntityOfPage":{"@id":"https:\/\/batijournal.com\/index.php\/mecenat-participatif-demeure-guernesiaise-de-victor-hugo\/95554\/"},"wordCount":225,"image":{"@id":"https:\/\/batijournal.com\/index.php\/mecenat-participatif-demeure-guernesiaise-de-victor-hugo\/95554\/#primaryimage"},"thumbnailUrl":"https:\/\/batijournal.com\/wp-content\/uploads\/2017\/03\/victor-hugo-Hauteville_House.jpg","keywords":["fondation du patrimoine"],"articleSection":["Actualit\u00e9s","Architecture &amp; Conception"],"inLanguage":"fr-FR"},{"@type":"WebPage","@id":"https:\/\/batijournal.com\/index.php\/mecenat-participatif-demeure-guernesiaise-de-victor-hugo\/95554\/","url":"https:\/\/batijournal.com\/index.php\/mecenat-participatif-demeure-guernesiaise-de-victor-hugo\/95554\/","name":"M\u00e9c\u00e9nat participatif pour la demeure guernesiaise de Victor Hugo","isPartOf":{"@id":"https:\/\/batijournal.com\/#website"},"primaryImageOfPage":{"@id":"https:\/\/batijournal.com\/index.php\/mecenat-participatif-demeure-guernesiaise-de-victor-hugo\/95554\/#primaryimage"},"image":{"@id":"https:\/\/batijournal.com\/index.php\/mecenat-participatif-demeure-guernesiaise-de-victor-hugo\/95554\/#primaryimage"},"thumbnailUrl":"https:\/\/batijournal.com\/wp-content\/uploads\/2017\/03\/victor-hugo-Hauteville_House.jpg","datePublished":"2017-03-28T13:17:12+00:00","dateModified":"2019-07-15T09:15:59+00:00","author":{"@id":"https:\/\/batijournal.com\/#\/schema\/person\/1dc96ec6957aa1ccb25ebe78bb19f100"},"breadcrumb":{"@id":"https:\/\/batijournal.com\/index.php\/mecenat-participatif-demeure-guernesiaise-de-victor-hugo\/95554\/#breadcrumb"},"inLanguage":"fr-FR","potentialAction":[{"@type":"ReadAction","target":["https:\/\/batijournal.com\/index.php\/mecenat-participatif-demeure-guernesiaise-de-victor-hugo\/95554\/"]}]},{"@type":"ImageObject","inLanguage":"fr-FR","@id":"https:\/\/batijournal.com\/index.php\/mecenat-participatif-demeure-guernesiaise-de-victor-hugo\/95554\/#primaryimage","url":"https:\/\/batijournal.com\/wp-content\/uploads\/2017\/03\/victor-hugo-Hauteville_House.jpg","contentUrl":"https:\/\/batijournal.com\/wp-content\/uploads\/2017\/03\/victor-hugo-Hauteville_House.jpg","width":800,"height":450},{"@type":"BreadcrumbList","@id":"https:\/\/batijournal.com\/index.php\/mecenat-participatif-demeure-guernesiaise-de-victor-hugo\/95554\/#breadcrumb","itemListElement":[{"@type":"ListItem","position":1,"name":"Accueil","item":"https:\/\/batijournal.com\/"},{"@type":"ListItem","position":2,"name":"Actualit\u00e9s","item":"https:\/\/batijournal.com\/index.php\/category\/actualites\/"},{"@type":"ListItem","position":3,"name":"M\u00e9c\u00e9nat participatif pour la demeure guernesiaise de Victor Hugo"}]},{"@type":"WebSite","@id":"https:\/\/batijournal.com\/#website","url":"https:\/\/batijournal.com\/","name":"Batijournal","description":"L&#039;actualit\u00e9 du b\u00e2timent","potentialAction":[{"@type":"SearchAction","target":{"@type":"EntryPoint","urlTemplate":"https:\/\/batijournal.com\/?s={search_term_string}"},"query-input":{"@type":"PropertyValueSpecification","valueRequired":true,"valueName":"search_term_string"}}],"inLanguage":"fr-FR"},{"@type":"Person","@id":"https:\/\/batijournal.com\/#\/schema\/person\/1dc96ec6957aa1ccb25ebe78bb19f100","name":"St\u00e9phane Miget","image":{"@type":"ImageObject","inLanguage":"fr-FR","@id":"https:\/\/secure.gravatar.com\/avatar\/89915563d925342126b8ef0281b93d9d7fc337043e8df017f780908eb9644451?s=96&d=mm&r=g","url":"https:\/\/secure.gravatar.com\/avatar\/89915563d925342126b8ef0281b93d9d7fc337043e8df017f780908eb9644451?s=96&d=mm&r=g","contentUrl":"https:\/\/secure.gravatar.com\/avatar\/89915563d925342126b8ef0281b93d9d7fc337043e8df017f780908eb9644451?s=96&d=mm&r=g","caption":"St\u00e9phane Miget"},"url":"https:\/\/batijournal.com\/index.php\/author\/stephane\/"}]}},"_links":{"self":[{"href":"https:\/\/batijournal.com\/index.php\/wp-json\/wp\/v2\/posts\/95554","targetHints":{"allow":["GET"]}}],"collection":[{"href":"https:\/\/batijournal.com\/index.php\/wp-json\/wp\/v2\/posts"}],"about":[{"href":"https:\/\/batijournal.com\/index.php\/wp-json\/wp\/v2\/types\/post"}],"author":[{"embeddable":true,"href":"https:\/\/batijournal.com\/index.php\/wp-json\/wp\/v2\/users\/17"}],"replies":[{"embeddable":true,"href":"https:\/\/batijournal.com\/index.php\/wp-json\/wp\/v2\/comments?post=95554"}],"version-history":[{"count":0,"href":"https:\/\/batijournal.com\/index.php\/wp-json\/wp\/v2\/posts\/95554\/revisions"}],"wp:featuredmedia":[{"embeddable":true,"href":"https:\/\/batijournal.com\/index.php\/wp-json\/wp\/v2\/media\/95555"}],"wp:attachment":[{"href":"https:\/\/batijournal.com\/index.php\/wp-json\/wp\/v2\/media?parent=95554"}],"wp:term":[{"taxonomy":"category","embeddable":true,"href":"https:\/\/batijournal.com\/index.php\/wp-json\/wp\/v2\/categories?post=95554"},{"taxonomy":"post_tag","embeddable":true,"href":"https:\/\/batijournal.com\/index.php\/wp-json\/wp\/v2\/tags?post=95554"}],"curies":[{"name":"wp","href":"https:\/\/api.w.org\/{rel}","templated":true}]}}