{"id":95558,"date":"2017-03-29T09:21:23","date_gmt":"2017-03-29T07:21:23","guid":{"rendered":"http:\/\/batijournal.com\/?p=95558"},"modified":"2019-07-15T11:15:59","modified_gmt":"2019-07-15T09:15:59","slug":"jardins-retrouves-de-chambord","status":"publish","type":"post","link":"https:\/\/batijournal.com\/index.php\/jardins-retrouves-de-chambord\/95558\/","title":{"rendered":"Les jardins retrouv\u00e9s de Chambord"},"content":{"rendered":"<p>Le 19 mars 2017, Fran\u00e7ois Hollande inaugurait les jardins du domaine national de Chambord. Tomb\u00e9s dans l\u2019oubli, ces jardins \u00e0 la fran\u00e7aise sont de retour gr\u00e2ce \u00e0 un m\u00e9ticuleux travail de recherche, croisant documents anciens, prospection g\u00e9ophysique et fouilles arch\u00e9ologiques. Les paysagistes, sous l\u2019\u0153il d\u2019un comit\u00e9 de pilotage pluridisciplinaire, ont pu de replanter les v\u00e9g\u00e9taux dans les empreintes exactes de leurs pr\u00e9d\u00e9cesseurs disparus. L&rsquo;histoire de la restitution de ces jardins fait l&rsquo;objet d&rsquo;un article complet dans le magazine Atrium Construction n\u00b074 qui vient de sortir.<\/p>\n<p><a href=\"http:\/\/www.kiosque21.com\/anciens-numeros-atrium-construction\/2864-atrium-construction-74.html\" target=\"_blank\" rel=\"noopener noreferrer\">Retrouvez l&rsquo;histoire de la restitution des jardins \u00e0 la fran\u00e7aise de Chambord dans Atrium Construction n\u00b074<\/a><\/p>\n<p>Photo : Domaine national de Chambord<\/p>\n<p>&nbsp;<\/p>\n","protected":false},"excerpt":{"rendered":"<p>Le 19 mars 2017, Fran\u00e7ois Hollande inaugurait les jardins du domaine national de Chambord. Tomb\u00e9s dans l\u2019oubli, ces jardins \u00e0 la fran\u00e7aise sont de retour gr\u00e2ce \u00e0 un m\u00e9ticuleux travail de recherche, croisant documents anciens, prospection g\u00e9ophysique et fouilles arch\u00e9ologiques. Les paysagistes, sous l\u2019\u0153il d\u2019un comit\u00e9 de pilotage pluridisciplinaire, ont pu de replanter les v\u00e9g\u00e9taux [&hellip;]<\/p>\n","protected":false},"author":17,"featured_media":95559,"comment_status":"closed","ping_status":"closed","sticky":false,"template":"","format":"standard","meta":{"_et_pb_use_builder":"","_et_pb_old_content":"","_et_gb_content_width":"","footnotes":""},"categories":[6340],"tags":[8535,6376],"class_list":["post-95558","post","type-post","status-publish","format-standard","has-post-thumbnail","hentry","category-architecture-conception","tag-jardin-historique","tag-monument-historique"],"yoast_head":"<!-- This site is optimized with the Yoast SEO plugin v27.4 - https:\/\/yoast.com\/product\/yoast-seo-wordpress\/ -->\n<title>Les jardins retrouv\u00e9s de Chambord<\/title>\n<meta name=\"robots\" content=\"index, follow, max-snippet:-1, max-image-preview:large, max-video-preview:-1\" \/>\n<link rel=\"canonical\" href=\"https:\/\/batijournal.com\/index.php\/jardins-retrouves-de-chambord\/95558\/\" \/>\n<meta property=\"og:locale\" content=\"fr_FR\" \/>\n<meta property=\"og:type\" content=\"article\" \/>\n<meta property=\"og:title\" content=\"Les jardins retrouv\u00e9s de Chambord\" \/>\n<meta property=\"og:description\" content=\"Le 19 mars 2017, Fran\u00e7ois Hollande inaugurait les jardins du domaine national de Chambord. Tomb\u00e9s dans l\u2019oubli, ces jardins \u00e0 la fran\u00e7aise sont de retour gr\u00e2ce \u00e0 un m\u00e9ticuleux travail de recherche, croisant documents anciens, prospection g\u00e9ophysique et fouilles arch\u00e9ologiques. Les paysagistes, sous l\u2019\u0153il d\u2019un comit\u00e9 de pilotage pluridisciplinaire, ont pu de replanter les v\u00e9g\u00e9taux [&hellip;]\" \/>\n<meta property=\"og:url\" content=\"https:\/\/batijournal.com\/index.php\/jardins-retrouves-de-chambord\/95558\/\" \/>\n<meta property=\"og:site_name\" content=\"Batijournal\" \/>\n<meta property=\"article:published_time\" content=\"2017-03-29T07:21:23+00:00\" \/>\n<meta property=\"article:modified_time\" content=\"2019-07-15T09:15:59+00:00\" \/>\n<meta property=\"og:image\" content=\"https:\/\/batijournal.com\/wp-content\/uploads\/2017\/03\/Jardins_Chambord-jardins-a-la-francaise.jpg\" \/>\n\t<meta property=\"og:image:width\" content=\"1000\" \/>\n\t<meta property=\"og:image:height\" content=\"625\" \/>\n\t<meta property=\"og:image:type\" content=\"image\/jpeg\" \/>\n<meta name=\"author\" content=\"St\u00e9phane Miget\" \/>\n<meta name=\"twitter:card\" content=\"summary_large_image\" \/>\n<meta name=\"twitter:creator\" content=\"@bati_journal\" \/>\n<meta name=\"twitter:site\" content=\"@bati_journal\" \/>\n<meta name=\"twitter:label1\" content=\"\u00c9crit par\" \/>\n\t<meta name=\"twitter:data1\" content=\"St\u00e9phane Miget\" \/>\n\t<meta name=\"twitter:label2\" content=\"Dur\u00e9e de lecture estim\u00e9e\" \/>\n\t<meta name=\"twitter:data2\" content=\"1 minute\" \/>\n<script type=\"application\/ld+json\" class=\"yoast-schema-graph\">{\"@context\":\"https:\\\/\\\/schema.org\",\"@graph\":[{\"@type\":\"Article\",\"@id\":\"https:\\\/\\\/batijournal.com\\\/index.php\\\/jardins-retrouves-de-chambord\\\/95558\\\/#article\",\"isPartOf\":{\"@id\":\"https:\\\/\\\/batijournal.com\\\/index.php\\\/jardins-retrouves-de-chambord\\\/95558\\\/\"},\"author\":{\"name\":\"St\u00e9phane Miget\",\"@id\":\"https:\\\/\\\/batijournal.com\\\/#\\\/schema\\\/person\\\/1dc96ec6957aa1ccb25ebe78bb19f100\"},\"headline\":\"Les jardins retrouv\u00e9s de Chambord\",\"datePublished\":\"2017-03-29T07:21:23+00:00\",\"dateModified\":\"2019-07-15T09:15:59+00:00\",\"mainEntityOfPage\":{\"@id\":\"https:\\\/\\\/batijournal.com\\\/index.php\\\/jardins-retrouves-de-chambord\\\/95558\\\/\"},\"wordCount\":127,\"image\":{\"@id\":\"https:\\\/\\\/batijournal.com\\\/index.php\\\/jardins-retrouves-de-chambord\\\/95558\\\/#primaryimage\"},\"thumbnailUrl\":\"https:\\\/\\\/batijournal.com\\\/wp-content\\\/uploads\\\/2017\\\/03\\\/Jardins_Chambord-jardins-a-la-francaise.jpg\",\"keywords\":[\"jardin historique\",\"monument historique\"],\"articleSection\":[\"Architecture &amp; Conception\"],\"inLanguage\":\"fr-FR\"},{\"@type\":\"WebPage\",\"@id\":\"https:\\\/\\\/batijournal.com\\\/index.php\\\/jardins-retrouves-de-chambord\\\/95558\\\/\",\"url\":\"https:\\\/\\\/batijournal.com\\\/index.php\\\/jardins-retrouves-de-chambord\\\/95558\\\/\",\"name\":\"Les jardins retrouv\u00e9s de Chambord\",\"isPartOf\":{\"@id\":\"https:\\\/\\\/batijournal.com\\\/#website\"},\"primaryImageOfPage\":{\"@id\":\"https:\\\/\\\/batijournal.com\\\/index.php\\\/jardins-retrouves-de-chambord\\\/95558\\\/#primaryimage\"},\"image\":{\"@id\":\"https:\\\/\\\/batijournal.com\\\/index.php\\\/jardins-retrouves-de-chambord\\\/95558\\\/#primaryimage\"},\"thumbnailUrl\":\"https:\\\/\\\/batijournal.com\\\/wp-content\\\/uploads\\\/2017\\\/03\\\/Jardins_Chambord-jardins-a-la-francaise.jpg\",\"datePublished\":\"2017-03-29T07:21:23+00:00\",\"dateModified\":\"2019-07-15T09:15:59+00:00\",\"author\":{\"@id\":\"https:\\\/\\\/batijournal.com\\\/#\\\/schema\\\/person\\\/1dc96ec6957aa1ccb25ebe78bb19f100\"},\"breadcrumb\":{\"@id\":\"https:\\\/\\\/batijournal.com\\\/index.php\\\/jardins-retrouves-de-chambord\\\/95558\\\/#breadcrumb\"},\"inLanguage\":\"fr-FR\",\"potentialAction\":[{\"@type\":\"ReadAction\",\"target\":[\"https:\\\/\\\/batijournal.com\\\/index.php\\\/jardins-retrouves-de-chambord\\\/95558\\\/\"]}]},{\"@type\":\"ImageObject\",\"inLanguage\":\"fr-FR\",\"@id\":\"https:\\\/\\\/batijournal.com\\\/index.php\\\/jardins-retrouves-de-chambord\\\/95558\\\/#primaryimage\",\"url\":\"https:\\\/\\\/batijournal.com\\\/wp-content\\\/uploads\\\/2017\\\/03\\\/Jardins_Chambord-jardins-a-la-francaise.jpg\",\"contentUrl\":\"https:\\\/\\\/batijournal.com\\\/wp-content\\\/uploads\\\/2017\\\/03\\\/Jardins_Chambord-jardins-a-la-francaise.jpg\",\"width\":1000,\"height\":625},{\"@type\":\"BreadcrumbList\",\"@id\":\"https:\\\/\\\/batijournal.com\\\/index.php\\\/jardins-retrouves-de-chambord\\\/95558\\\/#breadcrumb\",\"itemListElement\":[{\"@type\":\"ListItem\",\"position\":1,\"name\":\"Accueil\",\"item\":\"https:\\\/\\\/batijournal.com\\\/\"},{\"@type\":\"ListItem\",\"position\":2,\"name\":\"Actualit\u00e9s\",\"item\":\"https:\\\/\\\/batijournal.com\\\/index.php\\\/category\\\/actualites\\\/\"},{\"@type\":\"ListItem\",\"position\":3,\"name\":\"Architecture &amp; Conception\",\"item\":\"https:\\\/\\\/batijournal.com\\\/index.php\\\/category\\\/actualites\\\/architecture-conception\\\/\"},{\"@type\":\"ListItem\",\"position\":4,\"name\":\"Les jardins retrouv\u00e9s de Chambord\"}]},{\"@type\":\"WebSite\",\"@id\":\"https:\\\/\\\/batijournal.com\\\/#website\",\"url\":\"https:\\\/\\\/batijournal.com\\\/\",\"name\":\"Batijournal\",\"description\":\"L&#039;actualit\u00e9 du b\u00e2timent\",\"potentialAction\":[{\"@type\":\"SearchAction\",\"target\":{\"@type\":\"EntryPoint\",\"urlTemplate\":\"https:\\\/\\\/batijournal.com\\\/?s={search_term_string}\"},\"query-input\":{\"@type\":\"PropertyValueSpecification\",\"valueRequired\":true,\"valueName\":\"search_term_string\"}}],\"inLanguage\":\"fr-FR\"},{\"@type\":\"Person\",\"@id\":\"https:\\\/\\\/batijournal.com\\\/#\\\/schema\\\/person\\\/1dc96ec6957aa1ccb25ebe78bb19f100\",\"name\":\"St\u00e9phane Miget\",\"image\":{\"@type\":\"ImageObject\",\"inLanguage\":\"fr-FR\",\"@id\":\"https:\\\/\\\/secure.gravatar.com\\\/avatar\\\/89915563d925342126b8ef0281b93d9d7fc337043e8df017f780908eb9644451?s=96&d=mm&r=g\",\"url\":\"https:\\\/\\\/secure.gravatar.com\\\/avatar\\\/89915563d925342126b8ef0281b93d9d7fc337043e8df017f780908eb9644451?s=96&d=mm&r=g\",\"contentUrl\":\"https:\\\/\\\/secure.gravatar.com\\\/avatar\\\/89915563d925342126b8ef0281b93d9d7fc337043e8df017f780908eb9644451?s=96&d=mm&r=g\",\"caption\":\"St\u00e9phane Miget\"},\"url\":\"https:\\\/\\\/batijournal.com\\\/index.php\\\/author\\\/stephane\\\/\"}]}<\/script>\n<!-- \/ Yoast SEO plugin. -->","yoast_head_json":{"title":"Les jardins retrouv\u00e9s de Chambord","robots":{"index":"index","follow":"follow","max-snippet":"max-snippet:-1","max-image-preview":"max-image-preview:large","max-video-preview":"max-video-preview:-1"},"canonical":"https:\/\/batijournal.com\/index.php\/jardins-retrouves-de-chambord\/95558\/","og_locale":"fr_FR","og_type":"article","og_title":"Les jardins retrouv\u00e9s de Chambord","og_description":"Le 19 mars 2017, Fran\u00e7ois Hollande inaugurait les jardins du domaine national de Chambord. Tomb\u00e9s dans l\u2019oubli, ces jardins \u00e0 la fran\u00e7aise sont de retour gr\u00e2ce \u00e0 un m\u00e9ticuleux travail de recherche, croisant documents anciens, prospection g\u00e9ophysique et fouilles arch\u00e9ologiques. Les paysagistes, sous l\u2019\u0153il d\u2019un comit\u00e9 de pilotage pluridisciplinaire, ont pu de replanter les v\u00e9g\u00e9taux [&hellip;]","og_url":"https:\/\/batijournal.com\/index.php\/jardins-retrouves-de-chambord\/95558\/","og_site_name":"Batijournal","article_published_time":"2017-03-29T07:21:23+00:00","article_modified_time":"2019-07-15T09:15:59+00:00","og_image":[{"width":1000,"height":625,"url":"https:\/\/batijournal.com\/wp-content\/uploads\/2017\/03\/Jardins_Chambord-jardins-a-la-francaise.jpg","type":"image\/jpeg"}],"author":"St\u00e9phane Miget","twitter_card":"summary_large_image","twitter_creator":"@bati_journal","twitter_site":"@bati_journal","twitter_misc":{"\u00c9crit par":"St\u00e9phane Miget","Dur\u00e9e de lecture estim\u00e9e":"1 minute"},"schema":{"@context":"https:\/\/schema.org","@graph":[{"@type":"Article","@id":"https:\/\/batijournal.com\/index.php\/jardins-retrouves-de-chambord\/95558\/#article","isPartOf":{"@id":"https:\/\/batijournal.com\/index.php\/jardins-retrouves-de-chambord\/95558\/"},"author":{"name":"St\u00e9phane Miget","@id":"https:\/\/batijournal.com\/#\/schema\/person\/1dc96ec6957aa1ccb25ebe78bb19f100"},"headline":"Les jardins retrouv\u00e9s de Chambord","datePublished":"2017-03-29T07:21:23+00:00","dateModified":"2019-07-15T09:15:59+00:00","mainEntityOfPage":{"@id":"https:\/\/batijournal.com\/index.php\/jardins-retrouves-de-chambord\/95558\/"},"wordCount":127,"image":{"@id":"https:\/\/batijournal.com\/index.php\/jardins-retrouves-de-chambord\/95558\/#primaryimage"},"thumbnailUrl":"https:\/\/batijournal.com\/wp-content\/uploads\/2017\/03\/Jardins_Chambord-jardins-a-la-francaise.jpg","keywords":["jardin historique","monument historique"],"articleSection":["Architecture &amp; Conception"],"inLanguage":"fr-FR"},{"@type":"WebPage","@id":"https:\/\/batijournal.com\/index.php\/jardins-retrouves-de-chambord\/95558\/","url":"https:\/\/batijournal.com\/index.php\/jardins-retrouves-de-chambord\/95558\/","name":"Les jardins retrouv\u00e9s de Chambord","isPartOf":{"@id":"https:\/\/batijournal.com\/#website"},"primaryImageOfPage":{"@id":"https:\/\/batijournal.com\/index.php\/jardins-retrouves-de-chambord\/95558\/#primaryimage"},"image":{"@id":"https:\/\/batijournal.com\/index.php\/jardins-retrouves-de-chambord\/95558\/#primaryimage"},"thumbnailUrl":"https:\/\/batijournal.com\/wp-content\/uploads\/2017\/03\/Jardins_Chambord-jardins-a-la-francaise.jpg","datePublished":"2017-03-29T07:21:23+00:00","dateModified":"2019-07-15T09:15:59+00:00","author":{"@id":"https:\/\/batijournal.com\/#\/schema\/person\/1dc96ec6957aa1ccb25ebe78bb19f100"},"breadcrumb":{"@id":"https:\/\/batijournal.com\/index.php\/jardins-retrouves-de-chambord\/95558\/#breadcrumb"},"inLanguage":"fr-FR","potentialAction":[{"@type":"ReadAction","target":["https:\/\/batijournal.com\/index.php\/jardins-retrouves-de-chambord\/95558\/"]}]},{"@type":"ImageObject","inLanguage":"fr-FR","@id":"https:\/\/batijournal.com\/index.php\/jardins-retrouves-de-chambord\/95558\/#primaryimage","url":"https:\/\/batijournal.com\/wp-content\/uploads\/2017\/03\/Jardins_Chambord-jardins-a-la-francaise.jpg","contentUrl":"https:\/\/batijournal.com\/wp-content\/uploads\/2017\/03\/Jardins_Chambord-jardins-a-la-francaise.jpg","width":1000,"height":625},{"@type":"BreadcrumbList","@id":"https:\/\/batijournal.com\/index.php\/jardins-retrouves-de-chambord\/95558\/#breadcrumb","itemListElement":[{"@type":"ListItem","position":1,"name":"Accueil","item":"https:\/\/batijournal.com\/"},{"@type":"ListItem","position":2,"name":"Actualit\u00e9s","item":"https:\/\/batijournal.com\/index.php\/category\/actualites\/"},{"@type":"ListItem","position":3,"name":"Architecture &amp; Conception","item":"https:\/\/batijournal.com\/index.php\/category\/actualites\/architecture-conception\/"},{"@type":"ListItem","position":4,"name":"Les jardins retrouv\u00e9s de Chambord"}]},{"@type":"WebSite","@id":"https:\/\/batijournal.com\/#website","url":"https:\/\/batijournal.com\/","name":"Batijournal","description":"L&#039;actualit\u00e9 du b\u00e2timent","potentialAction":[{"@type":"SearchAction","target":{"@type":"EntryPoint","urlTemplate":"https:\/\/batijournal.com\/?s={search_term_string}"},"query-input":{"@type":"PropertyValueSpecification","valueRequired":true,"valueName":"search_term_string"}}],"inLanguage":"fr-FR"},{"@type":"Person","@id":"https:\/\/batijournal.com\/#\/schema\/person\/1dc96ec6957aa1ccb25ebe78bb19f100","name":"St\u00e9phane Miget","image":{"@type":"ImageObject","inLanguage":"fr-FR","@id":"https:\/\/secure.gravatar.com\/avatar\/89915563d925342126b8ef0281b93d9d7fc337043e8df017f780908eb9644451?s=96&d=mm&r=g","url":"https:\/\/secure.gravatar.com\/avatar\/89915563d925342126b8ef0281b93d9d7fc337043e8df017f780908eb9644451?s=96&d=mm&r=g","contentUrl":"https:\/\/secure.gravatar.com\/avatar\/89915563d925342126b8ef0281b93d9d7fc337043e8df017f780908eb9644451?s=96&d=mm&r=g","caption":"St\u00e9phane Miget"},"url":"https:\/\/batijournal.com\/index.php\/author\/stephane\/"}]}},"_links":{"self":[{"href":"https:\/\/batijournal.com\/index.php\/wp-json\/wp\/v2\/posts\/95558","targetHints":{"allow":["GET"]}}],"collection":[{"href":"https:\/\/batijournal.com\/index.php\/wp-json\/wp\/v2\/posts"}],"about":[{"href":"https:\/\/batijournal.com\/index.php\/wp-json\/wp\/v2\/types\/post"}],"author":[{"embeddable":true,"href":"https:\/\/batijournal.com\/index.php\/wp-json\/wp\/v2\/users\/17"}],"replies":[{"embeddable":true,"href":"https:\/\/batijournal.com\/index.php\/wp-json\/wp\/v2\/comments?post=95558"}],"version-history":[{"count":0,"href":"https:\/\/batijournal.com\/index.php\/wp-json\/wp\/v2\/posts\/95558\/revisions"}],"wp:featuredmedia":[{"embeddable":true,"href":"https:\/\/batijournal.com\/index.php\/wp-json\/wp\/v2\/media\/95559"}],"wp:attachment":[{"href":"https:\/\/batijournal.com\/index.php\/wp-json\/wp\/v2\/media?parent=95558"}],"wp:term":[{"taxonomy":"category","embeddable":true,"href":"https:\/\/batijournal.com\/index.php\/wp-json\/wp\/v2\/categories?post=95558"},{"taxonomy":"post_tag","embeddable":true,"href":"https:\/\/batijournal.com\/index.php\/wp-json\/wp\/v2\/tags?post=95558"}],"curies":[{"name":"wp","href":"https:\/\/api.w.org\/{rel}","templated":true}]}}