{"id":95562,"date":"2017-03-29T10:47:18","date_gmt":"2017-03-29T08:47:18","guid":{"rendered":"http:\/\/batijournal.com\/?p=95562"},"modified":"2019-07-15T12:23:37","modified_gmt":"2019-07-15T10:23:37","slug":"societe-grand-paris-concretise-demarche-environnementale-de-valorisation-deblais-de-chantiers","status":"publish","type":"post","link":"https:\/\/batijournal.com\/index.php\/societe-grand-paris-concretise-demarche-environnementale-de-valorisation-deblais-de-chantiers\/95562\/","title":{"rendered":"La Soci\u00e9t\u00e9 du Grand Paris concr\u00e9tise sa d\u00e9marche environnementale et de valorisation des d\u00e9blais de chantiers"},"content":{"rendered":"<p><strong>La Soci\u00e9t\u00e9 du Grand Paris veut faire du projet du nouveau m\u00e9tro un mod\u00e8le d\u2019\u00e9coconception, in\u00e9dit pour un projet de cette ampleur. Cette d\u00e9marche s\u2019appuie sur une m\u00e9thode globale, d\u00e9clin\u00e9e \u00e0 l\u2019\u00e9chelle de chaque tron\u00e7on du m\u00e9tro, de chaque gare et de chaque ouvrage.<\/strong><\/p>\n<p>Elle repose sur trois piliers :<\/p>\n<p><strong>\u00c9viter la destruction des milieux naturels.<\/strong><br \/>\nPlusieurs mesures sont d\u00e9j\u00e0 mises en \u0153uvre sur la Ligne 15 Sud : le d\u00e9placement de certaines esp\u00e8ces, la cr\u00e9ation de barri\u00e8res pour \u00e9viter que des amphibiens p\u00e9n\u00e8trent sur les chantiers ou la mise en place de protections physiques entre les zones de chantiers et les arbres (mousses, protections m\u00e9talliques&#8230;).<\/p>\n<p><strong>R\u00e9duire les nuisances environnementales.<\/strong><br \/>\nL\u2019espace n\u00e9cessaire aux travaux est optimis\u00e9, les p\u00e9riodes de chantiers sont adapt\u00e9es aux contraintes et rythmes \u00e9cologiques du milieu naturel, les nuisances telles que le bruit ou la poussi\u00e8re sont att\u00e9nu\u00e9es au maximum.<\/p>\n<p><strong>Compenser les dommages caus\u00e9s \u00e0 l\u2019environnement.<\/strong><br \/>\nPour r\u00e9pondre \u00e0 la perte en biodiversit\u00e9, plusieurs types d\u2019actions sont d\u00e9ploy\u00e9s : reboisement et entretien de parcelles de for\u00eats franciliennes dans le cadre d\u2019une convention avec l\u2019Office national des for\u00eats (ONF), cr\u00e9ation de zones humides, toiture v\u00e9g\u00e9talis\u00e9e pour le centre technique de Champigny, cr\u00e9ation d\u2019habitats favorables au faucon hobereau&#8230;<\/p>\n<p>La Soci\u00e9t\u00e9 du Grand Paris prescrit \u00e9galement sur ses chantiers l\u2019utilisation de mat\u00e9riaux recycl\u00e9s, l\u2019optimisation des consommations d\u2019eau ou d\u2019\u00e9nergie et le recyclage des d\u00e9chets de chantiers (hors d\u00e9blais).<\/p>\n<p>La Soci\u00e9t\u00e9 du Grand Paris propose aux entreprises accueillant des d\u00e9blais un accord de partenariat, accompagn\u00e9 d\u2019une charte de bonnes pratiques pour le traitement, le stockage et la valorisation des terres excav\u00e9es. Le 30 mars 2017, 31 entreprises s\u2019engageront. Elles repr\u00e9sentent plus de 200 sites de stockage, r\u00e9am\u00e9nagements de carri\u00e8res, am\u00e9nagements, plates-formes ou sites interm\u00e9diaires de traitement agr\u00e9\u00e9s.<\/p>\n","protected":false},"excerpt":{"rendered":"<p>La Soci\u00e9t\u00e9 du Grand Paris veut faire du projet du nouveau m\u00e9tro un mod\u00e8le d\u2019\u00e9coconception, in\u00e9dit pour un projet de cette ampleur. Cette d\u00e9marche s\u2019appuie sur une m\u00e9thode globale, d\u00e9clin\u00e9e \u00e0 l\u2019\u00e9chelle de chaque tron\u00e7on du m\u00e9tro, de chaque gare et de chaque ouvrage. Elle repose sur trois piliers : \u00c9viter la destruction des milieux [&hellip;]<\/p>\n","protected":false},"author":17,"featured_media":95563,"comment_status":"closed","ping_status":"closed","sticky":false,"template":"","format":"standard","meta":{"_et_pb_use_builder":"","_et_pb_old_content":"","_et_gb_content_width":"","footnotes":""},"categories":[10530,6351],"tags":[11430,11773],"class_list":["post-95562","post","type-post","status-publish","format-standard","has-post-thumbnail","hentry","category-actualites","category-energie-environnement","tag-economie-circulaire","tag-grand-paris-express"],"yoast_head":"<!-- This site is optimized with the Yoast SEO plugin v27.4 - https:\/\/yoast.com\/product\/yoast-seo-wordpress\/ -->\n<title>La Soci\u00e9t\u00e9 du Grand Paris concr\u00e9tise sa d\u00e9marche environnementale et de valorisation des d\u00e9blais de chantiers<\/title>\n<meta name=\"robots\" content=\"index, follow, max-snippet:-1, max-image-preview:large, max-video-preview:-1\" \/>\n<link rel=\"canonical\" href=\"https:\/\/batijournal.com\/index.php\/societe-grand-paris-concretise-demarche-environnementale-de-valorisation-deblais-de-chantiers\/95562\/\" \/>\n<meta property=\"og:locale\" content=\"fr_FR\" \/>\n<meta property=\"og:type\" content=\"article\" \/>\n<meta property=\"og:title\" content=\"La Soci\u00e9t\u00e9 du Grand Paris concr\u00e9tise sa d\u00e9marche environnementale et de valorisation des d\u00e9blais de chantiers\" \/>\n<meta property=\"og:description\" content=\"La Soci\u00e9t\u00e9 du Grand Paris veut faire du projet du nouveau m\u00e9tro un mod\u00e8le d\u2019\u00e9coconception, in\u00e9dit pour un projet de cette ampleur. Cette d\u00e9marche s\u2019appuie sur une m\u00e9thode globale, d\u00e9clin\u00e9e \u00e0 l\u2019\u00e9chelle de chaque tron\u00e7on du m\u00e9tro, de chaque gare et de chaque ouvrage. Elle repose sur trois piliers : \u00c9viter la destruction des milieux [&hellip;]\" \/>\n<meta property=\"og:url\" content=\"https:\/\/batijournal.com\/index.php\/societe-grand-paris-concretise-demarche-environnementale-de-valorisation-deblais-de-chantiers\/95562\/\" \/>\n<meta property=\"og:site_name\" content=\"Batijournal\" \/>\n<meta property=\"article:published_time\" content=\"2017-03-29T08:47:18+00:00\" \/>\n<meta property=\"article:modified_time\" content=\"2019-07-15T10:23:37+00:00\" \/>\n<meta property=\"og:image\" content=\"https:\/\/batijournal.com\/wp-content\/uploads\/2017\/03\/dechets-btp.jpg\" \/>\n\t<meta property=\"og:image:width\" content=\"1200\" \/>\n\t<meta property=\"og:image:height\" content=\"759\" \/>\n\t<meta property=\"og:image:type\" content=\"image\/jpeg\" \/>\n<meta name=\"author\" content=\"St\u00e9phane Miget\" \/>\n<meta name=\"twitter:card\" content=\"summary_large_image\" \/>\n<meta name=\"twitter:creator\" content=\"@bati_journal\" \/>\n<meta name=\"twitter:site\" content=\"@bati_journal\" \/>\n<meta name=\"twitter:label1\" content=\"\u00c9crit par\" \/>\n\t<meta name=\"twitter:data1\" content=\"St\u00e9phane Miget\" \/>\n\t<meta name=\"twitter:label2\" content=\"Dur\u00e9e de lecture estim\u00e9e\" \/>\n\t<meta name=\"twitter:data2\" content=\"2 minutes\" \/>\n<script type=\"application\/ld+json\" class=\"yoast-schema-graph\">{\"@context\":\"https:\\\/\\\/schema.org\",\"@graph\":[{\"@type\":\"Article\",\"@id\":\"https:\\\/\\\/batijournal.com\\\/index.php\\\/societe-grand-paris-concretise-demarche-environnementale-de-valorisation-deblais-de-chantiers\\\/95562\\\/#article\",\"isPartOf\":{\"@id\":\"https:\\\/\\\/batijournal.com\\\/index.php\\\/societe-grand-paris-concretise-demarche-environnementale-de-valorisation-deblais-de-chantiers\\\/95562\\\/\"},\"author\":{\"name\":\"St\u00e9phane Miget\",\"@id\":\"https:\\\/\\\/batijournal.com\\\/#\\\/schema\\\/person\\\/1dc96ec6957aa1ccb25ebe78bb19f100\"},\"headline\":\"La Soci\u00e9t\u00e9 du Grand Paris concr\u00e9tise sa d\u00e9marche environnementale et de valorisation des d\u00e9blais de chantiers\",\"datePublished\":\"2017-03-29T08:47:18+00:00\",\"dateModified\":\"2019-07-15T10:23:37+00:00\",\"mainEntityOfPage\":{\"@id\":\"https:\\\/\\\/batijournal.com\\\/index.php\\\/societe-grand-paris-concretise-demarche-environnementale-de-valorisation-deblais-de-chantiers\\\/95562\\\/\"},\"wordCount\":361,\"image\":{\"@id\":\"https:\\\/\\\/batijournal.com\\\/index.php\\\/societe-grand-paris-concretise-demarche-environnementale-de-valorisation-deblais-de-chantiers\\\/95562\\\/#primaryimage\"},\"thumbnailUrl\":\"https:\\\/\\\/batijournal.com\\\/wp-content\\\/uploads\\\/2017\\\/03\\\/dechets-btp.jpg\",\"keywords\":[\"\u00e9conomie circulaire\",\"Grand Paris Express\"],\"articleSection\":[\"Actualit\u00e9s\",\"\u00c9nergie &amp; Environnement\"],\"inLanguage\":\"fr-FR\"},{\"@type\":\"WebPage\",\"@id\":\"https:\\\/\\\/batijournal.com\\\/index.php\\\/societe-grand-paris-concretise-demarche-environnementale-de-valorisation-deblais-de-chantiers\\\/95562\\\/\",\"url\":\"https:\\\/\\\/batijournal.com\\\/index.php\\\/societe-grand-paris-concretise-demarche-environnementale-de-valorisation-deblais-de-chantiers\\\/95562\\\/\",\"name\":\"La Soci\u00e9t\u00e9 du Grand Paris concr\u00e9tise sa d\u00e9marche environnementale et de valorisation des d\u00e9blais de chantiers\",\"isPartOf\":{\"@id\":\"https:\\\/\\\/batijournal.com\\\/#website\"},\"primaryImageOfPage\":{\"@id\":\"https:\\\/\\\/batijournal.com\\\/index.php\\\/societe-grand-paris-concretise-demarche-environnementale-de-valorisation-deblais-de-chantiers\\\/95562\\\/#primaryimage\"},\"image\":{\"@id\":\"https:\\\/\\\/batijournal.com\\\/index.php\\\/societe-grand-paris-concretise-demarche-environnementale-de-valorisation-deblais-de-chantiers\\\/95562\\\/#primaryimage\"},\"thumbnailUrl\":\"https:\\\/\\\/batijournal.com\\\/wp-content\\\/uploads\\\/2017\\\/03\\\/dechets-btp.jpg\",\"datePublished\":\"2017-03-29T08:47:18+00:00\",\"dateModified\":\"2019-07-15T10:23:37+00:00\",\"author\":{\"@id\":\"https:\\\/\\\/batijournal.com\\\/#\\\/schema\\\/person\\\/1dc96ec6957aa1ccb25ebe78bb19f100\"},\"breadcrumb\":{\"@id\":\"https:\\\/\\\/batijournal.com\\\/index.php\\\/societe-grand-paris-concretise-demarche-environnementale-de-valorisation-deblais-de-chantiers\\\/95562\\\/#breadcrumb\"},\"inLanguage\":\"fr-FR\",\"potentialAction\":[{\"@type\":\"ReadAction\",\"target\":[\"https:\\\/\\\/batijournal.com\\\/index.php\\\/societe-grand-paris-concretise-demarche-environnementale-de-valorisation-deblais-de-chantiers\\\/95562\\\/\"]}]},{\"@type\":\"ImageObject\",\"inLanguage\":\"fr-FR\",\"@id\":\"https:\\\/\\\/batijournal.com\\\/index.php\\\/societe-grand-paris-concretise-demarche-environnementale-de-valorisation-deblais-de-chantiers\\\/95562\\\/#primaryimage\",\"url\":\"https:\\\/\\\/batijournal.com\\\/wp-content\\\/uploads\\\/2017\\\/03\\\/dechets-btp.jpg\",\"contentUrl\":\"https:\\\/\\\/batijournal.com\\\/wp-content\\\/uploads\\\/2017\\\/03\\\/dechets-btp.jpg\",\"width\":1200,\"height\":759},{\"@type\":\"BreadcrumbList\",\"@id\":\"https:\\\/\\\/batijournal.com\\\/index.php\\\/societe-grand-paris-concretise-demarche-environnementale-de-valorisation-deblais-de-chantiers\\\/95562\\\/#breadcrumb\",\"itemListElement\":[{\"@type\":\"ListItem\",\"position\":1,\"name\":\"Accueil\",\"item\":\"https:\\\/\\\/batijournal.com\\\/\"},{\"@type\":\"ListItem\",\"position\":2,\"name\":\"Actualit\u00e9s\",\"item\":\"https:\\\/\\\/batijournal.com\\\/index.php\\\/category\\\/actualites\\\/\"},{\"@type\":\"ListItem\",\"position\":3,\"name\":\"La Soci\u00e9t\u00e9 du Grand Paris concr\u00e9tise sa d\u00e9marche environnementale et de valorisation des d\u00e9blais de chantiers\"}]},{\"@type\":\"WebSite\",\"@id\":\"https:\\\/\\\/batijournal.com\\\/#website\",\"url\":\"https:\\\/\\\/batijournal.com\\\/\",\"name\":\"Batijournal\",\"description\":\"L&#039;actualit\u00e9 du b\u00e2timent\",\"potentialAction\":[{\"@type\":\"SearchAction\",\"target\":{\"@type\":\"EntryPoint\",\"urlTemplate\":\"https:\\\/\\\/batijournal.com\\\/?s={search_term_string}\"},\"query-input\":{\"@type\":\"PropertyValueSpecification\",\"valueRequired\":true,\"valueName\":\"search_term_string\"}}],\"inLanguage\":\"fr-FR\"},{\"@type\":\"Person\",\"@id\":\"https:\\\/\\\/batijournal.com\\\/#\\\/schema\\\/person\\\/1dc96ec6957aa1ccb25ebe78bb19f100\",\"name\":\"St\u00e9phane Miget\",\"image\":{\"@type\":\"ImageObject\",\"inLanguage\":\"fr-FR\",\"@id\":\"https:\\\/\\\/secure.gravatar.com\\\/avatar\\\/89915563d925342126b8ef0281b93d9d7fc337043e8df017f780908eb9644451?s=96&d=mm&r=g\",\"url\":\"https:\\\/\\\/secure.gravatar.com\\\/avatar\\\/89915563d925342126b8ef0281b93d9d7fc337043e8df017f780908eb9644451?s=96&d=mm&r=g\",\"contentUrl\":\"https:\\\/\\\/secure.gravatar.com\\\/avatar\\\/89915563d925342126b8ef0281b93d9d7fc337043e8df017f780908eb9644451?s=96&d=mm&r=g\",\"caption\":\"St\u00e9phane Miget\"},\"url\":\"https:\\\/\\\/batijournal.com\\\/index.php\\\/author\\\/stephane\\\/\"}]}<\/script>\n<!-- \/ Yoast SEO plugin. -->","yoast_head_json":{"title":"La Soci\u00e9t\u00e9 du Grand Paris concr\u00e9tise sa d\u00e9marche environnementale et de valorisation des d\u00e9blais de chantiers","robots":{"index":"index","follow":"follow","max-snippet":"max-snippet:-1","max-image-preview":"max-image-preview:large","max-video-preview":"max-video-preview:-1"},"canonical":"https:\/\/batijournal.com\/index.php\/societe-grand-paris-concretise-demarche-environnementale-de-valorisation-deblais-de-chantiers\/95562\/","og_locale":"fr_FR","og_type":"article","og_title":"La Soci\u00e9t\u00e9 du Grand Paris concr\u00e9tise sa d\u00e9marche environnementale et de valorisation des d\u00e9blais de chantiers","og_description":"La Soci\u00e9t\u00e9 du Grand Paris veut faire du projet du nouveau m\u00e9tro un mod\u00e8le d\u2019\u00e9coconception, in\u00e9dit pour un projet de cette ampleur. Cette d\u00e9marche s\u2019appuie sur une m\u00e9thode globale, d\u00e9clin\u00e9e \u00e0 l\u2019\u00e9chelle de chaque tron\u00e7on du m\u00e9tro, de chaque gare et de chaque ouvrage. Elle repose sur trois piliers : \u00c9viter la destruction des milieux [&hellip;]","og_url":"https:\/\/batijournal.com\/index.php\/societe-grand-paris-concretise-demarche-environnementale-de-valorisation-deblais-de-chantiers\/95562\/","og_site_name":"Batijournal","article_published_time":"2017-03-29T08:47:18+00:00","article_modified_time":"2019-07-15T10:23:37+00:00","og_image":[{"width":1200,"height":759,"url":"https:\/\/batijournal.com\/wp-content\/uploads\/2017\/03\/dechets-btp.jpg","type":"image\/jpeg"}],"author":"St\u00e9phane Miget","twitter_card":"summary_large_image","twitter_creator":"@bati_journal","twitter_site":"@bati_journal","twitter_misc":{"\u00c9crit par":"St\u00e9phane Miget","Dur\u00e9e de lecture estim\u00e9e":"2 minutes"},"schema":{"@context":"https:\/\/schema.org","@graph":[{"@type":"Article","@id":"https:\/\/batijournal.com\/index.php\/societe-grand-paris-concretise-demarche-environnementale-de-valorisation-deblais-de-chantiers\/95562\/#article","isPartOf":{"@id":"https:\/\/batijournal.com\/index.php\/societe-grand-paris-concretise-demarche-environnementale-de-valorisation-deblais-de-chantiers\/95562\/"},"author":{"name":"St\u00e9phane Miget","@id":"https:\/\/batijournal.com\/#\/schema\/person\/1dc96ec6957aa1ccb25ebe78bb19f100"},"headline":"La Soci\u00e9t\u00e9 du Grand Paris concr\u00e9tise sa d\u00e9marche environnementale et de valorisation des d\u00e9blais de chantiers","datePublished":"2017-03-29T08:47:18+00:00","dateModified":"2019-07-15T10:23:37+00:00","mainEntityOfPage":{"@id":"https:\/\/batijournal.com\/index.php\/societe-grand-paris-concretise-demarche-environnementale-de-valorisation-deblais-de-chantiers\/95562\/"},"wordCount":361,"image":{"@id":"https:\/\/batijournal.com\/index.php\/societe-grand-paris-concretise-demarche-environnementale-de-valorisation-deblais-de-chantiers\/95562\/#primaryimage"},"thumbnailUrl":"https:\/\/batijournal.com\/wp-content\/uploads\/2017\/03\/dechets-btp.jpg","keywords":["\u00e9conomie circulaire","Grand Paris Express"],"articleSection":["Actualit\u00e9s","\u00c9nergie &amp; Environnement"],"inLanguage":"fr-FR"},{"@type":"WebPage","@id":"https:\/\/batijournal.com\/index.php\/societe-grand-paris-concretise-demarche-environnementale-de-valorisation-deblais-de-chantiers\/95562\/","url":"https:\/\/batijournal.com\/index.php\/societe-grand-paris-concretise-demarche-environnementale-de-valorisation-deblais-de-chantiers\/95562\/","name":"La Soci\u00e9t\u00e9 du Grand Paris concr\u00e9tise sa d\u00e9marche environnementale et de valorisation des d\u00e9blais de chantiers","isPartOf":{"@id":"https:\/\/batijournal.com\/#website"},"primaryImageOfPage":{"@id":"https:\/\/batijournal.com\/index.php\/societe-grand-paris-concretise-demarche-environnementale-de-valorisation-deblais-de-chantiers\/95562\/#primaryimage"},"image":{"@id":"https:\/\/batijournal.com\/index.php\/societe-grand-paris-concretise-demarche-environnementale-de-valorisation-deblais-de-chantiers\/95562\/#primaryimage"},"thumbnailUrl":"https:\/\/batijournal.com\/wp-content\/uploads\/2017\/03\/dechets-btp.jpg","datePublished":"2017-03-29T08:47:18+00:00","dateModified":"2019-07-15T10:23:37+00:00","author":{"@id":"https:\/\/batijournal.com\/#\/schema\/person\/1dc96ec6957aa1ccb25ebe78bb19f100"},"breadcrumb":{"@id":"https:\/\/batijournal.com\/index.php\/societe-grand-paris-concretise-demarche-environnementale-de-valorisation-deblais-de-chantiers\/95562\/#breadcrumb"},"inLanguage":"fr-FR","potentialAction":[{"@type":"ReadAction","target":["https:\/\/batijournal.com\/index.php\/societe-grand-paris-concretise-demarche-environnementale-de-valorisation-deblais-de-chantiers\/95562\/"]}]},{"@type":"ImageObject","inLanguage":"fr-FR","@id":"https:\/\/batijournal.com\/index.php\/societe-grand-paris-concretise-demarche-environnementale-de-valorisation-deblais-de-chantiers\/95562\/#primaryimage","url":"https:\/\/batijournal.com\/wp-content\/uploads\/2017\/03\/dechets-btp.jpg","contentUrl":"https:\/\/batijournal.com\/wp-content\/uploads\/2017\/03\/dechets-btp.jpg","width":1200,"height":759},{"@type":"BreadcrumbList","@id":"https:\/\/batijournal.com\/index.php\/societe-grand-paris-concretise-demarche-environnementale-de-valorisation-deblais-de-chantiers\/95562\/#breadcrumb","itemListElement":[{"@type":"ListItem","position":1,"name":"Accueil","item":"https:\/\/batijournal.com\/"},{"@type":"ListItem","position":2,"name":"Actualit\u00e9s","item":"https:\/\/batijournal.com\/index.php\/category\/actualites\/"},{"@type":"ListItem","position":3,"name":"La Soci\u00e9t\u00e9 du Grand Paris concr\u00e9tise sa d\u00e9marche environnementale et de valorisation des d\u00e9blais de chantiers"}]},{"@type":"WebSite","@id":"https:\/\/batijournal.com\/#website","url":"https:\/\/batijournal.com\/","name":"Batijournal","description":"L&#039;actualit\u00e9 du b\u00e2timent","potentialAction":[{"@type":"SearchAction","target":{"@type":"EntryPoint","urlTemplate":"https:\/\/batijournal.com\/?s={search_term_string}"},"query-input":{"@type":"PropertyValueSpecification","valueRequired":true,"valueName":"search_term_string"}}],"inLanguage":"fr-FR"},{"@type":"Person","@id":"https:\/\/batijournal.com\/#\/schema\/person\/1dc96ec6957aa1ccb25ebe78bb19f100","name":"St\u00e9phane Miget","image":{"@type":"ImageObject","inLanguage":"fr-FR","@id":"https:\/\/secure.gravatar.com\/avatar\/89915563d925342126b8ef0281b93d9d7fc337043e8df017f780908eb9644451?s=96&d=mm&r=g","url":"https:\/\/secure.gravatar.com\/avatar\/89915563d925342126b8ef0281b93d9d7fc337043e8df017f780908eb9644451?s=96&d=mm&r=g","contentUrl":"https:\/\/secure.gravatar.com\/avatar\/89915563d925342126b8ef0281b93d9d7fc337043e8df017f780908eb9644451?s=96&d=mm&r=g","caption":"St\u00e9phane Miget"},"url":"https:\/\/batijournal.com\/index.php\/author\/stephane\/"}]}},"_links":{"self":[{"href":"https:\/\/batijournal.com\/index.php\/wp-json\/wp\/v2\/posts\/95562","targetHints":{"allow":["GET"]}}],"collection":[{"href":"https:\/\/batijournal.com\/index.php\/wp-json\/wp\/v2\/posts"}],"about":[{"href":"https:\/\/batijournal.com\/index.php\/wp-json\/wp\/v2\/types\/post"}],"author":[{"embeddable":true,"href":"https:\/\/batijournal.com\/index.php\/wp-json\/wp\/v2\/users\/17"}],"replies":[{"embeddable":true,"href":"https:\/\/batijournal.com\/index.php\/wp-json\/wp\/v2\/comments?post=95562"}],"version-history":[{"count":0,"href":"https:\/\/batijournal.com\/index.php\/wp-json\/wp\/v2\/posts\/95562\/revisions"}],"wp:featuredmedia":[{"embeddable":true,"href":"https:\/\/batijournal.com\/index.php\/wp-json\/wp\/v2\/media\/95563"}],"wp:attachment":[{"href":"https:\/\/batijournal.com\/index.php\/wp-json\/wp\/v2\/media?parent=95562"}],"wp:term":[{"taxonomy":"category","embeddable":true,"href":"https:\/\/batijournal.com\/index.php\/wp-json\/wp\/v2\/categories?post=95562"},{"taxonomy":"post_tag","embeddable":true,"href":"https:\/\/batijournal.com\/index.php\/wp-json\/wp\/v2\/tags?post=95562"}],"curies":[{"name":"wp","href":"https:\/\/api.w.org\/{rel}","templated":true}]}}