{"id":95565,"date":"2017-03-29T14:58:26","date_gmt":"2017-03-29T12:58:26","guid":{"rendered":"http:\/\/batijournal.com\/?p=95565"},"modified":"2017-04-25T10:27:43","modified_gmt":"2017-04-25T08:27:43","slug":"nouveau-president-de-france-bois-regions","status":"publish","type":"post","link":"https:\/\/batijournal.com\/index.php\/nouveau-president-de-france-bois-regions\/95565\/","title":{"rendered":"Nouveau pr\u00e9sident de France Bois R\u00e9gions"},"content":{"rendered":"<p><!-- @page { margin: 2cm } P { margin-bottom: 0.21cm } --><\/p>\n<p><span style=\"font-family: Arial, sans-serif\"><span style=\"font-size: medium\"><span style=\"color: #2e2e2e\">Christophe Gleize a \u00e9t\u00e9 \u00e9lu pr\u00e9sident de France Bois R\u00e9gions, le 15 mars 2017, par le conseil d\u2019administration de ce r\u00e9seau d\u2019interprofessions r\u00e9gionales de la fili\u00e8re for\u00eat-bois. Il remplace \u00e0 ce poste Christian Piquet, d\u00e9missionnaire. Ag\u00e9 de 50 ans, le nouveau pr\u00e9sident de France Bois R\u00e9gions est, depuis 2008, \u00e0 la t\u00eate de l\u2019interprofession du Languedoc-Roussillon Arfobois\u00a0dont il pr\u00e9pare la fusion avec Midi-Pyr\u00e9n\u00e9es Bois. Depuis 2008 \u00e9galement, Christophe Gleize est vice-pr\u00e9sident du syndicat Gard-Loz\u00e8re de la F\u00e9d\u00e9ration nationale du bois.<\/span><\/span><\/span><\/p>\n<p><!-- @page { margin: 2cm } P { margin-bottom: 0.21cm } --><\/p>\n<p><span style=\"color: #000000\"><span style=\"font-family: Arial, sans-serif\"><span style=\"font-size: medium\">Outre son pr\u00e9sident, d\u00e9l\u00e9gu\u00e9 \u00e0 la \u00ab\u00a0communication\u00a0\u00bb, France Bois R\u00e9gions compte d\u00e9sormais sept vice-pr\u00e9sidents\u00a0: <\/span><\/span><\/span><\/p>\n<p align=\"JUSTIFY\"><span style=\"color: #000000\"><span style=\"font-family: Arial, sans-serif\"><span style=\"font-size: medium\">&#8211; Vice-pr\u00e9sident, d\u00e9l\u00e9gu\u00e9 \u00ab\u00a0amont et bois \u00e9nergie\u00a0\u00bb\u00a0:Jean-Philippe Bazot \u2013 Aprovalbois (Bourgogne, r\u00e9gion Bourgogne-Franche-Comt\u00e9)\u00a0; <\/span><\/span><\/span><\/p>\n<p align=\"JUSTIFY\"><span style=\"color: #000000\"><span style=\"font-family: Arial, sans-serif\"><span style=\"font-size: medium\">&#8211; Vice-pr\u00e9sident, d\u00e9l\u00e9gu\u00e9 \u00ab\u00a0conditionnement, panneaux, papier, industrie\u00a0\u00bb\u00a0: Christian Ribes \u2013 Boislim (Limousin, r\u00e9gion Nouvelle-Aquitaine)\u00a0; <\/span><\/span><\/span><\/p>\n<p align=\"JUSTIFY\"><span style=\"color: #000000\"><span style=\"font-family: Arial, sans-serif\"><span style=\"font-size: medium\">&#8211; Vice-pr\u00e9sident, d\u00e9l\u00e9gu\u00e9 \u00ab\u00a0tonnellerie, international et export\u00a0\u00bb\u00a0: Alban Petiteaux &#8211; Futurobois (Poitou-Charentes, r\u00e9gion Nouvelle-Aquitaine)\u00a0;<\/span><\/span><\/span><\/p>\n<p align=\"JUSTIFY\"><span style=\"color: #000000\"><span style=\"font-family: Arial, sans-serif\"><span style=\"font-size: medium\">&#8211; Vice-pr\u00e9sident, d\u00e9l\u00e9gu\u00e9 \u00ab\u00a0scierie et exploitation\u00a0\u00bb\u00a0: Michel Hamon \u2013 Abibois (r\u00e9gion Bretagne)\u00a0;<\/span><\/span><\/span><\/p>\n<p align=\"JUSTIFY\"><span style=\"color: #000000\"><span style=\"font-family: Arial, sans-serif\"><span style=\"font-size: medium\">&#8211; Vice-pr\u00e9sident, d\u00e9l\u00e9gu\u00e9 \u00ab\u00a0construction bois\u00a0\u00bb\u00a0: S\u00e9bastien M\u00e9ha \u2013 Franc\u00eelbois (r\u00e9gion\u00cele-de-France)\u00a0; <\/span><\/span><\/span><\/p>\n<p align=\"JUSTIFY\"><span style=\"color: #000000\"><span style=\"font-family: Arial, sans-serif\"><span style=\"font-size: medium\">&#8211; Vice-pr\u00e9sident, d\u00e9l\u00e9gu\u00e9 \u00ab\u00a0formation et b\u00e2timent\u00a0\u00bb\u00a0: Jean Gilbert \u2013 Fibra (Rh\u00f4ne Alpes, r\u00e9gion Auvergne-Rh\u00f4ne-Alpes)\u00a0;<\/span><\/span><\/span><\/p>\n<p align=\"JUSTIFY\"><span style=\"color: #000000\"><span style=\"font-family: Arial, sans-serif\"><span style=\"font-size: medium\">&#8211; Vice-pr\u00e9sident, d\u00e9l\u00e9gu\u00e9 \u00ab\u00a0menuiserie, agencement, ameublement\u00a0\u00bb\u00a0: Gilles Somme \u2013 Gipeblor (Lorraine, r\u00e9gion Grand Est).<\/span><\/span><\/span><\/p>\n<p><a href=\"http:\/\/www.franceboisregions.fr\">www.franceboisregions.fr<\/a><\/p>\n<p align=\"JUSTIFY\">\n","protected":false},"excerpt":{"rendered":"<p>Christophe Gleize a \u00e9t\u00e9 \u00e9lu pr\u00e9sident de France Bois R\u00e9gions, le 15 mars 2017, par le conseil d\u2019administration de ce r\u00e9seau d\u2019interprofessions r\u00e9gionales de la fili\u00e8re for\u00eat-bois. Il remplace \u00e0 ce poste Christian Piquet, d\u00e9missionnaire. Ag\u00e9 de 50 ans, le nouveau pr\u00e9sident de France Bois R\u00e9gions est, depuis 2008, \u00e0 la t\u00eate de l\u2019interprofession du [&hellip;]<\/p>\n","protected":false},"author":17,"featured_media":95566,"comment_status":"closed","ping_status":"closed","sticky":false,"template":"","format":"standard","meta":{"_et_pb_use_builder":"","_et_pb_old_content":"","_et_gb_content_width":"","footnotes":""},"categories":[10530,10768,10764],"tags":[11481,698],"class_list":["post-95565","post","type-post","status-publish","format-standard","has-post-thumbnail","hentry","category-actualites","category-nouvelles-tetes","category-woodsurfer","tag-france-bois-regions","tag-interprofession"],"yoast_head":"<!-- This site is optimized with the Yoast SEO plugin v27.4 - https:\/\/yoast.com\/product\/yoast-seo-wordpress\/ -->\n<title>Nouveau pr\u00e9sident de France Bois R\u00e9gions<\/title>\n<meta name=\"robots\" content=\"index, follow, max-snippet:-1, max-image-preview:large, max-video-preview:-1\" \/>\n<link rel=\"canonical\" href=\"https:\/\/batijournal.com\/index.php\/nouveau-president-de-france-bois-regions\/95565\/\" \/>\n<meta property=\"og:locale\" content=\"fr_FR\" \/>\n<meta property=\"og:type\" content=\"article\" \/>\n<meta property=\"og:title\" content=\"Nouveau pr\u00e9sident de France Bois R\u00e9gions\" \/>\n<meta property=\"og:description\" content=\"Christophe Gleize a \u00e9t\u00e9 \u00e9lu pr\u00e9sident de France Bois R\u00e9gions, le 15 mars 2017, par le conseil d\u2019administration de ce r\u00e9seau d\u2019interprofessions r\u00e9gionales de la fili\u00e8re for\u00eat-bois. Il remplace \u00e0 ce poste Christian Piquet, d\u00e9missionnaire. Ag\u00e9 de 50 ans, le nouveau pr\u00e9sident de France Bois R\u00e9gions est, depuis 2008, \u00e0 la t\u00eate de l\u2019interprofession du [&hellip;]\" \/>\n<meta property=\"og:url\" content=\"https:\/\/batijournal.com\/index.php\/nouveau-president-de-france-bois-regions\/95565\/\" \/>\n<meta property=\"og:site_name\" content=\"Batijournal\" \/>\n<meta property=\"article:published_time\" content=\"2017-03-29T12:58:26+00:00\" \/>\n<meta property=\"article:modified_time\" content=\"2017-04-25T08:27:43+00:00\" \/>\n<meta property=\"og:image\" content=\"https:\/\/batijournal.com\/wp-content\/uploads\/2017\/03\/Christophe-Gleize-UFV.jpg\" \/>\n\t<meta property=\"og:image:width\" content=\"680\" \/>\n\t<meta property=\"og:image:height\" content=\"440\" \/>\n\t<meta property=\"og:image:type\" content=\"image\/jpeg\" \/>\n<meta name=\"author\" content=\"St\u00e9phane Miget\" \/>\n<meta name=\"twitter:card\" content=\"summary_large_image\" \/>\n<meta name=\"twitter:creator\" content=\"@bati_journal\" \/>\n<meta name=\"twitter:site\" content=\"@bati_journal\" \/>\n<meta name=\"twitter:label1\" content=\"\u00c9crit par\" \/>\n\t<meta name=\"twitter:data1\" content=\"St\u00e9phane Miget\" \/>\n\t<meta name=\"twitter:label2\" content=\"Dur\u00e9e de lecture estim\u00e9e\" \/>\n\t<meta name=\"twitter:data2\" content=\"1 minute\" \/>\n<script type=\"application\/ld+json\" class=\"yoast-schema-graph\">{\"@context\":\"https:\\\/\\\/schema.org\",\"@graph\":[{\"@type\":\"Article\",\"@id\":\"https:\\\/\\\/batijournal.com\\\/index.php\\\/nouveau-president-de-france-bois-regions\\\/95565\\\/#article\",\"isPartOf\":{\"@id\":\"https:\\\/\\\/batijournal.com\\\/index.php\\\/nouveau-president-de-france-bois-regions\\\/95565\\\/\"},\"author\":{\"name\":\"St\u00e9phane Miget\",\"@id\":\"https:\\\/\\\/batijournal.com\\\/#\\\/schema\\\/person\\\/1dc96ec6957aa1ccb25ebe78bb19f100\"},\"headline\":\"Nouveau pr\u00e9sident de France Bois R\u00e9gions\",\"datePublished\":\"2017-03-29T12:58:26+00:00\",\"dateModified\":\"2017-04-25T08:27:43+00:00\",\"mainEntityOfPage\":{\"@id\":\"https:\\\/\\\/batijournal.com\\\/index.php\\\/nouveau-president-de-france-bois-regions\\\/95565\\\/\"},\"wordCount\":245,\"image\":{\"@id\":\"https:\\\/\\\/batijournal.com\\\/index.php\\\/nouveau-president-de-france-bois-regions\\\/95565\\\/#primaryimage\"},\"thumbnailUrl\":\"https:\\\/\\\/batijournal.com\\\/wp-content\\\/uploads\\\/2017\\\/03\\\/Christophe-Gleize-UFV.jpg\",\"keywords\":[\"France Bois R\u00e9gions\",\"interprofession\"],\"articleSection\":[\"Actualit\u00e9s\",\"zz_Nouvelles t\u00eates - Woodsurfer\",\"zz_Woodsurfer\"],\"inLanguage\":\"fr-FR\"},{\"@type\":\"WebPage\",\"@id\":\"https:\\\/\\\/batijournal.com\\\/index.php\\\/nouveau-president-de-france-bois-regions\\\/95565\\\/\",\"url\":\"https:\\\/\\\/batijournal.com\\\/index.php\\\/nouveau-president-de-france-bois-regions\\\/95565\\\/\",\"name\":\"Nouveau pr\u00e9sident de France Bois R\u00e9gions\",\"isPartOf\":{\"@id\":\"https:\\\/\\\/batijournal.com\\\/#website\"},\"primaryImageOfPage\":{\"@id\":\"https:\\\/\\\/batijournal.com\\\/index.php\\\/nouveau-president-de-france-bois-regions\\\/95565\\\/#primaryimage\"},\"image\":{\"@id\":\"https:\\\/\\\/batijournal.com\\\/index.php\\\/nouveau-president-de-france-bois-regions\\\/95565\\\/#primaryimage\"},\"thumbnailUrl\":\"https:\\\/\\\/batijournal.com\\\/wp-content\\\/uploads\\\/2017\\\/03\\\/Christophe-Gleize-UFV.jpg\",\"datePublished\":\"2017-03-29T12:58:26+00:00\",\"dateModified\":\"2017-04-25T08:27:43+00:00\",\"author\":{\"@id\":\"https:\\\/\\\/batijournal.com\\\/#\\\/schema\\\/person\\\/1dc96ec6957aa1ccb25ebe78bb19f100\"},\"breadcrumb\":{\"@id\":\"https:\\\/\\\/batijournal.com\\\/index.php\\\/nouveau-president-de-france-bois-regions\\\/95565\\\/#breadcrumb\"},\"inLanguage\":\"fr-FR\",\"potentialAction\":[{\"@type\":\"ReadAction\",\"target\":[\"https:\\\/\\\/batijournal.com\\\/index.php\\\/nouveau-president-de-france-bois-regions\\\/95565\\\/\"]}]},{\"@type\":\"ImageObject\",\"inLanguage\":\"fr-FR\",\"@id\":\"https:\\\/\\\/batijournal.com\\\/index.php\\\/nouveau-president-de-france-bois-regions\\\/95565\\\/#primaryimage\",\"url\":\"https:\\\/\\\/batijournal.com\\\/wp-content\\\/uploads\\\/2017\\\/03\\\/Christophe-Gleize-UFV.jpg\",\"contentUrl\":\"https:\\\/\\\/batijournal.com\\\/wp-content\\\/uploads\\\/2017\\\/03\\\/Christophe-Gleize-UFV.jpg\",\"width\":680,\"height\":440},{\"@type\":\"BreadcrumbList\",\"@id\":\"https:\\\/\\\/batijournal.com\\\/index.php\\\/nouveau-president-de-france-bois-regions\\\/95565\\\/#breadcrumb\",\"itemListElement\":[{\"@type\":\"ListItem\",\"position\":1,\"name\":\"Accueil\",\"item\":\"https:\\\/\\\/batijournal.com\\\/\"},{\"@type\":\"ListItem\",\"position\":2,\"name\":\"Actualit\u00e9s\",\"item\":\"https:\\\/\\\/batijournal.com\\\/index.php\\\/category\\\/actualites\\\/\"},{\"@type\":\"ListItem\",\"position\":3,\"name\":\"Nouveau pr\u00e9sident de France Bois R\u00e9gions\"}]},{\"@type\":\"WebSite\",\"@id\":\"https:\\\/\\\/batijournal.com\\\/#website\",\"url\":\"https:\\\/\\\/batijournal.com\\\/\",\"name\":\"Batijournal\",\"description\":\"L&#039;actualit\u00e9 du b\u00e2timent\",\"potentialAction\":[{\"@type\":\"SearchAction\",\"target\":{\"@type\":\"EntryPoint\",\"urlTemplate\":\"https:\\\/\\\/batijournal.com\\\/?s={search_term_string}\"},\"query-input\":{\"@type\":\"PropertyValueSpecification\",\"valueRequired\":true,\"valueName\":\"search_term_string\"}}],\"inLanguage\":\"fr-FR\"},{\"@type\":\"Person\",\"@id\":\"https:\\\/\\\/batijournal.com\\\/#\\\/schema\\\/person\\\/1dc96ec6957aa1ccb25ebe78bb19f100\",\"name\":\"St\u00e9phane Miget\",\"image\":{\"@type\":\"ImageObject\",\"inLanguage\":\"fr-FR\",\"@id\":\"https:\\\/\\\/secure.gravatar.com\\\/avatar\\\/89915563d925342126b8ef0281b93d9d7fc337043e8df017f780908eb9644451?s=96&d=mm&r=g\",\"url\":\"https:\\\/\\\/secure.gravatar.com\\\/avatar\\\/89915563d925342126b8ef0281b93d9d7fc337043e8df017f780908eb9644451?s=96&d=mm&r=g\",\"contentUrl\":\"https:\\\/\\\/secure.gravatar.com\\\/avatar\\\/89915563d925342126b8ef0281b93d9d7fc337043e8df017f780908eb9644451?s=96&d=mm&r=g\",\"caption\":\"St\u00e9phane Miget\"},\"url\":\"https:\\\/\\\/batijournal.com\\\/index.php\\\/author\\\/stephane\\\/\"}]}<\/script>\n<!-- \/ Yoast SEO plugin. -->","yoast_head_json":{"title":"Nouveau pr\u00e9sident de France Bois R\u00e9gions","robots":{"index":"index","follow":"follow","max-snippet":"max-snippet:-1","max-image-preview":"max-image-preview:large","max-video-preview":"max-video-preview:-1"},"canonical":"https:\/\/batijournal.com\/index.php\/nouveau-president-de-france-bois-regions\/95565\/","og_locale":"fr_FR","og_type":"article","og_title":"Nouveau pr\u00e9sident de France Bois R\u00e9gions","og_description":"Christophe Gleize a \u00e9t\u00e9 \u00e9lu pr\u00e9sident de France Bois R\u00e9gions, le 15 mars 2017, par le conseil d\u2019administration de ce r\u00e9seau d\u2019interprofessions r\u00e9gionales de la fili\u00e8re for\u00eat-bois. Il remplace \u00e0 ce poste Christian Piquet, d\u00e9missionnaire. Ag\u00e9 de 50 ans, le nouveau pr\u00e9sident de France Bois R\u00e9gions est, depuis 2008, \u00e0 la t\u00eate de l\u2019interprofession du [&hellip;]","og_url":"https:\/\/batijournal.com\/index.php\/nouveau-president-de-france-bois-regions\/95565\/","og_site_name":"Batijournal","article_published_time":"2017-03-29T12:58:26+00:00","article_modified_time":"2017-04-25T08:27:43+00:00","og_image":[{"width":680,"height":440,"url":"https:\/\/batijournal.com\/wp-content\/uploads\/2017\/03\/Christophe-Gleize-UFV.jpg","type":"image\/jpeg"}],"author":"St\u00e9phane Miget","twitter_card":"summary_large_image","twitter_creator":"@bati_journal","twitter_site":"@bati_journal","twitter_misc":{"\u00c9crit par":"St\u00e9phane Miget","Dur\u00e9e de lecture estim\u00e9e":"1 minute"},"schema":{"@context":"https:\/\/schema.org","@graph":[{"@type":"Article","@id":"https:\/\/batijournal.com\/index.php\/nouveau-president-de-france-bois-regions\/95565\/#article","isPartOf":{"@id":"https:\/\/batijournal.com\/index.php\/nouveau-president-de-france-bois-regions\/95565\/"},"author":{"name":"St\u00e9phane Miget","@id":"https:\/\/batijournal.com\/#\/schema\/person\/1dc96ec6957aa1ccb25ebe78bb19f100"},"headline":"Nouveau pr\u00e9sident de France Bois R\u00e9gions","datePublished":"2017-03-29T12:58:26+00:00","dateModified":"2017-04-25T08:27:43+00:00","mainEntityOfPage":{"@id":"https:\/\/batijournal.com\/index.php\/nouveau-president-de-france-bois-regions\/95565\/"},"wordCount":245,"image":{"@id":"https:\/\/batijournal.com\/index.php\/nouveau-president-de-france-bois-regions\/95565\/#primaryimage"},"thumbnailUrl":"https:\/\/batijournal.com\/wp-content\/uploads\/2017\/03\/Christophe-Gleize-UFV.jpg","keywords":["France Bois R\u00e9gions","interprofession"],"articleSection":["Actualit\u00e9s","zz_Nouvelles t\u00eates - Woodsurfer","zz_Woodsurfer"],"inLanguage":"fr-FR"},{"@type":"WebPage","@id":"https:\/\/batijournal.com\/index.php\/nouveau-president-de-france-bois-regions\/95565\/","url":"https:\/\/batijournal.com\/index.php\/nouveau-president-de-france-bois-regions\/95565\/","name":"Nouveau pr\u00e9sident de France Bois R\u00e9gions","isPartOf":{"@id":"https:\/\/batijournal.com\/#website"},"primaryImageOfPage":{"@id":"https:\/\/batijournal.com\/index.php\/nouveau-president-de-france-bois-regions\/95565\/#primaryimage"},"image":{"@id":"https:\/\/batijournal.com\/index.php\/nouveau-president-de-france-bois-regions\/95565\/#primaryimage"},"thumbnailUrl":"https:\/\/batijournal.com\/wp-content\/uploads\/2017\/03\/Christophe-Gleize-UFV.jpg","datePublished":"2017-03-29T12:58:26+00:00","dateModified":"2017-04-25T08:27:43+00:00","author":{"@id":"https:\/\/batijournal.com\/#\/schema\/person\/1dc96ec6957aa1ccb25ebe78bb19f100"},"breadcrumb":{"@id":"https:\/\/batijournal.com\/index.php\/nouveau-president-de-france-bois-regions\/95565\/#breadcrumb"},"inLanguage":"fr-FR","potentialAction":[{"@type":"ReadAction","target":["https:\/\/batijournal.com\/index.php\/nouveau-president-de-france-bois-regions\/95565\/"]}]},{"@type":"ImageObject","inLanguage":"fr-FR","@id":"https:\/\/batijournal.com\/index.php\/nouveau-president-de-france-bois-regions\/95565\/#primaryimage","url":"https:\/\/batijournal.com\/wp-content\/uploads\/2017\/03\/Christophe-Gleize-UFV.jpg","contentUrl":"https:\/\/batijournal.com\/wp-content\/uploads\/2017\/03\/Christophe-Gleize-UFV.jpg","width":680,"height":440},{"@type":"BreadcrumbList","@id":"https:\/\/batijournal.com\/index.php\/nouveau-president-de-france-bois-regions\/95565\/#breadcrumb","itemListElement":[{"@type":"ListItem","position":1,"name":"Accueil","item":"https:\/\/batijournal.com\/"},{"@type":"ListItem","position":2,"name":"Actualit\u00e9s","item":"https:\/\/batijournal.com\/index.php\/category\/actualites\/"},{"@type":"ListItem","position":3,"name":"Nouveau pr\u00e9sident de France Bois R\u00e9gions"}]},{"@type":"WebSite","@id":"https:\/\/batijournal.com\/#website","url":"https:\/\/batijournal.com\/","name":"Batijournal","description":"L&#039;actualit\u00e9 du b\u00e2timent","potentialAction":[{"@type":"SearchAction","target":{"@type":"EntryPoint","urlTemplate":"https:\/\/batijournal.com\/?s={search_term_string}"},"query-input":{"@type":"PropertyValueSpecification","valueRequired":true,"valueName":"search_term_string"}}],"inLanguage":"fr-FR"},{"@type":"Person","@id":"https:\/\/batijournal.com\/#\/schema\/person\/1dc96ec6957aa1ccb25ebe78bb19f100","name":"St\u00e9phane Miget","image":{"@type":"ImageObject","inLanguage":"fr-FR","@id":"https:\/\/secure.gravatar.com\/avatar\/89915563d925342126b8ef0281b93d9d7fc337043e8df017f780908eb9644451?s=96&d=mm&r=g","url":"https:\/\/secure.gravatar.com\/avatar\/89915563d925342126b8ef0281b93d9d7fc337043e8df017f780908eb9644451?s=96&d=mm&r=g","contentUrl":"https:\/\/secure.gravatar.com\/avatar\/89915563d925342126b8ef0281b93d9d7fc337043e8df017f780908eb9644451?s=96&d=mm&r=g","caption":"St\u00e9phane Miget"},"url":"https:\/\/batijournal.com\/index.php\/author\/stephane\/"}]}},"_links":{"self":[{"href":"https:\/\/batijournal.com\/index.php\/wp-json\/wp\/v2\/posts\/95565","targetHints":{"allow":["GET"]}}],"collection":[{"href":"https:\/\/batijournal.com\/index.php\/wp-json\/wp\/v2\/posts"}],"about":[{"href":"https:\/\/batijournal.com\/index.php\/wp-json\/wp\/v2\/types\/post"}],"author":[{"embeddable":true,"href":"https:\/\/batijournal.com\/index.php\/wp-json\/wp\/v2\/users\/17"}],"replies":[{"embeddable":true,"href":"https:\/\/batijournal.com\/index.php\/wp-json\/wp\/v2\/comments?post=95565"}],"version-history":[{"count":0,"href":"https:\/\/batijournal.com\/index.php\/wp-json\/wp\/v2\/posts\/95565\/revisions"}],"wp:featuredmedia":[{"embeddable":true,"href":"https:\/\/batijournal.com\/index.php\/wp-json\/wp\/v2\/media\/95566"}],"wp:attachment":[{"href":"https:\/\/batijournal.com\/index.php\/wp-json\/wp\/v2\/media?parent=95565"}],"wp:term":[{"taxonomy":"category","embeddable":true,"href":"https:\/\/batijournal.com\/index.php\/wp-json\/wp\/v2\/categories?post=95565"},{"taxonomy":"post_tag","embeddable":true,"href":"https:\/\/batijournal.com\/index.php\/wp-json\/wp\/v2\/tags?post=95565"}],"curies":[{"name":"wp","href":"https:\/\/api.w.org\/{rel}","templated":true}]}}