{"id":95573,"date":"2017-03-29T16:05:44","date_gmt":"2017-03-29T14:05:44","guid":{"rendered":"http:\/\/batijournal.com\/?p=95573"},"modified":"2019-07-15T12:23:37","modified_gmt":"2019-07-15T10:23:37","slug":"lindustrie-carrieres-siege-comite-national-de-biodiversite","status":"publish","type":"post","link":"https:\/\/batijournal.com\/index.php\/lindustrie-carrieres-siege-comite-national-de-biodiversite\/95573\/","title":{"rendered":"L&rsquo;industrie des carri\u00e8res si\u00e8ge au Comit\u00e9 national de la biodiversit\u00e9"},"content":{"rendered":"<p>L\u2019Union nationale des industries de carri\u00e8res et mat\u00e9riaux de construction (UNICEM) a \u00e9t\u00e9 convi\u00e9e par le minist\u00e8re de l\u2019Environnement, de l\u2019Energie et de la Mer \u00e0 devenir membre du Comit\u00e9 national de la biodiversit\u00e9. C&rsquo;est une instance d\u2019information, d\u2019\u00e9changes et de concertation sur les questions strat\u00e9giques li\u00e9es \u00e0 la biodiversit\u00e9. Ce \u00ab parlement de la nature \u00bb sera consult\u00e9 par le Gouvernement sur tout sujet relatif \u00e0 la biodiversit\u00e9 ou ayant un effet notable sur celle-ci, et donnera son avis sur les orientations strat\u00e9giques de l\u2018Agence fran\u00e7aise pour la biodiversit\u00e9. Soucieuses de longue date de pr\u00e9server l\u2019environnement, et conscientes de leur r\u00f4le essentiel en la mati\u00e8re, les industries extractives ont mis en place d\u00e8s 2004 un cadre rigoureux leur permettant d\u2019allier au mieux d\u00e9veloppement \u00e9conomique et respect de la biodiversit\u00e9 : la Charte Environnement. C\u2019est cet engagement important, ainsi que l\u2019expertise d\u00e9velopp\u00e9e par la profession en faveur de la biodiversit\u00e9, reconnus aussi bien par les ONG que par la communaut\u00e9 scientifique, qui valent aujourd\u2019hui aux industries de carri\u00e8res et mat\u00e9riaux de construction de si\u00e9ger au sein du Comit\u00e9 national de la biodiversit\u00e9.<\/p>\n","protected":false},"excerpt":{"rendered":"<p>L\u2019Union nationale des industries de carri\u00e8res et mat\u00e9riaux de construction (UNICEM) a \u00e9t\u00e9 convi\u00e9e par le minist\u00e8re de l\u2019Environnement, de l\u2019Energie et de la Mer \u00e0 devenir membre du Comit\u00e9 national de la biodiversit\u00e9. C&rsquo;est une instance d\u2019information, d\u2019\u00e9changes et de concertation sur les questions strat\u00e9giques li\u00e9es \u00e0 la biodiversit\u00e9. Ce \u00ab parlement de la [&hellip;]<\/p>\n","protected":false},"author":17,"featured_media":91618,"comment_status":"closed","ping_status":"closed","sticky":false,"template":"","format":"standard","meta":{"_et_pb_use_builder":"","_et_pb_old_content":"","_et_gb_content_width":"","footnotes":""},"categories":[10530,6351,10775],"tags":[1205,2673,6669],"class_list":["post-95573","post","type-post","status-publish","format-standard","has-post-thumbnail","hentry","category-actualites","category-energie-environnement","category-actualites-5facades","tag-biodiversite","tag-carriere","tag-unicem"],"yoast_head":"<!-- This site is optimized with the Yoast SEO plugin v27.4 - https:\/\/yoast.com\/product\/yoast-seo-wordpress\/ -->\n<title>L&#039;industrie des carri\u00e8res si\u00e8ge au Comit\u00e9 national de la biodiversit\u00e9<\/title>\n<meta name=\"robots\" content=\"index, follow, max-snippet:-1, max-image-preview:large, max-video-preview:-1\" \/>\n<link rel=\"canonical\" href=\"https:\/\/batijournal.com\/index.php\/lindustrie-carrieres-siege-comite-national-de-biodiversite\/95573\/\" \/>\n<meta property=\"og:locale\" content=\"fr_FR\" \/>\n<meta property=\"og:type\" content=\"article\" \/>\n<meta property=\"og:title\" content=\"L&#039;industrie des carri\u00e8res si\u00e8ge au Comit\u00e9 national de la biodiversit\u00e9\" \/>\n<meta property=\"og:description\" content=\"L\u2019Union nationale des industries de carri\u00e8res et mat\u00e9riaux de construction (UNICEM) a \u00e9t\u00e9 convi\u00e9e par le minist\u00e8re de l\u2019Environnement, de l\u2019Energie et de la Mer \u00e0 devenir membre du Comit\u00e9 national de la biodiversit\u00e9. C&rsquo;est une instance d\u2019information, d\u2019\u00e9changes et de concertation sur les questions strat\u00e9giques li\u00e9es \u00e0 la biodiversit\u00e9. Ce \u00ab parlement de la [&hellip;]\" \/>\n<meta property=\"og:url\" content=\"https:\/\/batijournal.com\/index.php\/lindustrie-carrieres-siege-comite-national-de-biodiversite\/95573\/\" \/>\n<meta property=\"og:site_name\" content=\"Batijournal\" \/>\n<meta property=\"article:published_time\" content=\"2017-03-29T14:05:44+00:00\" \/>\n<meta property=\"article:modified_time\" content=\"2019-07-15T10:23:37+00:00\" \/>\n<meta property=\"og:image\" content=\"https:\/\/batijournal.com\/wp-content\/uploads\/2016\/02\/granulats-2.jpg\" \/>\n\t<meta property=\"og:image:width\" content=\"1000\" \/>\n\t<meta property=\"og:image:height\" content=\"588\" \/>\n\t<meta property=\"og:image:type\" content=\"image\/jpeg\" \/>\n<meta name=\"author\" content=\"St\u00e9phane Miget\" \/>\n<meta name=\"twitter:card\" content=\"summary_large_image\" \/>\n<meta name=\"twitter:creator\" content=\"@bati_journal\" \/>\n<meta name=\"twitter:site\" content=\"@bati_journal\" \/>\n<meta name=\"twitter:label1\" content=\"\u00c9crit par\" \/>\n\t<meta name=\"twitter:data1\" content=\"St\u00e9phane Miget\" \/>\n\t<meta name=\"twitter:label2\" content=\"Dur\u00e9e de lecture estim\u00e9e\" \/>\n\t<meta name=\"twitter:data2\" content=\"1 minute\" \/>\n<script type=\"application\/ld+json\" class=\"yoast-schema-graph\">{\"@context\":\"https:\\\/\\\/schema.org\",\"@graph\":[{\"@type\":\"Article\",\"@id\":\"https:\\\/\\\/batijournal.com\\\/index.php\\\/lindustrie-carrieres-siege-comite-national-de-biodiversite\\\/95573\\\/#article\",\"isPartOf\":{\"@id\":\"https:\\\/\\\/batijournal.com\\\/index.php\\\/lindustrie-carrieres-siege-comite-national-de-biodiversite\\\/95573\\\/\"},\"author\":{\"name\":\"St\u00e9phane Miget\",\"@id\":\"https:\\\/\\\/batijournal.com\\\/#\\\/schema\\\/person\\\/1dc96ec6957aa1ccb25ebe78bb19f100\"},\"headline\":\"L&rsquo;industrie des carri\u00e8res si\u00e8ge au Comit\u00e9 national de la biodiversit\u00e9\",\"datePublished\":\"2017-03-29T14:05:44+00:00\",\"dateModified\":\"2019-07-15T10:23:37+00:00\",\"mainEntityOfPage\":{\"@id\":\"https:\\\/\\\/batijournal.com\\\/index.php\\\/lindustrie-carrieres-siege-comite-national-de-biodiversite\\\/95573\\\/\"},\"wordCount\":218,\"image\":{\"@id\":\"https:\\\/\\\/batijournal.com\\\/index.php\\\/lindustrie-carrieres-siege-comite-national-de-biodiversite\\\/95573\\\/#primaryimage\"},\"thumbnailUrl\":\"https:\\\/\\\/batijournal.com\\\/wp-content\\\/uploads\\\/2016\\\/02\\\/granulats-2.jpg\",\"keywords\":[\"biodiversit\u00e9\",\"Carri\u00e8re\",\"unicem\"],\"articleSection\":[\"Actualit\u00e9s\",\"\u00c9nergie &amp; Environnement\",\"zz_Actualit\u00e9s - 5fa\u00e7ades\"],\"inLanguage\":\"fr-FR\"},{\"@type\":\"WebPage\",\"@id\":\"https:\\\/\\\/batijournal.com\\\/index.php\\\/lindustrie-carrieres-siege-comite-national-de-biodiversite\\\/95573\\\/\",\"url\":\"https:\\\/\\\/batijournal.com\\\/index.php\\\/lindustrie-carrieres-siege-comite-national-de-biodiversite\\\/95573\\\/\",\"name\":\"L'industrie des carri\u00e8res si\u00e8ge au Comit\u00e9 national de la biodiversit\u00e9\",\"isPartOf\":{\"@id\":\"https:\\\/\\\/batijournal.com\\\/#website\"},\"primaryImageOfPage\":{\"@id\":\"https:\\\/\\\/batijournal.com\\\/index.php\\\/lindustrie-carrieres-siege-comite-national-de-biodiversite\\\/95573\\\/#primaryimage\"},\"image\":{\"@id\":\"https:\\\/\\\/batijournal.com\\\/index.php\\\/lindustrie-carrieres-siege-comite-national-de-biodiversite\\\/95573\\\/#primaryimage\"},\"thumbnailUrl\":\"https:\\\/\\\/batijournal.com\\\/wp-content\\\/uploads\\\/2016\\\/02\\\/granulats-2.jpg\",\"datePublished\":\"2017-03-29T14:05:44+00:00\",\"dateModified\":\"2019-07-15T10:23:37+00:00\",\"author\":{\"@id\":\"https:\\\/\\\/batijournal.com\\\/#\\\/schema\\\/person\\\/1dc96ec6957aa1ccb25ebe78bb19f100\"},\"breadcrumb\":{\"@id\":\"https:\\\/\\\/batijournal.com\\\/index.php\\\/lindustrie-carrieres-siege-comite-national-de-biodiversite\\\/95573\\\/#breadcrumb\"},\"inLanguage\":\"fr-FR\",\"potentialAction\":[{\"@type\":\"ReadAction\",\"target\":[\"https:\\\/\\\/batijournal.com\\\/index.php\\\/lindustrie-carrieres-siege-comite-national-de-biodiversite\\\/95573\\\/\"]}]},{\"@type\":\"ImageObject\",\"inLanguage\":\"fr-FR\",\"@id\":\"https:\\\/\\\/batijournal.com\\\/index.php\\\/lindustrie-carrieres-siege-comite-national-de-biodiversite\\\/95573\\\/#primaryimage\",\"url\":\"https:\\\/\\\/batijournal.com\\\/wp-content\\\/uploads\\\/2016\\\/02\\\/granulats-2.jpg\",\"contentUrl\":\"https:\\\/\\\/batijournal.com\\\/wp-content\\\/uploads\\\/2016\\\/02\\\/granulats-2.jpg\",\"width\":1000,\"height\":588,\"caption\":\"granulats-unicem-chiffres\"},{\"@type\":\"BreadcrumbList\",\"@id\":\"https:\\\/\\\/batijournal.com\\\/index.php\\\/lindustrie-carrieres-siege-comite-national-de-biodiversite\\\/95573\\\/#breadcrumb\",\"itemListElement\":[{\"@type\":\"ListItem\",\"position\":1,\"name\":\"Accueil\",\"item\":\"https:\\\/\\\/batijournal.com\\\/\"},{\"@type\":\"ListItem\",\"position\":2,\"name\":\"Actualit\u00e9s\",\"item\":\"https:\\\/\\\/batijournal.com\\\/index.php\\\/category\\\/actualites\\\/\"},{\"@type\":\"ListItem\",\"position\":3,\"name\":\"L&rsquo;industrie des carri\u00e8res si\u00e8ge au Comit\u00e9 national de la biodiversit\u00e9\"}]},{\"@type\":\"WebSite\",\"@id\":\"https:\\\/\\\/batijournal.com\\\/#website\",\"url\":\"https:\\\/\\\/batijournal.com\\\/\",\"name\":\"Batijournal\",\"description\":\"L&#039;actualit\u00e9 du b\u00e2timent\",\"potentialAction\":[{\"@type\":\"SearchAction\",\"target\":{\"@type\":\"EntryPoint\",\"urlTemplate\":\"https:\\\/\\\/batijournal.com\\\/?s={search_term_string}\"},\"query-input\":{\"@type\":\"PropertyValueSpecification\",\"valueRequired\":true,\"valueName\":\"search_term_string\"}}],\"inLanguage\":\"fr-FR\"},{\"@type\":\"Person\",\"@id\":\"https:\\\/\\\/batijournal.com\\\/#\\\/schema\\\/person\\\/1dc96ec6957aa1ccb25ebe78bb19f100\",\"name\":\"St\u00e9phane Miget\",\"image\":{\"@type\":\"ImageObject\",\"inLanguage\":\"fr-FR\",\"@id\":\"https:\\\/\\\/secure.gravatar.com\\\/avatar\\\/89915563d925342126b8ef0281b93d9d7fc337043e8df017f780908eb9644451?s=96&d=mm&r=g\",\"url\":\"https:\\\/\\\/secure.gravatar.com\\\/avatar\\\/89915563d925342126b8ef0281b93d9d7fc337043e8df017f780908eb9644451?s=96&d=mm&r=g\",\"contentUrl\":\"https:\\\/\\\/secure.gravatar.com\\\/avatar\\\/89915563d925342126b8ef0281b93d9d7fc337043e8df017f780908eb9644451?s=96&d=mm&r=g\",\"caption\":\"St\u00e9phane Miget\"},\"url\":\"https:\\\/\\\/batijournal.com\\\/index.php\\\/author\\\/stephane\\\/\"}]}<\/script>\n<!-- \/ Yoast SEO plugin. -->","yoast_head_json":{"title":"L'industrie des carri\u00e8res si\u00e8ge au Comit\u00e9 national de la biodiversit\u00e9","robots":{"index":"index","follow":"follow","max-snippet":"max-snippet:-1","max-image-preview":"max-image-preview:large","max-video-preview":"max-video-preview:-1"},"canonical":"https:\/\/batijournal.com\/index.php\/lindustrie-carrieres-siege-comite-national-de-biodiversite\/95573\/","og_locale":"fr_FR","og_type":"article","og_title":"L'industrie des carri\u00e8res si\u00e8ge au Comit\u00e9 national de la biodiversit\u00e9","og_description":"L\u2019Union nationale des industries de carri\u00e8res et mat\u00e9riaux de construction (UNICEM) a \u00e9t\u00e9 convi\u00e9e par le minist\u00e8re de l\u2019Environnement, de l\u2019Energie et de la Mer \u00e0 devenir membre du Comit\u00e9 national de la biodiversit\u00e9. C&rsquo;est une instance d\u2019information, d\u2019\u00e9changes et de concertation sur les questions strat\u00e9giques li\u00e9es \u00e0 la biodiversit\u00e9. Ce \u00ab parlement de la [&hellip;]","og_url":"https:\/\/batijournal.com\/index.php\/lindustrie-carrieres-siege-comite-national-de-biodiversite\/95573\/","og_site_name":"Batijournal","article_published_time":"2017-03-29T14:05:44+00:00","article_modified_time":"2019-07-15T10:23:37+00:00","og_image":[{"width":1000,"height":588,"url":"https:\/\/batijournal.com\/wp-content\/uploads\/2016\/02\/granulats-2.jpg","type":"image\/jpeg"}],"author":"St\u00e9phane Miget","twitter_card":"summary_large_image","twitter_creator":"@bati_journal","twitter_site":"@bati_journal","twitter_misc":{"\u00c9crit par":"St\u00e9phane Miget","Dur\u00e9e de lecture estim\u00e9e":"1 minute"},"schema":{"@context":"https:\/\/schema.org","@graph":[{"@type":"Article","@id":"https:\/\/batijournal.com\/index.php\/lindustrie-carrieres-siege-comite-national-de-biodiversite\/95573\/#article","isPartOf":{"@id":"https:\/\/batijournal.com\/index.php\/lindustrie-carrieres-siege-comite-national-de-biodiversite\/95573\/"},"author":{"name":"St\u00e9phane Miget","@id":"https:\/\/batijournal.com\/#\/schema\/person\/1dc96ec6957aa1ccb25ebe78bb19f100"},"headline":"L&rsquo;industrie des carri\u00e8res si\u00e8ge au Comit\u00e9 national de la biodiversit\u00e9","datePublished":"2017-03-29T14:05:44+00:00","dateModified":"2019-07-15T10:23:37+00:00","mainEntityOfPage":{"@id":"https:\/\/batijournal.com\/index.php\/lindustrie-carrieres-siege-comite-national-de-biodiversite\/95573\/"},"wordCount":218,"image":{"@id":"https:\/\/batijournal.com\/index.php\/lindustrie-carrieres-siege-comite-national-de-biodiversite\/95573\/#primaryimage"},"thumbnailUrl":"https:\/\/batijournal.com\/wp-content\/uploads\/2016\/02\/granulats-2.jpg","keywords":["biodiversit\u00e9","Carri\u00e8re","unicem"],"articleSection":["Actualit\u00e9s","\u00c9nergie &amp; Environnement","zz_Actualit\u00e9s - 5fa\u00e7ades"],"inLanguage":"fr-FR"},{"@type":"WebPage","@id":"https:\/\/batijournal.com\/index.php\/lindustrie-carrieres-siege-comite-national-de-biodiversite\/95573\/","url":"https:\/\/batijournal.com\/index.php\/lindustrie-carrieres-siege-comite-national-de-biodiversite\/95573\/","name":"L'industrie des carri\u00e8res si\u00e8ge au Comit\u00e9 national de la biodiversit\u00e9","isPartOf":{"@id":"https:\/\/batijournal.com\/#website"},"primaryImageOfPage":{"@id":"https:\/\/batijournal.com\/index.php\/lindustrie-carrieres-siege-comite-national-de-biodiversite\/95573\/#primaryimage"},"image":{"@id":"https:\/\/batijournal.com\/index.php\/lindustrie-carrieres-siege-comite-national-de-biodiversite\/95573\/#primaryimage"},"thumbnailUrl":"https:\/\/batijournal.com\/wp-content\/uploads\/2016\/02\/granulats-2.jpg","datePublished":"2017-03-29T14:05:44+00:00","dateModified":"2019-07-15T10:23:37+00:00","author":{"@id":"https:\/\/batijournal.com\/#\/schema\/person\/1dc96ec6957aa1ccb25ebe78bb19f100"},"breadcrumb":{"@id":"https:\/\/batijournal.com\/index.php\/lindustrie-carrieres-siege-comite-national-de-biodiversite\/95573\/#breadcrumb"},"inLanguage":"fr-FR","potentialAction":[{"@type":"ReadAction","target":["https:\/\/batijournal.com\/index.php\/lindustrie-carrieres-siege-comite-national-de-biodiversite\/95573\/"]}]},{"@type":"ImageObject","inLanguage":"fr-FR","@id":"https:\/\/batijournal.com\/index.php\/lindustrie-carrieres-siege-comite-national-de-biodiversite\/95573\/#primaryimage","url":"https:\/\/batijournal.com\/wp-content\/uploads\/2016\/02\/granulats-2.jpg","contentUrl":"https:\/\/batijournal.com\/wp-content\/uploads\/2016\/02\/granulats-2.jpg","width":1000,"height":588,"caption":"granulats-unicem-chiffres"},{"@type":"BreadcrumbList","@id":"https:\/\/batijournal.com\/index.php\/lindustrie-carrieres-siege-comite-national-de-biodiversite\/95573\/#breadcrumb","itemListElement":[{"@type":"ListItem","position":1,"name":"Accueil","item":"https:\/\/batijournal.com\/"},{"@type":"ListItem","position":2,"name":"Actualit\u00e9s","item":"https:\/\/batijournal.com\/index.php\/category\/actualites\/"},{"@type":"ListItem","position":3,"name":"L&rsquo;industrie des carri\u00e8res si\u00e8ge au Comit\u00e9 national de la biodiversit\u00e9"}]},{"@type":"WebSite","@id":"https:\/\/batijournal.com\/#website","url":"https:\/\/batijournal.com\/","name":"Batijournal","description":"L&#039;actualit\u00e9 du b\u00e2timent","potentialAction":[{"@type":"SearchAction","target":{"@type":"EntryPoint","urlTemplate":"https:\/\/batijournal.com\/?s={search_term_string}"},"query-input":{"@type":"PropertyValueSpecification","valueRequired":true,"valueName":"search_term_string"}}],"inLanguage":"fr-FR"},{"@type":"Person","@id":"https:\/\/batijournal.com\/#\/schema\/person\/1dc96ec6957aa1ccb25ebe78bb19f100","name":"St\u00e9phane Miget","image":{"@type":"ImageObject","inLanguage":"fr-FR","@id":"https:\/\/secure.gravatar.com\/avatar\/89915563d925342126b8ef0281b93d9d7fc337043e8df017f780908eb9644451?s=96&d=mm&r=g","url":"https:\/\/secure.gravatar.com\/avatar\/89915563d925342126b8ef0281b93d9d7fc337043e8df017f780908eb9644451?s=96&d=mm&r=g","contentUrl":"https:\/\/secure.gravatar.com\/avatar\/89915563d925342126b8ef0281b93d9d7fc337043e8df017f780908eb9644451?s=96&d=mm&r=g","caption":"St\u00e9phane Miget"},"url":"https:\/\/batijournal.com\/index.php\/author\/stephane\/"}]}},"_links":{"self":[{"href":"https:\/\/batijournal.com\/index.php\/wp-json\/wp\/v2\/posts\/95573","targetHints":{"allow":["GET"]}}],"collection":[{"href":"https:\/\/batijournal.com\/index.php\/wp-json\/wp\/v2\/posts"}],"about":[{"href":"https:\/\/batijournal.com\/index.php\/wp-json\/wp\/v2\/types\/post"}],"author":[{"embeddable":true,"href":"https:\/\/batijournal.com\/index.php\/wp-json\/wp\/v2\/users\/17"}],"replies":[{"embeddable":true,"href":"https:\/\/batijournal.com\/index.php\/wp-json\/wp\/v2\/comments?post=95573"}],"version-history":[{"count":0,"href":"https:\/\/batijournal.com\/index.php\/wp-json\/wp\/v2\/posts\/95573\/revisions"}],"wp:featuredmedia":[{"embeddable":true,"href":"https:\/\/batijournal.com\/index.php\/wp-json\/wp\/v2\/media\/91618"}],"wp:attachment":[{"href":"https:\/\/batijournal.com\/index.php\/wp-json\/wp\/v2\/media?parent=95573"}],"wp:term":[{"taxonomy":"category","embeddable":true,"href":"https:\/\/batijournal.com\/index.php\/wp-json\/wp\/v2\/categories?post=95573"},{"taxonomy":"post_tag","embeddable":true,"href":"https:\/\/batijournal.com\/index.php\/wp-json\/wp\/v2\/tags?post=95573"}],"curies":[{"name":"wp","href":"https:\/\/api.w.org\/{rel}","templated":true}]}}