{"id":95585,"date":"2017-03-31T14:52:29","date_gmt":"2017-03-31T12:52:29","guid":{"rendered":"http:\/\/batijournal.com\/?p=95585"},"modified":"2019-07-15T12:20:02","modified_gmt":"2019-07-15T10:20:02","slug":"lindividualisation-frais-de-chauffage-cest","status":"publish","type":"post","link":"https:\/\/batijournal.com\/index.php\/lindividualisation-frais-de-chauffage-cest\/95585\/","title":{"rendered":"L\u2019individualisation des frais de chauffage, c&rsquo;est maintenant"},"content":{"rendered":"<p>Un d\u00e9cret oblige \u00e0 la mise en place de compteurs individuels de chauffage dans les immeubles collectifs \u00e0 partir du 31 mars 2017, si techniquement possible. Tous les immeubles collectifs pr\u00e9sentant des consommations de chauffage sup\u00e9rieures \u00e0 150 kWh\/m\u00b2.an doivent avoir mis en place des appareils de mesure permettant de d\u00e9terminer la quantit\u00e9 de chaleur fournie \u00e0 chaque local. Ce dispositif pr\u00e9voit une facturation \u00e0 l\u2019occupant en fonction de ses consommations. Il permet une meilleure information pour une ma\u00eetrise individuelle des consommations afin d\u2019agir collectivement pour r\u00e9duire la facture \u00e9nerg\u00e9tique. Il repose sur des appareils de r\u00e9gulation et des appareils de mesure qui permettent une information pr\u00e9cise. D\u2019ici le 31 d\u00e9cembre 2019, c\u2019est l\u2019ensemble du parc de b\u00e2timents \u00e0 chauffage collectif qui devra \u00eatre \u00e9quip\u00e9.<\/p>\n","protected":false},"excerpt":{"rendered":"<p>Un d\u00e9cret oblige \u00e0 la mise en place de compteurs individuels de chauffage dans les immeubles collectifs \u00e0 partir du 31 mars 2017, si techniquement possible. Tous les immeubles collectifs pr\u00e9sentant des consommations de chauffage sup\u00e9rieures \u00e0 150 kWh\/m\u00b2.an doivent avoir mis en place des appareils de mesure permettant de d\u00e9terminer la quantit\u00e9 de chaleur [&hellip;]<\/p>\n","protected":false},"author":17,"featured_media":91622,"comment_status":"closed","ping_status":"closed","sticky":false,"template":"","format":"standard","meta":{"_et_pb_use_builder":"","_et_pb_old_content":"","_et_gb_content_width":"","footnotes":""},"categories":[10530,6351],"tags":[436,1629],"class_list":["post-95585","post","type-post","status-publish","format-standard","has-post-thumbnail","hentry","category-actualites","category-energie-environnement","tag-chauffage","tag-economies-denergie"],"yoast_head":"<!-- This site is optimized with the Yoast SEO plugin v27.4 - https:\/\/yoast.com\/product\/yoast-seo-wordpress\/ -->\n<title>L\u2019individualisation des frais de chauffage, c&#039;est maintenant<\/title>\n<meta name=\"robots\" content=\"index, follow, max-snippet:-1, max-image-preview:large, max-video-preview:-1\" \/>\n<link rel=\"canonical\" href=\"https:\/\/batijournal.com\/index.php\/lindividualisation-frais-de-chauffage-cest\/95585\/\" \/>\n<meta property=\"og:locale\" content=\"fr_FR\" \/>\n<meta property=\"og:type\" content=\"article\" \/>\n<meta property=\"og:title\" content=\"L\u2019individualisation des frais de chauffage, c&#039;est maintenant\" \/>\n<meta property=\"og:description\" content=\"Un d\u00e9cret oblige \u00e0 la mise en place de compteurs individuels de chauffage dans les immeubles collectifs \u00e0 partir du 31 mars 2017, si techniquement possible. Tous les immeubles collectifs pr\u00e9sentant des consommations de chauffage sup\u00e9rieures \u00e0 150 kWh\/m\u00b2.an doivent avoir mis en place des appareils de mesure permettant de d\u00e9terminer la quantit\u00e9 de chaleur [&hellip;]\" \/>\n<meta property=\"og:url\" content=\"https:\/\/batijournal.com\/index.php\/lindividualisation-frais-de-chauffage-cest\/95585\/\" \/>\n<meta property=\"og:site_name\" content=\"Batijournal\" \/>\n<meta property=\"article:published_time\" content=\"2017-03-31T12:52:29+00:00\" \/>\n<meta property=\"article:modified_time\" content=\"2019-07-15T10:20:02+00:00\" \/>\n<meta property=\"og:image\" content=\"https:\/\/batijournal.com\/wp-content\/uploads\/2016\/02\/thermostat-chauffage-600x359.png\" \/>\n\t<meta property=\"og:image:width\" content=\"600\" \/>\n\t<meta property=\"og:image:height\" content=\"359\" \/>\n\t<meta property=\"og:image:type\" content=\"image\/png\" \/>\n<meta name=\"author\" content=\"St\u00e9phane Miget\" \/>\n<meta name=\"twitter:card\" content=\"summary_large_image\" \/>\n<meta name=\"twitter:creator\" content=\"@bati_journal\" \/>\n<meta name=\"twitter:site\" content=\"@bati_journal\" \/>\n<meta name=\"twitter:label1\" content=\"\u00c9crit par\" \/>\n\t<meta name=\"twitter:data1\" content=\"St\u00e9phane Miget\" \/>\n\t<meta name=\"twitter:label2\" content=\"Dur\u00e9e de lecture estim\u00e9e\" \/>\n\t<meta name=\"twitter:data2\" content=\"1 minute\" \/>\n<script type=\"application\/ld+json\" class=\"yoast-schema-graph\">{\"@context\":\"https:\\\/\\\/schema.org\",\"@graph\":[{\"@type\":\"Article\",\"@id\":\"https:\\\/\\\/batijournal.com\\\/index.php\\\/lindividualisation-frais-de-chauffage-cest\\\/95585\\\/#article\",\"isPartOf\":{\"@id\":\"https:\\\/\\\/batijournal.com\\\/index.php\\\/lindividualisation-frais-de-chauffage-cest\\\/95585\\\/\"},\"author\":{\"name\":\"St\u00e9phane Miget\",\"@id\":\"https:\\\/\\\/batijournal.com\\\/#\\\/schema\\\/person\\\/1dc96ec6957aa1ccb25ebe78bb19f100\"},\"headline\":\"L\u2019individualisation des frais de chauffage, c&rsquo;est maintenant\",\"datePublished\":\"2017-03-31T12:52:29+00:00\",\"dateModified\":\"2019-07-15T10:20:02+00:00\",\"mainEntityOfPage\":{\"@id\":\"https:\\\/\\\/batijournal.com\\\/index.php\\\/lindividualisation-frais-de-chauffage-cest\\\/95585\\\/\"},\"wordCount\":142,\"image\":{\"@id\":\"https:\\\/\\\/batijournal.com\\\/index.php\\\/lindividualisation-frais-de-chauffage-cest\\\/95585\\\/#primaryimage\"},\"thumbnailUrl\":\"https:\\\/\\\/batijournal.com\\\/wp-content\\\/uploads\\\/2016\\\/02\\\/thermostat-chauffage-600x359.png\",\"keywords\":[\"chauffage\",\"\u00e9conomies d'\u00e9nergie\"],\"articleSection\":[\"Actualit\u00e9s\",\"\u00c9nergie &amp; Environnement\"],\"inLanguage\":\"fr-FR\"},{\"@type\":\"WebPage\",\"@id\":\"https:\\\/\\\/batijournal.com\\\/index.php\\\/lindividualisation-frais-de-chauffage-cest\\\/95585\\\/\",\"url\":\"https:\\\/\\\/batijournal.com\\\/index.php\\\/lindividualisation-frais-de-chauffage-cest\\\/95585\\\/\",\"name\":\"L\u2019individualisation des frais de chauffage, c'est maintenant\",\"isPartOf\":{\"@id\":\"https:\\\/\\\/batijournal.com\\\/#website\"},\"primaryImageOfPage\":{\"@id\":\"https:\\\/\\\/batijournal.com\\\/index.php\\\/lindividualisation-frais-de-chauffage-cest\\\/95585\\\/#primaryimage\"},\"image\":{\"@id\":\"https:\\\/\\\/batijournal.com\\\/index.php\\\/lindividualisation-frais-de-chauffage-cest\\\/95585\\\/#primaryimage\"},\"thumbnailUrl\":\"https:\\\/\\\/batijournal.com\\\/wp-content\\\/uploads\\\/2016\\\/02\\\/thermostat-chauffage-600x359.png\",\"datePublished\":\"2017-03-31T12:52:29+00:00\",\"dateModified\":\"2019-07-15T10:20:02+00:00\",\"author\":{\"@id\":\"https:\\\/\\\/batijournal.com\\\/#\\\/schema\\\/person\\\/1dc96ec6957aa1ccb25ebe78bb19f100\"},\"breadcrumb\":{\"@id\":\"https:\\\/\\\/batijournal.com\\\/index.php\\\/lindividualisation-frais-de-chauffage-cest\\\/95585\\\/#breadcrumb\"},\"inLanguage\":\"fr-FR\",\"potentialAction\":[{\"@type\":\"ReadAction\",\"target\":[\"https:\\\/\\\/batijournal.com\\\/index.php\\\/lindividualisation-frais-de-chauffage-cest\\\/95585\\\/\"]}]},{\"@type\":\"ImageObject\",\"inLanguage\":\"fr-FR\",\"@id\":\"https:\\\/\\\/batijournal.com\\\/index.php\\\/lindividualisation-frais-de-chauffage-cest\\\/95585\\\/#primaryimage\",\"url\":\"https:\\\/\\\/batijournal.com\\\/wp-content\\\/uploads\\\/2016\\\/02\\\/thermostat-chauffage-600x359.png\",\"contentUrl\":\"https:\\\/\\\/batijournal.com\\\/wp-content\\\/uploads\\\/2016\\\/02\\\/thermostat-chauffage-600x359.png\",\"width\":600,\"height\":359,\"caption\":\"thermostat\"},{\"@type\":\"BreadcrumbList\",\"@id\":\"https:\\\/\\\/batijournal.com\\\/index.php\\\/lindividualisation-frais-de-chauffage-cest\\\/95585\\\/#breadcrumb\",\"itemListElement\":[{\"@type\":\"ListItem\",\"position\":1,\"name\":\"Accueil\",\"item\":\"https:\\\/\\\/batijournal.com\\\/\"},{\"@type\":\"ListItem\",\"position\":2,\"name\":\"Actualit\u00e9s\",\"item\":\"https:\\\/\\\/batijournal.com\\\/index.php\\\/category\\\/actualites\\\/\"},{\"@type\":\"ListItem\",\"position\":3,\"name\":\"L\u2019individualisation des frais de chauffage, c&rsquo;est maintenant\"}]},{\"@type\":\"WebSite\",\"@id\":\"https:\\\/\\\/batijournal.com\\\/#website\",\"url\":\"https:\\\/\\\/batijournal.com\\\/\",\"name\":\"Batijournal\",\"description\":\"L&#039;actualit\u00e9 du b\u00e2timent\",\"potentialAction\":[{\"@type\":\"SearchAction\",\"target\":{\"@type\":\"EntryPoint\",\"urlTemplate\":\"https:\\\/\\\/batijournal.com\\\/?s={search_term_string}\"},\"query-input\":{\"@type\":\"PropertyValueSpecification\",\"valueRequired\":true,\"valueName\":\"search_term_string\"}}],\"inLanguage\":\"fr-FR\"},{\"@type\":\"Person\",\"@id\":\"https:\\\/\\\/batijournal.com\\\/#\\\/schema\\\/person\\\/1dc96ec6957aa1ccb25ebe78bb19f100\",\"name\":\"St\u00e9phane Miget\",\"image\":{\"@type\":\"ImageObject\",\"inLanguage\":\"fr-FR\",\"@id\":\"https:\\\/\\\/secure.gravatar.com\\\/avatar\\\/89915563d925342126b8ef0281b93d9d7fc337043e8df017f780908eb9644451?s=96&d=mm&r=g\",\"url\":\"https:\\\/\\\/secure.gravatar.com\\\/avatar\\\/89915563d925342126b8ef0281b93d9d7fc337043e8df017f780908eb9644451?s=96&d=mm&r=g\",\"contentUrl\":\"https:\\\/\\\/secure.gravatar.com\\\/avatar\\\/89915563d925342126b8ef0281b93d9d7fc337043e8df017f780908eb9644451?s=96&d=mm&r=g\",\"caption\":\"St\u00e9phane Miget\"},\"url\":\"https:\\\/\\\/batijournal.com\\\/index.php\\\/author\\\/stephane\\\/\"}]}<\/script>\n<!-- \/ Yoast SEO plugin. -->","yoast_head_json":{"title":"L\u2019individualisation des frais de chauffage, c'est maintenant","robots":{"index":"index","follow":"follow","max-snippet":"max-snippet:-1","max-image-preview":"max-image-preview:large","max-video-preview":"max-video-preview:-1"},"canonical":"https:\/\/batijournal.com\/index.php\/lindividualisation-frais-de-chauffage-cest\/95585\/","og_locale":"fr_FR","og_type":"article","og_title":"L\u2019individualisation des frais de chauffage, c'est maintenant","og_description":"Un d\u00e9cret oblige \u00e0 la mise en place de compteurs individuels de chauffage dans les immeubles collectifs \u00e0 partir du 31 mars 2017, si techniquement possible. Tous les immeubles collectifs pr\u00e9sentant des consommations de chauffage sup\u00e9rieures \u00e0 150 kWh\/m\u00b2.an doivent avoir mis en place des appareils de mesure permettant de d\u00e9terminer la quantit\u00e9 de chaleur [&hellip;]","og_url":"https:\/\/batijournal.com\/index.php\/lindividualisation-frais-de-chauffage-cest\/95585\/","og_site_name":"Batijournal","article_published_time":"2017-03-31T12:52:29+00:00","article_modified_time":"2019-07-15T10:20:02+00:00","og_image":[{"width":600,"height":359,"url":"https:\/\/batijournal.com\/wp-content\/uploads\/2016\/02\/thermostat-chauffage-600x359.png","type":"image\/png"}],"author":"St\u00e9phane Miget","twitter_card":"summary_large_image","twitter_creator":"@bati_journal","twitter_site":"@bati_journal","twitter_misc":{"\u00c9crit par":"St\u00e9phane Miget","Dur\u00e9e de lecture estim\u00e9e":"1 minute"},"schema":{"@context":"https:\/\/schema.org","@graph":[{"@type":"Article","@id":"https:\/\/batijournal.com\/index.php\/lindividualisation-frais-de-chauffage-cest\/95585\/#article","isPartOf":{"@id":"https:\/\/batijournal.com\/index.php\/lindividualisation-frais-de-chauffage-cest\/95585\/"},"author":{"name":"St\u00e9phane Miget","@id":"https:\/\/batijournal.com\/#\/schema\/person\/1dc96ec6957aa1ccb25ebe78bb19f100"},"headline":"L\u2019individualisation des frais de chauffage, c&rsquo;est maintenant","datePublished":"2017-03-31T12:52:29+00:00","dateModified":"2019-07-15T10:20:02+00:00","mainEntityOfPage":{"@id":"https:\/\/batijournal.com\/index.php\/lindividualisation-frais-de-chauffage-cest\/95585\/"},"wordCount":142,"image":{"@id":"https:\/\/batijournal.com\/index.php\/lindividualisation-frais-de-chauffage-cest\/95585\/#primaryimage"},"thumbnailUrl":"https:\/\/batijournal.com\/wp-content\/uploads\/2016\/02\/thermostat-chauffage-600x359.png","keywords":["chauffage","\u00e9conomies d'\u00e9nergie"],"articleSection":["Actualit\u00e9s","\u00c9nergie &amp; Environnement"],"inLanguage":"fr-FR"},{"@type":"WebPage","@id":"https:\/\/batijournal.com\/index.php\/lindividualisation-frais-de-chauffage-cest\/95585\/","url":"https:\/\/batijournal.com\/index.php\/lindividualisation-frais-de-chauffage-cest\/95585\/","name":"L\u2019individualisation des frais de chauffage, c'est maintenant","isPartOf":{"@id":"https:\/\/batijournal.com\/#website"},"primaryImageOfPage":{"@id":"https:\/\/batijournal.com\/index.php\/lindividualisation-frais-de-chauffage-cest\/95585\/#primaryimage"},"image":{"@id":"https:\/\/batijournal.com\/index.php\/lindividualisation-frais-de-chauffage-cest\/95585\/#primaryimage"},"thumbnailUrl":"https:\/\/batijournal.com\/wp-content\/uploads\/2016\/02\/thermostat-chauffage-600x359.png","datePublished":"2017-03-31T12:52:29+00:00","dateModified":"2019-07-15T10:20:02+00:00","author":{"@id":"https:\/\/batijournal.com\/#\/schema\/person\/1dc96ec6957aa1ccb25ebe78bb19f100"},"breadcrumb":{"@id":"https:\/\/batijournal.com\/index.php\/lindividualisation-frais-de-chauffage-cest\/95585\/#breadcrumb"},"inLanguage":"fr-FR","potentialAction":[{"@type":"ReadAction","target":["https:\/\/batijournal.com\/index.php\/lindividualisation-frais-de-chauffage-cest\/95585\/"]}]},{"@type":"ImageObject","inLanguage":"fr-FR","@id":"https:\/\/batijournal.com\/index.php\/lindividualisation-frais-de-chauffage-cest\/95585\/#primaryimage","url":"https:\/\/batijournal.com\/wp-content\/uploads\/2016\/02\/thermostat-chauffage-600x359.png","contentUrl":"https:\/\/batijournal.com\/wp-content\/uploads\/2016\/02\/thermostat-chauffage-600x359.png","width":600,"height":359,"caption":"thermostat"},{"@type":"BreadcrumbList","@id":"https:\/\/batijournal.com\/index.php\/lindividualisation-frais-de-chauffage-cest\/95585\/#breadcrumb","itemListElement":[{"@type":"ListItem","position":1,"name":"Accueil","item":"https:\/\/batijournal.com\/"},{"@type":"ListItem","position":2,"name":"Actualit\u00e9s","item":"https:\/\/batijournal.com\/index.php\/category\/actualites\/"},{"@type":"ListItem","position":3,"name":"L\u2019individualisation des frais de chauffage, c&rsquo;est maintenant"}]},{"@type":"WebSite","@id":"https:\/\/batijournal.com\/#website","url":"https:\/\/batijournal.com\/","name":"Batijournal","description":"L&#039;actualit\u00e9 du b\u00e2timent","potentialAction":[{"@type":"SearchAction","target":{"@type":"EntryPoint","urlTemplate":"https:\/\/batijournal.com\/?s={search_term_string}"},"query-input":{"@type":"PropertyValueSpecification","valueRequired":true,"valueName":"search_term_string"}}],"inLanguage":"fr-FR"},{"@type":"Person","@id":"https:\/\/batijournal.com\/#\/schema\/person\/1dc96ec6957aa1ccb25ebe78bb19f100","name":"St\u00e9phane Miget","image":{"@type":"ImageObject","inLanguage":"fr-FR","@id":"https:\/\/secure.gravatar.com\/avatar\/89915563d925342126b8ef0281b93d9d7fc337043e8df017f780908eb9644451?s=96&d=mm&r=g","url":"https:\/\/secure.gravatar.com\/avatar\/89915563d925342126b8ef0281b93d9d7fc337043e8df017f780908eb9644451?s=96&d=mm&r=g","contentUrl":"https:\/\/secure.gravatar.com\/avatar\/89915563d925342126b8ef0281b93d9d7fc337043e8df017f780908eb9644451?s=96&d=mm&r=g","caption":"St\u00e9phane Miget"},"url":"https:\/\/batijournal.com\/index.php\/author\/stephane\/"}]}},"_links":{"self":[{"href":"https:\/\/batijournal.com\/index.php\/wp-json\/wp\/v2\/posts\/95585","targetHints":{"allow":["GET"]}}],"collection":[{"href":"https:\/\/batijournal.com\/index.php\/wp-json\/wp\/v2\/posts"}],"about":[{"href":"https:\/\/batijournal.com\/index.php\/wp-json\/wp\/v2\/types\/post"}],"author":[{"embeddable":true,"href":"https:\/\/batijournal.com\/index.php\/wp-json\/wp\/v2\/users\/17"}],"replies":[{"embeddable":true,"href":"https:\/\/batijournal.com\/index.php\/wp-json\/wp\/v2\/comments?post=95585"}],"version-history":[{"count":0,"href":"https:\/\/batijournal.com\/index.php\/wp-json\/wp\/v2\/posts\/95585\/revisions"}],"wp:featuredmedia":[{"embeddable":true,"href":"https:\/\/batijournal.com\/index.php\/wp-json\/wp\/v2\/media\/91622"}],"wp:attachment":[{"href":"https:\/\/batijournal.com\/index.php\/wp-json\/wp\/v2\/media?parent=95585"}],"wp:term":[{"taxonomy":"category","embeddable":true,"href":"https:\/\/batijournal.com\/index.php\/wp-json\/wp\/v2\/categories?post=95585"},{"taxonomy":"post_tag","embeddable":true,"href":"https:\/\/batijournal.com\/index.php\/wp-json\/wp\/v2\/tags?post=95585"}],"curies":[{"name":"wp","href":"https:\/\/api.w.org\/{rel}","templated":true}]}}