{"id":95588,"date":"2017-04-03T09:13:16","date_gmt":"2017-04-03T07:13:16","guid":{"rendered":"http:\/\/batijournal.com\/?p=95588"},"modified":"2019-07-15T12:03:54","modified_gmt":"2019-07-15T10:03:54","slug":"fondation-abbe-pierre-domicile-objectif-zero","status":"publish","type":"post","link":"https:\/\/batijournal.com\/index.php\/fondation-abbe-pierre-domicile-objectif-zero\/95588\/","title":{"rendered":"Fondation Abb\u00e9 Pierre : sans-domicile, objectif z\u00e9ro"},"content":{"rendered":"<p>La Fondation Abb\u00e9 Pierre lance un appel aux candidats \u00e0 l&rsquo;\u00e9lection pr\u00e9sidentielle. Sortir de la pr\u00e9carit\u00e9 les 143 000 personnes sans-domicile, dont 30 000 mineurs, en leur proposant un vrai logement p\u00e9renne, avec un accompagnement renforc\u00e9 si besoin, au lieu de les assigner encore et toujours \u00e0 des places d\u2019h\u00e9bergement d\u2019urgence ou \u00e0 des h\u00f4tels inadapt\u00e9s et co\u00fbteux pour la puissance publique. La Fondation souahite des attributions Hlm aux personnes sans-domicile, la production de 150 000 logements vraiment sociaux par an, la mobilisation chaque ann\u00e9e de 40 000 propri\u00e9taires priv\u00e9s pour louer leur logement \u00e0 des personnes en difficult\u00e9, un accueil digne des personnes migrantes, la limitation au maximum des expulsions locatives.<\/p>\n","protected":false},"excerpt":{"rendered":"<p>La Fondation Abb\u00e9 Pierre lance un appel aux candidats \u00e0 l&rsquo;\u00e9lection pr\u00e9sidentielle. Sortir de la pr\u00e9carit\u00e9 les 143 000 personnes sans-domicile, dont 30 000 mineurs, en leur proposant un vrai logement p\u00e9renne, avec un accompagnement renforc\u00e9 si besoin, au lieu de les assigner encore et toujours \u00e0 des places d\u2019h\u00e9bergement d\u2019urgence ou \u00e0 des h\u00f4tels [&hellip;]<\/p>\n","protected":false},"author":17,"featured_media":86918,"comment_status":"closed","ping_status":"closed","sticky":false,"template":"","format":"standard","meta":{"_et_pb_use_builder":"","_et_pb_old_content":"","_et_gb_content_width":"","footnotes":""},"categories":[10530,6345],"tags":[5200,1290],"class_list":["post-95588","post","type-post","status-publish","format-standard","has-post-thumbnail","hentry","category-actualites","category-economie-marches","tag-fondation-abbe-pierre","tag-hlm"],"yoast_head":"<!-- This site is optimized with the Yoast SEO plugin v27.4 - https:\/\/yoast.com\/product\/yoast-seo-wordpress\/ -->\n<title>Fondation Abb\u00e9 Pierre : sans-domicile, objectif z\u00e9ro<\/title>\n<meta name=\"robots\" content=\"index, follow, max-snippet:-1, max-image-preview:large, max-video-preview:-1\" \/>\n<link rel=\"canonical\" href=\"https:\/\/batijournal.com\/index.php\/fondation-abbe-pierre-domicile-objectif-zero\/95588\/\" \/>\n<meta property=\"og:locale\" content=\"fr_FR\" \/>\n<meta property=\"og:type\" content=\"article\" \/>\n<meta property=\"og:title\" content=\"Fondation Abb\u00e9 Pierre : sans-domicile, objectif z\u00e9ro\" \/>\n<meta property=\"og:description\" content=\"La Fondation Abb\u00e9 Pierre lance un appel aux candidats \u00e0 l&rsquo;\u00e9lection pr\u00e9sidentielle. Sortir de la pr\u00e9carit\u00e9 les 143 000 personnes sans-domicile, dont 30 000 mineurs, en leur proposant un vrai logement p\u00e9renne, avec un accompagnement renforc\u00e9 si besoin, au lieu de les assigner encore et toujours \u00e0 des places d\u2019h\u00e9bergement d\u2019urgence ou \u00e0 des h\u00f4tels [&hellip;]\" \/>\n<meta property=\"og:url\" content=\"https:\/\/batijournal.com\/index.php\/fondation-abbe-pierre-domicile-objectif-zero\/95588\/\" \/>\n<meta property=\"og:site_name\" content=\"Batijournal\" \/>\n<meta property=\"article:published_time\" content=\"2017-04-03T07:13:16+00:00\" \/>\n<meta property=\"article:modified_time\" content=\"2019-07-15T10:03:54+00:00\" \/>\n<meta property=\"og:image\" content=\"https:\/\/batijournal.com\/wp-content\/uploads\/2015\/04\/98417379.jpg\" \/>\n\t<meta property=\"og:image:width\" content=\"600\" \/>\n\t<meta property=\"og:image:height\" content=\"399\" \/>\n\t<meta property=\"og:image:type\" content=\"image\/jpeg\" \/>\n<meta name=\"author\" content=\"St\u00e9phane Miget\" \/>\n<meta name=\"twitter:card\" content=\"summary_large_image\" \/>\n<meta name=\"twitter:creator\" content=\"@bati_journal\" \/>\n<meta name=\"twitter:site\" content=\"@bati_journal\" \/>\n<meta name=\"twitter:label1\" content=\"\u00c9crit par\" \/>\n\t<meta name=\"twitter:data1\" content=\"St\u00e9phane Miget\" \/>\n\t<meta name=\"twitter:label2\" content=\"Dur\u00e9e de lecture estim\u00e9e\" \/>\n\t<meta name=\"twitter:data2\" content=\"1 minute\" \/>\n<script type=\"application\/ld+json\" class=\"yoast-schema-graph\">{\"@context\":\"https:\\\/\\\/schema.org\",\"@graph\":[{\"@type\":\"Article\",\"@id\":\"https:\\\/\\\/batijournal.com\\\/index.php\\\/fondation-abbe-pierre-domicile-objectif-zero\\\/95588\\\/#article\",\"isPartOf\":{\"@id\":\"https:\\\/\\\/batijournal.com\\\/index.php\\\/fondation-abbe-pierre-domicile-objectif-zero\\\/95588\\\/\"},\"author\":{\"name\":\"St\u00e9phane Miget\",\"@id\":\"https:\\\/\\\/batijournal.com\\\/#\\\/schema\\\/person\\\/1dc96ec6957aa1ccb25ebe78bb19f100\"},\"headline\":\"Fondation Abb\u00e9 Pierre : sans-domicile, objectif z\u00e9ro\",\"datePublished\":\"2017-04-03T07:13:16+00:00\",\"dateModified\":\"2019-07-15T10:03:54+00:00\",\"mainEntityOfPage\":{\"@id\":\"https:\\\/\\\/batijournal.com\\\/index.php\\\/fondation-abbe-pierre-domicile-objectif-zero\\\/95588\\\/\"},\"wordCount\":120,\"image\":{\"@id\":\"https:\\\/\\\/batijournal.com\\\/index.php\\\/fondation-abbe-pierre-domicile-objectif-zero\\\/95588\\\/#primaryimage\"},\"thumbnailUrl\":\"https:\\\/\\\/batijournal.com\\\/wp-content\\\/uploads\\\/2015\\\/04\\\/98417379.jpg\",\"keywords\":[\"Fondation Abb\u00e9 Pierre\",\"HLM\"],\"articleSection\":[\"Actualit\u00e9s\",\"\u00c9conomie &amp; March\u00e9s\"],\"inLanguage\":\"fr-FR\"},{\"@type\":\"WebPage\",\"@id\":\"https:\\\/\\\/batijournal.com\\\/index.php\\\/fondation-abbe-pierre-domicile-objectif-zero\\\/95588\\\/\",\"url\":\"https:\\\/\\\/batijournal.com\\\/index.php\\\/fondation-abbe-pierre-domicile-objectif-zero\\\/95588\\\/\",\"name\":\"Fondation Abb\u00e9 Pierre : sans-domicile, objectif z\u00e9ro\",\"isPartOf\":{\"@id\":\"https:\\\/\\\/batijournal.com\\\/#website\"},\"primaryImageOfPage\":{\"@id\":\"https:\\\/\\\/batijournal.com\\\/index.php\\\/fondation-abbe-pierre-domicile-objectif-zero\\\/95588\\\/#primaryimage\"},\"image\":{\"@id\":\"https:\\\/\\\/batijournal.com\\\/index.php\\\/fondation-abbe-pierre-domicile-objectif-zero\\\/95588\\\/#primaryimage\"},\"thumbnailUrl\":\"https:\\\/\\\/batijournal.com\\\/wp-content\\\/uploads\\\/2015\\\/04\\\/98417379.jpg\",\"datePublished\":\"2017-04-03T07:13:16+00:00\",\"dateModified\":\"2019-07-15T10:03:54+00:00\",\"author\":{\"@id\":\"https:\\\/\\\/batijournal.com\\\/#\\\/schema\\\/person\\\/1dc96ec6957aa1ccb25ebe78bb19f100\"},\"breadcrumb\":{\"@id\":\"https:\\\/\\\/batijournal.com\\\/index.php\\\/fondation-abbe-pierre-domicile-objectif-zero\\\/95588\\\/#breadcrumb\"},\"inLanguage\":\"fr-FR\",\"potentialAction\":[{\"@type\":\"ReadAction\",\"target\":[\"https:\\\/\\\/batijournal.com\\\/index.php\\\/fondation-abbe-pierre-domicile-objectif-zero\\\/95588\\\/\"]}]},{\"@type\":\"ImageObject\",\"inLanguage\":\"fr-FR\",\"@id\":\"https:\\\/\\\/batijournal.com\\\/index.php\\\/fondation-abbe-pierre-domicile-objectif-zero\\\/95588\\\/#primaryimage\",\"url\":\"https:\\\/\\\/batijournal.com\\\/wp-content\\\/uploads\\\/2015\\\/04\\\/98417379.jpg\",\"contentUrl\":\"https:\\\/\\\/batijournal.com\\\/wp-content\\\/uploads\\\/2015\\\/04\\\/98417379.jpg\",\"width\":600,\"height\":399,\"caption\":\"r\u00e9habilitation chantier\"},{\"@type\":\"BreadcrumbList\",\"@id\":\"https:\\\/\\\/batijournal.com\\\/index.php\\\/fondation-abbe-pierre-domicile-objectif-zero\\\/95588\\\/#breadcrumb\",\"itemListElement\":[{\"@type\":\"ListItem\",\"position\":1,\"name\":\"Accueil\",\"item\":\"https:\\\/\\\/batijournal.com\\\/\"},{\"@type\":\"ListItem\",\"position\":2,\"name\":\"Actualit\u00e9s\",\"item\":\"https:\\\/\\\/batijournal.com\\\/index.php\\\/category\\\/actualites\\\/\"},{\"@type\":\"ListItem\",\"position\":3,\"name\":\"Fondation Abb\u00e9 Pierre : sans-domicile, objectif z\u00e9ro\"}]},{\"@type\":\"WebSite\",\"@id\":\"https:\\\/\\\/batijournal.com\\\/#website\",\"url\":\"https:\\\/\\\/batijournal.com\\\/\",\"name\":\"Batijournal\",\"description\":\"L&#039;actualit\u00e9 du b\u00e2timent\",\"potentialAction\":[{\"@type\":\"SearchAction\",\"target\":{\"@type\":\"EntryPoint\",\"urlTemplate\":\"https:\\\/\\\/batijournal.com\\\/?s={search_term_string}\"},\"query-input\":{\"@type\":\"PropertyValueSpecification\",\"valueRequired\":true,\"valueName\":\"search_term_string\"}}],\"inLanguage\":\"fr-FR\"},{\"@type\":\"Person\",\"@id\":\"https:\\\/\\\/batijournal.com\\\/#\\\/schema\\\/person\\\/1dc96ec6957aa1ccb25ebe78bb19f100\",\"name\":\"St\u00e9phane Miget\",\"image\":{\"@type\":\"ImageObject\",\"inLanguage\":\"fr-FR\",\"@id\":\"https:\\\/\\\/secure.gravatar.com\\\/avatar\\\/89915563d925342126b8ef0281b93d9d7fc337043e8df017f780908eb9644451?s=96&d=mm&r=g\",\"url\":\"https:\\\/\\\/secure.gravatar.com\\\/avatar\\\/89915563d925342126b8ef0281b93d9d7fc337043e8df017f780908eb9644451?s=96&d=mm&r=g\",\"contentUrl\":\"https:\\\/\\\/secure.gravatar.com\\\/avatar\\\/89915563d925342126b8ef0281b93d9d7fc337043e8df017f780908eb9644451?s=96&d=mm&r=g\",\"caption\":\"St\u00e9phane Miget\"},\"url\":\"https:\\\/\\\/batijournal.com\\\/index.php\\\/author\\\/stephane\\\/\"}]}<\/script>\n<!-- \/ Yoast SEO plugin. -->","yoast_head_json":{"title":"Fondation Abb\u00e9 Pierre : sans-domicile, objectif z\u00e9ro","robots":{"index":"index","follow":"follow","max-snippet":"max-snippet:-1","max-image-preview":"max-image-preview:large","max-video-preview":"max-video-preview:-1"},"canonical":"https:\/\/batijournal.com\/index.php\/fondation-abbe-pierre-domicile-objectif-zero\/95588\/","og_locale":"fr_FR","og_type":"article","og_title":"Fondation Abb\u00e9 Pierre : sans-domicile, objectif z\u00e9ro","og_description":"La Fondation Abb\u00e9 Pierre lance un appel aux candidats \u00e0 l&rsquo;\u00e9lection pr\u00e9sidentielle. Sortir de la pr\u00e9carit\u00e9 les 143 000 personnes sans-domicile, dont 30 000 mineurs, en leur proposant un vrai logement p\u00e9renne, avec un accompagnement renforc\u00e9 si besoin, au lieu de les assigner encore et toujours \u00e0 des places d\u2019h\u00e9bergement d\u2019urgence ou \u00e0 des h\u00f4tels [&hellip;]","og_url":"https:\/\/batijournal.com\/index.php\/fondation-abbe-pierre-domicile-objectif-zero\/95588\/","og_site_name":"Batijournal","article_published_time":"2017-04-03T07:13:16+00:00","article_modified_time":"2019-07-15T10:03:54+00:00","og_image":[{"width":600,"height":399,"url":"https:\/\/batijournal.com\/wp-content\/uploads\/2015\/04\/98417379.jpg","type":"image\/jpeg"}],"author":"St\u00e9phane Miget","twitter_card":"summary_large_image","twitter_creator":"@bati_journal","twitter_site":"@bati_journal","twitter_misc":{"\u00c9crit par":"St\u00e9phane Miget","Dur\u00e9e de lecture estim\u00e9e":"1 minute"},"schema":{"@context":"https:\/\/schema.org","@graph":[{"@type":"Article","@id":"https:\/\/batijournal.com\/index.php\/fondation-abbe-pierre-domicile-objectif-zero\/95588\/#article","isPartOf":{"@id":"https:\/\/batijournal.com\/index.php\/fondation-abbe-pierre-domicile-objectif-zero\/95588\/"},"author":{"name":"St\u00e9phane Miget","@id":"https:\/\/batijournal.com\/#\/schema\/person\/1dc96ec6957aa1ccb25ebe78bb19f100"},"headline":"Fondation Abb\u00e9 Pierre : sans-domicile, objectif z\u00e9ro","datePublished":"2017-04-03T07:13:16+00:00","dateModified":"2019-07-15T10:03:54+00:00","mainEntityOfPage":{"@id":"https:\/\/batijournal.com\/index.php\/fondation-abbe-pierre-domicile-objectif-zero\/95588\/"},"wordCount":120,"image":{"@id":"https:\/\/batijournal.com\/index.php\/fondation-abbe-pierre-domicile-objectif-zero\/95588\/#primaryimage"},"thumbnailUrl":"https:\/\/batijournal.com\/wp-content\/uploads\/2015\/04\/98417379.jpg","keywords":["Fondation Abb\u00e9 Pierre","HLM"],"articleSection":["Actualit\u00e9s","\u00c9conomie &amp; March\u00e9s"],"inLanguage":"fr-FR"},{"@type":"WebPage","@id":"https:\/\/batijournal.com\/index.php\/fondation-abbe-pierre-domicile-objectif-zero\/95588\/","url":"https:\/\/batijournal.com\/index.php\/fondation-abbe-pierre-domicile-objectif-zero\/95588\/","name":"Fondation Abb\u00e9 Pierre : sans-domicile, objectif z\u00e9ro","isPartOf":{"@id":"https:\/\/batijournal.com\/#website"},"primaryImageOfPage":{"@id":"https:\/\/batijournal.com\/index.php\/fondation-abbe-pierre-domicile-objectif-zero\/95588\/#primaryimage"},"image":{"@id":"https:\/\/batijournal.com\/index.php\/fondation-abbe-pierre-domicile-objectif-zero\/95588\/#primaryimage"},"thumbnailUrl":"https:\/\/batijournal.com\/wp-content\/uploads\/2015\/04\/98417379.jpg","datePublished":"2017-04-03T07:13:16+00:00","dateModified":"2019-07-15T10:03:54+00:00","author":{"@id":"https:\/\/batijournal.com\/#\/schema\/person\/1dc96ec6957aa1ccb25ebe78bb19f100"},"breadcrumb":{"@id":"https:\/\/batijournal.com\/index.php\/fondation-abbe-pierre-domicile-objectif-zero\/95588\/#breadcrumb"},"inLanguage":"fr-FR","potentialAction":[{"@type":"ReadAction","target":["https:\/\/batijournal.com\/index.php\/fondation-abbe-pierre-domicile-objectif-zero\/95588\/"]}]},{"@type":"ImageObject","inLanguage":"fr-FR","@id":"https:\/\/batijournal.com\/index.php\/fondation-abbe-pierre-domicile-objectif-zero\/95588\/#primaryimage","url":"https:\/\/batijournal.com\/wp-content\/uploads\/2015\/04\/98417379.jpg","contentUrl":"https:\/\/batijournal.com\/wp-content\/uploads\/2015\/04\/98417379.jpg","width":600,"height":399,"caption":"r\u00e9habilitation chantier"},{"@type":"BreadcrumbList","@id":"https:\/\/batijournal.com\/index.php\/fondation-abbe-pierre-domicile-objectif-zero\/95588\/#breadcrumb","itemListElement":[{"@type":"ListItem","position":1,"name":"Accueil","item":"https:\/\/batijournal.com\/"},{"@type":"ListItem","position":2,"name":"Actualit\u00e9s","item":"https:\/\/batijournal.com\/index.php\/category\/actualites\/"},{"@type":"ListItem","position":3,"name":"Fondation Abb\u00e9 Pierre : sans-domicile, objectif z\u00e9ro"}]},{"@type":"WebSite","@id":"https:\/\/batijournal.com\/#website","url":"https:\/\/batijournal.com\/","name":"Batijournal","description":"L&#039;actualit\u00e9 du b\u00e2timent","potentialAction":[{"@type":"SearchAction","target":{"@type":"EntryPoint","urlTemplate":"https:\/\/batijournal.com\/?s={search_term_string}"},"query-input":{"@type":"PropertyValueSpecification","valueRequired":true,"valueName":"search_term_string"}}],"inLanguage":"fr-FR"},{"@type":"Person","@id":"https:\/\/batijournal.com\/#\/schema\/person\/1dc96ec6957aa1ccb25ebe78bb19f100","name":"St\u00e9phane Miget","image":{"@type":"ImageObject","inLanguage":"fr-FR","@id":"https:\/\/secure.gravatar.com\/avatar\/89915563d925342126b8ef0281b93d9d7fc337043e8df017f780908eb9644451?s=96&d=mm&r=g","url":"https:\/\/secure.gravatar.com\/avatar\/89915563d925342126b8ef0281b93d9d7fc337043e8df017f780908eb9644451?s=96&d=mm&r=g","contentUrl":"https:\/\/secure.gravatar.com\/avatar\/89915563d925342126b8ef0281b93d9d7fc337043e8df017f780908eb9644451?s=96&d=mm&r=g","caption":"St\u00e9phane Miget"},"url":"https:\/\/batijournal.com\/index.php\/author\/stephane\/"}]}},"_links":{"self":[{"href":"https:\/\/batijournal.com\/index.php\/wp-json\/wp\/v2\/posts\/95588","targetHints":{"allow":["GET"]}}],"collection":[{"href":"https:\/\/batijournal.com\/index.php\/wp-json\/wp\/v2\/posts"}],"about":[{"href":"https:\/\/batijournal.com\/index.php\/wp-json\/wp\/v2\/types\/post"}],"author":[{"embeddable":true,"href":"https:\/\/batijournal.com\/index.php\/wp-json\/wp\/v2\/users\/17"}],"replies":[{"embeddable":true,"href":"https:\/\/batijournal.com\/index.php\/wp-json\/wp\/v2\/comments?post=95588"}],"version-history":[{"count":0,"href":"https:\/\/batijournal.com\/index.php\/wp-json\/wp\/v2\/posts\/95588\/revisions"}],"wp:featuredmedia":[{"embeddable":true,"href":"https:\/\/batijournal.com\/index.php\/wp-json\/wp\/v2\/media\/86918"}],"wp:attachment":[{"href":"https:\/\/batijournal.com\/index.php\/wp-json\/wp\/v2\/media?parent=95588"}],"wp:term":[{"taxonomy":"category","embeddable":true,"href":"https:\/\/batijournal.com\/index.php\/wp-json\/wp\/v2\/categories?post=95588"},{"taxonomy":"post_tag","embeddable":true,"href":"https:\/\/batijournal.com\/index.php\/wp-json\/wp\/v2\/tags?post=95588"}],"curies":[{"name":"wp","href":"https:\/\/api.w.org\/{rel}","templated":true}]}}