{"id":95590,"date":"2017-04-03T11:43:29","date_gmt":"2017-04-03T09:43:29","guid":{"rendered":"http:\/\/batijournal.com\/?p=95590"},"modified":"2019-07-15T12:07:13","modified_gmt":"2019-07-15T10:07:13","slug":"journee-technique-construction-bois-3","status":"publish","type":"post","link":"https:\/\/batijournal.com\/index.php\/journee-technique-construction-bois-3\/95590\/","title":{"rendered":"Journ\u00e9e technique construction bois"},"content":{"rendered":"<p><!-- @page { margin: 2cm } P { margin-bottom: 0.21cm } --><\/p>\n<p><span style=\"color: #000000\"><span style=\"font-family: Helvetica, sans-serif\"><span style=\"font-size: medium\">Le Syndicat Fran\u00e7ais de la Construction Bois Afcobois en partenariat avec l&rsquo;Institut Technologique FCBA organise, le 10 mai 2017 \u00e0 Bordeaux, une journ\u00e9e technique d\u00e9di\u00e9e \u00e0 la ma\u00eetrise de la qualit\u00e9 des constructions bois et en particulier au bon usage des panneaux dans diff\u00e9rents syst\u00e8mes constructifs. Cette journ\u00e9e qui s&rsquo;adresse en particulier aux entreprises de la construction et aux industriels du panneau sera anim\u00e9e par les responsables Afcobois et les experts FCBA. <\/span><\/span><\/span><\/p>\n<p><span style=\"color: #000000\"><span style=\"font-family: Helvetica, sans-serif\"><span style=\"font-size: medium\">Programme\u00a0: <\/span><\/span><\/span><\/p>\n<p><span style=\"color: #000000\">\u00a0<span style=\"font-family: Helvetica, sans-serif\"><span style=\"font-size: medium\">&#8211; matin\u00e9e de pr\u00e9sentation Afcobois\u00a0sur le th\u00e8me de la conqu\u00eate de nouveaux march\u00e9s et sur les notions de garanties li\u00e9es au contrat CCMI<\/span><\/span><\/span><\/p>\n<p><span style=\"color: #000000\">\u00a0<span style=\"font-family: Helvetica, sans-serif\"><span style=\"font-size: medium\">&#8211; d\u00e9jeuner<\/span><\/span><\/span><\/p>\n<p><span style=\"color: #000000\"><span style=\"font-family: Helvetica, sans-serif\"><span style=\"font-size: medium\">&#8211; apr\u00e8s-midi consacr\u00e9 \u00e0 l&rsquo;usage des panneaux dans la construction bois au regard des r\u00e9centes \u00e9volutions normatives.<\/span><\/span><\/span><\/p>\n<p><span style=\"color: #000000\"><span style=\"font-family: Helvetica, sans-serif\"><span style=\"font-size: medium\">Une table ronde cl\u00f4turera cette journ\u00e9e et permettra \u00e0 chaque participant d&rsquo;\u00e9changer avec les intervenants.<\/span><\/span><\/span><\/p>\n<p><!-- @page { margin: 2cm } P { margin-bottom: 0.21cm } A:link { so-language: zxx } --><\/p>\n<p><a href=\"http:\/\/fcba.fr\/sites\/default\/files\/files\/JTAFCOBOIS_FCBA10mai2017.pdf\">T\u00e9l\u00e9charger le programme d\u00e9taill\u00e9 et le formulaire d&rsquo;inscription<\/a><\/p>\n<p>Photo : Mikkel Frost<\/p>\n","protected":false},"excerpt":{"rendered":"<p>Le Syndicat Fran\u00e7ais de la Construction Bois Afcobois en partenariat avec l&rsquo;Institut Technologique FCBA organise, le 10 mai 2017 \u00e0 Bordeaux, une journ\u00e9e technique d\u00e9di\u00e9e \u00e0 la ma\u00eetrise de la qualit\u00e9 des constructions bois et en particulier au bon usage des panneaux dans diff\u00e9rents syst\u00e8mes constructifs. Cette journ\u00e9e qui s&rsquo;adresse en particulier aux entreprises de [&hellip;]<\/p>\n","protected":false},"author":17,"featured_media":95591,"comment_status":"closed","ping_status":"closed","sticky":false,"template":"","format":"standard","meta":{"_et_pb_use_builder":"","_et_pb_old_content":"","_et_gb_content_width":"","footnotes":""},"categories":[10530,6345,10764],"tags":[374,646],"class_list":["post-95590","post","type-post","status-publish","format-standard","has-post-thumbnail","hentry","category-actualites","category-economie-marches","category-woodsurfer","tag-construction-bois-2","tag-journee-technique"],"yoast_head":"<!-- This site is optimized with the Yoast SEO plugin v27.4 - https:\/\/yoast.com\/product\/yoast-seo-wordpress\/ -->\n<title>Journ\u00e9e technique construction bois<\/title>\n<meta name=\"robots\" content=\"index, follow, max-snippet:-1, max-image-preview:large, max-video-preview:-1\" \/>\n<link rel=\"canonical\" href=\"https:\/\/batijournal.com\/index.php\/journee-technique-construction-bois-3\/95590\/\" \/>\n<meta property=\"og:locale\" content=\"fr_FR\" \/>\n<meta property=\"og:type\" content=\"article\" \/>\n<meta property=\"og:title\" content=\"Journ\u00e9e technique construction bois\" \/>\n<meta property=\"og:description\" content=\"Le Syndicat Fran\u00e7ais de la Construction Bois Afcobois en partenariat avec l&rsquo;Institut Technologique FCBA organise, le 10 mai 2017 \u00e0 Bordeaux, une journ\u00e9e technique d\u00e9di\u00e9e \u00e0 la ma\u00eetrise de la qualit\u00e9 des constructions bois et en particulier au bon usage des panneaux dans diff\u00e9rents syst\u00e8mes constructifs. Cette journ\u00e9e qui s&rsquo;adresse en particulier aux entreprises de [&hellip;]\" \/>\n<meta property=\"og:url\" content=\"https:\/\/batijournal.com\/index.php\/journee-technique-construction-bois-3\/95590\/\" \/>\n<meta property=\"og:site_name\" content=\"Batijournal\" \/>\n<meta property=\"article:published_time\" content=\"2017-04-03T09:43:29+00:00\" \/>\n<meta property=\"article:modified_time\" content=\"2019-07-15T10:07:13+00:00\" \/>\n<meta property=\"og:image\" content=\"https:\/\/batijournal.com\/wp-content\/uploads\/2017\/04\/Childrens_home_095_photographer_Mikkel_Frost_51219.jpg\" \/>\n\t<meta property=\"og:image:width\" content=\"4256\" \/>\n\t<meta property=\"og:image:height\" content=\"2832\" \/>\n\t<meta property=\"og:image:type\" content=\"image\/jpeg\" \/>\n<meta name=\"author\" content=\"St\u00e9phane Miget\" \/>\n<meta name=\"twitter:card\" content=\"summary_large_image\" \/>\n<meta name=\"twitter:creator\" content=\"@bati_journal\" \/>\n<meta name=\"twitter:site\" content=\"@bati_journal\" \/>\n<meta name=\"twitter:label1\" content=\"\u00c9crit par\" \/>\n\t<meta name=\"twitter:data1\" content=\"St\u00e9phane Miget\" \/>\n\t<meta name=\"twitter:label2\" content=\"Dur\u00e9e de lecture estim\u00e9e\" \/>\n\t<meta name=\"twitter:data2\" content=\"1 minute\" \/>\n<script type=\"application\/ld+json\" class=\"yoast-schema-graph\">{\"@context\":\"https:\\\/\\\/schema.org\",\"@graph\":[{\"@type\":\"Article\",\"@id\":\"https:\\\/\\\/batijournal.com\\\/index.php\\\/journee-technique-construction-bois-3\\\/95590\\\/#article\",\"isPartOf\":{\"@id\":\"https:\\\/\\\/batijournal.com\\\/index.php\\\/journee-technique-construction-bois-3\\\/95590\\\/\"},\"author\":{\"name\":\"St\u00e9phane Miget\",\"@id\":\"https:\\\/\\\/batijournal.com\\\/#\\\/schema\\\/person\\\/1dc96ec6957aa1ccb25ebe78bb19f100\"},\"headline\":\"Journ\u00e9e technique construction bois\",\"datePublished\":\"2017-04-03T09:43:29+00:00\",\"dateModified\":\"2019-07-15T10:07:13+00:00\",\"mainEntityOfPage\":{\"@id\":\"https:\\\/\\\/batijournal.com\\\/index.php\\\/journee-technique-construction-bois-3\\\/95590\\\/\"},\"wordCount\":169,\"image\":{\"@id\":\"https:\\\/\\\/batijournal.com\\\/index.php\\\/journee-technique-construction-bois-3\\\/95590\\\/#primaryimage\"},\"thumbnailUrl\":\"https:\\\/\\\/batijournal.com\\\/wp-content\\\/uploads\\\/2017\\\/04\\\/Childrens_home_095_photographer_Mikkel_Frost_51219.jpg\",\"keywords\":[\"construction bois\",\"journ\u00e9e technique\"],\"articleSection\":[\"Actualit\u00e9s\",\"\u00c9conomie &amp; March\u00e9s\",\"zz_Woodsurfer\"],\"inLanguage\":\"fr-FR\"},{\"@type\":\"WebPage\",\"@id\":\"https:\\\/\\\/batijournal.com\\\/index.php\\\/journee-technique-construction-bois-3\\\/95590\\\/\",\"url\":\"https:\\\/\\\/batijournal.com\\\/index.php\\\/journee-technique-construction-bois-3\\\/95590\\\/\",\"name\":\"Journ\u00e9e technique construction bois\",\"isPartOf\":{\"@id\":\"https:\\\/\\\/batijournal.com\\\/#website\"},\"primaryImageOfPage\":{\"@id\":\"https:\\\/\\\/batijournal.com\\\/index.php\\\/journee-technique-construction-bois-3\\\/95590\\\/#primaryimage\"},\"image\":{\"@id\":\"https:\\\/\\\/batijournal.com\\\/index.php\\\/journee-technique-construction-bois-3\\\/95590\\\/#primaryimage\"},\"thumbnailUrl\":\"https:\\\/\\\/batijournal.com\\\/wp-content\\\/uploads\\\/2017\\\/04\\\/Childrens_home_095_photographer_Mikkel_Frost_51219.jpg\",\"datePublished\":\"2017-04-03T09:43:29+00:00\",\"dateModified\":\"2019-07-15T10:07:13+00:00\",\"author\":{\"@id\":\"https:\\\/\\\/batijournal.com\\\/#\\\/schema\\\/person\\\/1dc96ec6957aa1ccb25ebe78bb19f100\"},\"breadcrumb\":{\"@id\":\"https:\\\/\\\/batijournal.com\\\/index.php\\\/journee-technique-construction-bois-3\\\/95590\\\/#breadcrumb\"},\"inLanguage\":\"fr-FR\",\"potentialAction\":[{\"@type\":\"ReadAction\",\"target\":[\"https:\\\/\\\/batijournal.com\\\/index.php\\\/journee-technique-construction-bois-3\\\/95590\\\/\"]}]},{\"@type\":\"ImageObject\",\"inLanguage\":\"fr-FR\",\"@id\":\"https:\\\/\\\/batijournal.com\\\/index.php\\\/journee-technique-construction-bois-3\\\/95590\\\/#primaryimage\",\"url\":\"https:\\\/\\\/batijournal.com\\\/wp-content\\\/uploads\\\/2017\\\/04\\\/Childrens_home_095_photographer_Mikkel_Frost_51219.jpg\",\"contentUrl\":\"https:\\\/\\\/batijournal.com\\\/wp-content\\\/uploads\\\/2017\\\/04\\\/Childrens_home_095_photographer_Mikkel_Frost_51219.jpg\",\"width\":4256,\"height\":2832,\"caption\":\"Children\u00b4s home og the future - Kerteminde\"},{\"@type\":\"BreadcrumbList\",\"@id\":\"https:\\\/\\\/batijournal.com\\\/index.php\\\/journee-technique-construction-bois-3\\\/95590\\\/#breadcrumb\",\"itemListElement\":[{\"@type\":\"ListItem\",\"position\":1,\"name\":\"Accueil\",\"item\":\"https:\\\/\\\/batijournal.com\\\/\"},{\"@type\":\"ListItem\",\"position\":2,\"name\":\"Actualit\u00e9s\",\"item\":\"https:\\\/\\\/batijournal.com\\\/index.php\\\/category\\\/actualites\\\/\"},{\"@type\":\"ListItem\",\"position\":3,\"name\":\"Journ\u00e9e technique construction bois\"}]},{\"@type\":\"WebSite\",\"@id\":\"https:\\\/\\\/batijournal.com\\\/#website\",\"url\":\"https:\\\/\\\/batijournal.com\\\/\",\"name\":\"Batijournal\",\"description\":\"L&#039;actualit\u00e9 du b\u00e2timent\",\"potentialAction\":[{\"@type\":\"SearchAction\",\"target\":{\"@type\":\"EntryPoint\",\"urlTemplate\":\"https:\\\/\\\/batijournal.com\\\/?s={search_term_string}\"},\"query-input\":{\"@type\":\"PropertyValueSpecification\",\"valueRequired\":true,\"valueName\":\"search_term_string\"}}],\"inLanguage\":\"fr-FR\"},{\"@type\":\"Person\",\"@id\":\"https:\\\/\\\/batijournal.com\\\/#\\\/schema\\\/person\\\/1dc96ec6957aa1ccb25ebe78bb19f100\",\"name\":\"St\u00e9phane Miget\",\"image\":{\"@type\":\"ImageObject\",\"inLanguage\":\"fr-FR\",\"@id\":\"https:\\\/\\\/secure.gravatar.com\\\/avatar\\\/89915563d925342126b8ef0281b93d9d7fc337043e8df017f780908eb9644451?s=96&d=mm&r=g\",\"url\":\"https:\\\/\\\/secure.gravatar.com\\\/avatar\\\/89915563d925342126b8ef0281b93d9d7fc337043e8df017f780908eb9644451?s=96&d=mm&r=g\",\"contentUrl\":\"https:\\\/\\\/secure.gravatar.com\\\/avatar\\\/89915563d925342126b8ef0281b93d9d7fc337043e8df017f780908eb9644451?s=96&d=mm&r=g\",\"caption\":\"St\u00e9phane Miget\"},\"url\":\"https:\\\/\\\/batijournal.com\\\/index.php\\\/author\\\/stephane\\\/\"}]}<\/script>\n<!-- \/ Yoast SEO plugin. -->","yoast_head_json":{"title":"Journ\u00e9e technique construction bois","robots":{"index":"index","follow":"follow","max-snippet":"max-snippet:-1","max-image-preview":"max-image-preview:large","max-video-preview":"max-video-preview:-1"},"canonical":"https:\/\/batijournal.com\/index.php\/journee-technique-construction-bois-3\/95590\/","og_locale":"fr_FR","og_type":"article","og_title":"Journ\u00e9e technique construction bois","og_description":"Le Syndicat Fran\u00e7ais de la Construction Bois Afcobois en partenariat avec l&rsquo;Institut Technologique FCBA organise, le 10 mai 2017 \u00e0 Bordeaux, une journ\u00e9e technique d\u00e9di\u00e9e \u00e0 la ma\u00eetrise de la qualit\u00e9 des constructions bois et en particulier au bon usage des panneaux dans diff\u00e9rents syst\u00e8mes constructifs. Cette journ\u00e9e qui s&rsquo;adresse en particulier aux entreprises de [&hellip;]","og_url":"https:\/\/batijournal.com\/index.php\/journee-technique-construction-bois-3\/95590\/","og_site_name":"Batijournal","article_published_time":"2017-04-03T09:43:29+00:00","article_modified_time":"2019-07-15T10:07:13+00:00","og_image":[{"width":4256,"height":2832,"url":"https:\/\/batijournal.com\/wp-content\/uploads\/2017\/04\/Childrens_home_095_photographer_Mikkel_Frost_51219.jpg","type":"image\/jpeg"}],"author":"St\u00e9phane Miget","twitter_card":"summary_large_image","twitter_creator":"@bati_journal","twitter_site":"@bati_journal","twitter_misc":{"\u00c9crit par":"St\u00e9phane Miget","Dur\u00e9e de lecture estim\u00e9e":"1 minute"},"schema":{"@context":"https:\/\/schema.org","@graph":[{"@type":"Article","@id":"https:\/\/batijournal.com\/index.php\/journee-technique-construction-bois-3\/95590\/#article","isPartOf":{"@id":"https:\/\/batijournal.com\/index.php\/journee-technique-construction-bois-3\/95590\/"},"author":{"name":"St\u00e9phane Miget","@id":"https:\/\/batijournal.com\/#\/schema\/person\/1dc96ec6957aa1ccb25ebe78bb19f100"},"headline":"Journ\u00e9e technique construction bois","datePublished":"2017-04-03T09:43:29+00:00","dateModified":"2019-07-15T10:07:13+00:00","mainEntityOfPage":{"@id":"https:\/\/batijournal.com\/index.php\/journee-technique-construction-bois-3\/95590\/"},"wordCount":169,"image":{"@id":"https:\/\/batijournal.com\/index.php\/journee-technique-construction-bois-3\/95590\/#primaryimage"},"thumbnailUrl":"https:\/\/batijournal.com\/wp-content\/uploads\/2017\/04\/Childrens_home_095_photographer_Mikkel_Frost_51219.jpg","keywords":["construction bois","journ\u00e9e technique"],"articleSection":["Actualit\u00e9s","\u00c9conomie &amp; March\u00e9s","zz_Woodsurfer"],"inLanguage":"fr-FR"},{"@type":"WebPage","@id":"https:\/\/batijournal.com\/index.php\/journee-technique-construction-bois-3\/95590\/","url":"https:\/\/batijournal.com\/index.php\/journee-technique-construction-bois-3\/95590\/","name":"Journ\u00e9e technique construction bois","isPartOf":{"@id":"https:\/\/batijournal.com\/#website"},"primaryImageOfPage":{"@id":"https:\/\/batijournal.com\/index.php\/journee-technique-construction-bois-3\/95590\/#primaryimage"},"image":{"@id":"https:\/\/batijournal.com\/index.php\/journee-technique-construction-bois-3\/95590\/#primaryimage"},"thumbnailUrl":"https:\/\/batijournal.com\/wp-content\/uploads\/2017\/04\/Childrens_home_095_photographer_Mikkel_Frost_51219.jpg","datePublished":"2017-04-03T09:43:29+00:00","dateModified":"2019-07-15T10:07:13+00:00","author":{"@id":"https:\/\/batijournal.com\/#\/schema\/person\/1dc96ec6957aa1ccb25ebe78bb19f100"},"breadcrumb":{"@id":"https:\/\/batijournal.com\/index.php\/journee-technique-construction-bois-3\/95590\/#breadcrumb"},"inLanguage":"fr-FR","potentialAction":[{"@type":"ReadAction","target":["https:\/\/batijournal.com\/index.php\/journee-technique-construction-bois-3\/95590\/"]}]},{"@type":"ImageObject","inLanguage":"fr-FR","@id":"https:\/\/batijournal.com\/index.php\/journee-technique-construction-bois-3\/95590\/#primaryimage","url":"https:\/\/batijournal.com\/wp-content\/uploads\/2017\/04\/Childrens_home_095_photographer_Mikkel_Frost_51219.jpg","contentUrl":"https:\/\/batijournal.com\/wp-content\/uploads\/2017\/04\/Childrens_home_095_photographer_Mikkel_Frost_51219.jpg","width":4256,"height":2832,"caption":"Children\u00b4s home og the future - Kerteminde"},{"@type":"BreadcrumbList","@id":"https:\/\/batijournal.com\/index.php\/journee-technique-construction-bois-3\/95590\/#breadcrumb","itemListElement":[{"@type":"ListItem","position":1,"name":"Accueil","item":"https:\/\/batijournal.com\/"},{"@type":"ListItem","position":2,"name":"Actualit\u00e9s","item":"https:\/\/batijournal.com\/index.php\/category\/actualites\/"},{"@type":"ListItem","position":3,"name":"Journ\u00e9e technique construction bois"}]},{"@type":"WebSite","@id":"https:\/\/batijournal.com\/#website","url":"https:\/\/batijournal.com\/","name":"Batijournal","description":"L&#039;actualit\u00e9 du b\u00e2timent","potentialAction":[{"@type":"SearchAction","target":{"@type":"EntryPoint","urlTemplate":"https:\/\/batijournal.com\/?s={search_term_string}"},"query-input":{"@type":"PropertyValueSpecification","valueRequired":true,"valueName":"search_term_string"}}],"inLanguage":"fr-FR"},{"@type":"Person","@id":"https:\/\/batijournal.com\/#\/schema\/person\/1dc96ec6957aa1ccb25ebe78bb19f100","name":"St\u00e9phane Miget","image":{"@type":"ImageObject","inLanguage":"fr-FR","@id":"https:\/\/secure.gravatar.com\/avatar\/89915563d925342126b8ef0281b93d9d7fc337043e8df017f780908eb9644451?s=96&d=mm&r=g","url":"https:\/\/secure.gravatar.com\/avatar\/89915563d925342126b8ef0281b93d9d7fc337043e8df017f780908eb9644451?s=96&d=mm&r=g","contentUrl":"https:\/\/secure.gravatar.com\/avatar\/89915563d925342126b8ef0281b93d9d7fc337043e8df017f780908eb9644451?s=96&d=mm&r=g","caption":"St\u00e9phane Miget"},"url":"https:\/\/batijournal.com\/index.php\/author\/stephane\/"}]}},"_links":{"self":[{"href":"https:\/\/batijournal.com\/index.php\/wp-json\/wp\/v2\/posts\/95590","targetHints":{"allow":["GET"]}}],"collection":[{"href":"https:\/\/batijournal.com\/index.php\/wp-json\/wp\/v2\/posts"}],"about":[{"href":"https:\/\/batijournal.com\/index.php\/wp-json\/wp\/v2\/types\/post"}],"author":[{"embeddable":true,"href":"https:\/\/batijournal.com\/index.php\/wp-json\/wp\/v2\/users\/17"}],"replies":[{"embeddable":true,"href":"https:\/\/batijournal.com\/index.php\/wp-json\/wp\/v2\/comments?post=95590"}],"version-history":[{"count":0,"href":"https:\/\/batijournal.com\/index.php\/wp-json\/wp\/v2\/posts\/95590\/revisions"}],"wp:featuredmedia":[{"embeddable":true,"href":"https:\/\/batijournal.com\/index.php\/wp-json\/wp\/v2\/media\/95591"}],"wp:attachment":[{"href":"https:\/\/batijournal.com\/index.php\/wp-json\/wp\/v2\/media?parent=95590"}],"wp:term":[{"taxonomy":"category","embeddable":true,"href":"https:\/\/batijournal.com\/index.php\/wp-json\/wp\/v2\/categories?post=95590"},{"taxonomy":"post_tag","embeddable":true,"href":"https:\/\/batijournal.com\/index.php\/wp-json\/wp\/v2\/tags?post=95590"}],"curies":[{"name":"wp","href":"https:\/\/api.w.org\/{rel}","templated":true}]}}