{"id":95615,"date":"2017-04-05T08:26:02","date_gmt":"2017-04-05T06:26:02","guid":{"rendered":"http:\/\/batijournal.com\/?p=95615"},"modified":"2019-07-15T11:15:58","modified_gmt":"2019-07-15T09:15:58","slug":"collecte-theatre-de-verdure-a-labbaye-royale-de-fontevraud","status":"publish","type":"post","link":"https:\/\/batijournal.com\/index.php\/collecte-theatre-de-verdure-a-labbaye-royale-de-fontevraud\/95615\/","title":{"rendered":"Collecte pour un th\u00e9\u00e2tre de verdure \u00e0 l&rsquo;Abbaye royale de Fontevraud"},"content":{"rendered":"<p>L\u2019Abbaye royale de Fontevraud lance une op\u00e9ration de financement participatif grand public pour la construction d&rsquo;un futur th\u00e9\u00e2tre de verdure. Il sera compos\u00e9 de gradins sur la colline est de l&rsquo;Abbaye. Le premier spectacle \u00e0 admirer depuis les gradins sera d\u2019abord l\u2019Abbaye. Depuis la colline, le recul permettra de contempler l\u2019architecture sur toute la hauteur de ses \u00e9l\u00e9vations. L&rsquo;Abbaye est aujourd&rsquo;hui un centre culturel de rencontre. A ce titre, elle organise de nombreux spectacles. Le th\u00e9\u00e2tre de verdure sera une nouvelle sc\u00e8ne de Fontevraud, en plein air. Une collecte de 30 000 \u20ac permettrait de faire aboutir ce projet.<\/p>\n<p><a href=\"https:\/\/dartagnans.fr\/fr\/projects\/theatre-de-verdure-de-l-abbaye-de-fontevraud\/campaign\" target=\"_blank\" rel=\"noopener noreferrer\">https:\/\/dartagnans.fr\/fr\/projects\/theatre-de-verdure-de-l-abbaye-de-fontevraud\/campaign<\/a><br \/>\nCroquis non contractuel (DR)<\/p>\n","protected":false},"excerpt":{"rendered":"<p>L\u2019Abbaye royale de Fontevraud lance une op\u00e9ration de financement participatif grand public pour la construction d&rsquo;un futur th\u00e9\u00e2tre de verdure. Il sera compos\u00e9 de gradins sur la colline est de l&rsquo;Abbaye. Le premier spectacle \u00e0 admirer depuis les gradins sera d\u2019abord l\u2019Abbaye. Depuis la colline, le recul permettra de contempler l\u2019architecture sur toute la hauteur [&hellip;]<\/p>\n","protected":false},"author":17,"featured_media":95616,"comment_status":"closed","ping_status":"closed","sticky":false,"template":"","format":"standard","meta":{"_et_pb_use_builder":"","_et_pb_old_content":"","_et_gb_content_width":"","footnotes":""},"categories":[6340],"tags":[4474],"class_list":["post-95615","post","type-post","status-publish","format-standard","has-post-thumbnail","hentry","category-architecture-conception","tag-monuments-historiques"],"yoast_head":"<!-- This site is optimized with the Yoast SEO plugin v27.4 - https:\/\/yoast.com\/product\/yoast-seo-wordpress\/ -->\n<title>Collecte pour un th\u00e9\u00e2tre de verdure \u00e0 l&#039;Abbaye royale de Fontevraud<\/title>\n<meta name=\"robots\" content=\"index, follow, max-snippet:-1, max-image-preview:large, max-video-preview:-1\" \/>\n<link rel=\"canonical\" href=\"https:\/\/batijournal.com\/index.php\/collecte-theatre-de-verdure-a-labbaye-royale-de-fontevraud\/95615\/\" \/>\n<meta property=\"og:locale\" content=\"fr_FR\" \/>\n<meta property=\"og:type\" content=\"article\" \/>\n<meta property=\"og:title\" content=\"Collecte pour un th\u00e9\u00e2tre de verdure \u00e0 l&#039;Abbaye royale de Fontevraud\" \/>\n<meta property=\"og:description\" content=\"L\u2019Abbaye royale de Fontevraud lance une op\u00e9ration de financement participatif grand public pour la construction d&rsquo;un futur th\u00e9\u00e2tre de verdure. Il sera compos\u00e9 de gradins sur la colline est de l&rsquo;Abbaye. Le premier spectacle \u00e0 admirer depuis les gradins sera d\u2019abord l\u2019Abbaye. Depuis la colline, le recul permettra de contempler l\u2019architecture sur toute la hauteur [&hellip;]\" \/>\n<meta property=\"og:url\" content=\"https:\/\/batijournal.com\/index.php\/collecte-theatre-de-verdure-a-labbaye-royale-de-fontevraud\/95615\/\" \/>\n<meta property=\"og:site_name\" content=\"Batijournal\" \/>\n<meta property=\"article:published_time\" content=\"2017-04-05T06:26:02+00:00\" \/>\n<meta property=\"article:modified_time\" content=\"2019-07-15T09:15:58+00:00\" \/>\n<meta property=\"og:image\" content=\"https:\/\/batijournal.com\/wp-content\/uploads\/2017\/04\/theatre-de-verdure-fontevraud.jpg\" \/>\n\t<meta property=\"og:image:width\" content=\"500\" \/>\n\t<meta property=\"og:image:height\" content=\"344\" \/>\n\t<meta property=\"og:image:type\" content=\"image\/jpeg\" \/>\n<meta name=\"author\" content=\"St\u00e9phane Miget\" \/>\n<meta name=\"twitter:card\" content=\"summary_large_image\" \/>\n<meta name=\"twitter:creator\" content=\"@bati_journal\" \/>\n<meta name=\"twitter:site\" content=\"@bati_journal\" \/>\n<meta name=\"twitter:label1\" content=\"\u00c9crit par\" \/>\n\t<meta name=\"twitter:data1\" content=\"St\u00e9phane Miget\" \/>\n\t<meta name=\"twitter:label2\" content=\"Dur\u00e9e de lecture estim\u00e9e\" \/>\n\t<meta name=\"twitter:data2\" content=\"1 minute\" \/>\n<script type=\"application\/ld+json\" class=\"yoast-schema-graph\">{\"@context\":\"https:\\\/\\\/schema.org\",\"@graph\":[{\"@type\":\"Article\",\"@id\":\"https:\\\/\\\/batijournal.com\\\/index.php\\\/collecte-theatre-de-verdure-a-labbaye-royale-de-fontevraud\\\/95615\\\/#article\",\"isPartOf\":{\"@id\":\"https:\\\/\\\/batijournal.com\\\/index.php\\\/collecte-theatre-de-verdure-a-labbaye-royale-de-fontevraud\\\/95615\\\/\"},\"author\":{\"name\":\"St\u00e9phane Miget\",\"@id\":\"https:\\\/\\\/batijournal.com\\\/#\\\/schema\\\/person\\\/1dc96ec6957aa1ccb25ebe78bb19f100\"},\"headline\":\"Collecte pour un th\u00e9\u00e2tre de verdure \u00e0 l&rsquo;Abbaye royale de Fontevraud\",\"datePublished\":\"2017-04-05T06:26:02+00:00\",\"dateModified\":\"2019-07-15T09:15:58+00:00\",\"mainEntityOfPage\":{\"@id\":\"https:\\\/\\\/batijournal.com\\\/index.php\\\/collecte-theatre-de-verdure-a-labbaye-royale-de-fontevraud\\\/95615\\\/\"},\"wordCount\":131,\"image\":{\"@id\":\"https:\\\/\\\/batijournal.com\\\/index.php\\\/collecte-theatre-de-verdure-a-labbaye-royale-de-fontevraud\\\/95615\\\/#primaryimage\"},\"thumbnailUrl\":\"https:\\\/\\\/batijournal.com\\\/wp-content\\\/uploads\\\/2017\\\/04\\\/theatre-de-verdure-fontevraud.jpg\",\"keywords\":[\"monuments historiques\"],\"articleSection\":[\"Architecture &amp; Conception\"],\"inLanguage\":\"fr-FR\"},{\"@type\":\"WebPage\",\"@id\":\"https:\\\/\\\/batijournal.com\\\/index.php\\\/collecte-theatre-de-verdure-a-labbaye-royale-de-fontevraud\\\/95615\\\/\",\"url\":\"https:\\\/\\\/batijournal.com\\\/index.php\\\/collecte-theatre-de-verdure-a-labbaye-royale-de-fontevraud\\\/95615\\\/\",\"name\":\"Collecte pour un th\u00e9\u00e2tre de verdure \u00e0 l'Abbaye royale de Fontevraud\",\"isPartOf\":{\"@id\":\"https:\\\/\\\/batijournal.com\\\/#website\"},\"primaryImageOfPage\":{\"@id\":\"https:\\\/\\\/batijournal.com\\\/index.php\\\/collecte-theatre-de-verdure-a-labbaye-royale-de-fontevraud\\\/95615\\\/#primaryimage\"},\"image\":{\"@id\":\"https:\\\/\\\/batijournal.com\\\/index.php\\\/collecte-theatre-de-verdure-a-labbaye-royale-de-fontevraud\\\/95615\\\/#primaryimage\"},\"thumbnailUrl\":\"https:\\\/\\\/batijournal.com\\\/wp-content\\\/uploads\\\/2017\\\/04\\\/theatre-de-verdure-fontevraud.jpg\",\"datePublished\":\"2017-04-05T06:26:02+00:00\",\"dateModified\":\"2019-07-15T09:15:58+00:00\",\"author\":{\"@id\":\"https:\\\/\\\/batijournal.com\\\/#\\\/schema\\\/person\\\/1dc96ec6957aa1ccb25ebe78bb19f100\"},\"breadcrumb\":{\"@id\":\"https:\\\/\\\/batijournal.com\\\/index.php\\\/collecte-theatre-de-verdure-a-labbaye-royale-de-fontevraud\\\/95615\\\/#breadcrumb\"},\"inLanguage\":\"fr-FR\",\"potentialAction\":[{\"@type\":\"ReadAction\",\"target\":[\"https:\\\/\\\/batijournal.com\\\/index.php\\\/collecte-theatre-de-verdure-a-labbaye-royale-de-fontevraud\\\/95615\\\/\"]}]},{\"@type\":\"ImageObject\",\"inLanguage\":\"fr-FR\",\"@id\":\"https:\\\/\\\/batijournal.com\\\/index.php\\\/collecte-theatre-de-verdure-a-labbaye-royale-de-fontevraud\\\/95615\\\/#primaryimage\",\"url\":\"https:\\\/\\\/batijournal.com\\\/wp-content\\\/uploads\\\/2017\\\/04\\\/theatre-de-verdure-fontevraud.jpg\",\"contentUrl\":\"https:\\\/\\\/batijournal.com\\\/wp-content\\\/uploads\\\/2017\\\/04\\\/theatre-de-verdure-fontevraud.jpg\",\"width\":500,\"height\":344},{\"@type\":\"BreadcrumbList\",\"@id\":\"https:\\\/\\\/batijournal.com\\\/index.php\\\/collecte-theatre-de-verdure-a-labbaye-royale-de-fontevraud\\\/95615\\\/#breadcrumb\",\"itemListElement\":[{\"@type\":\"ListItem\",\"position\":1,\"name\":\"Accueil\",\"item\":\"https:\\\/\\\/batijournal.com\\\/\"},{\"@type\":\"ListItem\",\"position\":2,\"name\":\"Actualit\u00e9s\",\"item\":\"https:\\\/\\\/batijournal.com\\\/index.php\\\/category\\\/actualites\\\/\"},{\"@type\":\"ListItem\",\"position\":3,\"name\":\"Architecture &amp; Conception\",\"item\":\"https:\\\/\\\/batijournal.com\\\/index.php\\\/category\\\/actualites\\\/architecture-conception\\\/\"},{\"@type\":\"ListItem\",\"position\":4,\"name\":\"Collecte pour un th\u00e9\u00e2tre de verdure \u00e0 l&rsquo;Abbaye royale de Fontevraud\"}]},{\"@type\":\"WebSite\",\"@id\":\"https:\\\/\\\/batijournal.com\\\/#website\",\"url\":\"https:\\\/\\\/batijournal.com\\\/\",\"name\":\"Batijournal\",\"description\":\"L&#039;actualit\u00e9 du b\u00e2timent\",\"potentialAction\":[{\"@type\":\"SearchAction\",\"target\":{\"@type\":\"EntryPoint\",\"urlTemplate\":\"https:\\\/\\\/batijournal.com\\\/?s={search_term_string}\"},\"query-input\":{\"@type\":\"PropertyValueSpecification\",\"valueRequired\":true,\"valueName\":\"search_term_string\"}}],\"inLanguage\":\"fr-FR\"},{\"@type\":\"Person\",\"@id\":\"https:\\\/\\\/batijournal.com\\\/#\\\/schema\\\/person\\\/1dc96ec6957aa1ccb25ebe78bb19f100\",\"name\":\"St\u00e9phane Miget\",\"image\":{\"@type\":\"ImageObject\",\"inLanguage\":\"fr-FR\",\"@id\":\"https:\\\/\\\/secure.gravatar.com\\\/avatar\\\/89915563d925342126b8ef0281b93d9d7fc337043e8df017f780908eb9644451?s=96&d=mm&r=g\",\"url\":\"https:\\\/\\\/secure.gravatar.com\\\/avatar\\\/89915563d925342126b8ef0281b93d9d7fc337043e8df017f780908eb9644451?s=96&d=mm&r=g\",\"contentUrl\":\"https:\\\/\\\/secure.gravatar.com\\\/avatar\\\/89915563d925342126b8ef0281b93d9d7fc337043e8df017f780908eb9644451?s=96&d=mm&r=g\",\"caption\":\"St\u00e9phane Miget\"},\"url\":\"https:\\\/\\\/batijournal.com\\\/index.php\\\/author\\\/stephane\\\/\"}]}<\/script>\n<!-- \/ Yoast SEO plugin. -->","yoast_head_json":{"title":"Collecte pour un th\u00e9\u00e2tre de verdure \u00e0 l'Abbaye royale de Fontevraud","robots":{"index":"index","follow":"follow","max-snippet":"max-snippet:-1","max-image-preview":"max-image-preview:large","max-video-preview":"max-video-preview:-1"},"canonical":"https:\/\/batijournal.com\/index.php\/collecte-theatre-de-verdure-a-labbaye-royale-de-fontevraud\/95615\/","og_locale":"fr_FR","og_type":"article","og_title":"Collecte pour un th\u00e9\u00e2tre de verdure \u00e0 l'Abbaye royale de Fontevraud","og_description":"L\u2019Abbaye royale de Fontevraud lance une op\u00e9ration de financement participatif grand public pour la construction d&rsquo;un futur th\u00e9\u00e2tre de verdure. Il sera compos\u00e9 de gradins sur la colline est de l&rsquo;Abbaye. Le premier spectacle \u00e0 admirer depuis les gradins sera d\u2019abord l\u2019Abbaye. Depuis la colline, le recul permettra de contempler l\u2019architecture sur toute la hauteur [&hellip;]","og_url":"https:\/\/batijournal.com\/index.php\/collecte-theatre-de-verdure-a-labbaye-royale-de-fontevraud\/95615\/","og_site_name":"Batijournal","article_published_time":"2017-04-05T06:26:02+00:00","article_modified_time":"2019-07-15T09:15:58+00:00","og_image":[{"width":500,"height":344,"url":"https:\/\/batijournal.com\/wp-content\/uploads\/2017\/04\/theatre-de-verdure-fontevraud.jpg","type":"image\/jpeg"}],"author":"St\u00e9phane Miget","twitter_card":"summary_large_image","twitter_creator":"@bati_journal","twitter_site":"@bati_journal","twitter_misc":{"\u00c9crit par":"St\u00e9phane Miget","Dur\u00e9e de lecture estim\u00e9e":"1 minute"},"schema":{"@context":"https:\/\/schema.org","@graph":[{"@type":"Article","@id":"https:\/\/batijournal.com\/index.php\/collecte-theatre-de-verdure-a-labbaye-royale-de-fontevraud\/95615\/#article","isPartOf":{"@id":"https:\/\/batijournal.com\/index.php\/collecte-theatre-de-verdure-a-labbaye-royale-de-fontevraud\/95615\/"},"author":{"name":"St\u00e9phane Miget","@id":"https:\/\/batijournal.com\/#\/schema\/person\/1dc96ec6957aa1ccb25ebe78bb19f100"},"headline":"Collecte pour un th\u00e9\u00e2tre de verdure \u00e0 l&rsquo;Abbaye royale de Fontevraud","datePublished":"2017-04-05T06:26:02+00:00","dateModified":"2019-07-15T09:15:58+00:00","mainEntityOfPage":{"@id":"https:\/\/batijournal.com\/index.php\/collecte-theatre-de-verdure-a-labbaye-royale-de-fontevraud\/95615\/"},"wordCount":131,"image":{"@id":"https:\/\/batijournal.com\/index.php\/collecte-theatre-de-verdure-a-labbaye-royale-de-fontevraud\/95615\/#primaryimage"},"thumbnailUrl":"https:\/\/batijournal.com\/wp-content\/uploads\/2017\/04\/theatre-de-verdure-fontevraud.jpg","keywords":["monuments historiques"],"articleSection":["Architecture &amp; Conception"],"inLanguage":"fr-FR"},{"@type":"WebPage","@id":"https:\/\/batijournal.com\/index.php\/collecte-theatre-de-verdure-a-labbaye-royale-de-fontevraud\/95615\/","url":"https:\/\/batijournal.com\/index.php\/collecte-theatre-de-verdure-a-labbaye-royale-de-fontevraud\/95615\/","name":"Collecte pour un th\u00e9\u00e2tre de verdure \u00e0 l'Abbaye royale de Fontevraud","isPartOf":{"@id":"https:\/\/batijournal.com\/#website"},"primaryImageOfPage":{"@id":"https:\/\/batijournal.com\/index.php\/collecte-theatre-de-verdure-a-labbaye-royale-de-fontevraud\/95615\/#primaryimage"},"image":{"@id":"https:\/\/batijournal.com\/index.php\/collecte-theatre-de-verdure-a-labbaye-royale-de-fontevraud\/95615\/#primaryimage"},"thumbnailUrl":"https:\/\/batijournal.com\/wp-content\/uploads\/2017\/04\/theatre-de-verdure-fontevraud.jpg","datePublished":"2017-04-05T06:26:02+00:00","dateModified":"2019-07-15T09:15:58+00:00","author":{"@id":"https:\/\/batijournal.com\/#\/schema\/person\/1dc96ec6957aa1ccb25ebe78bb19f100"},"breadcrumb":{"@id":"https:\/\/batijournal.com\/index.php\/collecte-theatre-de-verdure-a-labbaye-royale-de-fontevraud\/95615\/#breadcrumb"},"inLanguage":"fr-FR","potentialAction":[{"@type":"ReadAction","target":["https:\/\/batijournal.com\/index.php\/collecte-theatre-de-verdure-a-labbaye-royale-de-fontevraud\/95615\/"]}]},{"@type":"ImageObject","inLanguage":"fr-FR","@id":"https:\/\/batijournal.com\/index.php\/collecte-theatre-de-verdure-a-labbaye-royale-de-fontevraud\/95615\/#primaryimage","url":"https:\/\/batijournal.com\/wp-content\/uploads\/2017\/04\/theatre-de-verdure-fontevraud.jpg","contentUrl":"https:\/\/batijournal.com\/wp-content\/uploads\/2017\/04\/theatre-de-verdure-fontevraud.jpg","width":500,"height":344},{"@type":"BreadcrumbList","@id":"https:\/\/batijournal.com\/index.php\/collecte-theatre-de-verdure-a-labbaye-royale-de-fontevraud\/95615\/#breadcrumb","itemListElement":[{"@type":"ListItem","position":1,"name":"Accueil","item":"https:\/\/batijournal.com\/"},{"@type":"ListItem","position":2,"name":"Actualit\u00e9s","item":"https:\/\/batijournal.com\/index.php\/category\/actualites\/"},{"@type":"ListItem","position":3,"name":"Architecture &amp; Conception","item":"https:\/\/batijournal.com\/index.php\/category\/actualites\/architecture-conception\/"},{"@type":"ListItem","position":4,"name":"Collecte pour un th\u00e9\u00e2tre de verdure \u00e0 l&rsquo;Abbaye royale de Fontevraud"}]},{"@type":"WebSite","@id":"https:\/\/batijournal.com\/#website","url":"https:\/\/batijournal.com\/","name":"Batijournal","description":"L&#039;actualit\u00e9 du b\u00e2timent","potentialAction":[{"@type":"SearchAction","target":{"@type":"EntryPoint","urlTemplate":"https:\/\/batijournal.com\/?s={search_term_string}"},"query-input":{"@type":"PropertyValueSpecification","valueRequired":true,"valueName":"search_term_string"}}],"inLanguage":"fr-FR"},{"@type":"Person","@id":"https:\/\/batijournal.com\/#\/schema\/person\/1dc96ec6957aa1ccb25ebe78bb19f100","name":"St\u00e9phane Miget","image":{"@type":"ImageObject","inLanguage":"fr-FR","@id":"https:\/\/secure.gravatar.com\/avatar\/89915563d925342126b8ef0281b93d9d7fc337043e8df017f780908eb9644451?s=96&d=mm&r=g","url":"https:\/\/secure.gravatar.com\/avatar\/89915563d925342126b8ef0281b93d9d7fc337043e8df017f780908eb9644451?s=96&d=mm&r=g","contentUrl":"https:\/\/secure.gravatar.com\/avatar\/89915563d925342126b8ef0281b93d9d7fc337043e8df017f780908eb9644451?s=96&d=mm&r=g","caption":"St\u00e9phane Miget"},"url":"https:\/\/batijournal.com\/index.php\/author\/stephane\/"}]}},"_links":{"self":[{"href":"https:\/\/batijournal.com\/index.php\/wp-json\/wp\/v2\/posts\/95615","targetHints":{"allow":["GET"]}}],"collection":[{"href":"https:\/\/batijournal.com\/index.php\/wp-json\/wp\/v2\/posts"}],"about":[{"href":"https:\/\/batijournal.com\/index.php\/wp-json\/wp\/v2\/types\/post"}],"author":[{"embeddable":true,"href":"https:\/\/batijournal.com\/index.php\/wp-json\/wp\/v2\/users\/17"}],"replies":[{"embeddable":true,"href":"https:\/\/batijournal.com\/index.php\/wp-json\/wp\/v2\/comments?post=95615"}],"version-history":[{"count":0,"href":"https:\/\/batijournal.com\/index.php\/wp-json\/wp\/v2\/posts\/95615\/revisions"}],"wp:featuredmedia":[{"embeddable":true,"href":"https:\/\/batijournal.com\/index.php\/wp-json\/wp\/v2\/media\/95616"}],"wp:attachment":[{"href":"https:\/\/batijournal.com\/index.php\/wp-json\/wp\/v2\/media?parent=95615"}],"wp:term":[{"taxonomy":"category","embeddable":true,"href":"https:\/\/batijournal.com\/index.php\/wp-json\/wp\/v2\/categories?post=95615"},{"taxonomy":"post_tag","embeddable":true,"href":"https:\/\/batijournal.com\/index.php\/wp-json\/wp\/v2\/tags?post=95615"}],"curies":[{"name":"wp","href":"https:\/\/api.w.org\/{rel}","templated":true}]}}