{"id":95619,"date":"2017-04-05T08:55:51","date_gmt":"2017-04-05T06:55:51","guid":{"rendered":"http:\/\/batijournal.com\/?p=95619"},"modified":"2019-07-15T11:15:57","modified_gmt":"2019-07-15T09:15:57","slug":"decret-relatif-patrimoine-mondial-aux-monuments-historiques-aux-sites-patrimoniaux-remarquables","status":"publish","type":"post","link":"https:\/\/batijournal.com\/index.php\/decret-relatif-patrimoine-mondial-aux-monuments-historiques-aux-sites-patrimoniaux-remarquables\/95619\/","title":{"rendered":"D\u00e9cret relatif au patrimoine mondial, aux monuments historiques et aux sites patrimoniaux remarquables"},"content":{"rendered":"<p>Afin de tirer les cons\u00e9quences des modifications apport\u00e9es par la loi relative \u00e0 la libert\u00e9 de la cr\u00e9ation, \u00e0 l&rsquo;architecture et au patrimoine (LCAP), un d\u00e9cret d\u00e9finit l&rsquo;organisation de la Commission nationale du patrimoine et de l&rsquo;architecture qui int\u00e8gre et remplace la Commission nationale des monuments historiques, la Commission nationale des secteurs sauvegard\u00e9s et le Conseil national des parcs et jardins et l&rsquo;organisation de la commission r\u00e9gionale du patrimoine et de l&rsquo;architecture qui remplace les commissions r\u00e9gionales du patrimoine et des sites et les commissions d\u00e9partementales des objets mobiliers. Il pr\u00e9cise les outils mis en \u0153uvre par l&rsquo;Etat et les collectivit\u00e9s territoriales en vue d&rsquo;assurer la pr\u00e9servation des biens reconnus en tant que biens du patrimoine mondial. Il d\u00e9finit la proc\u00e9dure de cr\u00e9ation d&rsquo;un p\u00e9rim\u00e8tre d\u00e9limit\u00e9 des abords de monuments historiques et le r\u00e9gime de travaux applicable aux immeubles situ\u00e9s dans ce p\u00e9rim\u00e8tre. Il d\u00e9termine la proc\u00e9dure de classement au titre des sites patrimoniaux remarquables qui\u00a0remplacent les anciens dispositifs ZPPAUP, Avap, quartiers Malraux&#8230; ainsi que le r\u00e9gime de travaux applicable aux immeubles situ\u00e9s dans leur p\u00e9rim\u00e8tre. Il pr\u00e9cise les proc\u00e9dures de classement des ensembles historiques mobiliers et de cr\u00e9ation des servitudes de maintien dans les lieux.<\/p>\n<p><a href=\"https:\/\/www.legifrance.gouv.fr\/eli\/decret\/2017\/3\/29\/MCCB1637414D\/jo\/texte\" target=\"_blank\" rel=\"noopener noreferrer\">https:\/\/www.legifrance.gouv.fr\/eli\/decret\/2017\/3\/29\/MCCB1637414D\/jo\/texte<\/a><\/p>\n<p>&nbsp;<\/p>\n","protected":false},"excerpt":{"rendered":"<p>Afin de tirer les cons\u00e9quences des modifications apport\u00e9es par la loi relative \u00e0 la libert\u00e9 de la cr\u00e9ation, \u00e0 l&rsquo;architecture et au patrimoine (LCAP), un d\u00e9cret d\u00e9finit l&rsquo;organisation de la Commission nationale du patrimoine et de l&rsquo;architecture qui int\u00e8gre et remplace la Commission nationale des monuments historiques, la Commission nationale des secteurs sauvegard\u00e9s et le [&hellip;]<\/p>\n","protected":false},"author":17,"featured_media":93623,"comment_status":"closed","ping_status":"closed","sticky":false,"template":"","format":"standard","meta":{"_et_pb_use_builder":"","_et_pb_old_content":"","_et_gb_content_width":"","footnotes":""},"categories":[10530,6340],"tags":[4474],"class_list":["post-95619","post","type-post","status-publish","format-standard","has-post-thumbnail","hentry","category-actualites","category-architecture-conception","tag-monuments-historiques"],"yoast_head":"<!-- This site is optimized with the Yoast SEO plugin v27.4 - https:\/\/yoast.com\/product\/yoast-seo-wordpress\/ -->\n<title>D\u00e9cret relatif au patrimoine mondial, aux monuments historiques et aux sites patrimoniaux remarquables<\/title>\n<meta name=\"robots\" content=\"index, follow, max-snippet:-1, max-image-preview:large, max-video-preview:-1\" \/>\n<link rel=\"canonical\" href=\"https:\/\/batijournal.com\/index.php\/decret-relatif-patrimoine-mondial-aux-monuments-historiques-aux-sites-patrimoniaux-remarquables\/95619\/\" \/>\n<meta property=\"og:locale\" content=\"fr_FR\" \/>\n<meta property=\"og:type\" content=\"article\" \/>\n<meta property=\"og:title\" content=\"D\u00e9cret relatif au patrimoine mondial, aux monuments historiques et aux sites patrimoniaux remarquables\" \/>\n<meta property=\"og:description\" content=\"Afin de tirer les cons\u00e9quences des modifications apport\u00e9es par la loi relative \u00e0 la libert\u00e9 de la cr\u00e9ation, \u00e0 l&rsquo;architecture et au patrimoine (LCAP), un d\u00e9cret d\u00e9finit l&rsquo;organisation de la Commission nationale du patrimoine et de l&rsquo;architecture qui int\u00e8gre et remplace la Commission nationale des monuments historiques, la Commission nationale des secteurs sauvegard\u00e9s et le [&hellip;]\" \/>\n<meta property=\"og:url\" content=\"https:\/\/batijournal.com\/index.php\/decret-relatif-patrimoine-mondial-aux-monuments-historiques-aux-sites-patrimoniaux-remarquables\/95619\/\" \/>\n<meta property=\"og:site_name\" content=\"Batijournal\" \/>\n<meta property=\"article:published_time\" content=\"2017-04-05T06:55:51+00:00\" \/>\n<meta property=\"article:modified_time\" content=\"2019-07-15T09:15:57+00:00\" \/>\n<meta property=\"og:image\" content=\"https:\/\/batijournal.com\/wp-content\/uploads\/2016\/09\/patrimoine-facade.jpg\" \/>\n\t<meta property=\"og:image:width\" content=\"1000\" \/>\n\t<meta property=\"og:image:height\" content=\"556\" \/>\n\t<meta property=\"og:image:type\" content=\"image\/jpeg\" \/>\n<meta name=\"author\" content=\"St\u00e9phane Miget\" \/>\n<meta name=\"twitter:card\" content=\"summary_large_image\" \/>\n<meta name=\"twitter:creator\" content=\"@bati_journal\" \/>\n<meta name=\"twitter:site\" content=\"@bati_journal\" \/>\n<meta name=\"twitter:label1\" content=\"\u00c9crit par\" \/>\n\t<meta name=\"twitter:data1\" content=\"St\u00e9phane Miget\" \/>\n\t<meta name=\"twitter:label2\" content=\"Dur\u00e9e de lecture estim\u00e9e\" \/>\n\t<meta name=\"twitter:data2\" content=\"1 minute\" \/>\n<script type=\"application\/ld+json\" class=\"yoast-schema-graph\">{\"@context\":\"https:\\\/\\\/schema.org\",\"@graph\":[{\"@type\":\"Article\",\"@id\":\"https:\\\/\\\/batijournal.com\\\/index.php\\\/decret-relatif-patrimoine-mondial-aux-monuments-historiques-aux-sites-patrimoniaux-remarquables\\\/95619\\\/#article\",\"isPartOf\":{\"@id\":\"https:\\\/\\\/batijournal.com\\\/index.php\\\/decret-relatif-patrimoine-mondial-aux-monuments-historiques-aux-sites-patrimoniaux-remarquables\\\/95619\\\/\"},\"author\":{\"name\":\"St\u00e9phane Miget\",\"@id\":\"https:\\\/\\\/batijournal.com\\\/#\\\/schema\\\/person\\\/1dc96ec6957aa1ccb25ebe78bb19f100\"},\"headline\":\"D\u00e9cret relatif au patrimoine mondial, aux monuments historiques et aux sites patrimoniaux remarquables\",\"datePublished\":\"2017-04-05T06:55:51+00:00\",\"dateModified\":\"2019-07-15T09:15:57+00:00\",\"mainEntityOfPage\":{\"@id\":\"https:\\\/\\\/batijournal.com\\\/index.php\\\/decret-relatif-patrimoine-mondial-aux-monuments-historiques-aux-sites-patrimoniaux-remarquables\\\/95619\\\/\"},\"wordCount\":261,\"image\":{\"@id\":\"https:\\\/\\\/batijournal.com\\\/index.php\\\/decret-relatif-patrimoine-mondial-aux-monuments-historiques-aux-sites-patrimoniaux-remarquables\\\/95619\\\/#primaryimage\"},\"thumbnailUrl\":\"https:\\\/\\\/batijournal.com\\\/wp-content\\\/uploads\\\/2016\\\/09\\\/patrimoine-facade.jpg\",\"keywords\":[\"monuments historiques\"],\"articleSection\":[\"Actualit\u00e9s\",\"Architecture &amp; Conception\"],\"inLanguage\":\"fr-FR\"},{\"@type\":\"WebPage\",\"@id\":\"https:\\\/\\\/batijournal.com\\\/index.php\\\/decret-relatif-patrimoine-mondial-aux-monuments-historiques-aux-sites-patrimoniaux-remarquables\\\/95619\\\/\",\"url\":\"https:\\\/\\\/batijournal.com\\\/index.php\\\/decret-relatif-patrimoine-mondial-aux-monuments-historiques-aux-sites-patrimoniaux-remarquables\\\/95619\\\/\",\"name\":\"D\u00e9cret relatif au patrimoine mondial, aux monuments historiques et aux sites patrimoniaux remarquables\",\"isPartOf\":{\"@id\":\"https:\\\/\\\/batijournal.com\\\/#website\"},\"primaryImageOfPage\":{\"@id\":\"https:\\\/\\\/batijournal.com\\\/index.php\\\/decret-relatif-patrimoine-mondial-aux-monuments-historiques-aux-sites-patrimoniaux-remarquables\\\/95619\\\/#primaryimage\"},\"image\":{\"@id\":\"https:\\\/\\\/batijournal.com\\\/index.php\\\/decret-relatif-patrimoine-mondial-aux-monuments-historiques-aux-sites-patrimoniaux-remarquables\\\/95619\\\/#primaryimage\"},\"thumbnailUrl\":\"https:\\\/\\\/batijournal.com\\\/wp-content\\\/uploads\\\/2016\\\/09\\\/patrimoine-facade.jpg\",\"datePublished\":\"2017-04-05T06:55:51+00:00\",\"dateModified\":\"2019-07-15T09:15:57+00:00\",\"author\":{\"@id\":\"https:\\\/\\\/batijournal.com\\\/#\\\/schema\\\/person\\\/1dc96ec6957aa1ccb25ebe78bb19f100\"},\"breadcrumb\":{\"@id\":\"https:\\\/\\\/batijournal.com\\\/index.php\\\/decret-relatif-patrimoine-mondial-aux-monuments-historiques-aux-sites-patrimoniaux-remarquables\\\/95619\\\/#breadcrumb\"},\"inLanguage\":\"fr-FR\",\"potentialAction\":[{\"@type\":\"ReadAction\",\"target\":[\"https:\\\/\\\/batijournal.com\\\/index.php\\\/decret-relatif-patrimoine-mondial-aux-monuments-historiques-aux-sites-patrimoniaux-remarquables\\\/95619\\\/\"]}]},{\"@type\":\"ImageObject\",\"inLanguage\":\"fr-FR\",\"@id\":\"https:\\\/\\\/batijournal.com\\\/index.php\\\/decret-relatif-patrimoine-mondial-aux-monuments-historiques-aux-sites-patrimoniaux-remarquables\\\/95619\\\/#primaryimage\",\"url\":\"https:\\\/\\\/batijournal.com\\\/wp-content\\\/uploads\\\/2016\\\/09\\\/patrimoine-facade.jpg\",\"contentUrl\":\"https:\\\/\\\/batijournal.com\\\/wp-content\\\/uploads\\\/2016\\\/09\\\/patrimoine-facade.jpg\",\"width\":1000,\"height\":556,\"caption\":\"fa\u00e7ade patrimoine\"},{\"@type\":\"BreadcrumbList\",\"@id\":\"https:\\\/\\\/batijournal.com\\\/index.php\\\/decret-relatif-patrimoine-mondial-aux-monuments-historiques-aux-sites-patrimoniaux-remarquables\\\/95619\\\/#breadcrumb\",\"itemListElement\":[{\"@type\":\"ListItem\",\"position\":1,\"name\":\"Accueil\",\"item\":\"https:\\\/\\\/batijournal.com\\\/\"},{\"@type\":\"ListItem\",\"position\":2,\"name\":\"Actualit\u00e9s\",\"item\":\"https:\\\/\\\/batijournal.com\\\/index.php\\\/category\\\/actualites\\\/\"},{\"@type\":\"ListItem\",\"position\":3,\"name\":\"Architecture &amp; Conception\",\"item\":\"https:\\\/\\\/batijournal.com\\\/index.php\\\/category\\\/actualites\\\/architecture-conception\\\/\"},{\"@type\":\"ListItem\",\"position\":4,\"name\":\"D\u00e9cret relatif au patrimoine mondial, aux monuments historiques et aux sites patrimoniaux remarquables\"}]},{\"@type\":\"WebSite\",\"@id\":\"https:\\\/\\\/batijournal.com\\\/#website\",\"url\":\"https:\\\/\\\/batijournal.com\\\/\",\"name\":\"Batijournal\",\"description\":\"L&#039;actualit\u00e9 du b\u00e2timent\",\"potentialAction\":[{\"@type\":\"SearchAction\",\"target\":{\"@type\":\"EntryPoint\",\"urlTemplate\":\"https:\\\/\\\/batijournal.com\\\/?s={search_term_string}\"},\"query-input\":{\"@type\":\"PropertyValueSpecification\",\"valueRequired\":true,\"valueName\":\"search_term_string\"}}],\"inLanguage\":\"fr-FR\"},{\"@type\":\"Person\",\"@id\":\"https:\\\/\\\/batijournal.com\\\/#\\\/schema\\\/person\\\/1dc96ec6957aa1ccb25ebe78bb19f100\",\"name\":\"St\u00e9phane Miget\",\"image\":{\"@type\":\"ImageObject\",\"inLanguage\":\"fr-FR\",\"@id\":\"https:\\\/\\\/secure.gravatar.com\\\/avatar\\\/89915563d925342126b8ef0281b93d9d7fc337043e8df017f780908eb9644451?s=96&d=mm&r=g\",\"url\":\"https:\\\/\\\/secure.gravatar.com\\\/avatar\\\/89915563d925342126b8ef0281b93d9d7fc337043e8df017f780908eb9644451?s=96&d=mm&r=g\",\"contentUrl\":\"https:\\\/\\\/secure.gravatar.com\\\/avatar\\\/89915563d925342126b8ef0281b93d9d7fc337043e8df017f780908eb9644451?s=96&d=mm&r=g\",\"caption\":\"St\u00e9phane Miget\"},\"url\":\"https:\\\/\\\/batijournal.com\\\/index.php\\\/author\\\/stephane\\\/\"}]}<\/script>\n<!-- \/ Yoast SEO plugin. -->","yoast_head_json":{"title":"D\u00e9cret relatif au patrimoine mondial, aux monuments historiques et aux sites patrimoniaux remarquables","robots":{"index":"index","follow":"follow","max-snippet":"max-snippet:-1","max-image-preview":"max-image-preview:large","max-video-preview":"max-video-preview:-1"},"canonical":"https:\/\/batijournal.com\/index.php\/decret-relatif-patrimoine-mondial-aux-monuments-historiques-aux-sites-patrimoniaux-remarquables\/95619\/","og_locale":"fr_FR","og_type":"article","og_title":"D\u00e9cret relatif au patrimoine mondial, aux monuments historiques et aux sites patrimoniaux remarquables","og_description":"Afin de tirer les cons\u00e9quences des modifications apport\u00e9es par la loi relative \u00e0 la libert\u00e9 de la cr\u00e9ation, \u00e0 l&rsquo;architecture et au patrimoine (LCAP), un d\u00e9cret d\u00e9finit l&rsquo;organisation de la Commission nationale du patrimoine et de l&rsquo;architecture qui int\u00e8gre et remplace la Commission nationale des monuments historiques, la Commission nationale des secteurs sauvegard\u00e9s et le [&hellip;]","og_url":"https:\/\/batijournal.com\/index.php\/decret-relatif-patrimoine-mondial-aux-monuments-historiques-aux-sites-patrimoniaux-remarquables\/95619\/","og_site_name":"Batijournal","article_published_time":"2017-04-05T06:55:51+00:00","article_modified_time":"2019-07-15T09:15:57+00:00","og_image":[{"width":1000,"height":556,"url":"https:\/\/batijournal.com\/wp-content\/uploads\/2016\/09\/patrimoine-facade.jpg","type":"image\/jpeg"}],"author":"St\u00e9phane Miget","twitter_card":"summary_large_image","twitter_creator":"@bati_journal","twitter_site":"@bati_journal","twitter_misc":{"\u00c9crit par":"St\u00e9phane Miget","Dur\u00e9e de lecture estim\u00e9e":"1 minute"},"schema":{"@context":"https:\/\/schema.org","@graph":[{"@type":"Article","@id":"https:\/\/batijournal.com\/index.php\/decret-relatif-patrimoine-mondial-aux-monuments-historiques-aux-sites-patrimoniaux-remarquables\/95619\/#article","isPartOf":{"@id":"https:\/\/batijournal.com\/index.php\/decret-relatif-patrimoine-mondial-aux-monuments-historiques-aux-sites-patrimoniaux-remarquables\/95619\/"},"author":{"name":"St\u00e9phane Miget","@id":"https:\/\/batijournal.com\/#\/schema\/person\/1dc96ec6957aa1ccb25ebe78bb19f100"},"headline":"D\u00e9cret relatif au patrimoine mondial, aux monuments historiques et aux sites patrimoniaux remarquables","datePublished":"2017-04-05T06:55:51+00:00","dateModified":"2019-07-15T09:15:57+00:00","mainEntityOfPage":{"@id":"https:\/\/batijournal.com\/index.php\/decret-relatif-patrimoine-mondial-aux-monuments-historiques-aux-sites-patrimoniaux-remarquables\/95619\/"},"wordCount":261,"image":{"@id":"https:\/\/batijournal.com\/index.php\/decret-relatif-patrimoine-mondial-aux-monuments-historiques-aux-sites-patrimoniaux-remarquables\/95619\/#primaryimage"},"thumbnailUrl":"https:\/\/batijournal.com\/wp-content\/uploads\/2016\/09\/patrimoine-facade.jpg","keywords":["monuments historiques"],"articleSection":["Actualit\u00e9s","Architecture &amp; Conception"],"inLanguage":"fr-FR"},{"@type":"WebPage","@id":"https:\/\/batijournal.com\/index.php\/decret-relatif-patrimoine-mondial-aux-monuments-historiques-aux-sites-patrimoniaux-remarquables\/95619\/","url":"https:\/\/batijournal.com\/index.php\/decret-relatif-patrimoine-mondial-aux-monuments-historiques-aux-sites-patrimoniaux-remarquables\/95619\/","name":"D\u00e9cret relatif au patrimoine mondial, aux monuments historiques et aux sites patrimoniaux remarquables","isPartOf":{"@id":"https:\/\/batijournal.com\/#website"},"primaryImageOfPage":{"@id":"https:\/\/batijournal.com\/index.php\/decret-relatif-patrimoine-mondial-aux-monuments-historiques-aux-sites-patrimoniaux-remarquables\/95619\/#primaryimage"},"image":{"@id":"https:\/\/batijournal.com\/index.php\/decret-relatif-patrimoine-mondial-aux-monuments-historiques-aux-sites-patrimoniaux-remarquables\/95619\/#primaryimage"},"thumbnailUrl":"https:\/\/batijournal.com\/wp-content\/uploads\/2016\/09\/patrimoine-facade.jpg","datePublished":"2017-04-05T06:55:51+00:00","dateModified":"2019-07-15T09:15:57+00:00","author":{"@id":"https:\/\/batijournal.com\/#\/schema\/person\/1dc96ec6957aa1ccb25ebe78bb19f100"},"breadcrumb":{"@id":"https:\/\/batijournal.com\/index.php\/decret-relatif-patrimoine-mondial-aux-monuments-historiques-aux-sites-patrimoniaux-remarquables\/95619\/#breadcrumb"},"inLanguage":"fr-FR","potentialAction":[{"@type":"ReadAction","target":["https:\/\/batijournal.com\/index.php\/decret-relatif-patrimoine-mondial-aux-monuments-historiques-aux-sites-patrimoniaux-remarquables\/95619\/"]}]},{"@type":"ImageObject","inLanguage":"fr-FR","@id":"https:\/\/batijournal.com\/index.php\/decret-relatif-patrimoine-mondial-aux-monuments-historiques-aux-sites-patrimoniaux-remarquables\/95619\/#primaryimage","url":"https:\/\/batijournal.com\/wp-content\/uploads\/2016\/09\/patrimoine-facade.jpg","contentUrl":"https:\/\/batijournal.com\/wp-content\/uploads\/2016\/09\/patrimoine-facade.jpg","width":1000,"height":556,"caption":"fa\u00e7ade patrimoine"},{"@type":"BreadcrumbList","@id":"https:\/\/batijournal.com\/index.php\/decret-relatif-patrimoine-mondial-aux-monuments-historiques-aux-sites-patrimoniaux-remarquables\/95619\/#breadcrumb","itemListElement":[{"@type":"ListItem","position":1,"name":"Accueil","item":"https:\/\/batijournal.com\/"},{"@type":"ListItem","position":2,"name":"Actualit\u00e9s","item":"https:\/\/batijournal.com\/index.php\/category\/actualites\/"},{"@type":"ListItem","position":3,"name":"Architecture &amp; Conception","item":"https:\/\/batijournal.com\/index.php\/category\/actualites\/architecture-conception\/"},{"@type":"ListItem","position":4,"name":"D\u00e9cret relatif au patrimoine mondial, aux monuments historiques et aux sites patrimoniaux remarquables"}]},{"@type":"WebSite","@id":"https:\/\/batijournal.com\/#website","url":"https:\/\/batijournal.com\/","name":"Batijournal","description":"L&#039;actualit\u00e9 du b\u00e2timent","potentialAction":[{"@type":"SearchAction","target":{"@type":"EntryPoint","urlTemplate":"https:\/\/batijournal.com\/?s={search_term_string}"},"query-input":{"@type":"PropertyValueSpecification","valueRequired":true,"valueName":"search_term_string"}}],"inLanguage":"fr-FR"},{"@type":"Person","@id":"https:\/\/batijournal.com\/#\/schema\/person\/1dc96ec6957aa1ccb25ebe78bb19f100","name":"St\u00e9phane Miget","image":{"@type":"ImageObject","inLanguage":"fr-FR","@id":"https:\/\/secure.gravatar.com\/avatar\/89915563d925342126b8ef0281b93d9d7fc337043e8df017f780908eb9644451?s=96&d=mm&r=g","url":"https:\/\/secure.gravatar.com\/avatar\/89915563d925342126b8ef0281b93d9d7fc337043e8df017f780908eb9644451?s=96&d=mm&r=g","contentUrl":"https:\/\/secure.gravatar.com\/avatar\/89915563d925342126b8ef0281b93d9d7fc337043e8df017f780908eb9644451?s=96&d=mm&r=g","caption":"St\u00e9phane Miget"},"url":"https:\/\/batijournal.com\/index.php\/author\/stephane\/"}]}},"_links":{"self":[{"href":"https:\/\/batijournal.com\/index.php\/wp-json\/wp\/v2\/posts\/95619","targetHints":{"allow":["GET"]}}],"collection":[{"href":"https:\/\/batijournal.com\/index.php\/wp-json\/wp\/v2\/posts"}],"about":[{"href":"https:\/\/batijournal.com\/index.php\/wp-json\/wp\/v2\/types\/post"}],"author":[{"embeddable":true,"href":"https:\/\/batijournal.com\/index.php\/wp-json\/wp\/v2\/users\/17"}],"replies":[{"embeddable":true,"href":"https:\/\/batijournal.com\/index.php\/wp-json\/wp\/v2\/comments?post=95619"}],"version-history":[{"count":0,"href":"https:\/\/batijournal.com\/index.php\/wp-json\/wp\/v2\/posts\/95619\/revisions"}],"wp:featuredmedia":[{"embeddable":true,"href":"https:\/\/batijournal.com\/index.php\/wp-json\/wp\/v2\/media\/93623"}],"wp:attachment":[{"href":"https:\/\/batijournal.com\/index.php\/wp-json\/wp\/v2\/media?parent=95619"}],"wp:term":[{"taxonomy":"category","embeddable":true,"href":"https:\/\/batijournal.com\/index.php\/wp-json\/wp\/v2\/categories?post=95619"},{"taxonomy":"post_tag","embeddable":true,"href":"https:\/\/batijournal.com\/index.php\/wp-json\/wp\/v2\/tags?post=95619"}],"curies":[{"name":"wp","href":"https:\/\/api.w.org\/{rel}","templated":true}]}}