{"id":95674,"date":"2017-04-10T08:44:24","date_gmt":"2017-04-10T06:44:24","guid":{"rendered":"http:\/\/batijournal.com\/?p=95674"},"modified":"2019-07-15T12:23:37","modified_gmt":"2019-07-15T10:23:37","slug":"pme-eti-anticipez-monde-bas-carbone-de-demain-evaluant-strategie","status":"publish","type":"post","link":"https:\/\/batijournal.com\/index.php\/pme-eti-anticipez-monde-bas-carbone-de-demain-evaluant-strategie\/95674\/","title":{"rendered":"PME et ETI anticipez le monde bas carbone de demain en \u00e9valuant votre strat\u00e9gie"},"content":{"rendered":"<p>Dans la continuit\u00e9 de l\u2019Accord de Paris sur le climat, les entreprises sont amen\u00e9es \u00e0 se questionner sur l\u2019anticipation d\u2019un monde bas carbone. La m\u00e9thodologie ACT, men\u00e9e par le CDP et l\u2019ADEME, accompagne les entreprises dans cette d\u00e9marche et lance \u00e0 cet effet un appel \u00e0 candidatures aupr\u00e8s des PME et des ETI. Il propose \u00e0 une trentaine de PME et ETI en France d\u2019appliquer cette m\u00e9thodologie et dans diff\u00e9rents types de secteurs : production d\u2019\u00e9lectricit\u00e9, construction automobile, commerce de d\u00e9tail, agroalimentaire et construction. Les entreprises candidates obtiendront gratuitement une \u00e9valuation de leur strat\u00e9gie carbone gr\u00e2ce \u00e0 un diagnostic et un suivi personnel, et \u00eatre ainsi inform\u00e9es des diff\u00e9rents points \u00e0 am\u00e9liorer afin de r\u00e9duire leurs \u00e9missions de GES. La date limite du d\u00e9p\u00f4t de dossier est le 28 avril \u00e0 18h<\/p>\n<p><a href=\"https:\/\/appelsaprojets.ademe.fr\/aap\/ACT2017-43#resultats\" target=\"_blank\" rel=\"noopener noreferrer\">https:\/\/appelsaprojets.ademe.fr\/aap\/ACT2017-43#resultats<\/a><\/p>\n","protected":false},"excerpt":{"rendered":"<p>Dans la continuit\u00e9 de l\u2019Accord de Paris sur le climat, les entreprises sont amen\u00e9es \u00e0 se questionner sur l\u2019anticipation d\u2019un monde bas carbone. La m\u00e9thodologie ACT, men\u00e9e par le CDP et l\u2019ADEME, accompagne les entreprises dans cette d\u00e9marche et lance \u00e0 cet effet un appel \u00e0 candidatures aupr\u00e8s des PME et des ETI. Il propose [&hellip;]<\/p>\n","protected":false},"author":17,"featured_media":95675,"comment_status":"closed","ping_status":"closed","sticky":false,"template":"","format":"standard","meta":{"_et_pb_use_builder":"","_et_pb_old_content":"","_et_gb_content_width":"","footnotes":""},"categories":[10530,6351],"tags":[],"class_list":["post-95674","post","type-post","status-publish","format-standard","has-post-thumbnail","hentry","category-actualites","category-energie-environnement"],"yoast_head":"<!-- This site is optimized with the Yoast SEO plugin v27.4 - https:\/\/yoast.com\/product\/yoast-seo-wordpress\/ -->\n<title>PME et ETI anticipez le monde bas carbone de demain en \u00e9valuant votre strat\u00e9gie<\/title>\n<meta name=\"robots\" content=\"index, follow, max-snippet:-1, max-image-preview:large, max-video-preview:-1\" \/>\n<link rel=\"canonical\" href=\"https:\/\/batijournal.com\/index.php\/pme-eti-anticipez-monde-bas-carbone-de-demain-evaluant-strategie\/95674\/\" \/>\n<meta property=\"og:locale\" content=\"fr_FR\" \/>\n<meta property=\"og:type\" content=\"article\" \/>\n<meta property=\"og:title\" content=\"PME et ETI anticipez le monde bas carbone de demain en \u00e9valuant votre strat\u00e9gie\" \/>\n<meta property=\"og:description\" content=\"Dans la continuit\u00e9 de l\u2019Accord de Paris sur le climat, les entreprises sont amen\u00e9es \u00e0 se questionner sur l\u2019anticipation d\u2019un monde bas carbone. La m\u00e9thodologie ACT, men\u00e9e par le CDP et l\u2019ADEME, accompagne les entreprises dans cette d\u00e9marche et lance \u00e0 cet effet un appel \u00e0 candidatures aupr\u00e8s des PME et des ETI. Il propose [&hellip;]\" \/>\n<meta property=\"og:url\" content=\"https:\/\/batijournal.com\/index.php\/pme-eti-anticipez-monde-bas-carbone-de-demain-evaluant-strategie\/95674\/\" \/>\n<meta property=\"og:site_name\" content=\"Batijournal\" \/>\n<meta property=\"article:published_time\" content=\"2017-04-10T06:44:24+00:00\" \/>\n<meta property=\"article:modified_time\" content=\"2019-07-15T10:23:37+00:00\" \/>\n<meta property=\"og:image\" content=\"https:\/\/batijournal.com\/wp-content\/uploads\/2017\/04\/act-carbon-une.jpg\" \/>\n\t<meta property=\"og:image:width\" content=\"389\" \/>\n\t<meta property=\"og:image:height\" content=\"292\" \/>\n\t<meta property=\"og:image:type\" content=\"image\/jpeg\" \/>\n<meta name=\"author\" content=\"St\u00e9phane Miget\" \/>\n<meta name=\"twitter:card\" content=\"summary_large_image\" \/>\n<meta name=\"twitter:creator\" content=\"@bati_journal\" \/>\n<meta name=\"twitter:site\" content=\"@bati_journal\" \/>\n<meta name=\"twitter:label1\" content=\"\u00c9crit par\" \/>\n\t<meta name=\"twitter:data1\" content=\"St\u00e9phane Miget\" \/>\n\t<meta name=\"twitter:label2\" content=\"Dur\u00e9e de lecture estim\u00e9e\" \/>\n\t<meta name=\"twitter:data2\" content=\"1 minute\" \/>\n<script type=\"application\/ld+json\" class=\"yoast-schema-graph\">{\"@context\":\"https:\\\/\\\/schema.org\",\"@graph\":[{\"@type\":\"Article\",\"@id\":\"https:\\\/\\\/batijournal.com\\\/index.php\\\/pme-eti-anticipez-monde-bas-carbone-de-demain-evaluant-strategie\\\/95674\\\/#article\",\"isPartOf\":{\"@id\":\"https:\\\/\\\/batijournal.com\\\/index.php\\\/pme-eti-anticipez-monde-bas-carbone-de-demain-evaluant-strategie\\\/95674\\\/\"},\"author\":{\"name\":\"St\u00e9phane Miget\",\"@id\":\"https:\\\/\\\/batijournal.com\\\/#\\\/schema\\\/person\\\/1dc96ec6957aa1ccb25ebe78bb19f100\"},\"headline\":\"PME et ETI anticipez le monde bas carbone de demain en \u00e9valuant votre strat\u00e9gie\",\"datePublished\":\"2017-04-10T06:44:24+00:00\",\"dateModified\":\"2019-07-15T10:23:37+00:00\",\"mainEntityOfPage\":{\"@id\":\"https:\\\/\\\/batijournal.com\\\/index.php\\\/pme-eti-anticipez-monde-bas-carbone-de-demain-evaluant-strategie\\\/95674\\\/\"},\"wordCount\":168,\"image\":{\"@id\":\"https:\\\/\\\/batijournal.com\\\/index.php\\\/pme-eti-anticipez-monde-bas-carbone-de-demain-evaluant-strategie\\\/95674\\\/#primaryimage\"},\"thumbnailUrl\":\"https:\\\/\\\/batijournal.com\\\/wp-content\\\/uploads\\\/2017\\\/04\\\/act-carbon-une.jpg\",\"articleSection\":[\"Actualit\u00e9s\",\"\u00c9nergie &amp; Environnement\"],\"inLanguage\":\"fr-FR\"},{\"@type\":\"WebPage\",\"@id\":\"https:\\\/\\\/batijournal.com\\\/index.php\\\/pme-eti-anticipez-monde-bas-carbone-de-demain-evaluant-strategie\\\/95674\\\/\",\"url\":\"https:\\\/\\\/batijournal.com\\\/index.php\\\/pme-eti-anticipez-monde-bas-carbone-de-demain-evaluant-strategie\\\/95674\\\/\",\"name\":\"PME et ETI anticipez le monde bas carbone de demain en \u00e9valuant votre strat\u00e9gie\",\"isPartOf\":{\"@id\":\"https:\\\/\\\/batijournal.com\\\/#website\"},\"primaryImageOfPage\":{\"@id\":\"https:\\\/\\\/batijournal.com\\\/index.php\\\/pme-eti-anticipez-monde-bas-carbone-de-demain-evaluant-strategie\\\/95674\\\/#primaryimage\"},\"image\":{\"@id\":\"https:\\\/\\\/batijournal.com\\\/index.php\\\/pme-eti-anticipez-monde-bas-carbone-de-demain-evaluant-strategie\\\/95674\\\/#primaryimage\"},\"thumbnailUrl\":\"https:\\\/\\\/batijournal.com\\\/wp-content\\\/uploads\\\/2017\\\/04\\\/act-carbon-une.jpg\",\"datePublished\":\"2017-04-10T06:44:24+00:00\",\"dateModified\":\"2019-07-15T10:23:37+00:00\",\"author\":{\"@id\":\"https:\\\/\\\/batijournal.com\\\/#\\\/schema\\\/person\\\/1dc96ec6957aa1ccb25ebe78bb19f100\"},\"breadcrumb\":{\"@id\":\"https:\\\/\\\/batijournal.com\\\/index.php\\\/pme-eti-anticipez-monde-bas-carbone-de-demain-evaluant-strategie\\\/95674\\\/#breadcrumb\"},\"inLanguage\":\"fr-FR\",\"potentialAction\":[{\"@type\":\"ReadAction\",\"target\":[\"https:\\\/\\\/batijournal.com\\\/index.php\\\/pme-eti-anticipez-monde-bas-carbone-de-demain-evaluant-strategie\\\/95674\\\/\"]}]},{\"@type\":\"ImageObject\",\"inLanguage\":\"fr-FR\",\"@id\":\"https:\\\/\\\/batijournal.com\\\/index.php\\\/pme-eti-anticipez-monde-bas-carbone-de-demain-evaluant-strategie\\\/95674\\\/#primaryimage\",\"url\":\"https:\\\/\\\/batijournal.com\\\/wp-content\\\/uploads\\\/2017\\\/04\\\/act-carbon-une.jpg\",\"contentUrl\":\"https:\\\/\\\/batijournal.com\\\/wp-content\\\/uploads\\\/2017\\\/04\\\/act-carbon-une.jpg\",\"width\":389,\"height\":292},{\"@type\":\"BreadcrumbList\",\"@id\":\"https:\\\/\\\/batijournal.com\\\/index.php\\\/pme-eti-anticipez-monde-bas-carbone-de-demain-evaluant-strategie\\\/95674\\\/#breadcrumb\",\"itemListElement\":[{\"@type\":\"ListItem\",\"position\":1,\"name\":\"Accueil\",\"item\":\"https:\\\/\\\/batijournal.com\\\/\"},{\"@type\":\"ListItem\",\"position\":2,\"name\":\"Actualit\u00e9s\",\"item\":\"https:\\\/\\\/batijournal.com\\\/index.php\\\/category\\\/actualites\\\/\"},{\"@type\":\"ListItem\",\"position\":3,\"name\":\"PME et ETI anticipez le monde bas carbone de demain en \u00e9valuant votre strat\u00e9gie\"}]},{\"@type\":\"WebSite\",\"@id\":\"https:\\\/\\\/batijournal.com\\\/#website\",\"url\":\"https:\\\/\\\/batijournal.com\\\/\",\"name\":\"Batijournal\",\"description\":\"L&#039;actualit\u00e9 du b\u00e2timent\",\"potentialAction\":[{\"@type\":\"SearchAction\",\"target\":{\"@type\":\"EntryPoint\",\"urlTemplate\":\"https:\\\/\\\/batijournal.com\\\/?s={search_term_string}\"},\"query-input\":{\"@type\":\"PropertyValueSpecification\",\"valueRequired\":true,\"valueName\":\"search_term_string\"}}],\"inLanguage\":\"fr-FR\"},{\"@type\":\"Person\",\"@id\":\"https:\\\/\\\/batijournal.com\\\/#\\\/schema\\\/person\\\/1dc96ec6957aa1ccb25ebe78bb19f100\",\"name\":\"St\u00e9phane Miget\",\"image\":{\"@type\":\"ImageObject\",\"inLanguage\":\"fr-FR\",\"@id\":\"https:\\\/\\\/secure.gravatar.com\\\/avatar\\\/89915563d925342126b8ef0281b93d9d7fc337043e8df017f780908eb9644451?s=96&d=mm&r=g\",\"url\":\"https:\\\/\\\/secure.gravatar.com\\\/avatar\\\/89915563d925342126b8ef0281b93d9d7fc337043e8df017f780908eb9644451?s=96&d=mm&r=g\",\"contentUrl\":\"https:\\\/\\\/secure.gravatar.com\\\/avatar\\\/89915563d925342126b8ef0281b93d9d7fc337043e8df017f780908eb9644451?s=96&d=mm&r=g\",\"caption\":\"St\u00e9phane Miget\"},\"url\":\"https:\\\/\\\/batijournal.com\\\/index.php\\\/author\\\/stephane\\\/\"}]}<\/script>\n<!-- \/ Yoast SEO plugin. -->","yoast_head_json":{"title":"PME et ETI anticipez le monde bas carbone de demain en \u00e9valuant votre strat\u00e9gie","robots":{"index":"index","follow":"follow","max-snippet":"max-snippet:-1","max-image-preview":"max-image-preview:large","max-video-preview":"max-video-preview:-1"},"canonical":"https:\/\/batijournal.com\/index.php\/pme-eti-anticipez-monde-bas-carbone-de-demain-evaluant-strategie\/95674\/","og_locale":"fr_FR","og_type":"article","og_title":"PME et ETI anticipez le monde bas carbone de demain en \u00e9valuant votre strat\u00e9gie","og_description":"Dans la continuit\u00e9 de l\u2019Accord de Paris sur le climat, les entreprises sont amen\u00e9es \u00e0 se questionner sur l\u2019anticipation d\u2019un monde bas carbone. La m\u00e9thodologie ACT, men\u00e9e par le CDP et l\u2019ADEME, accompagne les entreprises dans cette d\u00e9marche et lance \u00e0 cet effet un appel \u00e0 candidatures aupr\u00e8s des PME et des ETI. Il propose [&hellip;]","og_url":"https:\/\/batijournal.com\/index.php\/pme-eti-anticipez-monde-bas-carbone-de-demain-evaluant-strategie\/95674\/","og_site_name":"Batijournal","article_published_time":"2017-04-10T06:44:24+00:00","article_modified_time":"2019-07-15T10:23:37+00:00","og_image":[{"width":389,"height":292,"url":"https:\/\/batijournal.com\/wp-content\/uploads\/2017\/04\/act-carbon-une.jpg","type":"image\/jpeg"}],"author":"St\u00e9phane Miget","twitter_card":"summary_large_image","twitter_creator":"@bati_journal","twitter_site":"@bati_journal","twitter_misc":{"\u00c9crit par":"St\u00e9phane Miget","Dur\u00e9e de lecture estim\u00e9e":"1 minute"},"schema":{"@context":"https:\/\/schema.org","@graph":[{"@type":"Article","@id":"https:\/\/batijournal.com\/index.php\/pme-eti-anticipez-monde-bas-carbone-de-demain-evaluant-strategie\/95674\/#article","isPartOf":{"@id":"https:\/\/batijournal.com\/index.php\/pme-eti-anticipez-monde-bas-carbone-de-demain-evaluant-strategie\/95674\/"},"author":{"name":"St\u00e9phane Miget","@id":"https:\/\/batijournal.com\/#\/schema\/person\/1dc96ec6957aa1ccb25ebe78bb19f100"},"headline":"PME et ETI anticipez le monde bas carbone de demain en \u00e9valuant votre strat\u00e9gie","datePublished":"2017-04-10T06:44:24+00:00","dateModified":"2019-07-15T10:23:37+00:00","mainEntityOfPage":{"@id":"https:\/\/batijournal.com\/index.php\/pme-eti-anticipez-monde-bas-carbone-de-demain-evaluant-strategie\/95674\/"},"wordCount":168,"image":{"@id":"https:\/\/batijournal.com\/index.php\/pme-eti-anticipez-monde-bas-carbone-de-demain-evaluant-strategie\/95674\/#primaryimage"},"thumbnailUrl":"https:\/\/batijournal.com\/wp-content\/uploads\/2017\/04\/act-carbon-une.jpg","articleSection":["Actualit\u00e9s","\u00c9nergie &amp; Environnement"],"inLanguage":"fr-FR"},{"@type":"WebPage","@id":"https:\/\/batijournal.com\/index.php\/pme-eti-anticipez-monde-bas-carbone-de-demain-evaluant-strategie\/95674\/","url":"https:\/\/batijournal.com\/index.php\/pme-eti-anticipez-monde-bas-carbone-de-demain-evaluant-strategie\/95674\/","name":"PME et ETI anticipez le monde bas carbone de demain en \u00e9valuant votre strat\u00e9gie","isPartOf":{"@id":"https:\/\/batijournal.com\/#website"},"primaryImageOfPage":{"@id":"https:\/\/batijournal.com\/index.php\/pme-eti-anticipez-monde-bas-carbone-de-demain-evaluant-strategie\/95674\/#primaryimage"},"image":{"@id":"https:\/\/batijournal.com\/index.php\/pme-eti-anticipez-monde-bas-carbone-de-demain-evaluant-strategie\/95674\/#primaryimage"},"thumbnailUrl":"https:\/\/batijournal.com\/wp-content\/uploads\/2017\/04\/act-carbon-une.jpg","datePublished":"2017-04-10T06:44:24+00:00","dateModified":"2019-07-15T10:23:37+00:00","author":{"@id":"https:\/\/batijournal.com\/#\/schema\/person\/1dc96ec6957aa1ccb25ebe78bb19f100"},"breadcrumb":{"@id":"https:\/\/batijournal.com\/index.php\/pme-eti-anticipez-monde-bas-carbone-de-demain-evaluant-strategie\/95674\/#breadcrumb"},"inLanguage":"fr-FR","potentialAction":[{"@type":"ReadAction","target":["https:\/\/batijournal.com\/index.php\/pme-eti-anticipez-monde-bas-carbone-de-demain-evaluant-strategie\/95674\/"]}]},{"@type":"ImageObject","inLanguage":"fr-FR","@id":"https:\/\/batijournal.com\/index.php\/pme-eti-anticipez-monde-bas-carbone-de-demain-evaluant-strategie\/95674\/#primaryimage","url":"https:\/\/batijournal.com\/wp-content\/uploads\/2017\/04\/act-carbon-une.jpg","contentUrl":"https:\/\/batijournal.com\/wp-content\/uploads\/2017\/04\/act-carbon-une.jpg","width":389,"height":292},{"@type":"BreadcrumbList","@id":"https:\/\/batijournal.com\/index.php\/pme-eti-anticipez-monde-bas-carbone-de-demain-evaluant-strategie\/95674\/#breadcrumb","itemListElement":[{"@type":"ListItem","position":1,"name":"Accueil","item":"https:\/\/batijournal.com\/"},{"@type":"ListItem","position":2,"name":"Actualit\u00e9s","item":"https:\/\/batijournal.com\/index.php\/category\/actualites\/"},{"@type":"ListItem","position":3,"name":"PME et ETI anticipez le monde bas carbone de demain en \u00e9valuant votre strat\u00e9gie"}]},{"@type":"WebSite","@id":"https:\/\/batijournal.com\/#website","url":"https:\/\/batijournal.com\/","name":"Batijournal","description":"L&#039;actualit\u00e9 du b\u00e2timent","potentialAction":[{"@type":"SearchAction","target":{"@type":"EntryPoint","urlTemplate":"https:\/\/batijournal.com\/?s={search_term_string}"},"query-input":{"@type":"PropertyValueSpecification","valueRequired":true,"valueName":"search_term_string"}}],"inLanguage":"fr-FR"},{"@type":"Person","@id":"https:\/\/batijournal.com\/#\/schema\/person\/1dc96ec6957aa1ccb25ebe78bb19f100","name":"St\u00e9phane Miget","image":{"@type":"ImageObject","inLanguage":"fr-FR","@id":"https:\/\/secure.gravatar.com\/avatar\/89915563d925342126b8ef0281b93d9d7fc337043e8df017f780908eb9644451?s=96&d=mm&r=g","url":"https:\/\/secure.gravatar.com\/avatar\/89915563d925342126b8ef0281b93d9d7fc337043e8df017f780908eb9644451?s=96&d=mm&r=g","contentUrl":"https:\/\/secure.gravatar.com\/avatar\/89915563d925342126b8ef0281b93d9d7fc337043e8df017f780908eb9644451?s=96&d=mm&r=g","caption":"St\u00e9phane Miget"},"url":"https:\/\/batijournal.com\/index.php\/author\/stephane\/"}]}},"_links":{"self":[{"href":"https:\/\/batijournal.com\/index.php\/wp-json\/wp\/v2\/posts\/95674","targetHints":{"allow":["GET"]}}],"collection":[{"href":"https:\/\/batijournal.com\/index.php\/wp-json\/wp\/v2\/posts"}],"about":[{"href":"https:\/\/batijournal.com\/index.php\/wp-json\/wp\/v2\/types\/post"}],"author":[{"embeddable":true,"href":"https:\/\/batijournal.com\/index.php\/wp-json\/wp\/v2\/users\/17"}],"replies":[{"embeddable":true,"href":"https:\/\/batijournal.com\/index.php\/wp-json\/wp\/v2\/comments?post=95674"}],"version-history":[{"count":0,"href":"https:\/\/batijournal.com\/index.php\/wp-json\/wp\/v2\/posts\/95674\/revisions"}],"wp:featuredmedia":[{"embeddable":true,"href":"https:\/\/batijournal.com\/index.php\/wp-json\/wp\/v2\/media\/95675"}],"wp:attachment":[{"href":"https:\/\/batijournal.com\/index.php\/wp-json\/wp\/v2\/media?parent=95674"}],"wp:term":[{"taxonomy":"category","embeddable":true,"href":"https:\/\/batijournal.com\/index.php\/wp-json\/wp\/v2\/categories?post=95674"},{"taxonomy":"post_tag","embeddable":true,"href":"https:\/\/batijournal.com\/index.php\/wp-json\/wp\/v2\/tags?post=95674"}],"curies":[{"name":"wp","href":"https:\/\/api.w.org\/{rel}","templated":true}]}}