{"id":95676,"date":"2017-04-10T08:52:23","date_gmt":"2017-04-10T06:52:23","guid":{"rendered":"http:\/\/batijournal.com\/?p=95676"},"modified":"2019-07-15T12:10:54","modified_gmt":"2019-07-15T10:10:54","slug":"label-financement-participatif-croissance-verte","status":"publish","type":"post","link":"https:\/\/batijournal.com\/index.php\/label-financement-participatif-croissance-verte\/95676\/","title":{"rendered":"Label pour le \u00ab Financement participatif pour la croissance verte \u00bb"},"content":{"rendered":"<p>Un nouveau label \u00ab Financement participatif pour la croissance verte \u00bb concerne toutes les formes de financement participatif (dons, pr\u00eats, capital, obligations et bons de caisse) via les plateformes Internet. Pour le recevoir, l\u2019activit\u00e9 dont rel\u00e8ve le projet doit \u00eatre une activit\u00e9 \u00ab verte \u00bb au sens d\u2019une nomenclature inspir\u00e9e du label \u00ab Transition \u00e9nerg\u00e9tique et \u00e9cologique pour le climat \u00bb. L\u2019information relative au projet et \u00e0 ses impacts environnementaux et sociaux doit \u00eatre garantie via la description du projet (y compris pendant la lev\u00e9e de fonds et jusqu\u2019\u00e0 ce que le projet soit op\u00e9rationnel) et un espace d\u00e9di\u00e9 aux questions des internautes est cr\u00e9\u00e9.Le porteur de projet doit mettre en place un m\u00e9canisme de mesure de sa contribution positive \u00e0 la transition \u00e9nerg\u00e9tique et \u00e9cologique. Des indicateurs d\u2019impacts sont pr\u00e9vus sur les th\u00e9matiques de l\u2019eau, de la biodiversit\u00e9, du changement climatique et de l\u2019\u00e9conomie circulaire. A chacune des obligations sont attach\u00e9s des indicateurs, quantitatifs (consommation nette d\u2019eau totale, bilan GES, volume de d\u00e9chets valoris\u00e9s&#8230;) ou qualitatifs (demandes d\u2019informations\/pi\u00e8ces justificatives) permettant d\u2019\u00e9valuer la r\u00e9alisation du crit\u00e8re.<\/p>\n","protected":false},"excerpt":{"rendered":"<p>Un nouveau label \u00ab Financement participatif pour la croissance verte \u00bb concerne toutes les formes de financement participatif (dons, pr\u00eats, capital, obligations et bons de caisse) via les plateformes Internet. Pour le recevoir, l\u2019activit\u00e9 dont rel\u00e8ve le projet doit \u00eatre une activit\u00e9 \u00ab verte \u00bb au sens d\u2019une nomenclature inspir\u00e9e du label \u00ab Transition \u00e9nerg\u00e9tique [&hellip;]<\/p>\n","protected":false},"author":17,"featured_media":87064,"comment_status":"closed","ping_status":"closed","sticky":false,"template":"","format":"standard","meta":{"_et_pb_use_builder":"","_et_pb_old_content":"","_et_gb_content_width":"","footnotes":""},"categories":[10530,6340],"tags":[1037,11059],"class_list":["post-95676","post","type-post","status-publish","format-standard","has-post-thumbnail","hentry","category-actualites","category-architecture-conception","tag-label","tag-transition-energetique"],"yoast_head":"<!-- This site is optimized with the Yoast SEO plugin v27.4 - https:\/\/yoast.com\/product\/yoast-seo-wordpress\/ -->\n<title>Label pour le \u00ab Financement participatif pour la croissance verte \u00bb<\/title>\n<meta name=\"robots\" content=\"index, follow, max-snippet:-1, max-image-preview:large, max-video-preview:-1\" \/>\n<link rel=\"canonical\" href=\"https:\/\/batijournal.com\/index.php\/label-financement-participatif-croissance-verte\/95676\/\" \/>\n<meta property=\"og:locale\" content=\"fr_FR\" \/>\n<meta property=\"og:type\" content=\"article\" \/>\n<meta property=\"og:title\" content=\"Label pour le \u00ab Financement participatif pour la croissance verte \u00bb\" \/>\n<meta property=\"og:description\" content=\"Un nouveau label \u00ab Financement participatif pour la croissance verte \u00bb concerne toutes les formes de financement participatif (dons, pr\u00eats, capital, obligations et bons de caisse) via les plateformes Internet. Pour le recevoir, l\u2019activit\u00e9 dont rel\u00e8ve le projet doit \u00eatre une activit\u00e9 \u00ab verte \u00bb au sens d\u2019une nomenclature inspir\u00e9e du label \u00ab Transition \u00e9nerg\u00e9tique [&hellip;]\" \/>\n<meta property=\"og:url\" content=\"https:\/\/batijournal.com\/index.php\/label-financement-participatif-croissance-verte\/95676\/\" \/>\n<meta property=\"og:site_name\" content=\"Batijournal\" \/>\n<meta property=\"article:published_time\" content=\"2017-04-10T06:52:23+00:00\" \/>\n<meta property=\"article:modified_time\" content=\"2019-07-15T10:10:54+00:00\" \/>\n<meta property=\"og:image\" content=\"https:\/\/batijournal.com\/wp-content\/uploads\/2015\/05\/99167124.jpg\" \/>\n\t<meta property=\"og:image:width\" content=\"600\" \/>\n\t<meta property=\"og:image:height\" content=\"296\" \/>\n\t<meta property=\"og:image:type\" content=\"image\/jpeg\" \/>\n<meta name=\"author\" content=\"St\u00e9phane Miget\" \/>\n<meta name=\"twitter:card\" content=\"summary_large_image\" \/>\n<meta name=\"twitter:creator\" content=\"@bati_journal\" \/>\n<meta name=\"twitter:site\" content=\"@bati_journal\" \/>\n<meta name=\"twitter:label1\" content=\"\u00c9crit par\" \/>\n\t<meta name=\"twitter:data1\" content=\"St\u00e9phane Miget\" \/>\n\t<meta name=\"twitter:label2\" content=\"Dur\u00e9e de lecture estim\u00e9e\" \/>\n\t<meta name=\"twitter:data2\" content=\"1 minute\" \/>\n<script type=\"application\/ld+json\" class=\"yoast-schema-graph\">{\"@context\":\"https:\\\/\\\/schema.org\",\"@graph\":[{\"@type\":\"Article\",\"@id\":\"https:\\\/\\\/batijournal.com\\\/index.php\\\/label-financement-participatif-croissance-verte\\\/95676\\\/#article\",\"isPartOf\":{\"@id\":\"https:\\\/\\\/batijournal.com\\\/index.php\\\/label-financement-participatif-croissance-verte\\\/95676\\\/\"},\"author\":{\"name\":\"St\u00e9phane Miget\",\"@id\":\"https:\\\/\\\/batijournal.com\\\/#\\\/schema\\\/person\\\/1dc96ec6957aa1ccb25ebe78bb19f100\"},\"headline\":\"Label pour le \u00ab Financement participatif pour la croissance verte \u00bb\",\"datePublished\":\"2017-04-10T06:52:23+00:00\",\"dateModified\":\"2019-07-15T10:10:54+00:00\",\"mainEntityOfPage\":{\"@id\":\"https:\\\/\\\/batijournal.com\\\/index.php\\\/label-financement-participatif-croissance-verte\\\/95676\\\/\"},\"wordCount\":205,\"image\":{\"@id\":\"https:\\\/\\\/batijournal.com\\\/index.php\\\/label-financement-participatif-croissance-verte\\\/95676\\\/#primaryimage\"},\"thumbnailUrl\":\"https:\\\/\\\/batijournal.com\\\/wp-content\\\/uploads\\\/2015\\\/05\\\/99167124.jpg\",\"keywords\":[\"label\",\"transition \u00e9nerg\u00e9tique\"],\"articleSection\":[\"Actualit\u00e9s\",\"Architecture &amp; Conception\"],\"inLanguage\":\"fr-FR\"},{\"@type\":\"WebPage\",\"@id\":\"https:\\\/\\\/batijournal.com\\\/index.php\\\/label-financement-participatif-croissance-verte\\\/95676\\\/\",\"url\":\"https:\\\/\\\/batijournal.com\\\/index.php\\\/label-financement-participatif-croissance-verte\\\/95676\\\/\",\"name\":\"Label pour le \u00ab Financement participatif pour la croissance verte \u00bb\",\"isPartOf\":{\"@id\":\"https:\\\/\\\/batijournal.com\\\/#website\"},\"primaryImageOfPage\":{\"@id\":\"https:\\\/\\\/batijournal.com\\\/index.php\\\/label-financement-participatif-croissance-verte\\\/95676\\\/#primaryimage\"},\"image\":{\"@id\":\"https:\\\/\\\/batijournal.com\\\/index.php\\\/label-financement-participatif-croissance-verte\\\/95676\\\/#primaryimage\"},\"thumbnailUrl\":\"https:\\\/\\\/batijournal.com\\\/wp-content\\\/uploads\\\/2015\\\/05\\\/99167124.jpg\",\"datePublished\":\"2017-04-10T06:52:23+00:00\",\"dateModified\":\"2019-07-15T10:10:54+00:00\",\"author\":{\"@id\":\"https:\\\/\\\/batijournal.com\\\/#\\\/schema\\\/person\\\/1dc96ec6957aa1ccb25ebe78bb19f100\"},\"breadcrumb\":{\"@id\":\"https:\\\/\\\/batijournal.com\\\/index.php\\\/label-financement-participatif-croissance-verte\\\/95676\\\/#breadcrumb\"},\"inLanguage\":\"fr-FR\",\"potentialAction\":[{\"@type\":\"ReadAction\",\"target\":[\"https:\\\/\\\/batijournal.com\\\/index.php\\\/label-financement-participatif-croissance-verte\\\/95676\\\/\"]}]},{\"@type\":\"ImageObject\",\"inLanguage\":\"fr-FR\",\"@id\":\"https:\\\/\\\/batijournal.com\\\/index.php\\\/label-financement-participatif-croissance-verte\\\/95676\\\/#primaryimage\",\"url\":\"https:\\\/\\\/batijournal.com\\\/wp-content\\\/uploads\\\/2015\\\/05\\\/99167124.jpg\",\"contentUrl\":\"https:\\\/\\\/batijournal.com\\\/wp-content\\\/uploads\\\/2015\\\/05\\\/99167124.jpg\",\"width\":600,\"height\":296,\"caption\":\"label-transition-energetique-et-ecologique-pour-le-climat\"},{\"@type\":\"BreadcrumbList\",\"@id\":\"https:\\\/\\\/batijournal.com\\\/index.php\\\/label-financement-participatif-croissance-verte\\\/95676\\\/#breadcrumb\",\"itemListElement\":[{\"@type\":\"ListItem\",\"position\":1,\"name\":\"Accueil\",\"item\":\"https:\\\/\\\/batijournal.com\\\/\"},{\"@type\":\"ListItem\",\"position\":2,\"name\":\"Actualit\u00e9s\",\"item\":\"https:\\\/\\\/batijournal.com\\\/index.php\\\/category\\\/actualites\\\/\"},{\"@type\":\"ListItem\",\"position\":3,\"name\":\"Label pour le \u00ab Financement participatif pour la croissance verte \u00bb\"}]},{\"@type\":\"WebSite\",\"@id\":\"https:\\\/\\\/batijournal.com\\\/#website\",\"url\":\"https:\\\/\\\/batijournal.com\\\/\",\"name\":\"Batijournal\",\"description\":\"L&#039;actualit\u00e9 du b\u00e2timent\",\"potentialAction\":[{\"@type\":\"SearchAction\",\"target\":{\"@type\":\"EntryPoint\",\"urlTemplate\":\"https:\\\/\\\/batijournal.com\\\/?s={search_term_string}\"},\"query-input\":{\"@type\":\"PropertyValueSpecification\",\"valueRequired\":true,\"valueName\":\"search_term_string\"}}],\"inLanguage\":\"fr-FR\"},{\"@type\":\"Person\",\"@id\":\"https:\\\/\\\/batijournal.com\\\/#\\\/schema\\\/person\\\/1dc96ec6957aa1ccb25ebe78bb19f100\",\"name\":\"St\u00e9phane Miget\",\"image\":{\"@type\":\"ImageObject\",\"inLanguage\":\"fr-FR\",\"@id\":\"https:\\\/\\\/secure.gravatar.com\\\/avatar\\\/89915563d925342126b8ef0281b93d9d7fc337043e8df017f780908eb9644451?s=96&d=mm&r=g\",\"url\":\"https:\\\/\\\/secure.gravatar.com\\\/avatar\\\/89915563d925342126b8ef0281b93d9d7fc337043e8df017f780908eb9644451?s=96&d=mm&r=g\",\"contentUrl\":\"https:\\\/\\\/secure.gravatar.com\\\/avatar\\\/89915563d925342126b8ef0281b93d9d7fc337043e8df017f780908eb9644451?s=96&d=mm&r=g\",\"caption\":\"St\u00e9phane Miget\"},\"url\":\"https:\\\/\\\/batijournal.com\\\/index.php\\\/author\\\/stephane\\\/\"}]}<\/script>\n<!-- \/ Yoast SEO plugin. -->","yoast_head_json":{"title":"Label pour le \u00ab Financement participatif pour la croissance verte \u00bb","robots":{"index":"index","follow":"follow","max-snippet":"max-snippet:-1","max-image-preview":"max-image-preview:large","max-video-preview":"max-video-preview:-1"},"canonical":"https:\/\/batijournal.com\/index.php\/label-financement-participatif-croissance-verte\/95676\/","og_locale":"fr_FR","og_type":"article","og_title":"Label pour le \u00ab Financement participatif pour la croissance verte \u00bb","og_description":"Un nouveau label \u00ab Financement participatif pour la croissance verte \u00bb concerne toutes les formes de financement participatif (dons, pr\u00eats, capital, obligations et bons de caisse) via les plateformes Internet. Pour le recevoir, l\u2019activit\u00e9 dont rel\u00e8ve le projet doit \u00eatre une activit\u00e9 \u00ab verte \u00bb au sens d\u2019une nomenclature inspir\u00e9e du label \u00ab Transition \u00e9nerg\u00e9tique [&hellip;]","og_url":"https:\/\/batijournal.com\/index.php\/label-financement-participatif-croissance-verte\/95676\/","og_site_name":"Batijournal","article_published_time":"2017-04-10T06:52:23+00:00","article_modified_time":"2019-07-15T10:10:54+00:00","og_image":[{"width":600,"height":296,"url":"https:\/\/batijournal.com\/wp-content\/uploads\/2015\/05\/99167124.jpg","type":"image\/jpeg"}],"author":"St\u00e9phane Miget","twitter_card":"summary_large_image","twitter_creator":"@bati_journal","twitter_site":"@bati_journal","twitter_misc":{"\u00c9crit par":"St\u00e9phane Miget","Dur\u00e9e de lecture estim\u00e9e":"1 minute"},"schema":{"@context":"https:\/\/schema.org","@graph":[{"@type":"Article","@id":"https:\/\/batijournal.com\/index.php\/label-financement-participatif-croissance-verte\/95676\/#article","isPartOf":{"@id":"https:\/\/batijournal.com\/index.php\/label-financement-participatif-croissance-verte\/95676\/"},"author":{"name":"St\u00e9phane Miget","@id":"https:\/\/batijournal.com\/#\/schema\/person\/1dc96ec6957aa1ccb25ebe78bb19f100"},"headline":"Label pour le \u00ab Financement participatif pour la croissance verte \u00bb","datePublished":"2017-04-10T06:52:23+00:00","dateModified":"2019-07-15T10:10:54+00:00","mainEntityOfPage":{"@id":"https:\/\/batijournal.com\/index.php\/label-financement-participatif-croissance-verte\/95676\/"},"wordCount":205,"image":{"@id":"https:\/\/batijournal.com\/index.php\/label-financement-participatif-croissance-verte\/95676\/#primaryimage"},"thumbnailUrl":"https:\/\/batijournal.com\/wp-content\/uploads\/2015\/05\/99167124.jpg","keywords":["label","transition \u00e9nerg\u00e9tique"],"articleSection":["Actualit\u00e9s","Architecture &amp; Conception"],"inLanguage":"fr-FR"},{"@type":"WebPage","@id":"https:\/\/batijournal.com\/index.php\/label-financement-participatif-croissance-verte\/95676\/","url":"https:\/\/batijournal.com\/index.php\/label-financement-participatif-croissance-verte\/95676\/","name":"Label pour le \u00ab Financement participatif pour la croissance verte \u00bb","isPartOf":{"@id":"https:\/\/batijournal.com\/#website"},"primaryImageOfPage":{"@id":"https:\/\/batijournal.com\/index.php\/label-financement-participatif-croissance-verte\/95676\/#primaryimage"},"image":{"@id":"https:\/\/batijournal.com\/index.php\/label-financement-participatif-croissance-verte\/95676\/#primaryimage"},"thumbnailUrl":"https:\/\/batijournal.com\/wp-content\/uploads\/2015\/05\/99167124.jpg","datePublished":"2017-04-10T06:52:23+00:00","dateModified":"2019-07-15T10:10:54+00:00","author":{"@id":"https:\/\/batijournal.com\/#\/schema\/person\/1dc96ec6957aa1ccb25ebe78bb19f100"},"breadcrumb":{"@id":"https:\/\/batijournal.com\/index.php\/label-financement-participatif-croissance-verte\/95676\/#breadcrumb"},"inLanguage":"fr-FR","potentialAction":[{"@type":"ReadAction","target":["https:\/\/batijournal.com\/index.php\/label-financement-participatif-croissance-verte\/95676\/"]}]},{"@type":"ImageObject","inLanguage":"fr-FR","@id":"https:\/\/batijournal.com\/index.php\/label-financement-participatif-croissance-verte\/95676\/#primaryimage","url":"https:\/\/batijournal.com\/wp-content\/uploads\/2015\/05\/99167124.jpg","contentUrl":"https:\/\/batijournal.com\/wp-content\/uploads\/2015\/05\/99167124.jpg","width":600,"height":296,"caption":"label-transition-energetique-et-ecologique-pour-le-climat"},{"@type":"BreadcrumbList","@id":"https:\/\/batijournal.com\/index.php\/label-financement-participatif-croissance-verte\/95676\/#breadcrumb","itemListElement":[{"@type":"ListItem","position":1,"name":"Accueil","item":"https:\/\/batijournal.com\/"},{"@type":"ListItem","position":2,"name":"Actualit\u00e9s","item":"https:\/\/batijournal.com\/index.php\/category\/actualites\/"},{"@type":"ListItem","position":3,"name":"Label pour le \u00ab Financement participatif pour la croissance verte \u00bb"}]},{"@type":"WebSite","@id":"https:\/\/batijournal.com\/#website","url":"https:\/\/batijournal.com\/","name":"Batijournal","description":"L&#039;actualit\u00e9 du b\u00e2timent","potentialAction":[{"@type":"SearchAction","target":{"@type":"EntryPoint","urlTemplate":"https:\/\/batijournal.com\/?s={search_term_string}"},"query-input":{"@type":"PropertyValueSpecification","valueRequired":true,"valueName":"search_term_string"}}],"inLanguage":"fr-FR"},{"@type":"Person","@id":"https:\/\/batijournal.com\/#\/schema\/person\/1dc96ec6957aa1ccb25ebe78bb19f100","name":"St\u00e9phane Miget","image":{"@type":"ImageObject","inLanguage":"fr-FR","@id":"https:\/\/secure.gravatar.com\/avatar\/89915563d925342126b8ef0281b93d9d7fc337043e8df017f780908eb9644451?s=96&d=mm&r=g","url":"https:\/\/secure.gravatar.com\/avatar\/89915563d925342126b8ef0281b93d9d7fc337043e8df017f780908eb9644451?s=96&d=mm&r=g","contentUrl":"https:\/\/secure.gravatar.com\/avatar\/89915563d925342126b8ef0281b93d9d7fc337043e8df017f780908eb9644451?s=96&d=mm&r=g","caption":"St\u00e9phane Miget"},"url":"https:\/\/batijournal.com\/index.php\/author\/stephane\/"}]}},"_links":{"self":[{"href":"https:\/\/batijournal.com\/index.php\/wp-json\/wp\/v2\/posts\/95676","targetHints":{"allow":["GET"]}}],"collection":[{"href":"https:\/\/batijournal.com\/index.php\/wp-json\/wp\/v2\/posts"}],"about":[{"href":"https:\/\/batijournal.com\/index.php\/wp-json\/wp\/v2\/types\/post"}],"author":[{"embeddable":true,"href":"https:\/\/batijournal.com\/index.php\/wp-json\/wp\/v2\/users\/17"}],"replies":[{"embeddable":true,"href":"https:\/\/batijournal.com\/index.php\/wp-json\/wp\/v2\/comments?post=95676"}],"version-history":[{"count":0,"href":"https:\/\/batijournal.com\/index.php\/wp-json\/wp\/v2\/posts\/95676\/revisions"}],"wp:featuredmedia":[{"embeddable":true,"href":"https:\/\/batijournal.com\/index.php\/wp-json\/wp\/v2\/media\/87064"}],"wp:attachment":[{"href":"https:\/\/batijournal.com\/index.php\/wp-json\/wp\/v2\/media?parent=95676"}],"wp:term":[{"taxonomy":"category","embeddable":true,"href":"https:\/\/batijournal.com\/index.php\/wp-json\/wp\/v2\/categories?post=95676"},{"taxonomy":"post_tag","embeddable":true,"href":"https:\/\/batijournal.com\/index.php\/wp-json\/wp\/v2\/tags?post=95676"}],"curies":[{"name":"wp","href":"https:\/\/api.w.org\/{rel}","templated":true}]}}