{"id":95692,"date":"2017-04-12T09:07:44","date_gmt":"2017-04-12T07:07:44","guid":{"rendered":"http:\/\/batijournal.com\/?p=95692"},"modified":"2019-07-15T11:15:57","modified_gmt":"2019-07-15T09:15:57","slug":"demarrage-travaux-de-restauration-de-lhotel-de-marine","status":"publish","type":"post","link":"https:\/\/batijournal.com\/index.php\/demarrage-travaux-de-restauration-de-lhotel-de-marine\/95692\/","title":{"rendered":"D\u00e9marrage des travaux de restauration de l\u2019H\u00f4tel de la Marine"},"content":{"rendered":"<p><strong>Le Centre des monuments nationaux, charg\u00e9 de la gestion de l\u2019H\u00f4tel de la Marine depuis le d\u00e9part de l\u2019Etat-major de la Marine en d\u00e9cembre 2015, lance les travaux de restauration et d\u2019am\u00e9nagement qui permettront de l&rsquo;ouvrir au public. Les parcours et les activit\u00e9s propos\u00e9es, feront place aussi bien \u00e0 la d\u00e9couverte patrimoniale qu\u2019\u00e0 celle de la gastronomie et de l\u2019art de vivre. Le public pourra d\u00e9couvrir l\u2019H\u00f4tel de la Marine restaur\u00e9 et son offre culturelle \u00e0 la fin de l\u2019ann\u00e9e 2019.<\/strong><\/p>\n<p>Tout en respectant la composition du b\u00e2timent et les apports des occupants successifs, le Centre des monuments nationaux s\u2019est donn\u00e9 pour objectif, dans la mesure du possible, de retrouver la distribution des espaces du Le Garde-meuble de la couronne de 1774 ainsi que les d\u00e9cors int\u00e9rieurs du XVIIIe si\u00e8cle qui pourraient subsister.<br \/>\nAfin de mieux mettre en valeur l\u2019\u00e9difice et se rapprocher de son \u00e9tat d\u2019origine, les grilles de d\u00e9fense des menuiseries du rez-de-chauss\u00e9e et de l\u2019entresol des fa\u00e7ades ext\u00e9rieures et des fa\u00e7ades sur les cours arri\u00e8re seront d\u00e9pos\u00e9es et leurs fen\u00eatres \u00e0 petits carreaux seront restitu\u00e9es, tandis que la galerie de la cour d\u2019honneur sera d\u00e9barrass\u00e9e des locaux qui l\u2019occupent actuellement.<br \/>\nLes appartements de Thierry de Ville d\u2019Avray, dont la distribution d\u2019origine a \u00e9t\u00e9 conserv\u00e9e, ainsi que la plupart des d\u00e9cors, seront restitu\u00e9s dans un \u00e9tat au plus proche de celui qu\u2019a connu l\u2019intendant au XVIIIe si\u00e8cle, d\u2019apr\u00e8s les inventaires d\u2019\u00e9poque. Le d\u00e9cor du XVIIIe si\u00e8cle en faux marbre et pierres appareill\u00e9es de l\u2019escalier qui y m\u00e8ne sera d\u00e9gag\u00e9 et restaur\u00e9. Les sondages effectu\u00e9s dans les appartements de Madame Thierry de Ville d\u2019Avray \u00e0 l\u2019entresol, dont le riche d\u00e9cor est d\u00e9crit dans les inventaires, confirment la possibilit\u00e9 d\u2019y retrouver un ensemble bien conserv\u00e9 de d\u00e9cors. Le parti d\u00e9finitif ne pourra \u00eatre fix\u00e9 qu\u2019apr\u00e8s que tous les \u00e9l\u00e9ments modernes auront \u00e9t\u00e9 supprim\u00e9s et que les \u00e9l\u00e9ments subsistants auront \u00e9t\u00e9 d\u00e9gag\u00e9s et r\u00e9pertori\u00e9s.<br \/>\nLe d\u00e9cor et la distribution des salles d\u2019apparat, h\u00e9rit\u00e9s des am\u00e9nagements effectu\u00e9s au XIXe si\u00e8cle par la Marine, seront conserv\u00e9s dans cet \u00e9tat. Restaur\u00e9es lors d\u2019une campagne r\u00e9cente, ces pi\u00e8ces ne feront l\u2019objet que de l\u00e9g\u00e8res interventions (comme le remplacement des rideaux). Le bureau du chef d\u2019Etat-major ayant \u00e9t\u00e9 plusieurs fois remani\u00e9 au cours de l\u2019histoire, il sera conserv\u00e9 dans sa pr\u00e9sentation actuelle. Une partie des bureaux propos\u00e9s \u00e0 la location sera am\u00e9nag\u00e9e dans les anciens appartements des employ\u00e9s du Garde-meuble. Certains de ces appartements, situ\u00e9s dans les pavillons donnant sur la place de la Concorde, sont des lieux \u00e0 haute valeur patrimoniale qui conservent encore leur lambris, dessus de portes, chemin\u00e9es, parquet Versailles etc. C\u2019est pourquoi l\u2019am\u00e9nagement de ces bureaux devra s\u2019adapter \u00e0 ces anciens appartements, sans d\u00e9truire les cloisons d\u2019origine, en respectant les enfilades de pi\u00e8ces, les petites garde-robes encore en place, et en recomposant quelques circulations modifi\u00e9es par la Marine au XIXe si\u00e8cle. Ces bureaux feront l\u2019objet d\u2019une restauration des d\u00e9cors selon les inventaires et les r\u00e9sultats des sondages. Un cahier des charges rigoureux sera impos\u00e9 aux locataires afin de garantir la pr\u00e9servation de ce patrimoine.<\/p>\n<p><strong>Une restauration en trois \u00e9tapes<\/strong><\/p>\n<p>Le Centre des monuments nationaux assure la ma\u00eetrise d\u2019ouvrage de l\u2019ensemble des travaux de restauration de l\u2019H\u00f4tel de la Marine, sous la ma\u00eetrise d\u2019\u0153uvre globale de M. Christophe Bottineau, architecte en chef des monuments historiques. Cette campagne comporte trois grandes op\u00e9rations.<\/p>\n<p>La premi\u00e8re, qui vient de commencer et durera 18 mois environ, consiste en la restauration des fa\u00e7ades et des couvertures de l\u2019H\u00f4tel. Celle-ci inclut les fa\u00e7ades sur rues et sur cours, les menuiseries, les sculptures et les couvertures.<\/p>\n<p>A partir du mois de juin 2017, commencera en parall\u00e8le un chantier de pr\u00e8s d\u2019un an qui visera \u00e0 supprimer de nombreux \u00e9l\u00e9ments modernes \u00e0 l\u2019int\u00e9rieur de l\u2019H\u00f4tel. Ainsi les faux plafonds, doublages, planchers techniques, cloisons, mezzanines et doubles fen\u00eatres seront d\u00e9pos\u00e9s et les installations techniques, notamment dans les cours arri\u00e8re, seront cur\u00e9es. La d\u00e9pollution (amiante, peintures et plomb) est aussi pr\u00e9vue.<\/p>\n<p>La restauration des cours et des int\u00e9rieurs d\u00e9butera en mai 2018 et durera jusqu\u2019en fin d\u2019ann\u00e9e 2019. Ces travaux seront r\u00e9alis\u00e9s pour permettre l\u2019ouverture au public des cours, des espaces de visite et d\u2019animation et afin de pr\u00e9parer les am\u00e9nagements des espaces de valorisation de la gastronomie et des bureaux. Ils s\u2019attacheront notamment \u00e0 restituer les volumes d\u2019origine et \u00e0 conserver la distribution, en particulier celle des appartements.<\/p>\n<p>Des am\u00e9nagements seront op\u00e9r\u00e9s pour permettre l\u2019accessibilit\u00e9 des espaces aux personnes \u00e0 mobilit\u00e9 r\u00e9duite, dans le respect de la conservation de ce lieu historique.<br \/>\nAfin de faciliter l\u2019accueil des publics, la cour de l\u2019intendant, du c\u00f4t\u00e9 de la rue Saint-Florentin, sera couverte par une verri\u00e8re afin d\u2019abriter, en dessous, un espace d\u2019accueil, de pr\u00e9sentation et d\u2019orientation des visiteurs. Cette couverture vitr\u00e9e de 330 m2, situ\u00e9e entre le 2e et le 3e \u00e9tage, c\u2019est-\u00e0-dire \u00e0 la limite de l\u2019\u00e9tage ajout\u00e9 au XIXe si\u00e8cle, ferait l\u2019objet d\u2019une \u00e9tude architecturale particuli\u00e8rement soign\u00e9e afin de restituer le volume initial de la cour.<br \/>\nPhoto : Jean-Pierre Delagarde &#8211; Centre des monuments nationaux<\/p>\n","protected":false},"excerpt":{"rendered":"<p>Le Centre des monuments nationaux, charg\u00e9 de la gestion de l\u2019H\u00f4tel de la Marine depuis le d\u00e9part de l\u2019Etat-major de la Marine en d\u00e9cembre 2015, lance les travaux de restauration et d\u2019am\u00e9nagement qui permettront de l&rsquo;ouvrir au public. Les parcours et les activit\u00e9s propos\u00e9es, feront place aussi bien \u00e0 la d\u00e9couverte patrimoniale qu\u2019\u00e0 celle de [&hellip;]<\/p>\n","protected":false},"author":17,"featured_media":95693,"comment_status":"closed","ping_status":"closed","sticky":false,"template":"","format":"standard","meta":{"_et_pb_use_builder":"","_et_pb_old_content":"","_et_gb_content_width":"","footnotes":""},"categories":[10530,6340],"tags":[8113,4474],"class_list":["post-95692","post","type-post","status-publish","format-standard","has-post-thumbnail","hentry","category-actualites","category-architecture-conception","tag-centre-des-monuments-nationaux","tag-monuments-historiques"],"yoast_head":"<!-- This site is optimized with the Yoast SEO plugin v27.4 - https:\/\/yoast.com\/product\/yoast-seo-wordpress\/ -->\n<title>D\u00e9marrage des travaux de restauration de l\u2019H\u00f4tel de la Marine<\/title>\n<meta name=\"robots\" content=\"index, follow, max-snippet:-1, max-image-preview:large, max-video-preview:-1\" \/>\n<link rel=\"canonical\" href=\"https:\/\/batijournal.com\/index.php\/demarrage-travaux-de-restauration-de-lhotel-de-marine\/95692\/\" \/>\n<meta property=\"og:locale\" content=\"fr_FR\" \/>\n<meta property=\"og:type\" content=\"article\" \/>\n<meta property=\"og:title\" content=\"D\u00e9marrage des travaux de restauration de l\u2019H\u00f4tel de la Marine\" \/>\n<meta property=\"og:description\" content=\"Le Centre des monuments nationaux, charg\u00e9 de la gestion de l\u2019H\u00f4tel de la Marine depuis le d\u00e9part de l\u2019Etat-major de la Marine en d\u00e9cembre 2015, lance les travaux de restauration et d\u2019am\u00e9nagement qui permettront de l&rsquo;ouvrir au public. Les parcours et les activit\u00e9s propos\u00e9es, feront place aussi bien \u00e0 la d\u00e9couverte patrimoniale qu\u2019\u00e0 celle de [&hellip;]\" \/>\n<meta property=\"og:url\" content=\"https:\/\/batijournal.com\/index.php\/demarrage-travaux-de-restauration-de-lhotel-de-marine\/95692\/\" \/>\n<meta property=\"og:site_name\" content=\"Batijournal\" \/>\n<meta property=\"article:published_time\" content=\"2017-04-12T07:07:44+00:00\" \/>\n<meta property=\"article:modified_time\" content=\"2019-07-15T09:15:57+00:00\" \/>\n<meta property=\"og:image\" content=\"https:\/\/batijournal.com\/wp-content\/uploads\/2017\/04\/hotel-de-la-marine.png\" \/>\n\t<meta property=\"og:image:width\" content=\"883\" \/>\n\t<meta property=\"og:image:height\" content=\"541\" \/>\n\t<meta property=\"og:image:type\" content=\"image\/png\" \/>\n<meta name=\"author\" content=\"St\u00e9phane Miget\" \/>\n<meta name=\"twitter:card\" content=\"summary_large_image\" \/>\n<meta name=\"twitter:creator\" content=\"@bati_journal\" \/>\n<meta name=\"twitter:site\" content=\"@bati_journal\" \/>\n<meta name=\"twitter:label1\" content=\"\u00c9crit par\" \/>\n\t<meta name=\"twitter:data1\" content=\"St\u00e9phane Miget\" \/>\n\t<meta name=\"twitter:label2\" content=\"Dur\u00e9e de lecture estim\u00e9e\" \/>\n\t<meta name=\"twitter:data2\" content=\"5 minutes\" \/>\n<script type=\"application\/ld+json\" class=\"yoast-schema-graph\">{\"@context\":\"https:\\\/\\\/schema.org\",\"@graph\":[{\"@type\":\"Article\",\"@id\":\"https:\\\/\\\/batijournal.com\\\/index.php\\\/demarrage-travaux-de-restauration-de-lhotel-de-marine\\\/95692\\\/#article\",\"isPartOf\":{\"@id\":\"https:\\\/\\\/batijournal.com\\\/index.php\\\/demarrage-travaux-de-restauration-de-lhotel-de-marine\\\/95692\\\/\"},\"author\":{\"name\":\"St\u00e9phane Miget\",\"@id\":\"https:\\\/\\\/batijournal.com\\\/#\\\/schema\\\/person\\\/1dc96ec6957aa1ccb25ebe78bb19f100\"},\"headline\":\"D\u00e9marrage des travaux de restauration de l\u2019H\u00f4tel de la Marine\",\"datePublished\":\"2017-04-12T07:07:44+00:00\",\"dateModified\":\"2019-07-15T09:15:57+00:00\",\"mainEntityOfPage\":{\"@id\":\"https:\\\/\\\/batijournal.com\\\/index.php\\\/demarrage-travaux-de-restauration-de-lhotel-de-marine\\\/95692\\\/\"},\"wordCount\":989,\"image\":{\"@id\":\"https:\\\/\\\/batijournal.com\\\/index.php\\\/demarrage-travaux-de-restauration-de-lhotel-de-marine\\\/95692\\\/#primaryimage\"},\"thumbnailUrl\":\"https:\\\/\\\/batijournal.com\\\/wp-content\\\/uploads\\\/2017\\\/04\\\/hotel-de-la-marine.png\",\"keywords\":[\"centre des monuments nationaux\",\"monuments historiques\"],\"articleSection\":[\"Actualit\u00e9s\",\"Architecture &amp; Conception\"],\"inLanguage\":\"fr-FR\"},{\"@type\":\"WebPage\",\"@id\":\"https:\\\/\\\/batijournal.com\\\/index.php\\\/demarrage-travaux-de-restauration-de-lhotel-de-marine\\\/95692\\\/\",\"url\":\"https:\\\/\\\/batijournal.com\\\/index.php\\\/demarrage-travaux-de-restauration-de-lhotel-de-marine\\\/95692\\\/\",\"name\":\"D\u00e9marrage des travaux de restauration de l\u2019H\u00f4tel de la Marine\",\"isPartOf\":{\"@id\":\"https:\\\/\\\/batijournal.com\\\/#website\"},\"primaryImageOfPage\":{\"@id\":\"https:\\\/\\\/batijournal.com\\\/index.php\\\/demarrage-travaux-de-restauration-de-lhotel-de-marine\\\/95692\\\/#primaryimage\"},\"image\":{\"@id\":\"https:\\\/\\\/batijournal.com\\\/index.php\\\/demarrage-travaux-de-restauration-de-lhotel-de-marine\\\/95692\\\/#primaryimage\"},\"thumbnailUrl\":\"https:\\\/\\\/batijournal.com\\\/wp-content\\\/uploads\\\/2017\\\/04\\\/hotel-de-la-marine.png\",\"datePublished\":\"2017-04-12T07:07:44+00:00\",\"dateModified\":\"2019-07-15T09:15:57+00:00\",\"author\":{\"@id\":\"https:\\\/\\\/batijournal.com\\\/#\\\/schema\\\/person\\\/1dc96ec6957aa1ccb25ebe78bb19f100\"},\"breadcrumb\":{\"@id\":\"https:\\\/\\\/batijournal.com\\\/index.php\\\/demarrage-travaux-de-restauration-de-lhotel-de-marine\\\/95692\\\/#breadcrumb\"},\"inLanguage\":\"fr-FR\",\"potentialAction\":[{\"@type\":\"ReadAction\",\"target\":[\"https:\\\/\\\/batijournal.com\\\/index.php\\\/demarrage-travaux-de-restauration-de-lhotel-de-marine\\\/95692\\\/\"]}]},{\"@type\":\"ImageObject\",\"inLanguage\":\"fr-FR\",\"@id\":\"https:\\\/\\\/batijournal.com\\\/index.php\\\/demarrage-travaux-de-restauration-de-lhotel-de-marine\\\/95692\\\/#primaryimage\",\"url\":\"https:\\\/\\\/batijournal.com\\\/wp-content\\\/uploads\\\/2017\\\/04\\\/hotel-de-la-marine.png\",\"contentUrl\":\"https:\\\/\\\/batijournal.com\\\/wp-content\\\/uploads\\\/2017\\\/04\\\/hotel-de-la-marine.png\",\"width\":883,\"height\":541,\"caption\":\"collection-al-thani-hotel-de-la-marine\"},{\"@type\":\"BreadcrumbList\",\"@id\":\"https:\\\/\\\/batijournal.com\\\/index.php\\\/demarrage-travaux-de-restauration-de-lhotel-de-marine\\\/95692\\\/#breadcrumb\",\"itemListElement\":[{\"@type\":\"ListItem\",\"position\":1,\"name\":\"Accueil\",\"item\":\"https:\\\/\\\/batijournal.com\\\/\"},{\"@type\":\"ListItem\",\"position\":2,\"name\":\"Actualit\u00e9s\",\"item\":\"https:\\\/\\\/batijournal.com\\\/index.php\\\/category\\\/actualites\\\/\"},{\"@type\":\"ListItem\",\"position\":3,\"name\":\"Architecture &amp; Conception\",\"item\":\"https:\\\/\\\/batijournal.com\\\/index.php\\\/category\\\/actualites\\\/architecture-conception\\\/\"},{\"@type\":\"ListItem\",\"position\":4,\"name\":\"D\u00e9marrage des travaux de restauration de l\u2019H\u00f4tel de la Marine\"}]},{\"@type\":\"WebSite\",\"@id\":\"https:\\\/\\\/batijournal.com\\\/#website\",\"url\":\"https:\\\/\\\/batijournal.com\\\/\",\"name\":\"Batijournal\",\"description\":\"L&#039;actualit\u00e9 du b\u00e2timent\",\"potentialAction\":[{\"@type\":\"SearchAction\",\"target\":{\"@type\":\"EntryPoint\",\"urlTemplate\":\"https:\\\/\\\/batijournal.com\\\/?s={search_term_string}\"},\"query-input\":{\"@type\":\"PropertyValueSpecification\",\"valueRequired\":true,\"valueName\":\"search_term_string\"}}],\"inLanguage\":\"fr-FR\"},{\"@type\":\"Person\",\"@id\":\"https:\\\/\\\/batijournal.com\\\/#\\\/schema\\\/person\\\/1dc96ec6957aa1ccb25ebe78bb19f100\",\"name\":\"St\u00e9phane Miget\",\"image\":{\"@type\":\"ImageObject\",\"inLanguage\":\"fr-FR\",\"@id\":\"https:\\\/\\\/secure.gravatar.com\\\/avatar\\\/89915563d925342126b8ef0281b93d9d7fc337043e8df017f780908eb9644451?s=96&d=mm&r=g\",\"url\":\"https:\\\/\\\/secure.gravatar.com\\\/avatar\\\/89915563d925342126b8ef0281b93d9d7fc337043e8df017f780908eb9644451?s=96&d=mm&r=g\",\"contentUrl\":\"https:\\\/\\\/secure.gravatar.com\\\/avatar\\\/89915563d925342126b8ef0281b93d9d7fc337043e8df017f780908eb9644451?s=96&d=mm&r=g\",\"caption\":\"St\u00e9phane Miget\"},\"url\":\"https:\\\/\\\/batijournal.com\\\/index.php\\\/author\\\/stephane\\\/\"}]}<\/script>\n<!-- \/ Yoast SEO plugin. -->","yoast_head_json":{"title":"D\u00e9marrage des travaux de restauration de l\u2019H\u00f4tel de la Marine","robots":{"index":"index","follow":"follow","max-snippet":"max-snippet:-1","max-image-preview":"max-image-preview:large","max-video-preview":"max-video-preview:-1"},"canonical":"https:\/\/batijournal.com\/index.php\/demarrage-travaux-de-restauration-de-lhotel-de-marine\/95692\/","og_locale":"fr_FR","og_type":"article","og_title":"D\u00e9marrage des travaux de restauration de l\u2019H\u00f4tel de la Marine","og_description":"Le Centre des monuments nationaux, charg\u00e9 de la gestion de l\u2019H\u00f4tel de la Marine depuis le d\u00e9part de l\u2019Etat-major de la Marine en d\u00e9cembre 2015, lance les travaux de restauration et d\u2019am\u00e9nagement qui permettront de l&rsquo;ouvrir au public. Les parcours et les activit\u00e9s propos\u00e9es, feront place aussi bien \u00e0 la d\u00e9couverte patrimoniale qu\u2019\u00e0 celle de [&hellip;]","og_url":"https:\/\/batijournal.com\/index.php\/demarrage-travaux-de-restauration-de-lhotel-de-marine\/95692\/","og_site_name":"Batijournal","article_published_time":"2017-04-12T07:07:44+00:00","article_modified_time":"2019-07-15T09:15:57+00:00","og_image":[{"width":883,"height":541,"url":"https:\/\/batijournal.com\/wp-content\/uploads\/2017\/04\/hotel-de-la-marine.png","type":"image\/png"}],"author":"St\u00e9phane Miget","twitter_card":"summary_large_image","twitter_creator":"@bati_journal","twitter_site":"@bati_journal","twitter_misc":{"\u00c9crit par":"St\u00e9phane Miget","Dur\u00e9e de lecture estim\u00e9e":"5 minutes"},"schema":{"@context":"https:\/\/schema.org","@graph":[{"@type":"Article","@id":"https:\/\/batijournal.com\/index.php\/demarrage-travaux-de-restauration-de-lhotel-de-marine\/95692\/#article","isPartOf":{"@id":"https:\/\/batijournal.com\/index.php\/demarrage-travaux-de-restauration-de-lhotel-de-marine\/95692\/"},"author":{"name":"St\u00e9phane Miget","@id":"https:\/\/batijournal.com\/#\/schema\/person\/1dc96ec6957aa1ccb25ebe78bb19f100"},"headline":"D\u00e9marrage des travaux de restauration de l\u2019H\u00f4tel de la Marine","datePublished":"2017-04-12T07:07:44+00:00","dateModified":"2019-07-15T09:15:57+00:00","mainEntityOfPage":{"@id":"https:\/\/batijournal.com\/index.php\/demarrage-travaux-de-restauration-de-lhotel-de-marine\/95692\/"},"wordCount":989,"image":{"@id":"https:\/\/batijournal.com\/index.php\/demarrage-travaux-de-restauration-de-lhotel-de-marine\/95692\/#primaryimage"},"thumbnailUrl":"https:\/\/batijournal.com\/wp-content\/uploads\/2017\/04\/hotel-de-la-marine.png","keywords":["centre des monuments nationaux","monuments historiques"],"articleSection":["Actualit\u00e9s","Architecture &amp; Conception"],"inLanguage":"fr-FR"},{"@type":"WebPage","@id":"https:\/\/batijournal.com\/index.php\/demarrage-travaux-de-restauration-de-lhotel-de-marine\/95692\/","url":"https:\/\/batijournal.com\/index.php\/demarrage-travaux-de-restauration-de-lhotel-de-marine\/95692\/","name":"D\u00e9marrage des travaux de restauration de l\u2019H\u00f4tel de la Marine","isPartOf":{"@id":"https:\/\/batijournal.com\/#website"},"primaryImageOfPage":{"@id":"https:\/\/batijournal.com\/index.php\/demarrage-travaux-de-restauration-de-lhotel-de-marine\/95692\/#primaryimage"},"image":{"@id":"https:\/\/batijournal.com\/index.php\/demarrage-travaux-de-restauration-de-lhotel-de-marine\/95692\/#primaryimage"},"thumbnailUrl":"https:\/\/batijournal.com\/wp-content\/uploads\/2017\/04\/hotel-de-la-marine.png","datePublished":"2017-04-12T07:07:44+00:00","dateModified":"2019-07-15T09:15:57+00:00","author":{"@id":"https:\/\/batijournal.com\/#\/schema\/person\/1dc96ec6957aa1ccb25ebe78bb19f100"},"breadcrumb":{"@id":"https:\/\/batijournal.com\/index.php\/demarrage-travaux-de-restauration-de-lhotel-de-marine\/95692\/#breadcrumb"},"inLanguage":"fr-FR","potentialAction":[{"@type":"ReadAction","target":["https:\/\/batijournal.com\/index.php\/demarrage-travaux-de-restauration-de-lhotel-de-marine\/95692\/"]}]},{"@type":"ImageObject","inLanguage":"fr-FR","@id":"https:\/\/batijournal.com\/index.php\/demarrage-travaux-de-restauration-de-lhotel-de-marine\/95692\/#primaryimage","url":"https:\/\/batijournal.com\/wp-content\/uploads\/2017\/04\/hotel-de-la-marine.png","contentUrl":"https:\/\/batijournal.com\/wp-content\/uploads\/2017\/04\/hotel-de-la-marine.png","width":883,"height":541,"caption":"collection-al-thani-hotel-de-la-marine"},{"@type":"BreadcrumbList","@id":"https:\/\/batijournal.com\/index.php\/demarrage-travaux-de-restauration-de-lhotel-de-marine\/95692\/#breadcrumb","itemListElement":[{"@type":"ListItem","position":1,"name":"Accueil","item":"https:\/\/batijournal.com\/"},{"@type":"ListItem","position":2,"name":"Actualit\u00e9s","item":"https:\/\/batijournal.com\/index.php\/category\/actualites\/"},{"@type":"ListItem","position":3,"name":"Architecture &amp; Conception","item":"https:\/\/batijournal.com\/index.php\/category\/actualites\/architecture-conception\/"},{"@type":"ListItem","position":4,"name":"D\u00e9marrage des travaux de restauration de l\u2019H\u00f4tel de la Marine"}]},{"@type":"WebSite","@id":"https:\/\/batijournal.com\/#website","url":"https:\/\/batijournal.com\/","name":"Batijournal","description":"L&#039;actualit\u00e9 du b\u00e2timent","potentialAction":[{"@type":"SearchAction","target":{"@type":"EntryPoint","urlTemplate":"https:\/\/batijournal.com\/?s={search_term_string}"},"query-input":{"@type":"PropertyValueSpecification","valueRequired":true,"valueName":"search_term_string"}}],"inLanguage":"fr-FR"},{"@type":"Person","@id":"https:\/\/batijournal.com\/#\/schema\/person\/1dc96ec6957aa1ccb25ebe78bb19f100","name":"St\u00e9phane Miget","image":{"@type":"ImageObject","inLanguage":"fr-FR","@id":"https:\/\/secure.gravatar.com\/avatar\/89915563d925342126b8ef0281b93d9d7fc337043e8df017f780908eb9644451?s=96&d=mm&r=g","url":"https:\/\/secure.gravatar.com\/avatar\/89915563d925342126b8ef0281b93d9d7fc337043e8df017f780908eb9644451?s=96&d=mm&r=g","contentUrl":"https:\/\/secure.gravatar.com\/avatar\/89915563d925342126b8ef0281b93d9d7fc337043e8df017f780908eb9644451?s=96&d=mm&r=g","caption":"St\u00e9phane Miget"},"url":"https:\/\/batijournal.com\/index.php\/author\/stephane\/"}]}},"_links":{"self":[{"href":"https:\/\/batijournal.com\/index.php\/wp-json\/wp\/v2\/posts\/95692","targetHints":{"allow":["GET"]}}],"collection":[{"href":"https:\/\/batijournal.com\/index.php\/wp-json\/wp\/v2\/posts"}],"about":[{"href":"https:\/\/batijournal.com\/index.php\/wp-json\/wp\/v2\/types\/post"}],"author":[{"embeddable":true,"href":"https:\/\/batijournal.com\/index.php\/wp-json\/wp\/v2\/users\/17"}],"replies":[{"embeddable":true,"href":"https:\/\/batijournal.com\/index.php\/wp-json\/wp\/v2\/comments?post=95692"}],"version-history":[{"count":0,"href":"https:\/\/batijournal.com\/index.php\/wp-json\/wp\/v2\/posts\/95692\/revisions"}],"wp:featuredmedia":[{"embeddable":true,"href":"https:\/\/batijournal.com\/index.php\/wp-json\/wp\/v2\/media\/95693"}],"wp:attachment":[{"href":"https:\/\/batijournal.com\/index.php\/wp-json\/wp\/v2\/media?parent=95692"}],"wp:term":[{"taxonomy":"category","embeddable":true,"href":"https:\/\/batijournal.com\/index.php\/wp-json\/wp\/v2\/categories?post=95692"},{"taxonomy":"post_tag","embeddable":true,"href":"https:\/\/batijournal.com\/index.php\/wp-json\/wp\/v2\/tags?post=95692"}],"curies":[{"name":"wp","href":"https:\/\/api.w.org\/{rel}","templated":true}]}}