{"id":95694,"date":"2017-04-12T08:55:15","date_gmt":"2017-04-12T06:55:15","guid":{"rendered":"http:\/\/batijournal.com\/?p=95694"},"modified":"2019-07-15T11:15:57","modified_gmt":"2019-07-15T09:15:57","slug":"restauration-mosaiques-de-villa-de-seviac","status":"publish","type":"post","link":"https:\/\/batijournal.com\/index.php\/restauration-mosaiques-de-villa-de-seviac\/95694\/","title":{"rendered":"Restauration des mosa\u00efques de la Villa de S\u00e9viac"},"content":{"rendered":"<p>Class\u00e9e Monument Historique, la Villa de S\u00e9viac \u00e0 Montr\u00e9al du Gers, est une des plus vastes et luxueuses r\u00e9sidences du Sud-ouest de la Gaule. Ce palais rural monumental du Bas-Empire romain de 6 500 m2 doit sa c\u00e9l\u00e9brit\u00e9 \u00e0 ses vastes thermes (bains priv\u00e9s de 500 m2) et ses exceptionnels tapis de mosa\u00efques polychromes, qui dessinent sur 450 m2 des motifs g\u00e9om\u00e9triques et ornementaux. Dat\u00e9 du IIe au Ve si\u00e8cle de notre \u00e8re, d\u00e9couvert en 1864 et r\u00e9v\u00e9l\u00e9 \u00e0 l\u2019issue de 30 ans de fouilles, il t\u00e9moigne d\u2019un luxe in\u00e9gal\u00e9 dans la r\u00e9gion et permet de prendre la mesure du cadre de vie d\u2019une famille d\u2019aristocrates terriens des IVe et Ve si\u00e8cles. La restauration des mosa\u00efques vient de commencer. Les techniciens de l&rsquo;entreprise de restauration du patrimoine SOCRA (P\u00e9rigueux) interviennent actuellement sur le site pour y pr\u00e9lever 350m\u00b2 de mosa\u00efques. Elles vont \u00eatre restaur\u00e9es dans un atelier situ\u00e9 proche de la place du village de Montr\u00e9al-du-Gers. Les tapis de mosa\u00efques seront int\u00e9gralement consolid\u00e9s, restaur\u00e9s afin de retrouver la plan\u00e9it\u00e9 d\u2019origine et pr\u00e9par\u00e9s sp\u00e9cialement pour permettre leur transfert sur panneaux all\u00e9g\u00e9s \u00e0 structure alv\u00e9olaire. Une fois les travaux finis, les tapis de mosa\u00efques seront replac\u00e9s sur leur lieu d\u2019origine \u00e0 la Villa de S\u00e9viac. Une moindre partie des mosa\u00efques de le Villa de S\u00e9viac, rest\u00e9es en place, seront quant \u00e0 elles restaur\u00e9es in situ. Elles seront nettoy\u00e9es et purg\u00e9es des reprises anciennes disgracieuses. Enfin, l\u2019ensemble des mosa\u00efques restaur\u00e9es b\u00e9n\u00e9ficieront d\u2019un traitement de surface qui leur rendra leur \u00e9clat originel. Des animations seront mises en place autour de cette restauration.<br \/>\n<a href=\"http:\/\/www.elusa.fr\" target=\"_blank\" rel=\"noopener noreferrer\">http:\/\/www.elusa.fr<\/a><\/p>\n<p>&nbsp;<\/p>\n","protected":false},"excerpt":{"rendered":"<p>Class\u00e9e Monument Historique, la Villa de S\u00e9viac \u00e0 Montr\u00e9al du Gers, est une des plus vastes et luxueuses r\u00e9sidences du Sud-ouest de la Gaule. Ce palais rural monumental du Bas-Empire romain de 6 500 m2 doit sa c\u00e9l\u00e9brit\u00e9 \u00e0 ses vastes thermes (bains priv\u00e9s de 500 m2) et ses exceptionnels tapis de mosa\u00efques polychromes, qui [&hellip;]<\/p>\n","protected":false},"author":17,"featured_media":95695,"comment_status":"closed","ping_status":"closed","sticky":false,"template":"","format":"standard","meta":{"_et_pb_use_builder":"","_et_pb_old_content":"","_et_gb_content_width":"","footnotes":""},"categories":[10530,6340],"tags":[4474],"class_list":["post-95694","post","type-post","status-publish","format-standard","has-post-thumbnail","hentry","category-actualites","category-architecture-conception","tag-monuments-historiques"],"yoast_head":"<!-- This site is optimized with the Yoast SEO plugin v27.4 - https:\/\/yoast.com\/product\/yoast-seo-wordpress\/ -->\n<title>Restauration des mosa\u00efques de la Villa de S\u00e9viac<\/title>\n<meta name=\"robots\" content=\"index, follow, max-snippet:-1, max-image-preview:large, max-video-preview:-1\" \/>\n<link rel=\"canonical\" href=\"https:\/\/batijournal.com\/index.php\/restauration-mosaiques-de-villa-de-seviac\/95694\/\" \/>\n<meta property=\"og:locale\" content=\"fr_FR\" \/>\n<meta property=\"og:type\" content=\"article\" \/>\n<meta property=\"og:title\" content=\"Restauration des mosa\u00efques de la Villa de S\u00e9viac\" \/>\n<meta property=\"og:description\" content=\"Class\u00e9e Monument Historique, la Villa de S\u00e9viac \u00e0 Montr\u00e9al du Gers, est une des plus vastes et luxueuses r\u00e9sidences du Sud-ouest de la Gaule. Ce palais rural monumental du Bas-Empire romain de 6 500 m2 doit sa c\u00e9l\u00e9brit\u00e9 \u00e0 ses vastes thermes (bains priv\u00e9s de 500 m2) et ses exceptionnels tapis de mosa\u00efques polychromes, qui [&hellip;]\" \/>\n<meta property=\"og:url\" content=\"https:\/\/batijournal.com\/index.php\/restauration-mosaiques-de-villa-de-seviac\/95694\/\" \/>\n<meta property=\"og:site_name\" content=\"Batijournal\" \/>\n<meta property=\"article:published_time\" content=\"2017-04-12T06:55:15+00:00\" \/>\n<meta property=\"article:modified_time\" content=\"2019-07-15T09:15:57+00:00\" \/>\n<meta property=\"og:image\" content=\"https:\/\/batijournal.com\/wp-content\/uploads\/2017\/04\/mosaique-Villa-de-Seviac-Montreal-du-Gers.png\" \/>\n\t<meta property=\"og:image:width\" content=\"1211\" \/>\n\t<meta property=\"og:image:height\" content=\"626\" \/>\n\t<meta property=\"og:image:type\" content=\"image\/png\" \/>\n<meta name=\"author\" content=\"St\u00e9phane Miget\" \/>\n<meta name=\"twitter:card\" content=\"summary_large_image\" \/>\n<meta name=\"twitter:creator\" content=\"@bati_journal\" \/>\n<meta name=\"twitter:site\" content=\"@bati_journal\" \/>\n<meta name=\"twitter:label1\" content=\"\u00c9crit par\" \/>\n\t<meta name=\"twitter:data1\" content=\"St\u00e9phane Miget\" \/>\n\t<meta name=\"twitter:label2\" content=\"Dur\u00e9e de lecture estim\u00e9e\" \/>\n\t<meta name=\"twitter:data2\" content=\"2 minutes\" \/>\n<script type=\"application\/ld+json\" class=\"yoast-schema-graph\">{\"@context\":\"https:\\\/\\\/schema.org\",\"@graph\":[{\"@type\":\"Article\",\"@id\":\"https:\\\/\\\/batijournal.com\\\/index.php\\\/restauration-mosaiques-de-villa-de-seviac\\\/95694\\\/#article\",\"isPartOf\":{\"@id\":\"https:\\\/\\\/batijournal.com\\\/index.php\\\/restauration-mosaiques-de-villa-de-seviac\\\/95694\\\/\"},\"author\":{\"name\":\"St\u00e9phane Miget\",\"@id\":\"https:\\\/\\\/batijournal.com\\\/#\\\/schema\\\/person\\\/1dc96ec6957aa1ccb25ebe78bb19f100\"},\"headline\":\"Restauration des mosa\u00efques de la Villa de S\u00e9viac\",\"datePublished\":\"2017-04-12T06:55:15+00:00\",\"dateModified\":\"2019-07-15T09:15:57+00:00\",\"mainEntityOfPage\":{\"@id\":\"https:\\\/\\\/batijournal.com\\\/index.php\\\/restauration-mosaiques-de-villa-de-seviac\\\/95694\\\/\"},\"wordCount\":318,\"image\":{\"@id\":\"https:\\\/\\\/batijournal.com\\\/index.php\\\/restauration-mosaiques-de-villa-de-seviac\\\/95694\\\/#primaryimage\"},\"thumbnailUrl\":\"https:\\\/\\\/batijournal.com\\\/wp-content\\\/uploads\\\/2017\\\/04\\\/mosaique-Villa-de-Seviac-Montreal-du-Gers.png\",\"keywords\":[\"monuments historiques\"],\"articleSection\":[\"Actualit\u00e9s\",\"Architecture &amp; Conception\"],\"inLanguage\":\"fr-FR\"},{\"@type\":\"WebPage\",\"@id\":\"https:\\\/\\\/batijournal.com\\\/index.php\\\/restauration-mosaiques-de-villa-de-seviac\\\/95694\\\/\",\"url\":\"https:\\\/\\\/batijournal.com\\\/index.php\\\/restauration-mosaiques-de-villa-de-seviac\\\/95694\\\/\",\"name\":\"Restauration des mosa\u00efques de la Villa de S\u00e9viac\",\"isPartOf\":{\"@id\":\"https:\\\/\\\/batijournal.com\\\/#website\"},\"primaryImageOfPage\":{\"@id\":\"https:\\\/\\\/batijournal.com\\\/index.php\\\/restauration-mosaiques-de-villa-de-seviac\\\/95694\\\/#primaryimage\"},\"image\":{\"@id\":\"https:\\\/\\\/batijournal.com\\\/index.php\\\/restauration-mosaiques-de-villa-de-seviac\\\/95694\\\/#primaryimage\"},\"thumbnailUrl\":\"https:\\\/\\\/batijournal.com\\\/wp-content\\\/uploads\\\/2017\\\/04\\\/mosaique-Villa-de-Seviac-Montreal-du-Gers.png\",\"datePublished\":\"2017-04-12T06:55:15+00:00\",\"dateModified\":\"2019-07-15T09:15:57+00:00\",\"author\":{\"@id\":\"https:\\\/\\\/batijournal.com\\\/#\\\/schema\\\/person\\\/1dc96ec6957aa1ccb25ebe78bb19f100\"},\"breadcrumb\":{\"@id\":\"https:\\\/\\\/batijournal.com\\\/index.php\\\/restauration-mosaiques-de-villa-de-seviac\\\/95694\\\/#breadcrumb\"},\"inLanguage\":\"fr-FR\",\"potentialAction\":[{\"@type\":\"ReadAction\",\"target\":[\"https:\\\/\\\/batijournal.com\\\/index.php\\\/restauration-mosaiques-de-villa-de-seviac\\\/95694\\\/\"]}]},{\"@type\":\"ImageObject\",\"inLanguage\":\"fr-FR\",\"@id\":\"https:\\\/\\\/batijournal.com\\\/index.php\\\/restauration-mosaiques-de-villa-de-seviac\\\/95694\\\/#primaryimage\",\"url\":\"https:\\\/\\\/batijournal.com\\\/wp-content\\\/uploads\\\/2017\\\/04\\\/mosaique-Villa-de-Seviac-Montreal-du-Gers.png\",\"contentUrl\":\"https:\\\/\\\/batijournal.com\\\/wp-content\\\/uploads\\\/2017\\\/04\\\/mosaique-Villa-de-Seviac-Montreal-du-Gers.png\",\"width\":1211,\"height\":626},{\"@type\":\"BreadcrumbList\",\"@id\":\"https:\\\/\\\/batijournal.com\\\/index.php\\\/restauration-mosaiques-de-villa-de-seviac\\\/95694\\\/#breadcrumb\",\"itemListElement\":[{\"@type\":\"ListItem\",\"position\":1,\"name\":\"Accueil\",\"item\":\"https:\\\/\\\/batijournal.com\\\/\"},{\"@type\":\"ListItem\",\"position\":2,\"name\":\"Actualit\u00e9s\",\"item\":\"https:\\\/\\\/batijournal.com\\\/index.php\\\/category\\\/actualites\\\/\"},{\"@type\":\"ListItem\",\"position\":3,\"name\":\"Architecture &amp; Conception\",\"item\":\"https:\\\/\\\/batijournal.com\\\/index.php\\\/category\\\/actualites\\\/architecture-conception\\\/\"},{\"@type\":\"ListItem\",\"position\":4,\"name\":\"Restauration des mosa\u00efques de la Villa de S\u00e9viac\"}]},{\"@type\":\"WebSite\",\"@id\":\"https:\\\/\\\/batijournal.com\\\/#website\",\"url\":\"https:\\\/\\\/batijournal.com\\\/\",\"name\":\"Batijournal\",\"description\":\"L&#039;actualit\u00e9 du b\u00e2timent\",\"potentialAction\":[{\"@type\":\"SearchAction\",\"target\":{\"@type\":\"EntryPoint\",\"urlTemplate\":\"https:\\\/\\\/batijournal.com\\\/?s={search_term_string}\"},\"query-input\":{\"@type\":\"PropertyValueSpecification\",\"valueRequired\":true,\"valueName\":\"search_term_string\"}}],\"inLanguage\":\"fr-FR\"},{\"@type\":\"Person\",\"@id\":\"https:\\\/\\\/batijournal.com\\\/#\\\/schema\\\/person\\\/1dc96ec6957aa1ccb25ebe78bb19f100\",\"name\":\"St\u00e9phane Miget\",\"image\":{\"@type\":\"ImageObject\",\"inLanguage\":\"fr-FR\",\"@id\":\"https:\\\/\\\/secure.gravatar.com\\\/avatar\\\/89915563d925342126b8ef0281b93d9d7fc337043e8df017f780908eb9644451?s=96&d=mm&r=g\",\"url\":\"https:\\\/\\\/secure.gravatar.com\\\/avatar\\\/89915563d925342126b8ef0281b93d9d7fc337043e8df017f780908eb9644451?s=96&d=mm&r=g\",\"contentUrl\":\"https:\\\/\\\/secure.gravatar.com\\\/avatar\\\/89915563d925342126b8ef0281b93d9d7fc337043e8df017f780908eb9644451?s=96&d=mm&r=g\",\"caption\":\"St\u00e9phane Miget\"},\"url\":\"https:\\\/\\\/batijournal.com\\\/index.php\\\/author\\\/stephane\\\/\"}]}<\/script>\n<!-- \/ Yoast SEO plugin. -->","yoast_head_json":{"title":"Restauration des mosa\u00efques de la Villa de S\u00e9viac","robots":{"index":"index","follow":"follow","max-snippet":"max-snippet:-1","max-image-preview":"max-image-preview:large","max-video-preview":"max-video-preview:-1"},"canonical":"https:\/\/batijournal.com\/index.php\/restauration-mosaiques-de-villa-de-seviac\/95694\/","og_locale":"fr_FR","og_type":"article","og_title":"Restauration des mosa\u00efques de la Villa de S\u00e9viac","og_description":"Class\u00e9e Monument Historique, la Villa de S\u00e9viac \u00e0 Montr\u00e9al du Gers, est une des plus vastes et luxueuses r\u00e9sidences du Sud-ouest de la Gaule. Ce palais rural monumental du Bas-Empire romain de 6 500 m2 doit sa c\u00e9l\u00e9brit\u00e9 \u00e0 ses vastes thermes (bains priv\u00e9s de 500 m2) et ses exceptionnels tapis de mosa\u00efques polychromes, qui [&hellip;]","og_url":"https:\/\/batijournal.com\/index.php\/restauration-mosaiques-de-villa-de-seviac\/95694\/","og_site_name":"Batijournal","article_published_time":"2017-04-12T06:55:15+00:00","article_modified_time":"2019-07-15T09:15:57+00:00","og_image":[{"width":1211,"height":626,"url":"https:\/\/batijournal.com\/wp-content\/uploads\/2017\/04\/mosaique-Villa-de-Seviac-Montreal-du-Gers.png","type":"image\/png"}],"author":"St\u00e9phane Miget","twitter_card":"summary_large_image","twitter_creator":"@bati_journal","twitter_site":"@bati_journal","twitter_misc":{"\u00c9crit par":"St\u00e9phane Miget","Dur\u00e9e de lecture estim\u00e9e":"2 minutes"},"schema":{"@context":"https:\/\/schema.org","@graph":[{"@type":"Article","@id":"https:\/\/batijournal.com\/index.php\/restauration-mosaiques-de-villa-de-seviac\/95694\/#article","isPartOf":{"@id":"https:\/\/batijournal.com\/index.php\/restauration-mosaiques-de-villa-de-seviac\/95694\/"},"author":{"name":"St\u00e9phane Miget","@id":"https:\/\/batijournal.com\/#\/schema\/person\/1dc96ec6957aa1ccb25ebe78bb19f100"},"headline":"Restauration des mosa\u00efques de la Villa de S\u00e9viac","datePublished":"2017-04-12T06:55:15+00:00","dateModified":"2019-07-15T09:15:57+00:00","mainEntityOfPage":{"@id":"https:\/\/batijournal.com\/index.php\/restauration-mosaiques-de-villa-de-seviac\/95694\/"},"wordCount":318,"image":{"@id":"https:\/\/batijournal.com\/index.php\/restauration-mosaiques-de-villa-de-seviac\/95694\/#primaryimage"},"thumbnailUrl":"https:\/\/batijournal.com\/wp-content\/uploads\/2017\/04\/mosaique-Villa-de-Seviac-Montreal-du-Gers.png","keywords":["monuments historiques"],"articleSection":["Actualit\u00e9s","Architecture &amp; Conception"],"inLanguage":"fr-FR"},{"@type":"WebPage","@id":"https:\/\/batijournal.com\/index.php\/restauration-mosaiques-de-villa-de-seviac\/95694\/","url":"https:\/\/batijournal.com\/index.php\/restauration-mosaiques-de-villa-de-seviac\/95694\/","name":"Restauration des mosa\u00efques de la Villa de S\u00e9viac","isPartOf":{"@id":"https:\/\/batijournal.com\/#website"},"primaryImageOfPage":{"@id":"https:\/\/batijournal.com\/index.php\/restauration-mosaiques-de-villa-de-seviac\/95694\/#primaryimage"},"image":{"@id":"https:\/\/batijournal.com\/index.php\/restauration-mosaiques-de-villa-de-seviac\/95694\/#primaryimage"},"thumbnailUrl":"https:\/\/batijournal.com\/wp-content\/uploads\/2017\/04\/mosaique-Villa-de-Seviac-Montreal-du-Gers.png","datePublished":"2017-04-12T06:55:15+00:00","dateModified":"2019-07-15T09:15:57+00:00","author":{"@id":"https:\/\/batijournal.com\/#\/schema\/person\/1dc96ec6957aa1ccb25ebe78bb19f100"},"breadcrumb":{"@id":"https:\/\/batijournal.com\/index.php\/restauration-mosaiques-de-villa-de-seviac\/95694\/#breadcrumb"},"inLanguage":"fr-FR","potentialAction":[{"@type":"ReadAction","target":["https:\/\/batijournal.com\/index.php\/restauration-mosaiques-de-villa-de-seviac\/95694\/"]}]},{"@type":"ImageObject","inLanguage":"fr-FR","@id":"https:\/\/batijournal.com\/index.php\/restauration-mosaiques-de-villa-de-seviac\/95694\/#primaryimage","url":"https:\/\/batijournal.com\/wp-content\/uploads\/2017\/04\/mosaique-Villa-de-Seviac-Montreal-du-Gers.png","contentUrl":"https:\/\/batijournal.com\/wp-content\/uploads\/2017\/04\/mosaique-Villa-de-Seviac-Montreal-du-Gers.png","width":1211,"height":626},{"@type":"BreadcrumbList","@id":"https:\/\/batijournal.com\/index.php\/restauration-mosaiques-de-villa-de-seviac\/95694\/#breadcrumb","itemListElement":[{"@type":"ListItem","position":1,"name":"Accueil","item":"https:\/\/batijournal.com\/"},{"@type":"ListItem","position":2,"name":"Actualit\u00e9s","item":"https:\/\/batijournal.com\/index.php\/category\/actualites\/"},{"@type":"ListItem","position":3,"name":"Architecture &amp; Conception","item":"https:\/\/batijournal.com\/index.php\/category\/actualites\/architecture-conception\/"},{"@type":"ListItem","position":4,"name":"Restauration des mosa\u00efques de la Villa de S\u00e9viac"}]},{"@type":"WebSite","@id":"https:\/\/batijournal.com\/#website","url":"https:\/\/batijournal.com\/","name":"Batijournal","description":"L&#039;actualit\u00e9 du b\u00e2timent","potentialAction":[{"@type":"SearchAction","target":{"@type":"EntryPoint","urlTemplate":"https:\/\/batijournal.com\/?s={search_term_string}"},"query-input":{"@type":"PropertyValueSpecification","valueRequired":true,"valueName":"search_term_string"}}],"inLanguage":"fr-FR"},{"@type":"Person","@id":"https:\/\/batijournal.com\/#\/schema\/person\/1dc96ec6957aa1ccb25ebe78bb19f100","name":"St\u00e9phane Miget","image":{"@type":"ImageObject","inLanguage":"fr-FR","@id":"https:\/\/secure.gravatar.com\/avatar\/89915563d925342126b8ef0281b93d9d7fc337043e8df017f780908eb9644451?s=96&d=mm&r=g","url":"https:\/\/secure.gravatar.com\/avatar\/89915563d925342126b8ef0281b93d9d7fc337043e8df017f780908eb9644451?s=96&d=mm&r=g","contentUrl":"https:\/\/secure.gravatar.com\/avatar\/89915563d925342126b8ef0281b93d9d7fc337043e8df017f780908eb9644451?s=96&d=mm&r=g","caption":"St\u00e9phane Miget"},"url":"https:\/\/batijournal.com\/index.php\/author\/stephane\/"}]}},"_links":{"self":[{"href":"https:\/\/batijournal.com\/index.php\/wp-json\/wp\/v2\/posts\/95694","targetHints":{"allow":["GET"]}}],"collection":[{"href":"https:\/\/batijournal.com\/index.php\/wp-json\/wp\/v2\/posts"}],"about":[{"href":"https:\/\/batijournal.com\/index.php\/wp-json\/wp\/v2\/types\/post"}],"author":[{"embeddable":true,"href":"https:\/\/batijournal.com\/index.php\/wp-json\/wp\/v2\/users\/17"}],"replies":[{"embeddable":true,"href":"https:\/\/batijournal.com\/index.php\/wp-json\/wp\/v2\/comments?post=95694"}],"version-history":[{"count":0,"href":"https:\/\/batijournal.com\/index.php\/wp-json\/wp\/v2\/posts\/95694\/revisions"}],"wp:featuredmedia":[{"embeddable":true,"href":"https:\/\/batijournal.com\/index.php\/wp-json\/wp\/v2\/media\/95695"}],"wp:attachment":[{"href":"https:\/\/batijournal.com\/index.php\/wp-json\/wp\/v2\/media?parent=95694"}],"wp:term":[{"taxonomy":"category","embeddable":true,"href":"https:\/\/batijournal.com\/index.php\/wp-json\/wp\/v2\/categories?post=95694"},{"taxonomy":"post_tag","embeddable":true,"href":"https:\/\/batijournal.com\/index.php\/wp-json\/wp\/v2\/tags?post=95694"}],"curies":[{"name":"wp","href":"https:\/\/api.w.org\/{rel}","templated":true}]}}