{"id":95714,"date":"2017-04-12T18:13:32","date_gmt":"2017-04-12T16:13:32","guid":{"rendered":"http:\/\/batijournal.com\/?p=95714"},"modified":"2019-07-15T12:07:12","modified_gmt":"2019-07-15T10:07:12","slug":"lagence-colas-chablais-sengage-reinsertion-jeunes-chantier-ecole","status":"publish","type":"post","link":"https:\/\/batijournal.com\/index.php\/lagence-colas-chablais-sengage-reinsertion-jeunes-chantier-ecole\/95714\/","title":{"rendered":"L\u2019agence Colas Chablais s\u2019engage pour la r\u00e9insertion des jeunes sur un chantier-\u00e9cole"},"content":{"rendered":"<p>L\u2019agence Colas Chablais s\u2019engage pour la r\u00e9insertion des jeunes en difficult\u00e9, en partenariat avec les services de la R\u00e9gion Auvergne Rh\u00f4ne-Alpes, la mairie de Perrignier (Haute-Savoie) et les soci\u00e9t\u00e9s d\u2019int\u00e9rim locales. Ce chantier-\u00e9cole, sur un terrain de 2 000 m2, permet l\u2019insertion de jeunes en difficult\u00e9 professionnelle par la formation, via un contrat de professionnalisation. B\u00e2tis pour Colas, en partenariat avec le service de formation Aftral, les modules dispens\u00e9s correspondent \u00e0 des besoins sp\u00e9cifiques de l\u2019entreprise. Au programme : s\u00e9curit\u00e9 (habilitation \u00e9lectrique H0B0, Certificat d\u2019aptitude \u00e0 la conduite en s\u00e9curit\u00e9, programme Sauveteur-secouriste du travail&#8230;), th\u00e9orie et comp\u00e9tences en ma\u00e7onnerie, tirage au r\u00e2teau et conduite de cylindre, savoir-\u00eatre. \u00c0 l\u2019issue des deux mois d\u2019apprentissage, ces formations permettront \u00e0 20 personnes d\u2019obtenir un dipl\u00f4me ainsi qu\u2019un contrat de six mois minimum chez Colas Rh\u00f4ne-Alpes Auvergne.<\/p>\n","protected":false},"excerpt":{"rendered":"<p>L\u2019agence Colas Chablais s\u2019engage pour la r\u00e9insertion des jeunes en difficult\u00e9, en partenariat avec les services de la R\u00e9gion Auvergne Rh\u00f4ne-Alpes, la mairie de Perrignier (Haute-Savoie) et les soci\u00e9t\u00e9s d\u2019int\u00e9rim locales. Ce chantier-\u00e9cole, sur un terrain de 2 000 m2, permet l\u2019insertion de jeunes en difficult\u00e9 professionnelle par la formation, via un contrat de professionnalisation. [&hellip;]<\/p>\n","protected":false},"author":17,"featured_media":95715,"comment_status":"closed","ping_status":"closed","sticky":false,"template":"","format":"standard","meta":{"_et_pb_use_builder":"","_et_pb_old_content":"","_et_gb_content_width":"","footnotes":""},"categories":[10530,6345],"tags":[517],"class_list":["post-95714","post","type-post","status-publish","format-standard","has-post-thumbnail","hentry","category-actualites","category-economie-marches","tag-formation"],"yoast_head":"<!-- This site is optimized with the Yoast SEO plugin v27.4 - https:\/\/yoast.com\/product\/yoast-seo-wordpress\/ -->\n<title>L\u2019agence Colas Chablais s\u2019engage pour la r\u00e9insertion des jeunes sur un chantier-\u00e9cole<\/title>\n<meta name=\"robots\" content=\"index, follow, max-snippet:-1, max-image-preview:large, max-video-preview:-1\" \/>\n<link rel=\"canonical\" href=\"https:\/\/batijournal.com\/index.php\/lagence-colas-chablais-sengage-reinsertion-jeunes-chantier-ecole\/95714\/\" \/>\n<meta property=\"og:locale\" content=\"fr_FR\" \/>\n<meta property=\"og:type\" content=\"article\" \/>\n<meta property=\"og:title\" content=\"L\u2019agence Colas Chablais s\u2019engage pour la r\u00e9insertion des jeunes sur un chantier-\u00e9cole\" \/>\n<meta property=\"og:description\" content=\"L\u2019agence Colas Chablais s\u2019engage pour la r\u00e9insertion des jeunes en difficult\u00e9, en partenariat avec les services de la R\u00e9gion Auvergne Rh\u00f4ne-Alpes, la mairie de Perrignier (Haute-Savoie) et les soci\u00e9t\u00e9s d\u2019int\u00e9rim locales. Ce chantier-\u00e9cole, sur un terrain de 2 000 m2, permet l\u2019insertion de jeunes en difficult\u00e9 professionnelle par la formation, via un contrat de professionnalisation. [&hellip;]\" \/>\n<meta property=\"og:url\" content=\"https:\/\/batijournal.com\/index.php\/lagence-colas-chablais-sengage-reinsertion-jeunes-chantier-ecole\/95714\/\" \/>\n<meta property=\"og:site_name\" content=\"Batijournal\" \/>\n<meta property=\"article:published_time\" content=\"2017-04-12T16:13:32+00:00\" \/>\n<meta property=\"article:modified_time\" content=\"2019-07-15T10:07:12+00:00\" \/>\n<meta property=\"og:image\" content=\"https:\/\/batijournal.com\/wp-content\/uploads\/2017\/04\/chantier-ecole-colas-1024x576.jpg\" \/>\n\t<meta property=\"og:image:width\" content=\"1024\" \/>\n\t<meta property=\"og:image:height\" content=\"576\" \/>\n\t<meta property=\"og:image:type\" content=\"image\/jpeg\" \/>\n<meta name=\"author\" content=\"St\u00e9phane Miget\" \/>\n<meta name=\"twitter:card\" content=\"summary_large_image\" \/>\n<meta name=\"twitter:creator\" content=\"@bati_journal\" \/>\n<meta name=\"twitter:site\" content=\"@bati_journal\" \/>\n<meta name=\"twitter:label1\" content=\"\u00c9crit par\" \/>\n\t<meta name=\"twitter:data1\" content=\"St\u00e9phane Miget\" \/>\n\t<meta name=\"twitter:label2\" content=\"Dur\u00e9e de lecture estim\u00e9e\" \/>\n\t<meta name=\"twitter:data2\" content=\"1 minute\" \/>\n<script type=\"application\/ld+json\" class=\"yoast-schema-graph\">{\"@context\":\"https:\\\/\\\/schema.org\",\"@graph\":[{\"@type\":\"Article\",\"@id\":\"https:\\\/\\\/batijournal.com\\\/index.php\\\/lagence-colas-chablais-sengage-reinsertion-jeunes-chantier-ecole\\\/95714\\\/#article\",\"isPartOf\":{\"@id\":\"https:\\\/\\\/batijournal.com\\\/index.php\\\/lagence-colas-chablais-sengage-reinsertion-jeunes-chantier-ecole\\\/95714\\\/\"},\"author\":{\"name\":\"St\u00e9phane Miget\",\"@id\":\"https:\\\/\\\/batijournal.com\\\/#\\\/schema\\\/person\\\/1dc96ec6957aa1ccb25ebe78bb19f100\"},\"headline\":\"L\u2019agence Colas Chablais s\u2019engage pour la r\u00e9insertion des jeunes sur un chantier-\u00e9cole\",\"datePublished\":\"2017-04-12T16:13:32+00:00\",\"dateModified\":\"2019-07-15T10:07:12+00:00\",\"mainEntityOfPage\":{\"@id\":\"https:\\\/\\\/batijournal.com\\\/index.php\\\/lagence-colas-chablais-sengage-reinsertion-jeunes-chantier-ecole\\\/95714\\\/\"},\"wordCount\":171,\"image\":{\"@id\":\"https:\\\/\\\/batijournal.com\\\/index.php\\\/lagence-colas-chablais-sengage-reinsertion-jeunes-chantier-ecole\\\/95714\\\/#primaryimage\"},\"thumbnailUrl\":\"https:\\\/\\\/batijournal.com\\\/wp-content\\\/uploads\\\/2017\\\/04\\\/chantier-ecole-colas.jpg\",\"keywords\":[\"formation\"],\"articleSection\":[\"Actualit\u00e9s\",\"\u00c9conomie &amp; March\u00e9s\"],\"inLanguage\":\"fr-FR\"},{\"@type\":\"WebPage\",\"@id\":\"https:\\\/\\\/batijournal.com\\\/index.php\\\/lagence-colas-chablais-sengage-reinsertion-jeunes-chantier-ecole\\\/95714\\\/\",\"url\":\"https:\\\/\\\/batijournal.com\\\/index.php\\\/lagence-colas-chablais-sengage-reinsertion-jeunes-chantier-ecole\\\/95714\\\/\",\"name\":\"L\u2019agence Colas Chablais s\u2019engage pour la r\u00e9insertion des jeunes sur un chantier-\u00e9cole\",\"isPartOf\":{\"@id\":\"https:\\\/\\\/batijournal.com\\\/#website\"},\"primaryImageOfPage\":{\"@id\":\"https:\\\/\\\/batijournal.com\\\/index.php\\\/lagence-colas-chablais-sengage-reinsertion-jeunes-chantier-ecole\\\/95714\\\/#primaryimage\"},\"image\":{\"@id\":\"https:\\\/\\\/batijournal.com\\\/index.php\\\/lagence-colas-chablais-sengage-reinsertion-jeunes-chantier-ecole\\\/95714\\\/#primaryimage\"},\"thumbnailUrl\":\"https:\\\/\\\/batijournal.com\\\/wp-content\\\/uploads\\\/2017\\\/04\\\/chantier-ecole-colas.jpg\",\"datePublished\":\"2017-04-12T16:13:32+00:00\",\"dateModified\":\"2019-07-15T10:07:12+00:00\",\"author\":{\"@id\":\"https:\\\/\\\/batijournal.com\\\/#\\\/schema\\\/person\\\/1dc96ec6957aa1ccb25ebe78bb19f100\"},\"breadcrumb\":{\"@id\":\"https:\\\/\\\/batijournal.com\\\/index.php\\\/lagence-colas-chablais-sengage-reinsertion-jeunes-chantier-ecole\\\/95714\\\/#breadcrumb\"},\"inLanguage\":\"fr-FR\",\"potentialAction\":[{\"@type\":\"ReadAction\",\"target\":[\"https:\\\/\\\/batijournal.com\\\/index.php\\\/lagence-colas-chablais-sengage-reinsertion-jeunes-chantier-ecole\\\/95714\\\/\"]}]},{\"@type\":\"ImageObject\",\"inLanguage\":\"fr-FR\",\"@id\":\"https:\\\/\\\/batijournal.com\\\/index.php\\\/lagence-colas-chablais-sengage-reinsertion-jeunes-chantier-ecole\\\/95714\\\/#primaryimage\",\"url\":\"https:\\\/\\\/batijournal.com\\\/wp-content\\\/uploads\\\/2017\\\/04\\\/chantier-ecole-colas.jpg\",\"contentUrl\":\"https:\\\/\\\/batijournal.com\\\/wp-content\\\/uploads\\\/2017\\\/04\\\/chantier-ecole-colas.jpg\",\"width\":4128,\"height\":2322},{\"@type\":\"BreadcrumbList\",\"@id\":\"https:\\\/\\\/batijournal.com\\\/index.php\\\/lagence-colas-chablais-sengage-reinsertion-jeunes-chantier-ecole\\\/95714\\\/#breadcrumb\",\"itemListElement\":[{\"@type\":\"ListItem\",\"position\":1,\"name\":\"Accueil\",\"item\":\"https:\\\/\\\/batijournal.com\\\/\"},{\"@type\":\"ListItem\",\"position\":2,\"name\":\"Actualit\u00e9s\",\"item\":\"https:\\\/\\\/batijournal.com\\\/index.php\\\/category\\\/actualites\\\/\"},{\"@type\":\"ListItem\",\"position\":3,\"name\":\"\u00c9conomie &amp; March\u00e9s\",\"item\":\"https:\\\/\\\/batijournal.com\\\/index.php\\\/category\\\/actualites\\\/economie-marches\\\/\"},{\"@type\":\"ListItem\",\"position\":4,\"name\":\"L\u2019agence Colas Chablais s\u2019engage pour la r\u00e9insertion des jeunes sur un chantier-\u00e9cole\"}]},{\"@type\":\"WebSite\",\"@id\":\"https:\\\/\\\/batijournal.com\\\/#website\",\"url\":\"https:\\\/\\\/batijournal.com\\\/\",\"name\":\"Batijournal\",\"description\":\"L&#039;actualit\u00e9 du b\u00e2timent\",\"potentialAction\":[{\"@type\":\"SearchAction\",\"target\":{\"@type\":\"EntryPoint\",\"urlTemplate\":\"https:\\\/\\\/batijournal.com\\\/?s={search_term_string}\"},\"query-input\":{\"@type\":\"PropertyValueSpecification\",\"valueRequired\":true,\"valueName\":\"search_term_string\"}}],\"inLanguage\":\"fr-FR\"},{\"@type\":\"Person\",\"@id\":\"https:\\\/\\\/batijournal.com\\\/#\\\/schema\\\/person\\\/1dc96ec6957aa1ccb25ebe78bb19f100\",\"name\":\"St\u00e9phane Miget\",\"image\":{\"@type\":\"ImageObject\",\"inLanguage\":\"fr-FR\",\"@id\":\"https:\\\/\\\/secure.gravatar.com\\\/avatar\\\/89915563d925342126b8ef0281b93d9d7fc337043e8df017f780908eb9644451?s=96&d=mm&r=g\",\"url\":\"https:\\\/\\\/secure.gravatar.com\\\/avatar\\\/89915563d925342126b8ef0281b93d9d7fc337043e8df017f780908eb9644451?s=96&d=mm&r=g\",\"contentUrl\":\"https:\\\/\\\/secure.gravatar.com\\\/avatar\\\/89915563d925342126b8ef0281b93d9d7fc337043e8df017f780908eb9644451?s=96&d=mm&r=g\",\"caption\":\"St\u00e9phane Miget\"},\"url\":\"https:\\\/\\\/batijournal.com\\\/index.php\\\/author\\\/stephane\\\/\"}]}<\/script>\n<!-- \/ Yoast SEO plugin. -->","yoast_head_json":{"title":"L\u2019agence Colas Chablais s\u2019engage pour la r\u00e9insertion des jeunes sur un chantier-\u00e9cole","robots":{"index":"index","follow":"follow","max-snippet":"max-snippet:-1","max-image-preview":"max-image-preview:large","max-video-preview":"max-video-preview:-1"},"canonical":"https:\/\/batijournal.com\/index.php\/lagence-colas-chablais-sengage-reinsertion-jeunes-chantier-ecole\/95714\/","og_locale":"fr_FR","og_type":"article","og_title":"L\u2019agence Colas Chablais s\u2019engage pour la r\u00e9insertion des jeunes sur un chantier-\u00e9cole","og_description":"L\u2019agence Colas Chablais s\u2019engage pour la r\u00e9insertion des jeunes en difficult\u00e9, en partenariat avec les services de la R\u00e9gion Auvergne Rh\u00f4ne-Alpes, la mairie de Perrignier (Haute-Savoie) et les soci\u00e9t\u00e9s d\u2019int\u00e9rim locales. Ce chantier-\u00e9cole, sur un terrain de 2 000 m2, permet l\u2019insertion de jeunes en difficult\u00e9 professionnelle par la formation, via un contrat de professionnalisation. [&hellip;]","og_url":"https:\/\/batijournal.com\/index.php\/lagence-colas-chablais-sengage-reinsertion-jeunes-chantier-ecole\/95714\/","og_site_name":"Batijournal","article_published_time":"2017-04-12T16:13:32+00:00","article_modified_time":"2019-07-15T10:07:12+00:00","og_image":[{"width":1024,"height":576,"url":"https:\/\/batijournal.com\/wp-content\/uploads\/2017\/04\/chantier-ecole-colas-1024x576.jpg","type":"image\/jpeg"}],"author":"St\u00e9phane Miget","twitter_card":"summary_large_image","twitter_creator":"@bati_journal","twitter_site":"@bati_journal","twitter_misc":{"\u00c9crit par":"St\u00e9phane Miget","Dur\u00e9e de lecture estim\u00e9e":"1 minute"},"schema":{"@context":"https:\/\/schema.org","@graph":[{"@type":"Article","@id":"https:\/\/batijournal.com\/index.php\/lagence-colas-chablais-sengage-reinsertion-jeunes-chantier-ecole\/95714\/#article","isPartOf":{"@id":"https:\/\/batijournal.com\/index.php\/lagence-colas-chablais-sengage-reinsertion-jeunes-chantier-ecole\/95714\/"},"author":{"name":"St\u00e9phane Miget","@id":"https:\/\/batijournal.com\/#\/schema\/person\/1dc96ec6957aa1ccb25ebe78bb19f100"},"headline":"L\u2019agence Colas Chablais s\u2019engage pour la r\u00e9insertion des jeunes sur un chantier-\u00e9cole","datePublished":"2017-04-12T16:13:32+00:00","dateModified":"2019-07-15T10:07:12+00:00","mainEntityOfPage":{"@id":"https:\/\/batijournal.com\/index.php\/lagence-colas-chablais-sengage-reinsertion-jeunes-chantier-ecole\/95714\/"},"wordCount":171,"image":{"@id":"https:\/\/batijournal.com\/index.php\/lagence-colas-chablais-sengage-reinsertion-jeunes-chantier-ecole\/95714\/#primaryimage"},"thumbnailUrl":"https:\/\/batijournal.com\/wp-content\/uploads\/2017\/04\/chantier-ecole-colas.jpg","keywords":["formation"],"articleSection":["Actualit\u00e9s","\u00c9conomie &amp; March\u00e9s"],"inLanguage":"fr-FR"},{"@type":"WebPage","@id":"https:\/\/batijournal.com\/index.php\/lagence-colas-chablais-sengage-reinsertion-jeunes-chantier-ecole\/95714\/","url":"https:\/\/batijournal.com\/index.php\/lagence-colas-chablais-sengage-reinsertion-jeunes-chantier-ecole\/95714\/","name":"L\u2019agence Colas Chablais s\u2019engage pour la r\u00e9insertion des jeunes sur un chantier-\u00e9cole","isPartOf":{"@id":"https:\/\/batijournal.com\/#website"},"primaryImageOfPage":{"@id":"https:\/\/batijournal.com\/index.php\/lagence-colas-chablais-sengage-reinsertion-jeunes-chantier-ecole\/95714\/#primaryimage"},"image":{"@id":"https:\/\/batijournal.com\/index.php\/lagence-colas-chablais-sengage-reinsertion-jeunes-chantier-ecole\/95714\/#primaryimage"},"thumbnailUrl":"https:\/\/batijournal.com\/wp-content\/uploads\/2017\/04\/chantier-ecole-colas.jpg","datePublished":"2017-04-12T16:13:32+00:00","dateModified":"2019-07-15T10:07:12+00:00","author":{"@id":"https:\/\/batijournal.com\/#\/schema\/person\/1dc96ec6957aa1ccb25ebe78bb19f100"},"breadcrumb":{"@id":"https:\/\/batijournal.com\/index.php\/lagence-colas-chablais-sengage-reinsertion-jeunes-chantier-ecole\/95714\/#breadcrumb"},"inLanguage":"fr-FR","potentialAction":[{"@type":"ReadAction","target":["https:\/\/batijournal.com\/index.php\/lagence-colas-chablais-sengage-reinsertion-jeunes-chantier-ecole\/95714\/"]}]},{"@type":"ImageObject","inLanguage":"fr-FR","@id":"https:\/\/batijournal.com\/index.php\/lagence-colas-chablais-sengage-reinsertion-jeunes-chantier-ecole\/95714\/#primaryimage","url":"https:\/\/batijournal.com\/wp-content\/uploads\/2017\/04\/chantier-ecole-colas.jpg","contentUrl":"https:\/\/batijournal.com\/wp-content\/uploads\/2017\/04\/chantier-ecole-colas.jpg","width":4128,"height":2322},{"@type":"BreadcrumbList","@id":"https:\/\/batijournal.com\/index.php\/lagence-colas-chablais-sengage-reinsertion-jeunes-chantier-ecole\/95714\/#breadcrumb","itemListElement":[{"@type":"ListItem","position":1,"name":"Accueil","item":"https:\/\/batijournal.com\/"},{"@type":"ListItem","position":2,"name":"Actualit\u00e9s","item":"https:\/\/batijournal.com\/index.php\/category\/actualites\/"},{"@type":"ListItem","position":3,"name":"\u00c9conomie &amp; March\u00e9s","item":"https:\/\/batijournal.com\/index.php\/category\/actualites\/economie-marches\/"},{"@type":"ListItem","position":4,"name":"L\u2019agence Colas Chablais s\u2019engage pour la r\u00e9insertion des jeunes sur un chantier-\u00e9cole"}]},{"@type":"WebSite","@id":"https:\/\/batijournal.com\/#website","url":"https:\/\/batijournal.com\/","name":"Batijournal","description":"L&#039;actualit\u00e9 du b\u00e2timent","potentialAction":[{"@type":"SearchAction","target":{"@type":"EntryPoint","urlTemplate":"https:\/\/batijournal.com\/?s={search_term_string}"},"query-input":{"@type":"PropertyValueSpecification","valueRequired":true,"valueName":"search_term_string"}}],"inLanguage":"fr-FR"},{"@type":"Person","@id":"https:\/\/batijournal.com\/#\/schema\/person\/1dc96ec6957aa1ccb25ebe78bb19f100","name":"St\u00e9phane Miget","image":{"@type":"ImageObject","inLanguage":"fr-FR","@id":"https:\/\/secure.gravatar.com\/avatar\/89915563d925342126b8ef0281b93d9d7fc337043e8df017f780908eb9644451?s=96&d=mm&r=g","url":"https:\/\/secure.gravatar.com\/avatar\/89915563d925342126b8ef0281b93d9d7fc337043e8df017f780908eb9644451?s=96&d=mm&r=g","contentUrl":"https:\/\/secure.gravatar.com\/avatar\/89915563d925342126b8ef0281b93d9d7fc337043e8df017f780908eb9644451?s=96&d=mm&r=g","caption":"St\u00e9phane Miget"},"url":"https:\/\/batijournal.com\/index.php\/author\/stephane\/"}]}},"_links":{"self":[{"href":"https:\/\/batijournal.com\/index.php\/wp-json\/wp\/v2\/posts\/95714","targetHints":{"allow":["GET"]}}],"collection":[{"href":"https:\/\/batijournal.com\/index.php\/wp-json\/wp\/v2\/posts"}],"about":[{"href":"https:\/\/batijournal.com\/index.php\/wp-json\/wp\/v2\/types\/post"}],"author":[{"embeddable":true,"href":"https:\/\/batijournal.com\/index.php\/wp-json\/wp\/v2\/users\/17"}],"replies":[{"embeddable":true,"href":"https:\/\/batijournal.com\/index.php\/wp-json\/wp\/v2\/comments?post=95714"}],"version-history":[{"count":0,"href":"https:\/\/batijournal.com\/index.php\/wp-json\/wp\/v2\/posts\/95714\/revisions"}],"wp:featuredmedia":[{"embeddable":true,"href":"https:\/\/batijournal.com\/index.php\/wp-json\/wp\/v2\/media\/95715"}],"wp:attachment":[{"href":"https:\/\/batijournal.com\/index.php\/wp-json\/wp\/v2\/media?parent=95714"}],"wp:term":[{"taxonomy":"category","embeddable":true,"href":"https:\/\/batijournal.com\/index.php\/wp-json\/wp\/v2\/categories?post=95714"},{"taxonomy":"post_tag","embeddable":true,"href":"https:\/\/batijournal.com\/index.php\/wp-json\/wp\/v2\/tags?post=95714"}],"curies":[{"name":"wp","href":"https:\/\/api.w.org\/{rel}","templated":true}]}}