{"id":95718,"date":"2017-04-12T18:27:51","date_gmt":"2017-04-12T16:27:51","guid":{"rendered":"http:\/\/batijournal.com\/?p=95718"},"modified":"2019-07-15T12:02:04","modified_gmt":"2019-07-15T10:02:04","slug":"prix-de-limmobilier-ne-globalement-realistes-pres-de-moitie-acheteurs","status":"publish","type":"post","link":"https:\/\/batijournal.com\/index.php\/prix-de-limmobilier-ne-globalement-realistes-pres-de-moitie-acheteurs\/95718\/","title":{"rendered":"Les prix de l&rsquo;immobilier ne sont pas globalement r\u00e9alistes pour pr\u00e8s de la moiti\u00e9 des acheteurs"},"content":{"rendered":"<p>D\u00e9but 2017, 51,3% des candidats \u00e0 l\u2019accession \u00e0 la propri\u00e9t\u00e9 interrog\u00e9s par le Barom\u00e8tre de la n\u00e9gociation immobili\u00e8re ont le sentiment que les prix ne sont pas en phase avec le march\u00e9, ce qui constitue un changement de cap par rapport \u00e0 la fin 2016 o\u00f9 ils \u00e9taient 48,4% \u00e0 partager ce ressenti que les prix ne sont pas globalement r\u00e9alistes. \u00ab Pour 42% des candidats \u00e0 l\u2019accession \u00e0 la propri\u00e9t\u00e9 la hausse des prix se profile dans les prochains mois. Ainsi, les annonces de remont\u00e9e des prix commencent \u00e0 faire leur chemin dans l\u2019esprit des acqu\u00e9reurs et ils portent un regard plus dur sur les prix, leur accordant moins de r\u00e9alisme qu\u2019\u00e0 la fin 2016. \u00bb remarque St\u00e9phanie P\u00e9cault, Responsable des Etudes chez Logic-Immo.com.<\/p>\n<p>Source : Barom\u00e8tre de la n\u00e9gociation immobili\u00e8re Logic-Immo.com et JDN<\/p>\n<p>&nbsp;<\/p>\n","protected":false},"excerpt":{"rendered":"<p>D\u00e9but 2017, 51,3% des candidats \u00e0 l\u2019accession \u00e0 la propri\u00e9t\u00e9 interrog\u00e9s par le Barom\u00e8tre de la n\u00e9gociation immobili\u00e8re ont le sentiment que les prix ne sont pas en phase avec le march\u00e9, ce qui constitue un changement de cap par rapport \u00e0 la fin 2016 o\u00f9 ils \u00e9taient 48,4% \u00e0 partager ce ressenti que les [&hellip;]<\/p>\n","protected":false},"author":17,"featured_media":95719,"comment_status":"closed","ping_status":"closed","sticky":false,"template":"","format":"standard","meta":{"_et_pb_use_builder":"","_et_pb_old_content":"","_et_gb_content_width":"","footnotes":""},"categories":[10736,10530,6345],"tags":[1364],"class_list":["post-95718","post","type-post","status-publish","format-standard","has-post-thumbnail","hentry","category-a-la-une","category-actualites","category-economie-marches","tag-immobilier"],"yoast_head":"<!-- This site is optimized with the Yoast SEO plugin v27.4 - https:\/\/yoast.com\/product\/yoast-seo-wordpress\/ -->\n<title>Les prix de l&#039;immobilier ne sont pas globalement r\u00e9alistes pour pr\u00e8s de la moiti\u00e9 des acheteurs<\/title>\n<meta name=\"robots\" content=\"index, follow, max-snippet:-1, max-image-preview:large, max-video-preview:-1\" \/>\n<link rel=\"canonical\" href=\"https:\/\/batijournal.com\/index.php\/prix-de-limmobilier-ne-globalement-realistes-pres-de-moitie-acheteurs\/95718\/\" \/>\n<meta property=\"og:locale\" content=\"fr_FR\" \/>\n<meta property=\"og:type\" content=\"article\" \/>\n<meta property=\"og:title\" content=\"Les prix de l&#039;immobilier ne sont pas globalement r\u00e9alistes pour pr\u00e8s de la moiti\u00e9 des acheteurs\" \/>\n<meta property=\"og:description\" content=\"D\u00e9but 2017, 51,3% des candidats \u00e0 l\u2019accession \u00e0 la propri\u00e9t\u00e9 interrog\u00e9s par le Barom\u00e8tre de la n\u00e9gociation immobili\u00e8re ont le sentiment que les prix ne sont pas en phase avec le march\u00e9, ce qui constitue un changement de cap par rapport \u00e0 la fin 2016 o\u00f9 ils \u00e9taient 48,4% \u00e0 partager ce ressenti que les [&hellip;]\" \/>\n<meta property=\"og:url\" content=\"https:\/\/batijournal.com\/index.php\/prix-de-limmobilier-ne-globalement-realistes-pres-de-moitie-acheteurs\/95718\/\" \/>\n<meta property=\"og:site_name\" content=\"Batijournal\" \/>\n<meta property=\"article:published_time\" content=\"2017-04-12T16:27:51+00:00\" \/>\n<meta property=\"article:modified_time\" content=\"2019-07-15T10:02:04+00:00\" \/>\n<meta property=\"og:image\" content=\"https:\/\/batijournal.com\/wp-content\/uploads\/2017\/04\/Prix-immobilier.jpg\" \/>\n\t<meta property=\"og:image:width\" content=\"1199\" \/>\n\t<meta property=\"og:image:height\" content=\"937\" \/>\n\t<meta property=\"og:image:type\" content=\"image\/jpeg\" \/>\n<meta name=\"author\" content=\"St\u00e9phane Miget\" \/>\n<meta name=\"twitter:card\" content=\"summary_large_image\" \/>\n<meta name=\"twitter:creator\" content=\"@bati_journal\" \/>\n<meta name=\"twitter:site\" content=\"@bati_journal\" \/>\n<meta name=\"twitter:label1\" content=\"\u00c9crit par\" \/>\n\t<meta name=\"twitter:data1\" content=\"St\u00e9phane Miget\" \/>\n\t<meta name=\"twitter:label2\" content=\"Dur\u00e9e de lecture estim\u00e9e\" \/>\n\t<meta name=\"twitter:data2\" content=\"1 minute\" \/>\n<script type=\"application\/ld+json\" class=\"yoast-schema-graph\">{\"@context\":\"https:\\\/\\\/schema.org\",\"@graph\":[{\"@type\":\"Article\",\"@id\":\"https:\\\/\\\/batijournal.com\\\/index.php\\\/prix-de-limmobilier-ne-globalement-realistes-pres-de-moitie-acheteurs\\\/95718\\\/#article\",\"isPartOf\":{\"@id\":\"https:\\\/\\\/batijournal.com\\\/index.php\\\/prix-de-limmobilier-ne-globalement-realistes-pres-de-moitie-acheteurs\\\/95718\\\/\"},\"author\":{\"name\":\"St\u00e9phane Miget\",\"@id\":\"https:\\\/\\\/batijournal.com\\\/#\\\/schema\\\/person\\\/1dc96ec6957aa1ccb25ebe78bb19f100\"},\"headline\":\"Les prix de l&rsquo;immobilier ne sont pas globalement r\u00e9alistes pour pr\u00e8s de la moiti\u00e9 des acheteurs\",\"datePublished\":\"2017-04-12T16:27:51+00:00\",\"dateModified\":\"2019-07-15T10:02:04+00:00\",\"mainEntityOfPage\":{\"@id\":\"https:\\\/\\\/batijournal.com\\\/index.php\\\/prix-de-limmobilier-ne-globalement-realistes-pres-de-moitie-acheteurs\\\/95718\\\/\"},\"wordCount\":160,\"image\":{\"@id\":\"https:\\\/\\\/batijournal.com\\\/index.php\\\/prix-de-limmobilier-ne-globalement-realistes-pres-de-moitie-acheteurs\\\/95718\\\/#primaryimage\"},\"thumbnailUrl\":\"https:\\\/\\\/batijournal.com\\\/wp-content\\\/uploads\\\/2017\\\/04\\\/Prix-immobilier.jpg\",\"keywords\":[\"immobilier\"],\"articleSection\":[\"A la Une\",\"Actualit\u00e9s\",\"\u00c9conomie &amp; March\u00e9s\"],\"inLanguage\":\"fr-FR\"},{\"@type\":\"WebPage\",\"@id\":\"https:\\\/\\\/batijournal.com\\\/index.php\\\/prix-de-limmobilier-ne-globalement-realistes-pres-de-moitie-acheteurs\\\/95718\\\/\",\"url\":\"https:\\\/\\\/batijournal.com\\\/index.php\\\/prix-de-limmobilier-ne-globalement-realistes-pres-de-moitie-acheteurs\\\/95718\\\/\",\"name\":\"Les prix de l'immobilier ne sont pas globalement r\u00e9alistes pour pr\u00e8s de la moiti\u00e9 des acheteurs\",\"isPartOf\":{\"@id\":\"https:\\\/\\\/batijournal.com\\\/#website\"},\"primaryImageOfPage\":{\"@id\":\"https:\\\/\\\/batijournal.com\\\/index.php\\\/prix-de-limmobilier-ne-globalement-realistes-pres-de-moitie-acheteurs\\\/95718\\\/#primaryimage\"},\"image\":{\"@id\":\"https:\\\/\\\/batijournal.com\\\/index.php\\\/prix-de-limmobilier-ne-globalement-realistes-pres-de-moitie-acheteurs\\\/95718\\\/#primaryimage\"},\"thumbnailUrl\":\"https:\\\/\\\/batijournal.com\\\/wp-content\\\/uploads\\\/2017\\\/04\\\/Prix-immobilier.jpg\",\"datePublished\":\"2017-04-12T16:27:51+00:00\",\"dateModified\":\"2019-07-15T10:02:04+00:00\",\"author\":{\"@id\":\"https:\\\/\\\/batijournal.com\\\/#\\\/schema\\\/person\\\/1dc96ec6957aa1ccb25ebe78bb19f100\"},\"breadcrumb\":{\"@id\":\"https:\\\/\\\/batijournal.com\\\/index.php\\\/prix-de-limmobilier-ne-globalement-realistes-pres-de-moitie-acheteurs\\\/95718\\\/#breadcrumb\"},\"inLanguage\":\"fr-FR\",\"potentialAction\":[{\"@type\":\"ReadAction\",\"target\":[\"https:\\\/\\\/batijournal.com\\\/index.php\\\/prix-de-limmobilier-ne-globalement-realistes-pres-de-moitie-acheteurs\\\/95718\\\/\"]}]},{\"@type\":\"ImageObject\",\"inLanguage\":\"fr-FR\",\"@id\":\"https:\\\/\\\/batijournal.com\\\/index.php\\\/prix-de-limmobilier-ne-globalement-realistes-pres-de-moitie-acheteurs\\\/95718\\\/#primaryimage\",\"url\":\"https:\\\/\\\/batijournal.com\\\/wp-content\\\/uploads\\\/2017\\\/04\\\/Prix-immobilier.jpg\",\"contentUrl\":\"https:\\\/\\\/batijournal.com\\\/wp-content\\\/uploads\\\/2017\\\/04\\\/Prix-immobilier.jpg\",\"width\":1199,\"height\":937},{\"@type\":\"BreadcrumbList\",\"@id\":\"https:\\\/\\\/batijournal.com\\\/index.php\\\/prix-de-limmobilier-ne-globalement-realistes-pres-de-moitie-acheteurs\\\/95718\\\/#breadcrumb\",\"itemListElement\":[{\"@type\":\"ListItem\",\"position\":1,\"name\":\"Accueil\",\"item\":\"https:\\\/\\\/batijournal.com\\\/\"},{\"@type\":\"ListItem\",\"position\":2,\"name\":\"Actualit\u00e9s\",\"item\":\"https:\\\/\\\/batijournal.com\\\/index.php\\\/category\\\/actualites\\\/\"},{\"@type\":\"ListItem\",\"position\":3,\"name\":\"Les prix de l&rsquo;immobilier ne sont pas globalement r\u00e9alistes pour pr\u00e8s de la moiti\u00e9 des acheteurs\"}]},{\"@type\":\"WebSite\",\"@id\":\"https:\\\/\\\/batijournal.com\\\/#website\",\"url\":\"https:\\\/\\\/batijournal.com\\\/\",\"name\":\"Batijournal\",\"description\":\"L&#039;actualit\u00e9 du b\u00e2timent\",\"potentialAction\":[{\"@type\":\"SearchAction\",\"target\":{\"@type\":\"EntryPoint\",\"urlTemplate\":\"https:\\\/\\\/batijournal.com\\\/?s={search_term_string}\"},\"query-input\":{\"@type\":\"PropertyValueSpecification\",\"valueRequired\":true,\"valueName\":\"search_term_string\"}}],\"inLanguage\":\"fr-FR\"},{\"@type\":\"Person\",\"@id\":\"https:\\\/\\\/batijournal.com\\\/#\\\/schema\\\/person\\\/1dc96ec6957aa1ccb25ebe78bb19f100\",\"name\":\"St\u00e9phane Miget\",\"image\":{\"@type\":\"ImageObject\",\"inLanguage\":\"fr-FR\",\"@id\":\"https:\\\/\\\/secure.gravatar.com\\\/avatar\\\/89915563d925342126b8ef0281b93d9d7fc337043e8df017f780908eb9644451?s=96&d=mm&r=g\",\"url\":\"https:\\\/\\\/secure.gravatar.com\\\/avatar\\\/89915563d925342126b8ef0281b93d9d7fc337043e8df017f780908eb9644451?s=96&d=mm&r=g\",\"contentUrl\":\"https:\\\/\\\/secure.gravatar.com\\\/avatar\\\/89915563d925342126b8ef0281b93d9d7fc337043e8df017f780908eb9644451?s=96&d=mm&r=g\",\"caption\":\"St\u00e9phane Miget\"},\"url\":\"https:\\\/\\\/batijournal.com\\\/index.php\\\/author\\\/stephane\\\/\"}]}<\/script>\n<!-- \/ Yoast SEO plugin. -->","yoast_head_json":{"title":"Les prix de l'immobilier ne sont pas globalement r\u00e9alistes pour pr\u00e8s de la moiti\u00e9 des acheteurs","robots":{"index":"index","follow":"follow","max-snippet":"max-snippet:-1","max-image-preview":"max-image-preview:large","max-video-preview":"max-video-preview:-1"},"canonical":"https:\/\/batijournal.com\/index.php\/prix-de-limmobilier-ne-globalement-realistes-pres-de-moitie-acheteurs\/95718\/","og_locale":"fr_FR","og_type":"article","og_title":"Les prix de l'immobilier ne sont pas globalement r\u00e9alistes pour pr\u00e8s de la moiti\u00e9 des acheteurs","og_description":"D\u00e9but 2017, 51,3% des candidats \u00e0 l\u2019accession \u00e0 la propri\u00e9t\u00e9 interrog\u00e9s par le Barom\u00e8tre de la n\u00e9gociation immobili\u00e8re ont le sentiment que les prix ne sont pas en phase avec le march\u00e9, ce qui constitue un changement de cap par rapport \u00e0 la fin 2016 o\u00f9 ils \u00e9taient 48,4% \u00e0 partager ce ressenti que les [&hellip;]","og_url":"https:\/\/batijournal.com\/index.php\/prix-de-limmobilier-ne-globalement-realistes-pres-de-moitie-acheteurs\/95718\/","og_site_name":"Batijournal","article_published_time":"2017-04-12T16:27:51+00:00","article_modified_time":"2019-07-15T10:02:04+00:00","og_image":[{"width":1199,"height":937,"url":"https:\/\/batijournal.com\/wp-content\/uploads\/2017\/04\/Prix-immobilier.jpg","type":"image\/jpeg"}],"author":"St\u00e9phane Miget","twitter_card":"summary_large_image","twitter_creator":"@bati_journal","twitter_site":"@bati_journal","twitter_misc":{"\u00c9crit par":"St\u00e9phane Miget","Dur\u00e9e de lecture estim\u00e9e":"1 minute"},"schema":{"@context":"https:\/\/schema.org","@graph":[{"@type":"Article","@id":"https:\/\/batijournal.com\/index.php\/prix-de-limmobilier-ne-globalement-realistes-pres-de-moitie-acheteurs\/95718\/#article","isPartOf":{"@id":"https:\/\/batijournal.com\/index.php\/prix-de-limmobilier-ne-globalement-realistes-pres-de-moitie-acheteurs\/95718\/"},"author":{"name":"St\u00e9phane Miget","@id":"https:\/\/batijournal.com\/#\/schema\/person\/1dc96ec6957aa1ccb25ebe78bb19f100"},"headline":"Les prix de l&rsquo;immobilier ne sont pas globalement r\u00e9alistes pour pr\u00e8s de la moiti\u00e9 des acheteurs","datePublished":"2017-04-12T16:27:51+00:00","dateModified":"2019-07-15T10:02:04+00:00","mainEntityOfPage":{"@id":"https:\/\/batijournal.com\/index.php\/prix-de-limmobilier-ne-globalement-realistes-pres-de-moitie-acheteurs\/95718\/"},"wordCount":160,"image":{"@id":"https:\/\/batijournal.com\/index.php\/prix-de-limmobilier-ne-globalement-realistes-pres-de-moitie-acheteurs\/95718\/#primaryimage"},"thumbnailUrl":"https:\/\/batijournal.com\/wp-content\/uploads\/2017\/04\/Prix-immobilier.jpg","keywords":["immobilier"],"articleSection":["A la Une","Actualit\u00e9s","\u00c9conomie &amp; March\u00e9s"],"inLanguage":"fr-FR"},{"@type":"WebPage","@id":"https:\/\/batijournal.com\/index.php\/prix-de-limmobilier-ne-globalement-realistes-pres-de-moitie-acheteurs\/95718\/","url":"https:\/\/batijournal.com\/index.php\/prix-de-limmobilier-ne-globalement-realistes-pres-de-moitie-acheteurs\/95718\/","name":"Les prix de l'immobilier ne sont pas globalement r\u00e9alistes pour pr\u00e8s de la moiti\u00e9 des acheteurs","isPartOf":{"@id":"https:\/\/batijournal.com\/#website"},"primaryImageOfPage":{"@id":"https:\/\/batijournal.com\/index.php\/prix-de-limmobilier-ne-globalement-realistes-pres-de-moitie-acheteurs\/95718\/#primaryimage"},"image":{"@id":"https:\/\/batijournal.com\/index.php\/prix-de-limmobilier-ne-globalement-realistes-pres-de-moitie-acheteurs\/95718\/#primaryimage"},"thumbnailUrl":"https:\/\/batijournal.com\/wp-content\/uploads\/2017\/04\/Prix-immobilier.jpg","datePublished":"2017-04-12T16:27:51+00:00","dateModified":"2019-07-15T10:02:04+00:00","author":{"@id":"https:\/\/batijournal.com\/#\/schema\/person\/1dc96ec6957aa1ccb25ebe78bb19f100"},"breadcrumb":{"@id":"https:\/\/batijournal.com\/index.php\/prix-de-limmobilier-ne-globalement-realistes-pres-de-moitie-acheteurs\/95718\/#breadcrumb"},"inLanguage":"fr-FR","potentialAction":[{"@type":"ReadAction","target":["https:\/\/batijournal.com\/index.php\/prix-de-limmobilier-ne-globalement-realistes-pres-de-moitie-acheteurs\/95718\/"]}]},{"@type":"ImageObject","inLanguage":"fr-FR","@id":"https:\/\/batijournal.com\/index.php\/prix-de-limmobilier-ne-globalement-realistes-pres-de-moitie-acheteurs\/95718\/#primaryimage","url":"https:\/\/batijournal.com\/wp-content\/uploads\/2017\/04\/Prix-immobilier.jpg","contentUrl":"https:\/\/batijournal.com\/wp-content\/uploads\/2017\/04\/Prix-immobilier.jpg","width":1199,"height":937},{"@type":"BreadcrumbList","@id":"https:\/\/batijournal.com\/index.php\/prix-de-limmobilier-ne-globalement-realistes-pres-de-moitie-acheteurs\/95718\/#breadcrumb","itemListElement":[{"@type":"ListItem","position":1,"name":"Accueil","item":"https:\/\/batijournal.com\/"},{"@type":"ListItem","position":2,"name":"Actualit\u00e9s","item":"https:\/\/batijournal.com\/index.php\/category\/actualites\/"},{"@type":"ListItem","position":3,"name":"Les prix de l&rsquo;immobilier ne sont pas globalement r\u00e9alistes pour pr\u00e8s de la moiti\u00e9 des acheteurs"}]},{"@type":"WebSite","@id":"https:\/\/batijournal.com\/#website","url":"https:\/\/batijournal.com\/","name":"Batijournal","description":"L&#039;actualit\u00e9 du b\u00e2timent","potentialAction":[{"@type":"SearchAction","target":{"@type":"EntryPoint","urlTemplate":"https:\/\/batijournal.com\/?s={search_term_string}"},"query-input":{"@type":"PropertyValueSpecification","valueRequired":true,"valueName":"search_term_string"}}],"inLanguage":"fr-FR"},{"@type":"Person","@id":"https:\/\/batijournal.com\/#\/schema\/person\/1dc96ec6957aa1ccb25ebe78bb19f100","name":"St\u00e9phane Miget","image":{"@type":"ImageObject","inLanguage":"fr-FR","@id":"https:\/\/secure.gravatar.com\/avatar\/89915563d925342126b8ef0281b93d9d7fc337043e8df017f780908eb9644451?s=96&d=mm&r=g","url":"https:\/\/secure.gravatar.com\/avatar\/89915563d925342126b8ef0281b93d9d7fc337043e8df017f780908eb9644451?s=96&d=mm&r=g","contentUrl":"https:\/\/secure.gravatar.com\/avatar\/89915563d925342126b8ef0281b93d9d7fc337043e8df017f780908eb9644451?s=96&d=mm&r=g","caption":"St\u00e9phane Miget"},"url":"https:\/\/batijournal.com\/index.php\/author\/stephane\/"}]}},"_links":{"self":[{"href":"https:\/\/batijournal.com\/index.php\/wp-json\/wp\/v2\/posts\/95718","targetHints":{"allow":["GET"]}}],"collection":[{"href":"https:\/\/batijournal.com\/index.php\/wp-json\/wp\/v2\/posts"}],"about":[{"href":"https:\/\/batijournal.com\/index.php\/wp-json\/wp\/v2\/types\/post"}],"author":[{"embeddable":true,"href":"https:\/\/batijournal.com\/index.php\/wp-json\/wp\/v2\/users\/17"}],"replies":[{"embeddable":true,"href":"https:\/\/batijournal.com\/index.php\/wp-json\/wp\/v2\/comments?post=95718"}],"version-history":[{"count":0,"href":"https:\/\/batijournal.com\/index.php\/wp-json\/wp\/v2\/posts\/95718\/revisions"}],"wp:featuredmedia":[{"embeddable":true,"href":"https:\/\/batijournal.com\/index.php\/wp-json\/wp\/v2\/media\/95719"}],"wp:attachment":[{"href":"https:\/\/batijournal.com\/index.php\/wp-json\/wp\/v2\/media?parent=95718"}],"wp:term":[{"taxonomy":"category","embeddable":true,"href":"https:\/\/batijournal.com\/index.php\/wp-json\/wp\/v2\/categories?post=95718"},{"taxonomy":"post_tag","embeddable":true,"href":"https:\/\/batijournal.com\/index.php\/wp-json\/wp\/v2\/tags?post=95718"}],"curies":[{"name":"wp","href":"https:\/\/api.w.org\/{rel}","templated":true}]}}