{"id":95724,"date":"2017-04-14T09:24:09","date_gmt":"2017-04-14T07:24:09","guid":{"rendered":"http:\/\/batijournal.com\/?p=95724"},"modified":"2019-07-15T12:02:04","modified_gmt":"2019-07-15T10:02:04","slug":"capeb-annonce-poursuite-de-reprise","status":"publish","type":"post","link":"https:\/\/batijournal.com\/index.php\/capeb-annonce-poursuite-de-reprise\/95724\/","title":{"rendered":"La Capeb annonce une poursuite de la reprise"},"content":{"rendered":"<p>Selon le dernier rapport de conjoncture de la Capeb, le premier trimestre 2017 confirme la reprise amorc\u00e9e en 2016 avec +1,5 %. Le march\u00e9 du neuf en augmentation de 2,5 % tire la croissance vers le haut devant l\u2019entretien-r\u00e9novation qui croit de 1 %, port\u00e9 principalement par les travaux d\u2019am\u00e9lioration \u00e9nerg\u00e9tique (+2 %). L\u2019emploi conna\u00eet une amorce de reprise dans l\u2019artisanat du B\u00e2timent, avec une hausse tr\u00e8s l\u00e9g\u00e8re de 0,1 % sur le 4e trimestre 2016, soit 688 370 salari\u00e9s (contre 687 772 au 4e trimestre 2015).<\/p>\n","protected":false},"excerpt":{"rendered":"<p>Selon le dernier rapport de conjoncture de la Capeb, le premier trimestre 2017 confirme la reprise amorc\u00e9e en 2016 avec +1,5 %. Le march\u00e9 du neuf en augmentation de 2,5 % tire la croissance vers le haut devant l\u2019entretien-r\u00e9novation qui croit de 1 %, port\u00e9 principalement par les travaux d\u2019am\u00e9lioration \u00e9nerg\u00e9tique (+2 %). L\u2019emploi conna\u00eet [&hellip;]<\/p>\n","protected":false},"author":17,"featured_media":95725,"comment_status":"closed","ping_status":"closed","sticky":false,"template":"","format":"standard","meta":{"_et_pb_use_builder":"","_et_pb_old_content":"","_et_gb_content_width":"","footnotes":""},"categories":[10530,6345],"tags":[647,1338],"class_list":["post-95724","post","type-post","status-publish","format-standard","has-post-thumbnail","hentry","category-actualites","category-economie-marches","tag-capeb","tag-statistiques"],"yoast_head":"<!-- This site is optimized with the Yoast SEO plugin v27.4 - https:\/\/yoast.com\/product\/yoast-seo-wordpress\/ -->\n<title>La Capeb annonce une poursuite de la reprise<\/title>\n<meta name=\"robots\" content=\"index, follow, max-snippet:-1, max-image-preview:large, max-video-preview:-1\" \/>\n<link rel=\"canonical\" href=\"https:\/\/batijournal.com\/index.php\/capeb-annonce-poursuite-de-reprise\/95724\/\" \/>\n<meta property=\"og:locale\" content=\"fr_FR\" \/>\n<meta property=\"og:type\" content=\"article\" \/>\n<meta property=\"og:title\" content=\"La Capeb annonce une poursuite de la reprise\" \/>\n<meta property=\"og:description\" content=\"Selon le dernier rapport de conjoncture de la Capeb, le premier trimestre 2017 confirme la reprise amorc\u00e9e en 2016 avec +1,5 %. Le march\u00e9 du neuf en augmentation de 2,5 % tire la croissance vers le haut devant l\u2019entretien-r\u00e9novation qui croit de 1 %, port\u00e9 principalement par les travaux d\u2019am\u00e9lioration \u00e9nerg\u00e9tique (+2 %). L\u2019emploi conna\u00eet [&hellip;]\" \/>\n<meta property=\"og:url\" content=\"https:\/\/batijournal.com\/index.php\/capeb-annonce-poursuite-de-reprise\/95724\/\" \/>\n<meta property=\"og:site_name\" content=\"Batijournal\" \/>\n<meta property=\"article:published_time\" content=\"2017-04-14T07:24:09+00:00\" \/>\n<meta property=\"article:modified_time\" content=\"2019-07-15T10:02:04+00:00\" \/>\n<meta property=\"og:image\" content=\"https:\/\/batijournal.com\/wp-content\/uploads\/2017\/04\/statistiques-france-capeb.jpg\" \/>\n\t<meta property=\"og:image:width\" content=\"556\" \/>\n\t<meta property=\"og:image:height\" content=\"539\" \/>\n\t<meta property=\"og:image:type\" content=\"image\/jpeg\" \/>\n<meta name=\"author\" content=\"St\u00e9phane Miget\" \/>\n<meta name=\"twitter:card\" content=\"summary_large_image\" \/>\n<meta name=\"twitter:creator\" content=\"@bati_journal\" \/>\n<meta name=\"twitter:site\" content=\"@bati_journal\" \/>\n<meta name=\"twitter:label1\" content=\"\u00c9crit par\" \/>\n\t<meta name=\"twitter:data1\" content=\"St\u00e9phane Miget\" \/>\n<script type=\"application\/ld+json\" class=\"yoast-schema-graph\">{\"@context\":\"https:\\\/\\\/schema.org\",\"@graph\":[{\"@type\":\"Article\",\"@id\":\"https:\\\/\\\/batijournal.com\\\/index.php\\\/capeb-annonce-poursuite-de-reprise\\\/95724\\\/#article\",\"isPartOf\":{\"@id\":\"https:\\\/\\\/batijournal.com\\\/index.php\\\/capeb-annonce-poursuite-de-reprise\\\/95724\\\/\"},\"author\":{\"name\":\"St\u00e9phane Miget\",\"@id\":\"https:\\\/\\\/batijournal.com\\\/#\\\/schema\\\/person\\\/1dc96ec6957aa1ccb25ebe78bb19f100\"},\"headline\":\"La Capeb annonce une poursuite de la reprise\",\"datePublished\":\"2017-04-14T07:24:09+00:00\",\"dateModified\":\"2019-07-15T10:02:04+00:00\",\"mainEntityOfPage\":{\"@id\":\"https:\\\/\\\/batijournal.com\\\/index.php\\\/capeb-annonce-poursuite-de-reprise\\\/95724\\\/\"},\"wordCount\":91,\"image\":{\"@id\":\"https:\\\/\\\/batijournal.com\\\/index.php\\\/capeb-annonce-poursuite-de-reprise\\\/95724\\\/#primaryimage\"},\"thumbnailUrl\":\"https:\\\/\\\/batijournal.com\\\/wp-content\\\/uploads\\\/2017\\\/04\\\/statistiques-france-capeb.jpg\",\"keywords\":[\"CAPEB\",\"statistiques\"],\"articleSection\":[\"Actualit\u00e9s\",\"\u00c9conomie &amp; March\u00e9s\"],\"inLanguage\":\"fr-FR\"},{\"@type\":\"WebPage\",\"@id\":\"https:\\\/\\\/batijournal.com\\\/index.php\\\/capeb-annonce-poursuite-de-reprise\\\/95724\\\/\",\"url\":\"https:\\\/\\\/batijournal.com\\\/index.php\\\/capeb-annonce-poursuite-de-reprise\\\/95724\\\/\",\"name\":\"La Capeb annonce une poursuite de la reprise\",\"isPartOf\":{\"@id\":\"https:\\\/\\\/batijournal.com\\\/#website\"},\"primaryImageOfPage\":{\"@id\":\"https:\\\/\\\/batijournal.com\\\/index.php\\\/capeb-annonce-poursuite-de-reprise\\\/95724\\\/#primaryimage\"},\"image\":{\"@id\":\"https:\\\/\\\/batijournal.com\\\/index.php\\\/capeb-annonce-poursuite-de-reprise\\\/95724\\\/#primaryimage\"},\"thumbnailUrl\":\"https:\\\/\\\/batijournal.com\\\/wp-content\\\/uploads\\\/2017\\\/04\\\/statistiques-france-capeb.jpg\",\"datePublished\":\"2017-04-14T07:24:09+00:00\",\"dateModified\":\"2019-07-15T10:02:04+00:00\",\"author\":{\"@id\":\"https:\\\/\\\/batijournal.com\\\/#\\\/schema\\\/person\\\/1dc96ec6957aa1ccb25ebe78bb19f100\"},\"breadcrumb\":{\"@id\":\"https:\\\/\\\/batijournal.com\\\/index.php\\\/capeb-annonce-poursuite-de-reprise\\\/95724\\\/#breadcrumb\"},\"inLanguage\":\"fr-FR\",\"potentialAction\":[{\"@type\":\"ReadAction\",\"target\":[\"https:\\\/\\\/batijournal.com\\\/index.php\\\/capeb-annonce-poursuite-de-reprise\\\/95724\\\/\"]}]},{\"@type\":\"ImageObject\",\"inLanguage\":\"fr-FR\",\"@id\":\"https:\\\/\\\/batijournal.com\\\/index.php\\\/capeb-annonce-poursuite-de-reprise\\\/95724\\\/#primaryimage\",\"url\":\"https:\\\/\\\/batijournal.com\\\/wp-content\\\/uploads\\\/2017\\\/04\\\/statistiques-france-capeb.jpg\",\"contentUrl\":\"https:\\\/\\\/batijournal.com\\\/wp-content\\\/uploads\\\/2017\\\/04\\\/statistiques-france-capeb.jpg\",\"width\":556,\"height\":539},{\"@type\":\"BreadcrumbList\",\"@id\":\"https:\\\/\\\/batijournal.com\\\/index.php\\\/capeb-annonce-poursuite-de-reprise\\\/95724\\\/#breadcrumb\",\"itemListElement\":[{\"@type\":\"ListItem\",\"position\":1,\"name\":\"Accueil\",\"item\":\"https:\\\/\\\/batijournal.com\\\/\"},{\"@type\":\"ListItem\",\"position\":2,\"name\":\"Actualit\u00e9s\",\"item\":\"https:\\\/\\\/batijournal.com\\\/index.php\\\/category\\\/actualites\\\/\"},{\"@type\":\"ListItem\",\"position\":3,\"name\":\"La Capeb annonce une poursuite de la reprise\"}]},{\"@type\":\"WebSite\",\"@id\":\"https:\\\/\\\/batijournal.com\\\/#website\",\"url\":\"https:\\\/\\\/batijournal.com\\\/\",\"name\":\"Batijournal\",\"description\":\"L&#039;actualit\u00e9 du b\u00e2timent\",\"potentialAction\":[{\"@type\":\"SearchAction\",\"target\":{\"@type\":\"EntryPoint\",\"urlTemplate\":\"https:\\\/\\\/batijournal.com\\\/?s={search_term_string}\"},\"query-input\":{\"@type\":\"PropertyValueSpecification\",\"valueRequired\":true,\"valueName\":\"search_term_string\"}}],\"inLanguage\":\"fr-FR\"},{\"@type\":\"Person\",\"@id\":\"https:\\\/\\\/batijournal.com\\\/#\\\/schema\\\/person\\\/1dc96ec6957aa1ccb25ebe78bb19f100\",\"name\":\"St\u00e9phane Miget\",\"image\":{\"@type\":\"ImageObject\",\"inLanguage\":\"fr-FR\",\"@id\":\"https:\\\/\\\/secure.gravatar.com\\\/avatar\\\/89915563d925342126b8ef0281b93d9d7fc337043e8df017f780908eb9644451?s=96&d=mm&r=g\",\"url\":\"https:\\\/\\\/secure.gravatar.com\\\/avatar\\\/89915563d925342126b8ef0281b93d9d7fc337043e8df017f780908eb9644451?s=96&d=mm&r=g\",\"contentUrl\":\"https:\\\/\\\/secure.gravatar.com\\\/avatar\\\/89915563d925342126b8ef0281b93d9d7fc337043e8df017f780908eb9644451?s=96&d=mm&r=g\",\"caption\":\"St\u00e9phane Miget\"},\"url\":\"https:\\\/\\\/batijournal.com\\\/index.php\\\/author\\\/stephane\\\/\"}]}<\/script>\n<!-- \/ Yoast SEO plugin. -->","yoast_head_json":{"title":"La Capeb annonce une poursuite de la reprise","robots":{"index":"index","follow":"follow","max-snippet":"max-snippet:-1","max-image-preview":"max-image-preview:large","max-video-preview":"max-video-preview:-1"},"canonical":"https:\/\/batijournal.com\/index.php\/capeb-annonce-poursuite-de-reprise\/95724\/","og_locale":"fr_FR","og_type":"article","og_title":"La Capeb annonce une poursuite de la reprise","og_description":"Selon le dernier rapport de conjoncture de la Capeb, le premier trimestre 2017 confirme la reprise amorc\u00e9e en 2016 avec +1,5 %. Le march\u00e9 du neuf en augmentation de 2,5 % tire la croissance vers le haut devant l\u2019entretien-r\u00e9novation qui croit de 1 %, port\u00e9 principalement par les travaux d\u2019am\u00e9lioration \u00e9nerg\u00e9tique (+2 %). L\u2019emploi conna\u00eet [&hellip;]","og_url":"https:\/\/batijournal.com\/index.php\/capeb-annonce-poursuite-de-reprise\/95724\/","og_site_name":"Batijournal","article_published_time":"2017-04-14T07:24:09+00:00","article_modified_time":"2019-07-15T10:02:04+00:00","og_image":[{"width":556,"height":539,"url":"https:\/\/batijournal.com\/wp-content\/uploads\/2017\/04\/statistiques-france-capeb.jpg","type":"image\/jpeg"}],"author":"St\u00e9phane Miget","twitter_card":"summary_large_image","twitter_creator":"@bati_journal","twitter_site":"@bati_journal","twitter_misc":{"\u00c9crit par":"St\u00e9phane Miget"},"schema":{"@context":"https:\/\/schema.org","@graph":[{"@type":"Article","@id":"https:\/\/batijournal.com\/index.php\/capeb-annonce-poursuite-de-reprise\/95724\/#article","isPartOf":{"@id":"https:\/\/batijournal.com\/index.php\/capeb-annonce-poursuite-de-reprise\/95724\/"},"author":{"name":"St\u00e9phane Miget","@id":"https:\/\/batijournal.com\/#\/schema\/person\/1dc96ec6957aa1ccb25ebe78bb19f100"},"headline":"La Capeb annonce une poursuite de la reprise","datePublished":"2017-04-14T07:24:09+00:00","dateModified":"2019-07-15T10:02:04+00:00","mainEntityOfPage":{"@id":"https:\/\/batijournal.com\/index.php\/capeb-annonce-poursuite-de-reprise\/95724\/"},"wordCount":91,"image":{"@id":"https:\/\/batijournal.com\/index.php\/capeb-annonce-poursuite-de-reprise\/95724\/#primaryimage"},"thumbnailUrl":"https:\/\/batijournal.com\/wp-content\/uploads\/2017\/04\/statistiques-france-capeb.jpg","keywords":["CAPEB","statistiques"],"articleSection":["Actualit\u00e9s","\u00c9conomie &amp; March\u00e9s"],"inLanguage":"fr-FR"},{"@type":"WebPage","@id":"https:\/\/batijournal.com\/index.php\/capeb-annonce-poursuite-de-reprise\/95724\/","url":"https:\/\/batijournal.com\/index.php\/capeb-annonce-poursuite-de-reprise\/95724\/","name":"La Capeb annonce une poursuite de la reprise","isPartOf":{"@id":"https:\/\/batijournal.com\/#website"},"primaryImageOfPage":{"@id":"https:\/\/batijournal.com\/index.php\/capeb-annonce-poursuite-de-reprise\/95724\/#primaryimage"},"image":{"@id":"https:\/\/batijournal.com\/index.php\/capeb-annonce-poursuite-de-reprise\/95724\/#primaryimage"},"thumbnailUrl":"https:\/\/batijournal.com\/wp-content\/uploads\/2017\/04\/statistiques-france-capeb.jpg","datePublished":"2017-04-14T07:24:09+00:00","dateModified":"2019-07-15T10:02:04+00:00","author":{"@id":"https:\/\/batijournal.com\/#\/schema\/person\/1dc96ec6957aa1ccb25ebe78bb19f100"},"breadcrumb":{"@id":"https:\/\/batijournal.com\/index.php\/capeb-annonce-poursuite-de-reprise\/95724\/#breadcrumb"},"inLanguage":"fr-FR","potentialAction":[{"@type":"ReadAction","target":["https:\/\/batijournal.com\/index.php\/capeb-annonce-poursuite-de-reprise\/95724\/"]}]},{"@type":"ImageObject","inLanguage":"fr-FR","@id":"https:\/\/batijournal.com\/index.php\/capeb-annonce-poursuite-de-reprise\/95724\/#primaryimage","url":"https:\/\/batijournal.com\/wp-content\/uploads\/2017\/04\/statistiques-france-capeb.jpg","contentUrl":"https:\/\/batijournal.com\/wp-content\/uploads\/2017\/04\/statistiques-france-capeb.jpg","width":556,"height":539},{"@type":"BreadcrumbList","@id":"https:\/\/batijournal.com\/index.php\/capeb-annonce-poursuite-de-reprise\/95724\/#breadcrumb","itemListElement":[{"@type":"ListItem","position":1,"name":"Accueil","item":"https:\/\/batijournal.com\/"},{"@type":"ListItem","position":2,"name":"Actualit\u00e9s","item":"https:\/\/batijournal.com\/index.php\/category\/actualites\/"},{"@type":"ListItem","position":3,"name":"La Capeb annonce une poursuite de la reprise"}]},{"@type":"WebSite","@id":"https:\/\/batijournal.com\/#website","url":"https:\/\/batijournal.com\/","name":"Batijournal","description":"L&#039;actualit\u00e9 du b\u00e2timent","potentialAction":[{"@type":"SearchAction","target":{"@type":"EntryPoint","urlTemplate":"https:\/\/batijournal.com\/?s={search_term_string}"},"query-input":{"@type":"PropertyValueSpecification","valueRequired":true,"valueName":"search_term_string"}}],"inLanguage":"fr-FR"},{"@type":"Person","@id":"https:\/\/batijournal.com\/#\/schema\/person\/1dc96ec6957aa1ccb25ebe78bb19f100","name":"St\u00e9phane Miget","image":{"@type":"ImageObject","inLanguage":"fr-FR","@id":"https:\/\/secure.gravatar.com\/avatar\/89915563d925342126b8ef0281b93d9d7fc337043e8df017f780908eb9644451?s=96&d=mm&r=g","url":"https:\/\/secure.gravatar.com\/avatar\/89915563d925342126b8ef0281b93d9d7fc337043e8df017f780908eb9644451?s=96&d=mm&r=g","contentUrl":"https:\/\/secure.gravatar.com\/avatar\/89915563d925342126b8ef0281b93d9d7fc337043e8df017f780908eb9644451?s=96&d=mm&r=g","caption":"St\u00e9phane Miget"},"url":"https:\/\/batijournal.com\/index.php\/author\/stephane\/"}]}},"_links":{"self":[{"href":"https:\/\/batijournal.com\/index.php\/wp-json\/wp\/v2\/posts\/95724","targetHints":{"allow":["GET"]}}],"collection":[{"href":"https:\/\/batijournal.com\/index.php\/wp-json\/wp\/v2\/posts"}],"about":[{"href":"https:\/\/batijournal.com\/index.php\/wp-json\/wp\/v2\/types\/post"}],"author":[{"embeddable":true,"href":"https:\/\/batijournal.com\/index.php\/wp-json\/wp\/v2\/users\/17"}],"replies":[{"embeddable":true,"href":"https:\/\/batijournal.com\/index.php\/wp-json\/wp\/v2\/comments?post=95724"}],"version-history":[{"count":0,"href":"https:\/\/batijournal.com\/index.php\/wp-json\/wp\/v2\/posts\/95724\/revisions"}],"wp:featuredmedia":[{"embeddable":true,"href":"https:\/\/batijournal.com\/index.php\/wp-json\/wp\/v2\/media\/95725"}],"wp:attachment":[{"href":"https:\/\/batijournal.com\/index.php\/wp-json\/wp\/v2\/media?parent=95724"}],"wp:term":[{"taxonomy":"category","embeddable":true,"href":"https:\/\/batijournal.com\/index.php\/wp-json\/wp\/v2\/categories?post=95724"},{"taxonomy":"post_tag","embeddable":true,"href":"https:\/\/batijournal.com\/index.php\/wp-json\/wp\/v2\/tags?post=95724"}],"curies":[{"name":"wp","href":"https:\/\/api.w.org\/{rel}","templated":true}]}}