{"id":95738,"date":"2017-04-19T08:42:00","date_gmt":"2017-04-19T06:42:00","guid":{"rendered":"http:\/\/batijournal.com\/?p=95738"},"modified":"2017-04-19T08:42:00","modified_gmt":"2017-04-19T06:42:00","slug":"3e-palmares-grand-public-archicontemporaine","status":"publish","type":"post","link":"https:\/\/batijournal.com\/index.php\/3e-palmares-grand-public-archicontemporaine\/95738\/","title":{"rendered":"3e Palmar\u00e8s grand public archicontemporaine"},"content":{"rendered":"<p>Pour sa troisi\u00e8me \u00e9dition, le Palmar\u00e8s grand public Archicontemporaine propose au public de voter pour son projet favori parmi 24 projets s\u00e9lectionn\u00e9s par un jury compos\u00e9 d\u2019architectes, illustrateurs, journalistes, photographes. Ces derniers les ont choisis au milieu de centaines de r\u00e9alisations candidates, livr\u00e9es au cours des trois derni\u00e8res ann\u00e9es en France. Jusqu\u2019au 8 mai, le vote est ouvert \u00e0 tous sur archicontemporaine.org. Chacun peut choisir ses laur\u00e9ats dans les trois cat\u00e9gories : Habitat, \u00c9quipements et activit\u00e9s, Am\u00e9nagements ext\u00e9rieurs. Le Palmar\u00e8s sera proclam\u00e9 le 1er juin.<\/p>\n","protected":false},"excerpt":{"rendered":"<p>Pour sa troisi\u00e8me \u00e9dition, le Palmar\u00e8s grand public Archicontemporaine propose au public de voter pour son projet favori parmi 24 projets s\u00e9lectionn\u00e9s par un jury compos\u00e9 d\u2019architectes, illustrateurs, journalistes, photographes. Ces derniers les ont choisis au milieu de centaines de r\u00e9alisations candidates, livr\u00e9es au cours des trois derni\u00e8res ann\u00e9es en France. Jusqu\u2019au 8 mai, le [&hellip;]<\/p>\n","protected":false},"author":17,"featured_media":95739,"comment_status":"closed","ping_status":"closed","sticky":false,"template":"","format":"standard","meta":{"_et_pb_use_builder":"","_et_pb_old_content":"","_et_gb_content_width":"","footnotes":""},"categories":[10530,6340],"tags":[11005],"class_list":["post-95738","post","type-post","status-publish","format-standard","has-post-thumbnail","hentry","category-actualites","category-architecture-conception","tag-concours"],"yoast_head":"<!-- This site is optimized with the Yoast SEO plugin v27.4 - https:\/\/yoast.com\/product\/yoast-seo-wordpress\/ -->\n<title>3e Palmar\u00e8s grand public archicontemporaine<\/title>\n<meta name=\"robots\" content=\"index, follow, max-snippet:-1, max-image-preview:large, max-video-preview:-1\" \/>\n<link rel=\"canonical\" href=\"https:\/\/batijournal.com\/index.php\/3e-palmares-grand-public-archicontemporaine\/95738\/\" \/>\n<meta property=\"og:locale\" content=\"fr_FR\" \/>\n<meta property=\"og:type\" content=\"article\" \/>\n<meta property=\"og:title\" content=\"3e Palmar\u00e8s grand public archicontemporaine\" \/>\n<meta property=\"og:description\" content=\"Pour sa troisi\u00e8me \u00e9dition, le Palmar\u00e8s grand public Archicontemporaine propose au public de voter pour son projet favori parmi 24 projets s\u00e9lectionn\u00e9s par un jury compos\u00e9 d\u2019architectes, illustrateurs, journalistes, photographes. Ces derniers les ont choisis au milieu de centaines de r\u00e9alisations candidates, livr\u00e9es au cours des trois derni\u00e8res ann\u00e9es en France. Jusqu\u2019au 8 mai, le [&hellip;]\" \/>\n<meta property=\"og:url\" content=\"https:\/\/batijournal.com\/index.php\/3e-palmares-grand-public-archicontemporaine\/95738\/\" \/>\n<meta property=\"og:site_name\" content=\"Batijournal\" \/>\n<meta property=\"article:published_time\" content=\"2017-04-19T06:42:00+00:00\" \/>\n<meta property=\"og:image\" content=\"https:\/\/batijournal.com\/wp-content\/uploads\/2017\/04\/archicontemporaine.png\" \/>\n\t<meta property=\"og:image:width\" content=\"987\" \/>\n\t<meta property=\"og:image:height\" content=\"666\" \/>\n\t<meta property=\"og:image:type\" content=\"image\/png\" \/>\n<meta name=\"author\" content=\"St\u00e9phane Miget\" \/>\n<meta name=\"twitter:card\" content=\"summary_large_image\" \/>\n<meta name=\"twitter:creator\" content=\"@bati_journal\" \/>\n<meta name=\"twitter:site\" content=\"@bati_journal\" \/>\n<meta name=\"twitter:label1\" content=\"\u00c9crit par\" \/>\n\t<meta name=\"twitter:data1\" content=\"St\u00e9phane Miget\" \/>\n<script type=\"application\/ld+json\" class=\"yoast-schema-graph\">{\"@context\":\"https:\\\/\\\/schema.org\",\"@graph\":[{\"@type\":\"Article\",\"@id\":\"https:\\\/\\\/batijournal.com\\\/index.php\\\/3e-palmares-grand-public-archicontemporaine\\\/95738\\\/#article\",\"isPartOf\":{\"@id\":\"https:\\\/\\\/batijournal.com\\\/index.php\\\/3e-palmares-grand-public-archicontemporaine\\\/95738\\\/\"},\"author\":{\"name\":\"St\u00e9phane Miget\",\"@id\":\"https:\\\/\\\/batijournal.com\\\/#\\\/schema\\\/person\\\/1dc96ec6957aa1ccb25ebe78bb19f100\"},\"headline\":\"3e Palmar\u00e8s grand public archicontemporaine\",\"datePublished\":\"2017-04-19T06:42:00+00:00\",\"mainEntityOfPage\":{\"@id\":\"https:\\\/\\\/batijournal.com\\\/index.php\\\/3e-palmares-grand-public-archicontemporaine\\\/95738\\\/\"},\"wordCount\":104,\"image\":{\"@id\":\"https:\\\/\\\/batijournal.com\\\/index.php\\\/3e-palmares-grand-public-archicontemporaine\\\/95738\\\/#primaryimage\"},\"thumbnailUrl\":\"https:\\\/\\\/batijournal.com\\\/wp-content\\\/uploads\\\/2017\\\/04\\\/archicontemporaine.png\",\"keywords\":[\"concours\"],\"articleSection\":[\"Actualit\u00e9s\",\"Architecture &amp; Conception\"],\"inLanguage\":\"fr-FR\"},{\"@type\":\"WebPage\",\"@id\":\"https:\\\/\\\/batijournal.com\\\/index.php\\\/3e-palmares-grand-public-archicontemporaine\\\/95738\\\/\",\"url\":\"https:\\\/\\\/batijournal.com\\\/index.php\\\/3e-palmares-grand-public-archicontemporaine\\\/95738\\\/\",\"name\":\"3e Palmar\u00e8s grand public archicontemporaine\",\"isPartOf\":{\"@id\":\"https:\\\/\\\/batijournal.com\\\/#website\"},\"primaryImageOfPage\":{\"@id\":\"https:\\\/\\\/batijournal.com\\\/index.php\\\/3e-palmares-grand-public-archicontemporaine\\\/95738\\\/#primaryimage\"},\"image\":{\"@id\":\"https:\\\/\\\/batijournal.com\\\/index.php\\\/3e-palmares-grand-public-archicontemporaine\\\/95738\\\/#primaryimage\"},\"thumbnailUrl\":\"https:\\\/\\\/batijournal.com\\\/wp-content\\\/uploads\\\/2017\\\/04\\\/archicontemporaine.png\",\"datePublished\":\"2017-04-19T06:42:00+00:00\",\"author\":{\"@id\":\"https:\\\/\\\/batijournal.com\\\/#\\\/schema\\\/person\\\/1dc96ec6957aa1ccb25ebe78bb19f100\"},\"breadcrumb\":{\"@id\":\"https:\\\/\\\/batijournal.com\\\/index.php\\\/3e-palmares-grand-public-archicontemporaine\\\/95738\\\/#breadcrumb\"},\"inLanguage\":\"fr-FR\",\"potentialAction\":[{\"@type\":\"ReadAction\",\"target\":[\"https:\\\/\\\/batijournal.com\\\/index.php\\\/3e-palmares-grand-public-archicontemporaine\\\/95738\\\/\"]}]},{\"@type\":\"ImageObject\",\"inLanguage\":\"fr-FR\",\"@id\":\"https:\\\/\\\/batijournal.com\\\/index.php\\\/3e-palmares-grand-public-archicontemporaine\\\/95738\\\/#primaryimage\",\"url\":\"https:\\\/\\\/batijournal.com\\\/wp-content\\\/uploads\\\/2017\\\/04\\\/archicontemporaine.png\",\"contentUrl\":\"https:\\\/\\\/batijournal.com\\\/wp-content\\\/uploads\\\/2017\\\/04\\\/archicontemporaine.png\",\"width\":987,\"height\":666},{\"@type\":\"BreadcrumbList\",\"@id\":\"https:\\\/\\\/batijournal.com\\\/index.php\\\/3e-palmares-grand-public-archicontemporaine\\\/95738\\\/#breadcrumb\",\"itemListElement\":[{\"@type\":\"ListItem\",\"position\":1,\"name\":\"Accueil\",\"item\":\"https:\\\/\\\/batijournal.com\\\/\"},{\"@type\":\"ListItem\",\"position\":2,\"name\":\"Actualit\u00e9s\",\"item\":\"https:\\\/\\\/batijournal.com\\\/index.php\\\/category\\\/actualites\\\/\"},{\"@type\":\"ListItem\",\"position\":3,\"name\":\"3e Palmar\u00e8s grand public archicontemporaine\"}]},{\"@type\":\"WebSite\",\"@id\":\"https:\\\/\\\/batijournal.com\\\/#website\",\"url\":\"https:\\\/\\\/batijournal.com\\\/\",\"name\":\"Batijournal\",\"description\":\"L&#039;actualit\u00e9 du b\u00e2timent\",\"potentialAction\":[{\"@type\":\"SearchAction\",\"target\":{\"@type\":\"EntryPoint\",\"urlTemplate\":\"https:\\\/\\\/batijournal.com\\\/?s={search_term_string}\"},\"query-input\":{\"@type\":\"PropertyValueSpecification\",\"valueRequired\":true,\"valueName\":\"search_term_string\"}}],\"inLanguage\":\"fr-FR\"},{\"@type\":\"Person\",\"@id\":\"https:\\\/\\\/batijournal.com\\\/#\\\/schema\\\/person\\\/1dc96ec6957aa1ccb25ebe78bb19f100\",\"name\":\"St\u00e9phane Miget\",\"image\":{\"@type\":\"ImageObject\",\"inLanguage\":\"fr-FR\",\"@id\":\"https:\\\/\\\/secure.gravatar.com\\\/avatar\\\/89915563d925342126b8ef0281b93d9d7fc337043e8df017f780908eb9644451?s=96&d=mm&r=g\",\"url\":\"https:\\\/\\\/secure.gravatar.com\\\/avatar\\\/89915563d925342126b8ef0281b93d9d7fc337043e8df017f780908eb9644451?s=96&d=mm&r=g\",\"contentUrl\":\"https:\\\/\\\/secure.gravatar.com\\\/avatar\\\/89915563d925342126b8ef0281b93d9d7fc337043e8df017f780908eb9644451?s=96&d=mm&r=g\",\"caption\":\"St\u00e9phane Miget\"},\"url\":\"https:\\\/\\\/batijournal.com\\\/index.php\\\/author\\\/stephane\\\/\"}]}<\/script>\n<!-- \/ Yoast SEO plugin. -->","yoast_head_json":{"title":"3e Palmar\u00e8s grand public archicontemporaine","robots":{"index":"index","follow":"follow","max-snippet":"max-snippet:-1","max-image-preview":"max-image-preview:large","max-video-preview":"max-video-preview:-1"},"canonical":"https:\/\/batijournal.com\/index.php\/3e-palmares-grand-public-archicontemporaine\/95738\/","og_locale":"fr_FR","og_type":"article","og_title":"3e Palmar\u00e8s grand public archicontemporaine","og_description":"Pour sa troisi\u00e8me \u00e9dition, le Palmar\u00e8s grand public Archicontemporaine propose au public de voter pour son projet favori parmi 24 projets s\u00e9lectionn\u00e9s par un jury compos\u00e9 d\u2019architectes, illustrateurs, journalistes, photographes. Ces derniers les ont choisis au milieu de centaines de r\u00e9alisations candidates, livr\u00e9es au cours des trois derni\u00e8res ann\u00e9es en France. Jusqu\u2019au 8 mai, le [&hellip;]","og_url":"https:\/\/batijournal.com\/index.php\/3e-palmares-grand-public-archicontemporaine\/95738\/","og_site_name":"Batijournal","article_published_time":"2017-04-19T06:42:00+00:00","og_image":[{"width":987,"height":666,"url":"https:\/\/batijournal.com\/wp-content\/uploads\/2017\/04\/archicontemporaine.png","type":"image\/png"}],"author":"St\u00e9phane Miget","twitter_card":"summary_large_image","twitter_creator":"@bati_journal","twitter_site":"@bati_journal","twitter_misc":{"\u00c9crit par":"St\u00e9phane Miget"},"schema":{"@context":"https:\/\/schema.org","@graph":[{"@type":"Article","@id":"https:\/\/batijournal.com\/index.php\/3e-palmares-grand-public-archicontemporaine\/95738\/#article","isPartOf":{"@id":"https:\/\/batijournal.com\/index.php\/3e-palmares-grand-public-archicontemporaine\/95738\/"},"author":{"name":"St\u00e9phane Miget","@id":"https:\/\/batijournal.com\/#\/schema\/person\/1dc96ec6957aa1ccb25ebe78bb19f100"},"headline":"3e Palmar\u00e8s grand public archicontemporaine","datePublished":"2017-04-19T06:42:00+00:00","mainEntityOfPage":{"@id":"https:\/\/batijournal.com\/index.php\/3e-palmares-grand-public-archicontemporaine\/95738\/"},"wordCount":104,"image":{"@id":"https:\/\/batijournal.com\/index.php\/3e-palmares-grand-public-archicontemporaine\/95738\/#primaryimage"},"thumbnailUrl":"https:\/\/batijournal.com\/wp-content\/uploads\/2017\/04\/archicontemporaine.png","keywords":["concours"],"articleSection":["Actualit\u00e9s","Architecture &amp; Conception"],"inLanguage":"fr-FR"},{"@type":"WebPage","@id":"https:\/\/batijournal.com\/index.php\/3e-palmares-grand-public-archicontemporaine\/95738\/","url":"https:\/\/batijournal.com\/index.php\/3e-palmares-grand-public-archicontemporaine\/95738\/","name":"3e Palmar\u00e8s grand public archicontemporaine","isPartOf":{"@id":"https:\/\/batijournal.com\/#website"},"primaryImageOfPage":{"@id":"https:\/\/batijournal.com\/index.php\/3e-palmares-grand-public-archicontemporaine\/95738\/#primaryimage"},"image":{"@id":"https:\/\/batijournal.com\/index.php\/3e-palmares-grand-public-archicontemporaine\/95738\/#primaryimage"},"thumbnailUrl":"https:\/\/batijournal.com\/wp-content\/uploads\/2017\/04\/archicontemporaine.png","datePublished":"2017-04-19T06:42:00+00:00","author":{"@id":"https:\/\/batijournal.com\/#\/schema\/person\/1dc96ec6957aa1ccb25ebe78bb19f100"},"breadcrumb":{"@id":"https:\/\/batijournal.com\/index.php\/3e-palmares-grand-public-archicontemporaine\/95738\/#breadcrumb"},"inLanguage":"fr-FR","potentialAction":[{"@type":"ReadAction","target":["https:\/\/batijournal.com\/index.php\/3e-palmares-grand-public-archicontemporaine\/95738\/"]}]},{"@type":"ImageObject","inLanguage":"fr-FR","@id":"https:\/\/batijournal.com\/index.php\/3e-palmares-grand-public-archicontemporaine\/95738\/#primaryimage","url":"https:\/\/batijournal.com\/wp-content\/uploads\/2017\/04\/archicontemporaine.png","contentUrl":"https:\/\/batijournal.com\/wp-content\/uploads\/2017\/04\/archicontemporaine.png","width":987,"height":666},{"@type":"BreadcrumbList","@id":"https:\/\/batijournal.com\/index.php\/3e-palmares-grand-public-archicontemporaine\/95738\/#breadcrumb","itemListElement":[{"@type":"ListItem","position":1,"name":"Accueil","item":"https:\/\/batijournal.com\/"},{"@type":"ListItem","position":2,"name":"Actualit\u00e9s","item":"https:\/\/batijournal.com\/index.php\/category\/actualites\/"},{"@type":"ListItem","position":3,"name":"3e Palmar\u00e8s grand public archicontemporaine"}]},{"@type":"WebSite","@id":"https:\/\/batijournal.com\/#website","url":"https:\/\/batijournal.com\/","name":"Batijournal","description":"L&#039;actualit\u00e9 du b\u00e2timent","potentialAction":[{"@type":"SearchAction","target":{"@type":"EntryPoint","urlTemplate":"https:\/\/batijournal.com\/?s={search_term_string}"},"query-input":{"@type":"PropertyValueSpecification","valueRequired":true,"valueName":"search_term_string"}}],"inLanguage":"fr-FR"},{"@type":"Person","@id":"https:\/\/batijournal.com\/#\/schema\/person\/1dc96ec6957aa1ccb25ebe78bb19f100","name":"St\u00e9phane Miget","image":{"@type":"ImageObject","inLanguage":"fr-FR","@id":"https:\/\/secure.gravatar.com\/avatar\/89915563d925342126b8ef0281b93d9d7fc337043e8df017f780908eb9644451?s=96&d=mm&r=g","url":"https:\/\/secure.gravatar.com\/avatar\/89915563d925342126b8ef0281b93d9d7fc337043e8df017f780908eb9644451?s=96&d=mm&r=g","contentUrl":"https:\/\/secure.gravatar.com\/avatar\/89915563d925342126b8ef0281b93d9d7fc337043e8df017f780908eb9644451?s=96&d=mm&r=g","caption":"St\u00e9phane Miget"},"url":"https:\/\/batijournal.com\/index.php\/author\/stephane\/"}]}},"_links":{"self":[{"href":"https:\/\/batijournal.com\/index.php\/wp-json\/wp\/v2\/posts\/95738","targetHints":{"allow":["GET"]}}],"collection":[{"href":"https:\/\/batijournal.com\/index.php\/wp-json\/wp\/v2\/posts"}],"about":[{"href":"https:\/\/batijournal.com\/index.php\/wp-json\/wp\/v2\/types\/post"}],"author":[{"embeddable":true,"href":"https:\/\/batijournal.com\/index.php\/wp-json\/wp\/v2\/users\/17"}],"replies":[{"embeddable":true,"href":"https:\/\/batijournal.com\/index.php\/wp-json\/wp\/v2\/comments?post=95738"}],"version-history":[{"count":0,"href":"https:\/\/batijournal.com\/index.php\/wp-json\/wp\/v2\/posts\/95738\/revisions"}],"wp:featuredmedia":[{"embeddable":true,"href":"https:\/\/batijournal.com\/index.php\/wp-json\/wp\/v2\/media\/95739"}],"wp:attachment":[{"href":"https:\/\/batijournal.com\/index.php\/wp-json\/wp\/v2\/media?parent=95738"}],"wp:term":[{"taxonomy":"category","embeddable":true,"href":"https:\/\/batijournal.com\/index.php\/wp-json\/wp\/v2\/categories?post=95738"},{"taxonomy":"post_tag","embeddable":true,"href":"https:\/\/batijournal.com\/index.php\/wp-json\/wp\/v2\/tags?post=95738"}],"curies":[{"name":"wp","href":"https:\/\/api.w.org\/{rel}","templated":true}]}}