{"id":95741,"date":"2017-04-19T08:52:56","date_gmt":"2017-04-19T06:52:56","guid":{"rendered":"http:\/\/batijournal.com\/?p=95741"},"modified":"2019-07-15T11:15:56","modified_gmt":"2019-07-15T09:15:56","slug":"villes-pays-dart-dhistoire-de-region-auvergne-rhone-alpes-mis-ligne","status":"publish","type":"post","link":"https:\/\/batijournal.com\/index.php\/villes-pays-dart-dhistoire-de-region-auvergne-rhone-alpes-mis-ligne\/95741\/","title":{"rendered":"Les Villes ou Pays d&rsquo;art et d&rsquo;histoire de la r\u00e9gion Auvergne-Rh\u00f4ne-Alpes mis en ligne"},"content":{"rendered":"<p>La DRAC Auvergne-Rh\u00f4ne-Alpes anime et soutient le r\u00e9seau de 20 territoires labellis\u00e9s Villes ou Pays d&rsquo;art et d&rsquo;histoire (Vpah). Ce r\u00e9seau entend faire comprendre et partager les patrimoines dans leur diversit\u00e9, de fa\u00e7on originale et vivante, en donnant des cl\u00e9s de d\u00e9couverte et de lecture aux habitants, au jeune public et aux visiteurs. Mis en ligne fin 2015, le site fait peau neuve au printemps 2017 et concerne d\u00e9sormais l\u2019ensemble de la r\u00e9gion Auvergne-Rh\u00f4ne-Alpes. Cette nouvelle offre num\u00e9rique est destin\u00e9e en priorit\u00e9 aux enseignants et aux \u00e9l\u00e8ves de coll\u00e8ge ou lyc\u00e9e notamment dans le cadre de l&rsquo;\u00e9ducation artistique et culturelle et \u00e0 tous les publics curieux de patrimoine historique, industriel, rural, m\u00e9moriel, naturel ou paysager.<\/p>\n<p><a href=\"http:\/\/vpah-auvergne-rhone-alpes.fr\" target=\"_blank\" rel=\"noopener noreferrer\">http:\/\/vpah-auvergne-rhone-alpes.fr<\/a><\/p>\n<p>&nbsp;<\/p>\n","protected":false},"excerpt":{"rendered":"<p>La DRAC Auvergne-Rh\u00f4ne-Alpes anime et soutient le r\u00e9seau de 20 territoires labellis\u00e9s Villes ou Pays d&rsquo;art et d&rsquo;histoire (Vpah). Ce r\u00e9seau entend faire comprendre et partager les patrimoines dans leur diversit\u00e9, de fa\u00e7on originale et vivante, en donnant des cl\u00e9s de d\u00e9couverte et de lecture aux habitants, au jeune public et aux visiteurs. Mis en [&hellip;]<\/p>\n","protected":false},"author":17,"featured_media":95742,"comment_status":"closed","ping_status":"closed","sticky":false,"template":"","format":"standard","meta":{"_et_pb_use_builder":"","_et_pb_old_content":"","_et_gb_content_width":"","footnotes":""},"categories":[10530,6340],"tags":[8573,8293],"class_list":["post-95741","post","type-post","status-publish","format-standard","has-post-thumbnail","hentry","category-actualites","category-architecture-conception","tag-pays-dart-et-dhistoire","tag-ville-dart-et-dhistoire"],"yoast_head":"<!-- This site is optimized with the Yoast SEO plugin v27.4 - https:\/\/yoast.com\/product\/yoast-seo-wordpress\/ -->\n<title>Les Villes ou Pays d&#039;art et d&#039;histoire de la r\u00e9gion Auvergne-Rh\u00f4ne-Alpes mis en ligne<\/title>\n<meta name=\"robots\" content=\"index, follow, max-snippet:-1, max-image-preview:large, max-video-preview:-1\" \/>\n<link rel=\"canonical\" href=\"https:\/\/batijournal.com\/index.php\/villes-pays-dart-dhistoire-de-region-auvergne-rhone-alpes-mis-ligne\/95741\/\" \/>\n<meta property=\"og:locale\" content=\"fr_FR\" \/>\n<meta property=\"og:type\" content=\"article\" \/>\n<meta property=\"og:title\" content=\"Les Villes ou Pays d&#039;art et d&#039;histoire de la r\u00e9gion Auvergne-Rh\u00f4ne-Alpes mis en ligne\" \/>\n<meta property=\"og:description\" content=\"La DRAC Auvergne-Rh\u00f4ne-Alpes anime et soutient le r\u00e9seau de 20 territoires labellis\u00e9s Villes ou Pays d&rsquo;art et d&rsquo;histoire (Vpah). Ce r\u00e9seau entend faire comprendre et partager les patrimoines dans leur diversit\u00e9, de fa\u00e7on originale et vivante, en donnant des cl\u00e9s de d\u00e9couverte et de lecture aux habitants, au jeune public et aux visiteurs. Mis en [&hellip;]\" \/>\n<meta property=\"og:url\" content=\"https:\/\/batijournal.com\/index.php\/villes-pays-dart-dhistoire-de-region-auvergne-rhone-alpes-mis-ligne\/95741\/\" \/>\n<meta property=\"og:site_name\" content=\"Batijournal\" \/>\n<meta property=\"article:published_time\" content=\"2017-04-19T06:52:56+00:00\" \/>\n<meta property=\"article:modified_time\" content=\"2019-07-15T09:15:56+00:00\" \/>\n<meta property=\"og:image\" content=\"https:\/\/batijournal.com\/wp-content\/uploads\/2017\/04\/vpah-Auvergne-Rhone-Alpes.png\" \/>\n\t<meta property=\"og:image:width\" content=\"1224\" \/>\n\t<meta property=\"og:image:height\" content=\"685\" \/>\n\t<meta property=\"og:image:type\" content=\"image\/png\" \/>\n<meta name=\"author\" content=\"St\u00e9phane Miget\" \/>\n<meta name=\"twitter:card\" content=\"summary_large_image\" \/>\n<meta name=\"twitter:creator\" content=\"@bati_journal\" \/>\n<meta name=\"twitter:site\" content=\"@bati_journal\" \/>\n<meta name=\"twitter:label1\" content=\"\u00c9crit par\" \/>\n\t<meta name=\"twitter:data1\" content=\"St\u00e9phane Miget\" \/>\n\t<meta name=\"twitter:label2\" content=\"Dur\u00e9e de lecture estim\u00e9e\" \/>\n\t<meta name=\"twitter:data2\" content=\"1 minute\" \/>\n<script type=\"application\/ld+json\" class=\"yoast-schema-graph\">{\"@context\":\"https:\\\/\\\/schema.org\",\"@graph\":[{\"@type\":\"Article\",\"@id\":\"https:\\\/\\\/batijournal.com\\\/index.php\\\/villes-pays-dart-dhistoire-de-region-auvergne-rhone-alpes-mis-ligne\\\/95741\\\/#article\",\"isPartOf\":{\"@id\":\"https:\\\/\\\/batijournal.com\\\/index.php\\\/villes-pays-dart-dhistoire-de-region-auvergne-rhone-alpes-mis-ligne\\\/95741\\\/\"},\"author\":{\"name\":\"St\u00e9phane Miget\",\"@id\":\"https:\\\/\\\/batijournal.com\\\/#\\\/schema\\\/person\\\/1dc96ec6957aa1ccb25ebe78bb19f100\"},\"headline\":\"Les Villes ou Pays d&rsquo;art et d&rsquo;histoire de la r\u00e9gion Auvergne-Rh\u00f4ne-Alpes mis en ligne\",\"datePublished\":\"2017-04-19T06:52:56+00:00\",\"dateModified\":\"2019-07-15T09:15:56+00:00\",\"mainEntityOfPage\":{\"@id\":\"https:\\\/\\\/batijournal.com\\\/index.php\\\/villes-pays-dart-dhistoire-de-region-auvergne-rhone-alpes-mis-ligne\\\/95741\\\/\"},\"wordCount\":153,\"image\":{\"@id\":\"https:\\\/\\\/batijournal.com\\\/index.php\\\/villes-pays-dart-dhistoire-de-region-auvergne-rhone-alpes-mis-ligne\\\/95741\\\/#primaryimage\"},\"thumbnailUrl\":\"https:\\\/\\\/batijournal.com\\\/wp-content\\\/uploads\\\/2017\\\/04\\\/vpah-Auvergne-Rhone-Alpes.png\",\"keywords\":[\"pays dart et dhistoire\",\"ville dart et dhistoire\"],\"articleSection\":[\"Actualit\u00e9s\",\"Architecture &amp; Conception\"],\"inLanguage\":\"fr-FR\"},{\"@type\":\"WebPage\",\"@id\":\"https:\\\/\\\/batijournal.com\\\/index.php\\\/villes-pays-dart-dhistoire-de-region-auvergne-rhone-alpes-mis-ligne\\\/95741\\\/\",\"url\":\"https:\\\/\\\/batijournal.com\\\/index.php\\\/villes-pays-dart-dhistoire-de-region-auvergne-rhone-alpes-mis-ligne\\\/95741\\\/\",\"name\":\"Les Villes ou Pays d'art et d'histoire de la r\u00e9gion Auvergne-Rh\u00f4ne-Alpes mis en ligne\",\"isPartOf\":{\"@id\":\"https:\\\/\\\/batijournal.com\\\/#website\"},\"primaryImageOfPage\":{\"@id\":\"https:\\\/\\\/batijournal.com\\\/index.php\\\/villes-pays-dart-dhistoire-de-region-auvergne-rhone-alpes-mis-ligne\\\/95741\\\/#primaryimage\"},\"image\":{\"@id\":\"https:\\\/\\\/batijournal.com\\\/index.php\\\/villes-pays-dart-dhistoire-de-region-auvergne-rhone-alpes-mis-ligne\\\/95741\\\/#primaryimage\"},\"thumbnailUrl\":\"https:\\\/\\\/batijournal.com\\\/wp-content\\\/uploads\\\/2017\\\/04\\\/vpah-Auvergne-Rhone-Alpes.png\",\"datePublished\":\"2017-04-19T06:52:56+00:00\",\"dateModified\":\"2019-07-15T09:15:56+00:00\",\"author\":{\"@id\":\"https:\\\/\\\/batijournal.com\\\/#\\\/schema\\\/person\\\/1dc96ec6957aa1ccb25ebe78bb19f100\"},\"breadcrumb\":{\"@id\":\"https:\\\/\\\/batijournal.com\\\/index.php\\\/villes-pays-dart-dhistoire-de-region-auvergne-rhone-alpes-mis-ligne\\\/95741\\\/#breadcrumb\"},\"inLanguage\":\"fr-FR\",\"potentialAction\":[{\"@type\":\"ReadAction\",\"target\":[\"https:\\\/\\\/batijournal.com\\\/index.php\\\/villes-pays-dart-dhistoire-de-region-auvergne-rhone-alpes-mis-ligne\\\/95741\\\/\"]}]},{\"@type\":\"ImageObject\",\"inLanguage\":\"fr-FR\",\"@id\":\"https:\\\/\\\/batijournal.com\\\/index.php\\\/villes-pays-dart-dhistoire-de-region-auvergne-rhone-alpes-mis-ligne\\\/95741\\\/#primaryimage\",\"url\":\"https:\\\/\\\/batijournal.com\\\/wp-content\\\/uploads\\\/2017\\\/04\\\/vpah-Auvergne-Rhone-Alpes.png\",\"contentUrl\":\"https:\\\/\\\/batijournal.com\\\/wp-content\\\/uploads\\\/2017\\\/04\\\/vpah-Auvergne-Rhone-Alpes.png\",\"width\":1224,\"height\":685},{\"@type\":\"BreadcrumbList\",\"@id\":\"https:\\\/\\\/batijournal.com\\\/index.php\\\/villes-pays-dart-dhistoire-de-region-auvergne-rhone-alpes-mis-ligne\\\/95741\\\/#breadcrumb\",\"itemListElement\":[{\"@type\":\"ListItem\",\"position\":1,\"name\":\"Accueil\",\"item\":\"https:\\\/\\\/batijournal.com\\\/\"},{\"@type\":\"ListItem\",\"position\":2,\"name\":\"Actualit\u00e9s\",\"item\":\"https:\\\/\\\/batijournal.com\\\/index.php\\\/category\\\/actualites\\\/\"},{\"@type\":\"ListItem\",\"position\":3,\"name\":\"Les Villes ou Pays d&rsquo;art et d&rsquo;histoire de la r\u00e9gion Auvergne-Rh\u00f4ne-Alpes mis en ligne\"}]},{\"@type\":\"WebSite\",\"@id\":\"https:\\\/\\\/batijournal.com\\\/#website\",\"url\":\"https:\\\/\\\/batijournal.com\\\/\",\"name\":\"Batijournal\",\"description\":\"L&#039;actualit\u00e9 du b\u00e2timent\",\"potentialAction\":[{\"@type\":\"SearchAction\",\"target\":{\"@type\":\"EntryPoint\",\"urlTemplate\":\"https:\\\/\\\/batijournal.com\\\/?s={search_term_string}\"},\"query-input\":{\"@type\":\"PropertyValueSpecification\",\"valueRequired\":true,\"valueName\":\"search_term_string\"}}],\"inLanguage\":\"fr-FR\"},{\"@type\":\"Person\",\"@id\":\"https:\\\/\\\/batijournal.com\\\/#\\\/schema\\\/person\\\/1dc96ec6957aa1ccb25ebe78bb19f100\",\"name\":\"St\u00e9phane Miget\",\"image\":{\"@type\":\"ImageObject\",\"inLanguage\":\"fr-FR\",\"@id\":\"https:\\\/\\\/secure.gravatar.com\\\/avatar\\\/89915563d925342126b8ef0281b93d9d7fc337043e8df017f780908eb9644451?s=96&d=mm&r=g\",\"url\":\"https:\\\/\\\/secure.gravatar.com\\\/avatar\\\/89915563d925342126b8ef0281b93d9d7fc337043e8df017f780908eb9644451?s=96&d=mm&r=g\",\"contentUrl\":\"https:\\\/\\\/secure.gravatar.com\\\/avatar\\\/89915563d925342126b8ef0281b93d9d7fc337043e8df017f780908eb9644451?s=96&d=mm&r=g\",\"caption\":\"St\u00e9phane Miget\"},\"url\":\"https:\\\/\\\/batijournal.com\\\/index.php\\\/author\\\/stephane\\\/\"}]}<\/script>\n<!-- \/ Yoast SEO plugin. -->","yoast_head_json":{"title":"Les Villes ou Pays d'art et d'histoire de la r\u00e9gion Auvergne-Rh\u00f4ne-Alpes mis en ligne","robots":{"index":"index","follow":"follow","max-snippet":"max-snippet:-1","max-image-preview":"max-image-preview:large","max-video-preview":"max-video-preview:-1"},"canonical":"https:\/\/batijournal.com\/index.php\/villes-pays-dart-dhistoire-de-region-auvergne-rhone-alpes-mis-ligne\/95741\/","og_locale":"fr_FR","og_type":"article","og_title":"Les Villes ou Pays d'art et d'histoire de la r\u00e9gion Auvergne-Rh\u00f4ne-Alpes mis en ligne","og_description":"La DRAC Auvergne-Rh\u00f4ne-Alpes anime et soutient le r\u00e9seau de 20 territoires labellis\u00e9s Villes ou Pays d&rsquo;art et d&rsquo;histoire (Vpah). Ce r\u00e9seau entend faire comprendre et partager les patrimoines dans leur diversit\u00e9, de fa\u00e7on originale et vivante, en donnant des cl\u00e9s de d\u00e9couverte et de lecture aux habitants, au jeune public et aux visiteurs. Mis en [&hellip;]","og_url":"https:\/\/batijournal.com\/index.php\/villes-pays-dart-dhistoire-de-region-auvergne-rhone-alpes-mis-ligne\/95741\/","og_site_name":"Batijournal","article_published_time":"2017-04-19T06:52:56+00:00","article_modified_time":"2019-07-15T09:15:56+00:00","og_image":[{"width":1224,"height":685,"url":"https:\/\/batijournal.com\/wp-content\/uploads\/2017\/04\/vpah-Auvergne-Rhone-Alpes.png","type":"image\/png"}],"author":"St\u00e9phane Miget","twitter_card":"summary_large_image","twitter_creator":"@bati_journal","twitter_site":"@bati_journal","twitter_misc":{"\u00c9crit par":"St\u00e9phane Miget","Dur\u00e9e de lecture estim\u00e9e":"1 minute"},"schema":{"@context":"https:\/\/schema.org","@graph":[{"@type":"Article","@id":"https:\/\/batijournal.com\/index.php\/villes-pays-dart-dhistoire-de-region-auvergne-rhone-alpes-mis-ligne\/95741\/#article","isPartOf":{"@id":"https:\/\/batijournal.com\/index.php\/villes-pays-dart-dhistoire-de-region-auvergne-rhone-alpes-mis-ligne\/95741\/"},"author":{"name":"St\u00e9phane Miget","@id":"https:\/\/batijournal.com\/#\/schema\/person\/1dc96ec6957aa1ccb25ebe78bb19f100"},"headline":"Les Villes ou Pays d&rsquo;art et d&rsquo;histoire de la r\u00e9gion Auvergne-Rh\u00f4ne-Alpes mis en ligne","datePublished":"2017-04-19T06:52:56+00:00","dateModified":"2019-07-15T09:15:56+00:00","mainEntityOfPage":{"@id":"https:\/\/batijournal.com\/index.php\/villes-pays-dart-dhistoire-de-region-auvergne-rhone-alpes-mis-ligne\/95741\/"},"wordCount":153,"image":{"@id":"https:\/\/batijournal.com\/index.php\/villes-pays-dart-dhistoire-de-region-auvergne-rhone-alpes-mis-ligne\/95741\/#primaryimage"},"thumbnailUrl":"https:\/\/batijournal.com\/wp-content\/uploads\/2017\/04\/vpah-Auvergne-Rhone-Alpes.png","keywords":["pays dart et dhistoire","ville dart et dhistoire"],"articleSection":["Actualit\u00e9s","Architecture &amp; Conception"],"inLanguage":"fr-FR"},{"@type":"WebPage","@id":"https:\/\/batijournal.com\/index.php\/villes-pays-dart-dhistoire-de-region-auvergne-rhone-alpes-mis-ligne\/95741\/","url":"https:\/\/batijournal.com\/index.php\/villes-pays-dart-dhistoire-de-region-auvergne-rhone-alpes-mis-ligne\/95741\/","name":"Les Villes ou Pays d'art et d'histoire de la r\u00e9gion Auvergne-Rh\u00f4ne-Alpes mis en ligne","isPartOf":{"@id":"https:\/\/batijournal.com\/#website"},"primaryImageOfPage":{"@id":"https:\/\/batijournal.com\/index.php\/villes-pays-dart-dhistoire-de-region-auvergne-rhone-alpes-mis-ligne\/95741\/#primaryimage"},"image":{"@id":"https:\/\/batijournal.com\/index.php\/villes-pays-dart-dhistoire-de-region-auvergne-rhone-alpes-mis-ligne\/95741\/#primaryimage"},"thumbnailUrl":"https:\/\/batijournal.com\/wp-content\/uploads\/2017\/04\/vpah-Auvergne-Rhone-Alpes.png","datePublished":"2017-04-19T06:52:56+00:00","dateModified":"2019-07-15T09:15:56+00:00","author":{"@id":"https:\/\/batijournal.com\/#\/schema\/person\/1dc96ec6957aa1ccb25ebe78bb19f100"},"breadcrumb":{"@id":"https:\/\/batijournal.com\/index.php\/villes-pays-dart-dhistoire-de-region-auvergne-rhone-alpes-mis-ligne\/95741\/#breadcrumb"},"inLanguage":"fr-FR","potentialAction":[{"@type":"ReadAction","target":["https:\/\/batijournal.com\/index.php\/villes-pays-dart-dhistoire-de-region-auvergne-rhone-alpes-mis-ligne\/95741\/"]}]},{"@type":"ImageObject","inLanguage":"fr-FR","@id":"https:\/\/batijournal.com\/index.php\/villes-pays-dart-dhistoire-de-region-auvergne-rhone-alpes-mis-ligne\/95741\/#primaryimage","url":"https:\/\/batijournal.com\/wp-content\/uploads\/2017\/04\/vpah-Auvergne-Rhone-Alpes.png","contentUrl":"https:\/\/batijournal.com\/wp-content\/uploads\/2017\/04\/vpah-Auvergne-Rhone-Alpes.png","width":1224,"height":685},{"@type":"BreadcrumbList","@id":"https:\/\/batijournal.com\/index.php\/villes-pays-dart-dhistoire-de-region-auvergne-rhone-alpes-mis-ligne\/95741\/#breadcrumb","itemListElement":[{"@type":"ListItem","position":1,"name":"Accueil","item":"https:\/\/batijournal.com\/"},{"@type":"ListItem","position":2,"name":"Actualit\u00e9s","item":"https:\/\/batijournal.com\/index.php\/category\/actualites\/"},{"@type":"ListItem","position":3,"name":"Les Villes ou Pays d&rsquo;art et d&rsquo;histoire de la r\u00e9gion Auvergne-Rh\u00f4ne-Alpes mis en ligne"}]},{"@type":"WebSite","@id":"https:\/\/batijournal.com\/#website","url":"https:\/\/batijournal.com\/","name":"Batijournal","description":"L&#039;actualit\u00e9 du b\u00e2timent","potentialAction":[{"@type":"SearchAction","target":{"@type":"EntryPoint","urlTemplate":"https:\/\/batijournal.com\/?s={search_term_string}"},"query-input":{"@type":"PropertyValueSpecification","valueRequired":true,"valueName":"search_term_string"}}],"inLanguage":"fr-FR"},{"@type":"Person","@id":"https:\/\/batijournal.com\/#\/schema\/person\/1dc96ec6957aa1ccb25ebe78bb19f100","name":"St\u00e9phane Miget","image":{"@type":"ImageObject","inLanguage":"fr-FR","@id":"https:\/\/secure.gravatar.com\/avatar\/89915563d925342126b8ef0281b93d9d7fc337043e8df017f780908eb9644451?s=96&d=mm&r=g","url":"https:\/\/secure.gravatar.com\/avatar\/89915563d925342126b8ef0281b93d9d7fc337043e8df017f780908eb9644451?s=96&d=mm&r=g","contentUrl":"https:\/\/secure.gravatar.com\/avatar\/89915563d925342126b8ef0281b93d9d7fc337043e8df017f780908eb9644451?s=96&d=mm&r=g","caption":"St\u00e9phane Miget"},"url":"https:\/\/batijournal.com\/index.php\/author\/stephane\/"}]}},"_links":{"self":[{"href":"https:\/\/batijournal.com\/index.php\/wp-json\/wp\/v2\/posts\/95741","targetHints":{"allow":["GET"]}}],"collection":[{"href":"https:\/\/batijournal.com\/index.php\/wp-json\/wp\/v2\/posts"}],"about":[{"href":"https:\/\/batijournal.com\/index.php\/wp-json\/wp\/v2\/types\/post"}],"author":[{"embeddable":true,"href":"https:\/\/batijournal.com\/index.php\/wp-json\/wp\/v2\/users\/17"}],"replies":[{"embeddable":true,"href":"https:\/\/batijournal.com\/index.php\/wp-json\/wp\/v2\/comments?post=95741"}],"version-history":[{"count":0,"href":"https:\/\/batijournal.com\/index.php\/wp-json\/wp\/v2\/posts\/95741\/revisions"}],"wp:featuredmedia":[{"embeddable":true,"href":"https:\/\/batijournal.com\/index.php\/wp-json\/wp\/v2\/media\/95742"}],"wp:attachment":[{"href":"https:\/\/batijournal.com\/index.php\/wp-json\/wp\/v2\/media?parent=95741"}],"wp:term":[{"taxonomy":"category","embeddable":true,"href":"https:\/\/batijournal.com\/index.php\/wp-json\/wp\/v2\/categories?post=95741"},{"taxonomy":"post_tag","embeddable":true,"href":"https:\/\/batijournal.com\/index.php\/wp-json\/wp\/v2\/tags?post=95741"}],"curies":[{"name":"wp","href":"https:\/\/api.w.org\/{rel}","templated":true}]}}