{"id":95743,"date":"2017-04-19T08:56:58","date_gmt":"2017-04-19T06:56:58","guid":{"rendered":"http:\/\/batijournal.com\/?p=95743"},"modified":"2019-07-15T11:15:56","modified_gmt":"2019-07-15T09:15:56","slug":"premier-musee-consacre-a-camille-claudel-ouvert","status":"publish","type":"post","link":"https:\/\/batijournal.com\/index.php\/premier-musee-consacre-a-camille-claudel-ouvert\/95743\/","title":{"rendered":"Le premier mus\u00e9e consacr\u00e9 \u00e0 Camille Claudel est ouvert"},"content":{"rendered":"<p>Depuis le 26 mars 2017, le mus\u00e9e Camille Claudel, \u00e0 Nogent-sur-Seine (Aube), pr\u00e9sente la plus importante collection au monde de l&rsquo;artiste. Adoss\u00e9 \u00e0 la \u00ab\u00a0Maison Claudel\u00a0\u00bb, l\u00e0 o\u00f9 v\u00e9cu l&rsquo;artiste, le mus\u00e9e, situ\u00e9 sur une butte, au centre historique de Nogent-sur-Seine, est imagin\u00e9 par l\u2019architecte Adelfo Scaranello comme un \u00ab phare visible de jour comme de nuit \u00bb. Il se pr\u00e9sente, sur trois niveaux, avec une addition de volumes diff\u00e9rents, aux larges baies vitr\u00e9es. En utilisant un mat\u00e9riau local, la brique, associ\u00e9 \u00e0 l\u2019enduit qui habille les maisons voisines, Adelfo Scaranello renvoie \u00e0 la mati\u00e8re premi\u00e8re du sculpteur \u00ab\u00a0la terre\u00a0\u00bb. Pour l&rsquo;architecte, l&rsquo;objectif \u00e9tait d'\u00a0\u00bbarticuler les constructions conserv\u00e9es avec de nouveaux volumes. Cet ensemble formant un \u00eelot urbain en c\u0153ur de ville en composant une suite de lieux d\u2019expositions\u00a0\u00bb. Dans les salles d&rsquo;exposition, la mus\u00e9ographie s&rsquo;efface au profit des \u0153uvres, dans une harmonie de couleur entre les sols, les peintures et le mobilier.<br \/>\nPhoto : Mus\u00e9e Camille Claudel \u00e0 Nogent-sur-Seine \u00a9 mus\u00e9e Camille Claudel, photo Marco Illuminati<\/p>\n<p>&nbsp;<\/p>\n","protected":false},"excerpt":{"rendered":"<p>Depuis le 26 mars 2017, le mus\u00e9e Camille Claudel, \u00e0 Nogent-sur-Seine (Aube), pr\u00e9sente la plus importante collection au monde de l&rsquo;artiste. Adoss\u00e9 \u00e0 la \u00ab\u00a0Maison Claudel\u00a0\u00bb, l\u00e0 o\u00f9 v\u00e9cu l&rsquo;artiste, le mus\u00e9e, situ\u00e9 sur une butte, au centre historique de Nogent-sur-Seine, est imagin\u00e9 par l\u2019architecte Adelfo Scaranello comme un \u00ab phare visible de jour comme [&hellip;]<\/p>\n","protected":false},"author":17,"featured_media":95744,"comment_status":"closed","ping_status":"closed","sticky":false,"template":"","format":"standard","meta":{"_et_pb_use_builder":"","_et_pb_old_content":"","_et_gb_content_width":"","footnotes":""},"categories":[10530,6340],"tags":[3640],"class_list":["post-95743","post","type-post","status-publish","format-standard","has-post-thumbnail","hentry","category-actualites","category-architecture-conception","tag-musee"],"yoast_head":"<!-- This site is optimized with the Yoast SEO plugin v27.4 - https:\/\/yoast.com\/product\/yoast-seo-wordpress\/ -->\n<title>Le premier mus\u00e9e consacr\u00e9 \u00e0 Camille Claudel est ouvert<\/title>\n<meta name=\"robots\" content=\"index, follow, max-snippet:-1, max-image-preview:large, max-video-preview:-1\" \/>\n<link rel=\"canonical\" href=\"https:\/\/batijournal.com\/index.php\/premier-musee-consacre-a-camille-claudel-ouvert\/95743\/\" \/>\n<meta property=\"og:locale\" content=\"fr_FR\" \/>\n<meta property=\"og:type\" content=\"article\" \/>\n<meta property=\"og:title\" content=\"Le premier mus\u00e9e consacr\u00e9 \u00e0 Camille Claudel est ouvert\" \/>\n<meta property=\"og:description\" content=\"Depuis le 26 mars 2017, le mus\u00e9e Camille Claudel, \u00e0 Nogent-sur-Seine (Aube), pr\u00e9sente la plus importante collection au monde de l&rsquo;artiste. Adoss\u00e9 \u00e0 la \u00ab\u00a0Maison Claudel\u00a0\u00bb, l\u00e0 o\u00f9 v\u00e9cu l&rsquo;artiste, le mus\u00e9e, situ\u00e9 sur une butte, au centre historique de Nogent-sur-Seine, est imagin\u00e9 par l\u2019architecte Adelfo Scaranello comme un \u00ab phare visible de jour comme [&hellip;]\" \/>\n<meta property=\"og:url\" content=\"https:\/\/batijournal.com\/index.php\/premier-musee-consacre-a-camille-claudel-ouvert\/95743\/\" \/>\n<meta property=\"og:site_name\" content=\"Batijournal\" \/>\n<meta property=\"article:published_time\" content=\"2017-04-19T06:56:58+00:00\" \/>\n<meta property=\"article:modified_time\" content=\"2019-07-15T09:15:56+00:00\" \/>\n<meta property=\"og:image\" content=\"https:\/\/batijournal.com\/wp-content\/uploads\/2017\/04\/Musee-Camille-Claudel.jpg\" \/>\n\t<meta property=\"og:image:width\" content=\"603\" \/>\n\t<meta property=\"og:image:height\" content=\"402\" \/>\n\t<meta property=\"og:image:type\" content=\"image\/jpeg\" \/>\n<meta name=\"author\" content=\"St\u00e9phane Miget\" \/>\n<meta name=\"twitter:card\" content=\"summary_large_image\" \/>\n<meta name=\"twitter:creator\" content=\"@bati_journal\" \/>\n<meta name=\"twitter:site\" content=\"@bati_journal\" \/>\n<meta name=\"twitter:label1\" content=\"\u00c9crit par\" \/>\n\t<meta name=\"twitter:data1\" content=\"St\u00e9phane Miget\" \/>\n\t<meta name=\"twitter:label2\" content=\"Dur\u00e9e de lecture estim\u00e9e\" \/>\n\t<meta name=\"twitter:data2\" content=\"1 minute\" \/>\n<script type=\"application\/ld+json\" class=\"yoast-schema-graph\">{\"@context\":\"https:\\\/\\\/schema.org\",\"@graph\":[{\"@type\":\"Article\",\"@id\":\"https:\\\/\\\/batijournal.com\\\/index.php\\\/premier-musee-consacre-a-camille-claudel-ouvert\\\/95743\\\/#article\",\"isPartOf\":{\"@id\":\"https:\\\/\\\/batijournal.com\\\/index.php\\\/premier-musee-consacre-a-camille-claudel-ouvert\\\/95743\\\/\"},\"author\":{\"name\":\"St\u00e9phane Miget\",\"@id\":\"https:\\\/\\\/batijournal.com\\\/#\\\/schema\\\/person\\\/1dc96ec6957aa1ccb25ebe78bb19f100\"},\"headline\":\"Le premier mus\u00e9e consacr\u00e9 \u00e0 Camille Claudel est ouvert\",\"datePublished\":\"2017-04-19T06:56:58+00:00\",\"dateModified\":\"2019-07-15T09:15:56+00:00\",\"mainEntityOfPage\":{\"@id\":\"https:\\\/\\\/batijournal.com\\\/index.php\\\/premier-musee-consacre-a-camille-claudel-ouvert\\\/95743\\\/\"},\"wordCount\":191,\"image\":{\"@id\":\"https:\\\/\\\/batijournal.com\\\/index.php\\\/premier-musee-consacre-a-camille-claudel-ouvert\\\/95743\\\/#primaryimage\"},\"thumbnailUrl\":\"https:\\\/\\\/batijournal.com\\\/wp-content\\\/uploads\\\/2017\\\/04\\\/Musee-Camille-Claudel.jpg\",\"keywords\":[\"mus\u00e9e\"],\"articleSection\":[\"Actualit\u00e9s\",\"Architecture &amp; Conception\"],\"inLanguage\":\"fr-FR\"},{\"@type\":\"WebPage\",\"@id\":\"https:\\\/\\\/batijournal.com\\\/index.php\\\/premier-musee-consacre-a-camille-claudel-ouvert\\\/95743\\\/\",\"url\":\"https:\\\/\\\/batijournal.com\\\/index.php\\\/premier-musee-consacre-a-camille-claudel-ouvert\\\/95743\\\/\",\"name\":\"Le premier mus\u00e9e consacr\u00e9 \u00e0 Camille Claudel est ouvert\",\"isPartOf\":{\"@id\":\"https:\\\/\\\/batijournal.com\\\/#website\"},\"primaryImageOfPage\":{\"@id\":\"https:\\\/\\\/batijournal.com\\\/index.php\\\/premier-musee-consacre-a-camille-claudel-ouvert\\\/95743\\\/#primaryimage\"},\"image\":{\"@id\":\"https:\\\/\\\/batijournal.com\\\/index.php\\\/premier-musee-consacre-a-camille-claudel-ouvert\\\/95743\\\/#primaryimage\"},\"thumbnailUrl\":\"https:\\\/\\\/batijournal.com\\\/wp-content\\\/uploads\\\/2017\\\/04\\\/Musee-Camille-Claudel.jpg\",\"datePublished\":\"2017-04-19T06:56:58+00:00\",\"dateModified\":\"2019-07-15T09:15:56+00:00\",\"author\":{\"@id\":\"https:\\\/\\\/batijournal.com\\\/#\\\/schema\\\/person\\\/1dc96ec6957aa1ccb25ebe78bb19f100\"},\"breadcrumb\":{\"@id\":\"https:\\\/\\\/batijournal.com\\\/index.php\\\/premier-musee-consacre-a-camille-claudel-ouvert\\\/95743\\\/#breadcrumb\"},\"inLanguage\":\"fr-FR\",\"potentialAction\":[{\"@type\":\"ReadAction\",\"target\":[\"https:\\\/\\\/batijournal.com\\\/index.php\\\/premier-musee-consacre-a-camille-claudel-ouvert\\\/95743\\\/\"]}]},{\"@type\":\"ImageObject\",\"inLanguage\":\"fr-FR\",\"@id\":\"https:\\\/\\\/batijournal.com\\\/index.php\\\/premier-musee-consacre-a-camille-claudel-ouvert\\\/95743\\\/#primaryimage\",\"url\":\"https:\\\/\\\/batijournal.com\\\/wp-content\\\/uploads\\\/2017\\\/04\\\/Musee-Camille-Claudel.jpg\",\"contentUrl\":\"https:\\\/\\\/batijournal.com\\\/wp-content\\\/uploads\\\/2017\\\/04\\\/Musee-Camille-Claudel.jpg\",\"width\":603,\"height\":402},{\"@type\":\"BreadcrumbList\",\"@id\":\"https:\\\/\\\/batijournal.com\\\/index.php\\\/premier-musee-consacre-a-camille-claudel-ouvert\\\/95743\\\/#breadcrumb\",\"itemListElement\":[{\"@type\":\"ListItem\",\"position\":1,\"name\":\"Accueil\",\"item\":\"https:\\\/\\\/batijournal.com\\\/\"},{\"@type\":\"ListItem\",\"position\":2,\"name\":\"Actualit\u00e9s\",\"item\":\"https:\\\/\\\/batijournal.com\\\/index.php\\\/category\\\/actualites\\\/\"},{\"@type\":\"ListItem\",\"position\":3,\"name\":\"Le premier mus\u00e9e consacr\u00e9 \u00e0 Camille Claudel est ouvert\"}]},{\"@type\":\"WebSite\",\"@id\":\"https:\\\/\\\/batijournal.com\\\/#website\",\"url\":\"https:\\\/\\\/batijournal.com\\\/\",\"name\":\"Batijournal\",\"description\":\"L&#039;actualit\u00e9 du b\u00e2timent\",\"potentialAction\":[{\"@type\":\"SearchAction\",\"target\":{\"@type\":\"EntryPoint\",\"urlTemplate\":\"https:\\\/\\\/batijournal.com\\\/?s={search_term_string}\"},\"query-input\":{\"@type\":\"PropertyValueSpecification\",\"valueRequired\":true,\"valueName\":\"search_term_string\"}}],\"inLanguage\":\"fr-FR\"},{\"@type\":\"Person\",\"@id\":\"https:\\\/\\\/batijournal.com\\\/#\\\/schema\\\/person\\\/1dc96ec6957aa1ccb25ebe78bb19f100\",\"name\":\"St\u00e9phane Miget\",\"image\":{\"@type\":\"ImageObject\",\"inLanguage\":\"fr-FR\",\"@id\":\"https:\\\/\\\/secure.gravatar.com\\\/avatar\\\/89915563d925342126b8ef0281b93d9d7fc337043e8df017f780908eb9644451?s=96&d=mm&r=g\",\"url\":\"https:\\\/\\\/secure.gravatar.com\\\/avatar\\\/89915563d925342126b8ef0281b93d9d7fc337043e8df017f780908eb9644451?s=96&d=mm&r=g\",\"contentUrl\":\"https:\\\/\\\/secure.gravatar.com\\\/avatar\\\/89915563d925342126b8ef0281b93d9d7fc337043e8df017f780908eb9644451?s=96&d=mm&r=g\",\"caption\":\"St\u00e9phane Miget\"},\"url\":\"https:\\\/\\\/batijournal.com\\\/index.php\\\/author\\\/stephane\\\/\"}]}<\/script>\n<!-- \/ Yoast SEO plugin. -->","yoast_head_json":{"title":"Le premier mus\u00e9e consacr\u00e9 \u00e0 Camille Claudel est ouvert","robots":{"index":"index","follow":"follow","max-snippet":"max-snippet:-1","max-image-preview":"max-image-preview:large","max-video-preview":"max-video-preview:-1"},"canonical":"https:\/\/batijournal.com\/index.php\/premier-musee-consacre-a-camille-claudel-ouvert\/95743\/","og_locale":"fr_FR","og_type":"article","og_title":"Le premier mus\u00e9e consacr\u00e9 \u00e0 Camille Claudel est ouvert","og_description":"Depuis le 26 mars 2017, le mus\u00e9e Camille Claudel, \u00e0 Nogent-sur-Seine (Aube), pr\u00e9sente la plus importante collection au monde de l&rsquo;artiste. Adoss\u00e9 \u00e0 la \u00ab\u00a0Maison Claudel\u00a0\u00bb, l\u00e0 o\u00f9 v\u00e9cu l&rsquo;artiste, le mus\u00e9e, situ\u00e9 sur une butte, au centre historique de Nogent-sur-Seine, est imagin\u00e9 par l\u2019architecte Adelfo Scaranello comme un \u00ab phare visible de jour comme [&hellip;]","og_url":"https:\/\/batijournal.com\/index.php\/premier-musee-consacre-a-camille-claudel-ouvert\/95743\/","og_site_name":"Batijournal","article_published_time":"2017-04-19T06:56:58+00:00","article_modified_time":"2019-07-15T09:15:56+00:00","og_image":[{"width":603,"height":402,"url":"https:\/\/batijournal.com\/wp-content\/uploads\/2017\/04\/Musee-Camille-Claudel.jpg","type":"image\/jpeg"}],"author":"St\u00e9phane Miget","twitter_card":"summary_large_image","twitter_creator":"@bati_journal","twitter_site":"@bati_journal","twitter_misc":{"\u00c9crit par":"St\u00e9phane Miget","Dur\u00e9e de lecture estim\u00e9e":"1 minute"},"schema":{"@context":"https:\/\/schema.org","@graph":[{"@type":"Article","@id":"https:\/\/batijournal.com\/index.php\/premier-musee-consacre-a-camille-claudel-ouvert\/95743\/#article","isPartOf":{"@id":"https:\/\/batijournal.com\/index.php\/premier-musee-consacre-a-camille-claudel-ouvert\/95743\/"},"author":{"name":"St\u00e9phane Miget","@id":"https:\/\/batijournal.com\/#\/schema\/person\/1dc96ec6957aa1ccb25ebe78bb19f100"},"headline":"Le premier mus\u00e9e consacr\u00e9 \u00e0 Camille Claudel est ouvert","datePublished":"2017-04-19T06:56:58+00:00","dateModified":"2019-07-15T09:15:56+00:00","mainEntityOfPage":{"@id":"https:\/\/batijournal.com\/index.php\/premier-musee-consacre-a-camille-claudel-ouvert\/95743\/"},"wordCount":191,"image":{"@id":"https:\/\/batijournal.com\/index.php\/premier-musee-consacre-a-camille-claudel-ouvert\/95743\/#primaryimage"},"thumbnailUrl":"https:\/\/batijournal.com\/wp-content\/uploads\/2017\/04\/Musee-Camille-Claudel.jpg","keywords":["mus\u00e9e"],"articleSection":["Actualit\u00e9s","Architecture &amp; Conception"],"inLanguage":"fr-FR"},{"@type":"WebPage","@id":"https:\/\/batijournal.com\/index.php\/premier-musee-consacre-a-camille-claudel-ouvert\/95743\/","url":"https:\/\/batijournal.com\/index.php\/premier-musee-consacre-a-camille-claudel-ouvert\/95743\/","name":"Le premier mus\u00e9e consacr\u00e9 \u00e0 Camille Claudel est ouvert","isPartOf":{"@id":"https:\/\/batijournal.com\/#website"},"primaryImageOfPage":{"@id":"https:\/\/batijournal.com\/index.php\/premier-musee-consacre-a-camille-claudel-ouvert\/95743\/#primaryimage"},"image":{"@id":"https:\/\/batijournal.com\/index.php\/premier-musee-consacre-a-camille-claudel-ouvert\/95743\/#primaryimage"},"thumbnailUrl":"https:\/\/batijournal.com\/wp-content\/uploads\/2017\/04\/Musee-Camille-Claudel.jpg","datePublished":"2017-04-19T06:56:58+00:00","dateModified":"2019-07-15T09:15:56+00:00","author":{"@id":"https:\/\/batijournal.com\/#\/schema\/person\/1dc96ec6957aa1ccb25ebe78bb19f100"},"breadcrumb":{"@id":"https:\/\/batijournal.com\/index.php\/premier-musee-consacre-a-camille-claudel-ouvert\/95743\/#breadcrumb"},"inLanguage":"fr-FR","potentialAction":[{"@type":"ReadAction","target":["https:\/\/batijournal.com\/index.php\/premier-musee-consacre-a-camille-claudel-ouvert\/95743\/"]}]},{"@type":"ImageObject","inLanguage":"fr-FR","@id":"https:\/\/batijournal.com\/index.php\/premier-musee-consacre-a-camille-claudel-ouvert\/95743\/#primaryimage","url":"https:\/\/batijournal.com\/wp-content\/uploads\/2017\/04\/Musee-Camille-Claudel.jpg","contentUrl":"https:\/\/batijournal.com\/wp-content\/uploads\/2017\/04\/Musee-Camille-Claudel.jpg","width":603,"height":402},{"@type":"BreadcrumbList","@id":"https:\/\/batijournal.com\/index.php\/premier-musee-consacre-a-camille-claudel-ouvert\/95743\/#breadcrumb","itemListElement":[{"@type":"ListItem","position":1,"name":"Accueil","item":"https:\/\/batijournal.com\/"},{"@type":"ListItem","position":2,"name":"Actualit\u00e9s","item":"https:\/\/batijournal.com\/index.php\/category\/actualites\/"},{"@type":"ListItem","position":3,"name":"Le premier mus\u00e9e consacr\u00e9 \u00e0 Camille Claudel est ouvert"}]},{"@type":"WebSite","@id":"https:\/\/batijournal.com\/#website","url":"https:\/\/batijournal.com\/","name":"Batijournal","description":"L&#039;actualit\u00e9 du b\u00e2timent","potentialAction":[{"@type":"SearchAction","target":{"@type":"EntryPoint","urlTemplate":"https:\/\/batijournal.com\/?s={search_term_string}"},"query-input":{"@type":"PropertyValueSpecification","valueRequired":true,"valueName":"search_term_string"}}],"inLanguage":"fr-FR"},{"@type":"Person","@id":"https:\/\/batijournal.com\/#\/schema\/person\/1dc96ec6957aa1ccb25ebe78bb19f100","name":"St\u00e9phane Miget","image":{"@type":"ImageObject","inLanguage":"fr-FR","@id":"https:\/\/secure.gravatar.com\/avatar\/89915563d925342126b8ef0281b93d9d7fc337043e8df017f780908eb9644451?s=96&d=mm&r=g","url":"https:\/\/secure.gravatar.com\/avatar\/89915563d925342126b8ef0281b93d9d7fc337043e8df017f780908eb9644451?s=96&d=mm&r=g","contentUrl":"https:\/\/secure.gravatar.com\/avatar\/89915563d925342126b8ef0281b93d9d7fc337043e8df017f780908eb9644451?s=96&d=mm&r=g","caption":"St\u00e9phane Miget"},"url":"https:\/\/batijournal.com\/index.php\/author\/stephane\/"}]}},"_links":{"self":[{"href":"https:\/\/batijournal.com\/index.php\/wp-json\/wp\/v2\/posts\/95743","targetHints":{"allow":["GET"]}}],"collection":[{"href":"https:\/\/batijournal.com\/index.php\/wp-json\/wp\/v2\/posts"}],"about":[{"href":"https:\/\/batijournal.com\/index.php\/wp-json\/wp\/v2\/types\/post"}],"author":[{"embeddable":true,"href":"https:\/\/batijournal.com\/index.php\/wp-json\/wp\/v2\/users\/17"}],"replies":[{"embeddable":true,"href":"https:\/\/batijournal.com\/index.php\/wp-json\/wp\/v2\/comments?post=95743"}],"version-history":[{"count":0,"href":"https:\/\/batijournal.com\/index.php\/wp-json\/wp\/v2\/posts\/95743\/revisions"}],"wp:featuredmedia":[{"embeddable":true,"href":"https:\/\/batijournal.com\/index.php\/wp-json\/wp\/v2\/media\/95744"}],"wp:attachment":[{"href":"https:\/\/batijournal.com\/index.php\/wp-json\/wp\/v2\/media?parent=95743"}],"wp:term":[{"taxonomy":"category","embeddable":true,"href":"https:\/\/batijournal.com\/index.php\/wp-json\/wp\/v2\/categories?post=95743"},{"taxonomy":"post_tag","embeddable":true,"href":"https:\/\/batijournal.com\/index.php\/wp-json\/wp\/v2\/tags?post=95743"}],"curies":[{"name":"wp","href":"https:\/\/api.w.org\/{rel}","templated":true}]}}