{"id":95768,"date":"2017-04-20T09:34:45","date_gmt":"2017-04-20T07:34:45","guid":{"rendered":"http:\/\/batijournal.com\/?p=95768"},"modified":"2019-07-15T11:27:22","modified_gmt":"2019-07-15T09:27:22","slug":"voiles-porteurs-isolants-courbes-beton-prefabrique-fonce","status":"publish","type":"post","link":"https:\/\/batijournal.com\/index.php\/voiles-porteurs-isolants-courbes-beton-prefabrique-fonce\/95768\/","title":{"rendered":"Voiles porteurs isolants et courbes en b\u00e9ton pr\u00e9fabriqu\u00e9 fonc\u00e9"},"content":{"rendered":"<p><strong>La SNCF a r\u00e9alis\u00e9, \u00e0 Paris 18\u00e8me, \u00e0 la place de b\u00e2timents techniques v\u00e9tustes et inutilis\u00e9s, un ensemble immobilier comprenant 83 logements sociaux et un centre de formation Le projet des architectes Naud &amp; Poux, retenu \u00e0 l\u2019issue d\u2019un concours, optimise la gestion de l\u2019espace de cet ilot de forme et d\u2019emplacement particuliers en organisant quatre blocs de logements de fa\u00e7on \u00e0 ce que leur partie la plus large soit tourn\u00e9e du c\u00f4t\u00e9 de la voie ferr\u00e9e, comme un rempart protecteur pour les espaces \u00e0 vivre et les jardins int\u00e9rieurs. Des d\u00e9gagements visuels sont pr\u00e9serv\u00e9s entre chaque b\u00e2timent.<\/strong><\/p>\n<p>Les quatre immeubles sont reli\u00e9s les uns aux autres au rez-de-chauss\u00e9e par une v\u00eature porteuse qui \u00ab s\u2019\u00e9chappe \u00bb de chaque b\u00e2timent, se prolonge sur la rue comme un voile protecteur et rejoint le b\u00e2timent suivant. Rue Cugnot, les locaux techniques (locaux poubelles, garages \u00e0 v\u00e9los&#8230;) s\u2019adossent \u00e0 ce mur qui s\u00e9pare la r\u00e9sidence de la rue.<br \/>\nEn pied de b\u00e2timent, cette v\u00eature en b\u00e9ton pr\u00e9fabriqu\u00e9 de teinte fonc\u00e9e est tout \u00e0 la fois mur porteur, isolant et peau ext\u00e9rieure. Elle \u00e9pouse et souligne les formes successivement droites et courbes donn\u00e9es par les architectes \u00e0 chaque immeuble. De nombreuses baies de tailles diff\u00e9rentes rythment son d\u00e9velopp\u00e9.<\/p>\n<p><strong>Des panneaux porteurs en b\u00e9ton noir avec isolation int\u00e9gr\u00e9e<\/strong><\/p>\n<p>Ce voile de 1 601 m2, porteur et isolant en b\u00e9ton pr\u00e9fabriqu\u00e9, est constitu\u00e9 de panneaux sandwichs droits et courbes r\u00e9pondant \u00e0 12 rayons de courbures concaves et convexes diff\u00e9rents. Sa finition matric\u00e9e (2\/174 Breisgau de chez RECKLI) est teint\u00e9e noir conform\u00e9ment au souhait des architectes. Pour r\u00e9aliser ces panneaux hors normes, Cibetec a du trouver les r\u00e9ponses aux difficult\u00e9s particuli\u00e8res consistant \u00e0 maintenir 8 cm de b\u00e9ton matric\u00e9 pour la peau ext\u00e9rieure sur les parties courbes, d\u00e9couper et assurer la bonne position de l\u2019isolant en plaque sur les courbures. Les contres moules ont \u00e9t\u00e9 fabriqu\u00e9s en trois parties constitu\u00e9es de 8 cm peau ext\u00e9rieure + 10 cm d\u2019isolant + 20 cm ou 16 cm de \u00ab peau \u00bb porteuse. Afin de pr\u00e9server l\u2019int\u00e9grit\u00e9 des panneaux lors de leur d\u00e9placement entre l\u2019usine de pr\u00e9fabrication et le lieu de construction, les panneaux devaient imp\u00e9rativement rester appuy\u00e9s sur la peau int\u00e9rieure (porteuse) et ne jamais \u00eatre pos\u00e9s sur la peau librement dilatable.<\/p>\n<p><img loading=\"lazy\" decoding=\"async\" class=\"aligncenter size-full wp-image-95771\" src=\"https:\/\/batijournal.com\/wp-content\/uploads\/2017\/04\/facade-rue-Cugnot-1-CIBETEC.jpg\" alt=\"\" width=\"600\" height=\"800\" srcset=\"https:\/\/batijournal.com\/wp-content\/uploads\/2017\/04\/facade-rue-Cugnot-1-CIBETEC.jpg 600w, https:\/\/batijournal.com\/wp-content\/uploads\/2017\/04\/facade-rue-Cugnot-1-CIBETEC-113x150.jpg 113w, https:\/\/batijournal.com\/wp-content\/uploads\/2017\/04\/facade-rue-Cugnot-1-CIBETEC-225x300.jpg 225w\" sizes=\"(max-width: 600px) 100vw, 600px\" \/><\/p>\n<p>Ma\u00eetrise d\u2019ouvrage : ICF La Sabli\u00e8re<br \/>\nArchitectes : Elizabeth Naud &amp; Luc Poux, architectes associ\u00e9s<br \/>\nChef de Projet Project manager : Franck Grilo<br \/>\nBET TCE et \u00e9conomie : CET ing\u00e9nierie<br \/>\nConsultant environnement : SEME<\/p>\n","protected":false},"excerpt":{"rendered":"<p>La SNCF a r\u00e9alis\u00e9, \u00e0 Paris 18\u00e8me, \u00e0 la place de b\u00e2timents techniques v\u00e9tustes et inutilis\u00e9s, un ensemble immobilier comprenant 83 logements sociaux et un centre de formation Le projet des architectes Naud &amp; Poux, retenu \u00e0 l\u2019issue d\u2019un concours, optimise la gestion de l\u2019espace de cet ilot de forme et d\u2019emplacement particuliers en organisant [&hellip;]<\/p>\n","protected":false},"author":17,"featured_media":95770,"comment_status":"closed","ping_status":"closed","sticky":false,"template":"","format":"standard","meta":{"_et_pb_use_builder":"","_et_pb_old_content":"","_et_gb_content_width":"","footnotes":""},"categories":[10530,6340,10775],"tags":[1150,126],"class_list":["post-95768","post","type-post","status-publish","format-standard","has-post-thumbnail","hentry","category-actualites","category-architecture-conception","category-actualites-5facades","tag-chantier","tag-facade"],"yoast_head":"<!-- This site is optimized with the Yoast SEO plugin v27.4 - https:\/\/yoast.com\/product\/yoast-seo-wordpress\/ -->\n<title>Voiles porteurs isolants et courbes en b\u00e9ton pr\u00e9fabriqu\u00e9 fonc\u00e9<\/title>\n<meta name=\"robots\" content=\"index, follow, max-snippet:-1, max-image-preview:large, max-video-preview:-1\" \/>\n<link rel=\"canonical\" href=\"https:\/\/batijournal.com\/index.php\/voiles-porteurs-isolants-courbes-beton-prefabrique-fonce\/95768\/\" \/>\n<meta property=\"og:locale\" content=\"fr_FR\" \/>\n<meta property=\"og:type\" content=\"article\" \/>\n<meta property=\"og:title\" content=\"Voiles porteurs isolants et courbes en b\u00e9ton pr\u00e9fabriqu\u00e9 fonc\u00e9\" \/>\n<meta property=\"og:description\" content=\"La SNCF a r\u00e9alis\u00e9, \u00e0 Paris 18\u00e8me, \u00e0 la place de b\u00e2timents techniques v\u00e9tustes et inutilis\u00e9s, un ensemble immobilier comprenant 83 logements sociaux et un centre de formation Le projet des architectes Naud &amp; Poux, retenu \u00e0 l\u2019issue d\u2019un concours, optimise la gestion de l\u2019espace de cet ilot de forme et d\u2019emplacement particuliers en organisant [&hellip;]\" \/>\n<meta property=\"og:url\" content=\"https:\/\/batijournal.com\/index.php\/voiles-porteurs-isolants-courbes-beton-prefabrique-fonce\/95768\/\" \/>\n<meta property=\"og:site_name\" content=\"Batijournal\" \/>\n<meta property=\"article:published_time\" content=\"2017-04-20T07:34:45+00:00\" \/>\n<meta property=\"article:modified_time\" content=\"2019-07-15T09:27:22+00:00\" \/>\n<meta property=\"og:image\" content=\"https:\/\/batijournal.com\/wp-content\/uploads\/2017\/04\/facade-rue-Cugnot-2-CIBETEC2.jpg\" \/>\n\t<meta property=\"og:image:width\" content=\"1000\" \/>\n\t<meta property=\"og:image:height\" content=\"936\" \/>\n\t<meta property=\"og:image:type\" content=\"image\/jpeg\" \/>\n<meta name=\"author\" content=\"St\u00e9phane Miget\" \/>\n<meta name=\"twitter:card\" content=\"summary_large_image\" \/>\n<meta name=\"twitter:creator\" content=\"@bati_journal\" \/>\n<meta name=\"twitter:site\" content=\"@bati_journal\" \/>\n<meta name=\"twitter:label1\" content=\"\u00c9crit par\" \/>\n\t<meta name=\"twitter:data1\" content=\"St\u00e9phane Miget\" \/>\n\t<meta name=\"twitter:label2\" content=\"Dur\u00e9e de lecture estim\u00e9e\" \/>\n\t<meta name=\"twitter:data2\" content=\"2 minutes\" \/>\n<script type=\"application\/ld+json\" class=\"yoast-schema-graph\">{\"@context\":\"https:\\\/\\\/schema.org\",\"@graph\":[{\"@type\":\"Article\",\"@id\":\"https:\\\/\\\/batijournal.com\\\/index.php\\\/voiles-porteurs-isolants-courbes-beton-prefabrique-fonce\\\/95768\\\/#article\",\"isPartOf\":{\"@id\":\"https:\\\/\\\/batijournal.com\\\/index.php\\\/voiles-porteurs-isolants-courbes-beton-prefabrique-fonce\\\/95768\\\/\"},\"author\":{\"name\":\"St\u00e9phane Miget\",\"@id\":\"https:\\\/\\\/batijournal.com\\\/#\\\/schema\\\/person\\\/1dc96ec6957aa1ccb25ebe78bb19f100\"},\"headline\":\"Voiles porteurs isolants et courbes en b\u00e9ton pr\u00e9fabriqu\u00e9 fonc\u00e9\",\"datePublished\":\"2017-04-20T07:34:45+00:00\",\"dateModified\":\"2019-07-15T09:27:22+00:00\",\"mainEntityOfPage\":{\"@id\":\"https:\\\/\\\/batijournal.com\\\/index.php\\\/voiles-porteurs-isolants-courbes-beton-prefabrique-fonce\\\/95768\\\/\"},\"wordCount\":459,\"image\":{\"@id\":\"https:\\\/\\\/batijournal.com\\\/index.php\\\/voiles-porteurs-isolants-courbes-beton-prefabrique-fonce\\\/95768\\\/#primaryimage\"},\"thumbnailUrl\":\"https:\\\/\\\/batijournal.com\\\/wp-content\\\/uploads\\\/2017\\\/04\\\/facade-rue-Cugnot-2-CIBETEC2.jpg\",\"keywords\":[\"chantier\",\"fa\u00e7ade\"],\"articleSection\":[\"Actualit\u00e9s\",\"Architecture &amp; Conception\",\"zz_Actualit\u00e9s - 5fa\u00e7ades\"],\"inLanguage\":\"fr-FR\"},{\"@type\":\"WebPage\",\"@id\":\"https:\\\/\\\/batijournal.com\\\/index.php\\\/voiles-porteurs-isolants-courbes-beton-prefabrique-fonce\\\/95768\\\/\",\"url\":\"https:\\\/\\\/batijournal.com\\\/index.php\\\/voiles-porteurs-isolants-courbes-beton-prefabrique-fonce\\\/95768\\\/\",\"name\":\"Voiles porteurs isolants et courbes en b\u00e9ton pr\u00e9fabriqu\u00e9 fonc\u00e9\",\"isPartOf\":{\"@id\":\"https:\\\/\\\/batijournal.com\\\/#website\"},\"primaryImageOfPage\":{\"@id\":\"https:\\\/\\\/batijournal.com\\\/index.php\\\/voiles-porteurs-isolants-courbes-beton-prefabrique-fonce\\\/95768\\\/#primaryimage\"},\"image\":{\"@id\":\"https:\\\/\\\/batijournal.com\\\/index.php\\\/voiles-porteurs-isolants-courbes-beton-prefabrique-fonce\\\/95768\\\/#primaryimage\"},\"thumbnailUrl\":\"https:\\\/\\\/batijournal.com\\\/wp-content\\\/uploads\\\/2017\\\/04\\\/facade-rue-Cugnot-2-CIBETEC2.jpg\",\"datePublished\":\"2017-04-20T07:34:45+00:00\",\"dateModified\":\"2019-07-15T09:27:22+00:00\",\"author\":{\"@id\":\"https:\\\/\\\/batijournal.com\\\/#\\\/schema\\\/person\\\/1dc96ec6957aa1ccb25ebe78bb19f100\"},\"breadcrumb\":{\"@id\":\"https:\\\/\\\/batijournal.com\\\/index.php\\\/voiles-porteurs-isolants-courbes-beton-prefabrique-fonce\\\/95768\\\/#breadcrumb\"},\"inLanguage\":\"fr-FR\",\"potentialAction\":[{\"@type\":\"ReadAction\",\"target\":[\"https:\\\/\\\/batijournal.com\\\/index.php\\\/voiles-porteurs-isolants-courbes-beton-prefabrique-fonce\\\/95768\\\/\"]}]},{\"@type\":\"ImageObject\",\"inLanguage\":\"fr-FR\",\"@id\":\"https:\\\/\\\/batijournal.com\\\/index.php\\\/voiles-porteurs-isolants-courbes-beton-prefabrique-fonce\\\/95768\\\/#primaryimage\",\"url\":\"https:\\\/\\\/batijournal.com\\\/wp-content\\\/uploads\\\/2017\\\/04\\\/facade-rue-Cugnot-2-CIBETEC2.jpg\",\"contentUrl\":\"https:\\\/\\\/batijournal.com\\\/wp-content\\\/uploads\\\/2017\\\/04\\\/facade-rue-Cugnot-2-CIBETEC2.jpg\",\"width\":1000,\"height\":936},{\"@type\":\"BreadcrumbList\",\"@id\":\"https:\\\/\\\/batijournal.com\\\/index.php\\\/voiles-porteurs-isolants-courbes-beton-prefabrique-fonce\\\/95768\\\/#breadcrumb\",\"itemListElement\":[{\"@type\":\"ListItem\",\"position\":1,\"name\":\"Accueil\",\"item\":\"https:\\\/\\\/batijournal.com\\\/\"},{\"@type\":\"ListItem\",\"position\":2,\"name\":\"Actualit\u00e9s\",\"item\":\"https:\\\/\\\/batijournal.com\\\/index.php\\\/category\\\/actualites\\\/\"},{\"@type\":\"ListItem\",\"position\":3,\"name\":\"Voiles porteurs isolants et courbes en b\u00e9ton pr\u00e9fabriqu\u00e9 fonc\u00e9\"}]},{\"@type\":\"WebSite\",\"@id\":\"https:\\\/\\\/batijournal.com\\\/#website\",\"url\":\"https:\\\/\\\/batijournal.com\\\/\",\"name\":\"Batijournal\",\"description\":\"L&#039;actualit\u00e9 du b\u00e2timent\",\"potentialAction\":[{\"@type\":\"SearchAction\",\"target\":{\"@type\":\"EntryPoint\",\"urlTemplate\":\"https:\\\/\\\/batijournal.com\\\/?s={search_term_string}\"},\"query-input\":{\"@type\":\"PropertyValueSpecification\",\"valueRequired\":true,\"valueName\":\"search_term_string\"}}],\"inLanguage\":\"fr-FR\"},{\"@type\":\"Person\",\"@id\":\"https:\\\/\\\/batijournal.com\\\/#\\\/schema\\\/person\\\/1dc96ec6957aa1ccb25ebe78bb19f100\",\"name\":\"St\u00e9phane Miget\",\"image\":{\"@type\":\"ImageObject\",\"inLanguage\":\"fr-FR\",\"@id\":\"https:\\\/\\\/secure.gravatar.com\\\/avatar\\\/89915563d925342126b8ef0281b93d9d7fc337043e8df017f780908eb9644451?s=96&d=mm&r=g\",\"url\":\"https:\\\/\\\/secure.gravatar.com\\\/avatar\\\/89915563d925342126b8ef0281b93d9d7fc337043e8df017f780908eb9644451?s=96&d=mm&r=g\",\"contentUrl\":\"https:\\\/\\\/secure.gravatar.com\\\/avatar\\\/89915563d925342126b8ef0281b93d9d7fc337043e8df017f780908eb9644451?s=96&d=mm&r=g\",\"caption\":\"St\u00e9phane Miget\"},\"url\":\"https:\\\/\\\/batijournal.com\\\/index.php\\\/author\\\/stephane\\\/\"}]}<\/script>\n<!-- \/ Yoast SEO plugin. -->","yoast_head_json":{"title":"Voiles porteurs isolants et courbes en b\u00e9ton pr\u00e9fabriqu\u00e9 fonc\u00e9","robots":{"index":"index","follow":"follow","max-snippet":"max-snippet:-1","max-image-preview":"max-image-preview:large","max-video-preview":"max-video-preview:-1"},"canonical":"https:\/\/batijournal.com\/index.php\/voiles-porteurs-isolants-courbes-beton-prefabrique-fonce\/95768\/","og_locale":"fr_FR","og_type":"article","og_title":"Voiles porteurs isolants et courbes en b\u00e9ton pr\u00e9fabriqu\u00e9 fonc\u00e9","og_description":"La SNCF a r\u00e9alis\u00e9, \u00e0 Paris 18\u00e8me, \u00e0 la place de b\u00e2timents techniques v\u00e9tustes et inutilis\u00e9s, un ensemble immobilier comprenant 83 logements sociaux et un centre de formation Le projet des architectes Naud &amp; Poux, retenu \u00e0 l\u2019issue d\u2019un concours, optimise la gestion de l\u2019espace de cet ilot de forme et d\u2019emplacement particuliers en organisant [&hellip;]","og_url":"https:\/\/batijournal.com\/index.php\/voiles-porteurs-isolants-courbes-beton-prefabrique-fonce\/95768\/","og_site_name":"Batijournal","article_published_time":"2017-04-20T07:34:45+00:00","article_modified_time":"2019-07-15T09:27:22+00:00","og_image":[{"width":1000,"height":936,"url":"https:\/\/batijournal.com\/wp-content\/uploads\/2017\/04\/facade-rue-Cugnot-2-CIBETEC2.jpg","type":"image\/jpeg"}],"author":"St\u00e9phane Miget","twitter_card":"summary_large_image","twitter_creator":"@bati_journal","twitter_site":"@bati_journal","twitter_misc":{"\u00c9crit par":"St\u00e9phane Miget","Dur\u00e9e de lecture estim\u00e9e":"2 minutes"},"schema":{"@context":"https:\/\/schema.org","@graph":[{"@type":"Article","@id":"https:\/\/batijournal.com\/index.php\/voiles-porteurs-isolants-courbes-beton-prefabrique-fonce\/95768\/#article","isPartOf":{"@id":"https:\/\/batijournal.com\/index.php\/voiles-porteurs-isolants-courbes-beton-prefabrique-fonce\/95768\/"},"author":{"name":"St\u00e9phane Miget","@id":"https:\/\/batijournal.com\/#\/schema\/person\/1dc96ec6957aa1ccb25ebe78bb19f100"},"headline":"Voiles porteurs isolants et courbes en b\u00e9ton pr\u00e9fabriqu\u00e9 fonc\u00e9","datePublished":"2017-04-20T07:34:45+00:00","dateModified":"2019-07-15T09:27:22+00:00","mainEntityOfPage":{"@id":"https:\/\/batijournal.com\/index.php\/voiles-porteurs-isolants-courbes-beton-prefabrique-fonce\/95768\/"},"wordCount":459,"image":{"@id":"https:\/\/batijournal.com\/index.php\/voiles-porteurs-isolants-courbes-beton-prefabrique-fonce\/95768\/#primaryimage"},"thumbnailUrl":"https:\/\/batijournal.com\/wp-content\/uploads\/2017\/04\/facade-rue-Cugnot-2-CIBETEC2.jpg","keywords":["chantier","fa\u00e7ade"],"articleSection":["Actualit\u00e9s","Architecture &amp; Conception","zz_Actualit\u00e9s - 5fa\u00e7ades"],"inLanguage":"fr-FR"},{"@type":"WebPage","@id":"https:\/\/batijournal.com\/index.php\/voiles-porteurs-isolants-courbes-beton-prefabrique-fonce\/95768\/","url":"https:\/\/batijournal.com\/index.php\/voiles-porteurs-isolants-courbes-beton-prefabrique-fonce\/95768\/","name":"Voiles porteurs isolants et courbes en b\u00e9ton pr\u00e9fabriqu\u00e9 fonc\u00e9","isPartOf":{"@id":"https:\/\/batijournal.com\/#website"},"primaryImageOfPage":{"@id":"https:\/\/batijournal.com\/index.php\/voiles-porteurs-isolants-courbes-beton-prefabrique-fonce\/95768\/#primaryimage"},"image":{"@id":"https:\/\/batijournal.com\/index.php\/voiles-porteurs-isolants-courbes-beton-prefabrique-fonce\/95768\/#primaryimage"},"thumbnailUrl":"https:\/\/batijournal.com\/wp-content\/uploads\/2017\/04\/facade-rue-Cugnot-2-CIBETEC2.jpg","datePublished":"2017-04-20T07:34:45+00:00","dateModified":"2019-07-15T09:27:22+00:00","author":{"@id":"https:\/\/batijournal.com\/#\/schema\/person\/1dc96ec6957aa1ccb25ebe78bb19f100"},"breadcrumb":{"@id":"https:\/\/batijournal.com\/index.php\/voiles-porteurs-isolants-courbes-beton-prefabrique-fonce\/95768\/#breadcrumb"},"inLanguage":"fr-FR","potentialAction":[{"@type":"ReadAction","target":["https:\/\/batijournal.com\/index.php\/voiles-porteurs-isolants-courbes-beton-prefabrique-fonce\/95768\/"]}]},{"@type":"ImageObject","inLanguage":"fr-FR","@id":"https:\/\/batijournal.com\/index.php\/voiles-porteurs-isolants-courbes-beton-prefabrique-fonce\/95768\/#primaryimage","url":"https:\/\/batijournal.com\/wp-content\/uploads\/2017\/04\/facade-rue-Cugnot-2-CIBETEC2.jpg","contentUrl":"https:\/\/batijournal.com\/wp-content\/uploads\/2017\/04\/facade-rue-Cugnot-2-CIBETEC2.jpg","width":1000,"height":936},{"@type":"BreadcrumbList","@id":"https:\/\/batijournal.com\/index.php\/voiles-porteurs-isolants-courbes-beton-prefabrique-fonce\/95768\/#breadcrumb","itemListElement":[{"@type":"ListItem","position":1,"name":"Accueil","item":"https:\/\/batijournal.com\/"},{"@type":"ListItem","position":2,"name":"Actualit\u00e9s","item":"https:\/\/batijournal.com\/index.php\/category\/actualites\/"},{"@type":"ListItem","position":3,"name":"Voiles porteurs isolants et courbes en b\u00e9ton pr\u00e9fabriqu\u00e9 fonc\u00e9"}]},{"@type":"WebSite","@id":"https:\/\/batijournal.com\/#website","url":"https:\/\/batijournal.com\/","name":"Batijournal","description":"L&#039;actualit\u00e9 du b\u00e2timent","potentialAction":[{"@type":"SearchAction","target":{"@type":"EntryPoint","urlTemplate":"https:\/\/batijournal.com\/?s={search_term_string}"},"query-input":{"@type":"PropertyValueSpecification","valueRequired":true,"valueName":"search_term_string"}}],"inLanguage":"fr-FR"},{"@type":"Person","@id":"https:\/\/batijournal.com\/#\/schema\/person\/1dc96ec6957aa1ccb25ebe78bb19f100","name":"St\u00e9phane Miget","image":{"@type":"ImageObject","inLanguage":"fr-FR","@id":"https:\/\/secure.gravatar.com\/avatar\/89915563d925342126b8ef0281b93d9d7fc337043e8df017f780908eb9644451?s=96&d=mm&r=g","url":"https:\/\/secure.gravatar.com\/avatar\/89915563d925342126b8ef0281b93d9d7fc337043e8df017f780908eb9644451?s=96&d=mm&r=g","contentUrl":"https:\/\/secure.gravatar.com\/avatar\/89915563d925342126b8ef0281b93d9d7fc337043e8df017f780908eb9644451?s=96&d=mm&r=g","caption":"St\u00e9phane Miget"},"url":"https:\/\/batijournal.com\/index.php\/author\/stephane\/"}]}},"_links":{"self":[{"href":"https:\/\/batijournal.com\/index.php\/wp-json\/wp\/v2\/posts\/95768","targetHints":{"allow":["GET"]}}],"collection":[{"href":"https:\/\/batijournal.com\/index.php\/wp-json\/wp\/v2\/posts"}],"about":[{"href":"https:\/\/batijournal.com\/index.php\/wp-json\/wp\/v2\/types\/post"}],"author":[{"embeddable":true,"href":"https:\/\/batijournal.com\/index.php\/wp-json\/wp\/v2\/users\/17"}],"replies":[{"embeddable":true,"href":"https:\/\/batijournal.com\/index.php\/wp-json\/wp\/v2\/comments?post=95768"}],"version-history":[{"count":0,"href":"https:\/\/batijournal.com\/index.php\/wp-json\/wp\/v2\/posts\/95768\/revisions"}],"wp:featuredmedia":[{"embeddable":true,"href":"https:\/\/batijournal.com\/index.php\/wp-json\/wp\/v2\/media\/95770"}],"wp:attachment":[{"href":"https:\/\/batijournal.com\/index.php\/wp-json\/wp\/v2\/media?parent=95768"}],"wp:term":[{"taxonomy":"category","embeddable":true,"href":"https:\/\/batijournal.com\/index.php\/wp-json\/wp\/v2\/categories?post=95768"},{"taxonomy":"post_tag","embeddable":true,"href":"https:\/\/batijournal.com\/index.php\/wp-json\/wp\/v2\/tags?post=95768"}],"curies":[{"name":"wp","href":"https:\/\/api.w.org\/{rel}","templated":true}]}}