{"id":95783,"date":"2017-04-24T08:56:22","date_gmt":"2017-04-24T06:56:22","guid":{"rendered":"http:\/\/batijournal.com\/?p=95783"},"modified":"2019-07-15T12:03:53","modified_gmt":"2019-07-15T10:03:53","slug":"emmanuel-macron-vs-marine-pen-risque-daugmentation-taux-cas-dincertitudes","status":"publish","type":"post","link":"https:\/\/batijournal.com\/index.php\/emmanuel-macron-vs-marine-pen-risque-daugmentation-taux-cas-dincertitudes\/95783\/","title":{"rendered":"Emmanuel MACRON vs Marine LE PEN : risque d&rsquo;augmentation des taux en cas d\u2019incertitudes"},"content":{"rendered":"<p><strong>Si les d\u00e9faillances d\u2019entreprises dans la construction continueront de baisser d\u2019ici la fin de l\u2019ann\u00e9e, la capacit\u00e9 d\u2019achat des m\u00e9nages commencerait \u00e0 se r\u00e9duire de 9 m2 dans le neuf en 2017. Coface anticipe une baisse des capacit\u00e9s d\u2019achat de 18 m2 entre 2016 et 2018. Elles seraient alors revenues au niveau de 2012 en seulement deux ans. La reprise actuelle pourrait n\u2019\u00eatre qu\u2019\u00e9ph\u00e9m\u00e8re en cas d\u2019incertitudes suite \u00e0 la pr\u00e9sidentielle et aux l\u00e9gislatives.<\/strong><\/p>\n<p>En 2017, la construction devrait conna\u00eetre une nouvelle baisse des d\u00e9faillances, de -7,7%. Le mod\u00e8le de pr\u00e9vision de Coface (se basant sur un d\u00e9calage d\u2019un trimestre entre le mouvement des d\u00e9faillances et celui de la confiance d\u2019un c\u00f4t\u00e9, et un d\u00e9calage de 4 mois entre les d\u00e9faillances et la dynamique des taux d\u2019int\u00e9r\u00eat de l\u2019autre) s\u2019appuie sur la confiance des entreprises du secteur, qui devrait continuer \u00e0 se restaurer, et sur une remont\u00e9e graduelle du taux moyen d\u2019emprunt jusqu\u2019\u00e0 2% en fin d\u2019ann\u00e9e. Un risque \u00e0 ne pas n\u00e9gliger : ce taux pourrait repartir brutalement \u00e0 la hausse en cas d\u2019incertitudes accrues.<\/p>\n<p><strong>En 2018, la perte de capacit\u00e9 d\u2019achat de logement pourrait atteindre\u00a018 m\u00b2<\/strong><\/p>\n<p>Si la croissance du secteur semble av\u00e9r\u00e9e pour 2017, la remont\u00e9e des taux pourrait contraindre les perspectives d\u2019achat des m\u00e9nages en 2018. Dans son sc\u00e9nario principal, Coface table sur une perte de capacit\u00e9 d\u2019achat de 18m\u00b2 par rapport \u00e0 2016, soit une r\u00e9duction de la surface achetable \u00e0 61,1m\u00b2 qui correspondrait alors au niveau de 2012. Cela r\u00e9sulte de plusieurs ph\u00e9nom\u00e8nes combin\u00e9s pour 2018 : une stabilit\u00e9 de la dur\u00e9e des pr\u00eats \u00e0 17,5 ans, une hausse du revenu r\u00e9el moyen des m\u00e9nages de 1,5%, une hausse des prix dans le neuf de 3% et un taux d\u2019int\u00e9r\u00eat moyen de 3%.<\/p>\n<p>Selon le sc\u00e9nario alternatif, la surface achetable pourrait diminuer davantage \u00e0 53,8m\u00b2, soit le niveau de 2010, suite \u00e0 une pr\u00e9cipitation des acheteurs \u00e0 profiter des taux encore bas. Dans ce cas, la hausse des prix de 5,5% dans le neuf et un taux moyen de 3,6% affecteraient la croissance de la demande de biens de la part des particuliers, ce qui relancerait une dynamique haussi\u00e8re des d\u00e9faillances dans le secteur.<\/p>\n<p><strong>Les principales propositions des deux finalistes des pr\u00e9sidentielles<\/strong><\/p>\n<p><strong>Emmanuel MACRON :\u00a0<\/strong><br \/>\n&#8211; Choc d\u2019offre pour faire baisser les prix, notamment dans les zones tendues, o\u00f9 le statut d\u2019Op\u00e9ration d\u2019Int\u00e9r\u00eat National permettra de transf\u00e9rer des communes \u00e0 l\u2019\u00c9tat la comp\u00e9tence en mati\u00e8re de politique d\u2019urbanisme, notamment l\u2019attribution des permis de construire<br \/>\n&#8211; Favoriser la mobilit\u00e9, notamment pour les jeunes, avec la cr\u00e9ation d\u2019un bail mobilit\u00e9 professionnelle et la cr\u00e9ation de 80 000 logements pour les jeunes et \u00e9tudiants<br \/>\n&#8211; \u00c9xon\u00e9ration du paiement de la taxe d\u2019habitation pour 80 % des foyers qui y sont soumis<br \/>\n&#8211; Stabilit\u00e9 des normes : pas de nouvelle norme dans la construction sur l\u2019ensemble du quinquennat.<\/p>\n<p><strong>Marine LE PEN :\u00a0<\/strong><br \/>\n&#8211; Renforcement des dispositifs de pr\u00eats aid\u00e9s<br \/>\n&#8211; Revalorisation des allocations pour le logement \u00e0 destination (APL) des jeunes<br \/>\n&#8211; Baisse de la taxe d\u2019habitation<br \/>\n&#8211; Politique active de vente des logements HLM \u00e0 leurs locataires avec la fixation d\u2019un objectif de vente de 1 % du parc HLM chaque ann\u00e9e (objectif d\u00e9j\u00e0 fix\u00e9 durant le quinquennat de Nicolas Sarkozy : en 2012, vente de 8 000 logements HLM et construction de 25 000 nouveaux logements HLM). Cet objectif est cependant limit\u00e9 par le p\u00e9rim\u00e8tre restreint du \u00ab parc vendable \u00bb et par les difficult\u00e9s d\u2019acc\u00e8s au cr\u00e9dit des foyers concern\u00e9s.<\/p>\n","protected":false},"excerpt":{"rendered":"<p>Si les d\u00e9faillances d\u2019entreprises dans la construction continueront de baisser d\u2019ici la fin de l\u2019ann\u00e9e, la capacit\u00e9 d\u2019achat des m\u00e9nages commencerait \u00e0 se r\u00e9duire de 9 m2 dans le neuf en 2017. Coface anticipe une baisse des capacit\u00e9s d\u2019achat de 18 m2 entre 2016 et 2018. Elles seraient alors revenues au niveau de 2012 en [&hellip;]<\/p>\n","protected":false},"author":17,"featured_media":95784,"comment_status":"closed","ping_status":"closed","sticky":false,"template":"","format":"standard","meta":{"_et_pb_use_builder":"","_et_pb_old_content":"","_et_gb_content_width":"","footnotes":""},"categories":[10736,10530,6345],"tags":[53,1364],"class_list":["post-95783","post","type-post","status-publish","format-standard","has-post-thumbnail","hentry","category-a-la-une","category-actualites","category-economie-marches","tag-construction","tag-immobilier"],"yoast_head":"<!-- This site is optimized with the Yoast SEO plugin v27.4 - https:\/\/yoast.com\/product\/yoast-seo-wordpress\/ -->\n<title>Emmanuel MACRON vs Marine LE PEN : risque d&#039;augmentation des taux en cas d\u2019incertitudes<\/title>\n<meta name=\"robots\" content=\"index, follow, max-snippet:-1, max-image-preview:large, max-video-preview:-1\" \/>\n<link rel=\"canonical\" href=\"https:\/\/batijournal.com\/index.php\/emmanuel-macron-vs-marine-pen-risque-daugmentation-taux-cas-dincertitudes\/95783\/\" \/>\n<meta property=\"og:locale\" content=\"fr_FR\" \/>\n<meta property=\"og:type\" content=\"article\" \/>\n<meta property=\"og:title\" content=\"Emmanuel MACRON vs Marine LE PEN : risque d&#039;augmentation des taux en cas d\u2019incertitudes\" \/>\n<meta property=\"og:description\" content=\"Si les d\u00e9faillances d\u2019entreprises dans la construction continueront de baisser d\u2019ici la fin de l\u2019ann\u00e9e, la capacit\u00e9 d\u2019achat des m\u00e9nages commencerait \u00e0 se r\u00e9duire de 9 m2 dans le neuf en 2017. Coface anticipe une baisse des capacit\u00e9s d\u2019achat de 18 m2 entre 2016 et 2018. Elles seraient alors revenues au niveau de 2012 en [&hellip;]\" \/>\n<meta property=\"og:url\" content=\"https:\/\/batijournal.com\/index.php\/emmanuel-macron-vs-marine-pen-risque-daugmentation-taux-cas-dincertitudes\/95783\/\" \/>\n<meta property=\"og:site_name\" content=\"Batijournal\" \/>\n<meta property=\"article:published_time\" content=\"2017-04-24T06:56:22+00:00\" \/>\n<meta property=\"article:modified_time\" content=\"2019-07-15T10:03:53+00:00\" \/>\n<meta property=\"og:image\" content=\"https:\/\/batijournal.com\/wp-content\/uploads\/2017\/04\/elections-presidentielles-2017-legislatives.jpg\" \/>\n\t<meta property=\"og:image:width\" content=\"1000\" \/>\n\t<meta property=\"og:image:height\" content=\"619\" \/>\n\t<meta property=\"og:image:type\" content=\"image\/jpeg\" \/>\n<meta name=\"author\" content=\"St\u00e9phane Miget\" \/>\n<meta name=\"twitter:card\" content=\"summary_large_image\" \/>\n<meta name=\"twitter:creator\" content=\"@bati_journal\" \/>\n<meta name=\"twitter:site\" content=\"@bati_journal\" \/>\n<meta name=\"twitter:label1\" content=\"\u00c9crit par\" \/>\n\t<meta name=\"twitter:data1\" content=\"St\u00e9phane Miget\" \/>\n\t<meta name=\"twitter:label2\" content=\"Dur\u00e9e de lecture estim\u00e9e\" \/>\n\t<meta name=\"twitter:data2\" content=\"3 minutes\" \/>\n<script type=\"application\/ld+json\" class=\"yoast-schema-graph\">{\"@context\":\"https:\\\/\\\/schema.org\",\"@graph\":[{\"@type\":\"Article\",\"@id\":\"https:\\\/\\\/batijournal.com\\\/index.php\\\/emmanuel-macron-vs-marine-pen-risque-daugmentation-taux-cas-dincertitudes\\\/95783\\\/#article\",\"isPartOf\":{\"@id\":\"https:\\\/\\\/batijournal.com\\\/index.php\\\/emmanuel-macron-vs-marine-pen-risque-daugmentation-taux-cas-dincertitudes\\\/95783\\\/\"},\"author\":{\"name\":\"St\u00e9phane Miget\",\"@id\":\"https:\\\/\\\/batijournal.com\\\/#\\\/schema\\\/person\\\/1dc96ec6957aa1ccb25ebe78bb19f100\"},\"headline\":\"Emmanuel MACRON vs Marine LE PEN : risque d&rsquo;augmentation des taux en cas d\u2019incertitudes\",\"datePublished\":\"2017-04-24T06:56:22+00:00\",\"dateModified\":\"2019-07-15T10:03:53+00:00\",\"mainEntityOfPage\":{\"@id\":\"https:\\\/\\\/batijournal.com\\\/index.php\\\/emmanuel-macron-vs-marine-pen-risque-daugmentation-taux-cas-dincertitudes\\\/95783\\\/\"},\"wordCount\":630,\"image\":{\"@id\":\"https:\\\/\\\/batijournal.com\\\/index.php\\\/emmanuel-macron-vs-marine-pen-risque-daugmentation-taux-cas-dincertitudes\\\/95783\\\/#primaryimage\"},\"thumbnailUrl\":\"https:\\\/\\\/batijournal.com\\\/wp-content\\\/uploads\\\/2017\\\/04\\\/elections-presidentielles-2017-legislatives.jpg\",\"keywords\":[\"construction\",\"immobilier\"],\"articleSection\":[\"A la Une\",\"Actualit\u00e9s\",\"\u00c9conomie &amp; March\u00e9s\"],\"inLanguage\":\"fr-FR\"},{\"@type\":\"WebPage\",\"@id\":\"https:\\\/\\\/batijournal.com\\\/index.php\\\/emmanuel-macron-vs-marine-pen-risque-daugmentation-taux-cas-dincertitudes\\\/95783\\\/\",\"url\":\"https:\\\/\\\/batijournal.com\\\/index.php\\\/emmanuel-macron-vs-marine-pen-risque-daugmentation-taux-cas-dincertitudes\\\/95783\\\/\",\"name\":\"Emmanuel MACRON vs Marine LE PEN : risque d'augmentation des taux en cas d\u2019incertitudes\",\"isPartOf\":{\"@id\":\"https:\\\/\\\/batijournal.com\\\/#website\"},\"primaryImageOfPage\":{\"@id\":\"https:\\\/\\\/batijournal.com\\\/index.php\\\/emmanuel-macron-vs-marine-pen-risque-daugmentation-taux-cas-dincertitudes\\\/95783\\\/#primaryimage\"},\"image\":{\"@id\":\"https:\\\/\\\/batijournal.com\\\/index.php\\\/emmanuel-macron-vs-marine-pen-risque-daugmentation-taux-cas-dincertitudes\\\/95783\\\/#primaryimage\"},\"thumbnailUrl\":\"https:\\\/\\\/batijournal.com\\\/wp-content\\\/uploads\\\/2017\\\/04\\\/elections-presidentielles-2017-legislatives.jpg\",\"datePublished\":\"2017-04-24T06:56:22+00:00\",\"dateModified\":\"2019-07-15T10:03:53+00:00\",\"author\":{\"@id\":\"https:\\\/\\\/batijournal.com\\\/#\\\/schema\\\/person\\\/1dc96ec6957aa1ccb25ebe78bb19f100\"},\"breadcrumb\":{\"@id\":\"https:\\\/\\\/batijournal.com\\\/index.php\\\/emmanuel-macron-vs-marine-pen-risque-daugmentation-taux-cas-dincertitudes\\\/95783\\\/#breadcrumb\"},\"inLanguage\":\"fr-FR\",\"potentialAction\":[{\"@type\":\"ReadAction\",\"target\":[\"https:\\\/\\\/batijournal.com\\\/index.php\\\/emmanuel-macron-vs-marine-pen-risque-daugmentation-taux-cas-dincertitudes\\\/95783\\\/\"]}]},{\"@type\":\"ImageObject\",\"inLanguage\":\"fr-FR\",\"@id\":\"https:\\\/\\\/batijournal.com\\\/index.php\\\/emmanuel-macron-vs-marine-pen-risque-daugmentation-taux-cas-dincertitudes\\\/95783\\\/#primaryimage\",\"url\":\"https:\\\/\\\/batijournal.com\\\/wp-content\\\/uploads\\\/2017\\\/04\\\/elections-presidentielles-2017-legislatives.jpg\",\"contentUrl\":\"https:\\\/\\\/batijournal.com\\\/wp-content\\\/uploads\\\/2017\\\/04\\\/elections-presidentielles-2017-legislatives.jpg\",\"width\":1000,\"height\":619},{\"@type\":\"BreadcrumbList\",\"@id\":\"https:\\\/\\\/batijournal.com\\\/index.php\\\/emmanuel-macron-vs-marine-pen-risque-daugmentation-taux-cas-dincertitudes\\\/95783\\\/#breadcrumb\",\"itemListElement\":[{\"@type\":\"ListItem\",\"position\":1,\"name\":\"Accueil\",\"item\":\"https:\\\/\\\/batijournal.com\\\/\"},{\"@type\":\"ListItem\",\"position\":2,\"name\":\"A la Une\",\"item\":\"https:\\\/\\\/batijournal.com\\\/index.php\\\/category\\\/a-la-une\\\/\"},{\"@type\":\"ListItem\",\"position\":3,\"name\":\"Emmanuel MACRON vs Marine LE PEN : risque d&rsquo;augmentation des taux en cas d\u2019incertitudes\"}]},{\"@type\":\"WebSite\",\"@id\":\"https:\\\/\\\/batijournal.com\\\/#website\",\"url\":\"https:\\\/\\\/batijournal.com\\\/\",\"name\":\"Batijournal\",\"description\":\"L&#039;actualit\u00e9 du b\u00e2timent\",\"potentialAction\":[{\"@type\":\"SearchAction\",\"target\":{\"@type\":\"EntryPoint\",\"urlTemplate\":\"https:\\\/\\\/batijournal.com\\\/?s={search_term_string}\"},\"query-input\":{\"@type\":\"PropertyValueSpecification\",\"valueRequired\":true,\"valueName\":\"search_term_string\"}}],\"inLanguage\":\"fr-FR\"},{\"@type\":\"Person\",\"@id\":\"https:\\\/\\\/batijournal.com\\\/#\\\/schema\\\/person\\\/1dc96ec6957aa1ccb25ebe78bb19f100\",\"name\":\"St\u00e9phane Miget\",\"image\":{\"@type\":\"ImageObject\",\"inLanguage\":\"fr-FR\",\"@id\":\"https:\\\/\\\/secure.gravatar.com\\\/avatar\\\/89915563d925342126b8ef0281b93d9d7fc337043e8df017f780908eb9644451?s=96&d=mm&r=g\",\"url\":\"https:\\\/\\\/secure.gravatar.com\\\/avatar\\\/89915563d925342126b8ef0281b93d9d7fc337043e8df017f780908eb9644451?s=96&d=mm&r=g\",\"contentUrl\":\"https:\\\/\\\/secure.gravatar.com\\\/avatar\\\/89915563d925342126b8ef0281b93d9d7fc337043e8df017f780908eb9644451?s=96&d=mm&r=g\",\"caption\":\"St\u00e9phane Miget\"},\"url\":\"https:\\\/\\\/batijournal.com\\\/index.php\\\/author\\\/stephane\\\/\"}]}<\/script>\n<!-- \/ Yoast SEO plugin. -->","yoast_head_json":{"title":"Emmanuel MACRON vs Marine LE PEN : risque d'augmentation des taux en cas d\u2019incertitudes","robots":{"index":"index","follow":"follow","max-snippet":"max-snippet:-1","max-image-preview":"max-image-preview:large","max-video-preview":"max-video-preview:-1"},"canonical":"https:\/\/batijournal.com\/index.php\/emmanuel-macron-vs-marine-pen-risque-daugmentation-taux-cas-dincertitudes\/95783\/","og_locale":"fr_FR","og_type":"article","og_title":"Emmanuel MACRON vs Marine LE PEN : risque d'augmentation des taux en cas d\u2019incertitudes","og_description":"Si les d\u00e9faillances d\u2019entreprises dans la construction continueront de baisser d\u2019ici la fin de l\u2019ann\u00e9e, la capacit\u00e9 d\u2019achat des m\u00e9nages commencerait \u00e0 se r\u00e9duire de 9 m2 dans le neuf en 2017. Coface anticipe une baisse des capacit\u00e9s d\u2019achat de 18 m2 entre 2016 et 2018. Elles seraient alors revenues au niveau de 2012 en [&hellip;]","og_url":"https:\/\/batijournal.com\/index.php\/emmanuel-macron-vs-marine-pen-risque-daugmentation-taux-cas-dincertitudes\/95783\/","og_site_name":"Batijournal","article_published_time":"2017-04-24T06:56:22+00:00","article_modified_time":"2019-07-15T10:03:53+00:00","og_image":[{"width":1000,"height":619,"url":"https:\/\/batijournal.com\/wp-content\/uploads\/2017\/04\/elections-presidentielles-2017-legislatives.jpg","type":"image\/jpeg"}],"author":"St\u00e9phane Miget","twitter_card":"summary_large_image","twitter_creator":"@bati_journal","twitter_site":"@bati_journal","twitter_misc":{"\u00c9crit par":"St\u00e9phane Miget","Dur\u00e9e de lecture estim\u00e9e":"3 minutes"},"schema":{"@context":"https:\/\/schema.org","@graph":[{"@type":"Article","@id":"https:\/\/batijournal.com\/index.php\/emmanuel-macron-vs-marine-pen-risque-daugmentation-taux-cas-dincertitudes\/95783\/#article","isPartOf":{"@id":"https:\/\/batijournal.com\/index.php\/emmanuel-macron-vs-marine-pen-risque-daugmentation-taux-cas-dincertitudes\/95783\/"},"author":{"name":"St\u00e9phane Miget","@id":"https:\/\/batijournal.com\/#\/schema\/person\/1dc96ec6957aa1ccb25ebe78bb19f100"},"headline":"Emmanuel MACRON vs Marine LE PEN : risque d&rsquo;augmentation des taux en cas d\u2019incertitudes","datePublished":"2017-04-24T06:56:22+00:00","dateModified":"2019-07-15T10:03:53+00:00","mainEntityOfPage":{"@id":"https:\/\/batijournal.com\/index.php\/emmanuel-macron-vs-marine-pen-risque-daugmentation-taux-cas-dincertitudes\/95783\/"},"wordCount":630,"image":{"@id":"https:\/\/batijournal.com\/index.php\/emmanuel-macron-vs-marine-pen-risque-daugmentation-taux-cas-dincertitudes\/95783\/#primaryimage"},"thumbnailUrl":"https:\/\/batijournal.com\/wp-content\/uploads\/2017\/04\/elections-presidentielles-2017-legislatives.jpg","keywords":["construction","immobilier"],"articleSection":["A la Une","Actualit\u00e9s","\u00c9conomie &amp; March\u00e9s"],"inLanguage":"fr-FR"},{"@type":"WebPage","@id":"https:\/\/batijournal.com\/index.php\/emmanuel-macron-vs-marine-pen-risque-daugmentation-taux-cas-dincertitudes\/95783\/","url":"https:\/\/batijournal.com\/index.php\/emmanuel-macron-vs-marine-pen-risque-daugmentation-taux-cas-dincertitudes\/95783\/","name":"Emmanuel MACRON vs Marine LE PEN : risque d'augmentation des taux en cas d\u2019incertitudes","isPartOf":{"@id":"https:\/\/batijournal.com\/#website"},"primaryImageOfPage":{"@id":"https:\/\/batijournal.com\/index.php\/emmanuel-macron-vs-marine-pen-risque-daugmentation-taux-cas-dincertitudes\/95783\/#primaryimage"},"image":{"@id":"https:\/\/batijournal.com\/index.php\/emmanuel-macron-vs-marine-pen-risque-daugmentation-taux-cas-dincertitudes\/95783\/#primaryimage"},"thumbnailUrl":"https:\/\/batijournal.com\/wp-content\/uploads\/2017\/04\/elections-presidentielles-2017-legislatives.jpg","datePublished":"2017-04-24T06:56:22+00:00","dateModified":"2019-07-15T10:03:53+00:00","author":{"@id":"https:\/\/batijournal.com\/#\/schema\/person\/1dc96ec6957aa1ccb25ebe78bb19f100"},"breadcrumb":{"@id":"https:\/\/batijournal.com\/index.php\/emmanuel-macron-vs-marine-pen-risque-daugmentation-taux-cas-dincertitudes\/95783\/#breadcrumb"},"inLanguage":"fr-FR","potentialAction":[{"@type":"ReadAction","target":["https:\/\/batijournal.com\/index.php\/emmanuel-macron-vs-marine-pen-risque-daugmentation-taux-cas-dincertitudes\/95783\/"]}]},{"@type":"ImageObject","inLanguage":"fr-FR","@id":"https:\/\/batijournal.com\/index.php\/emmanuel-macron-vs-marine-pen-risque-daugmentation-taux-cas-dincertitudes\/95783\/#primaryimage","url":"https:\/\/batijournal.com\/wp-content\/uploads\/2017\/04\/elections-presidentielles-2017-legislatives.jpg","contentUrl":"https:\/\/batijournal.com\/wp-content\/uploads\/2017\/04\/elections-presidentielles-2017-legislatives.jpg","width":1000,"height":619},{"@type":"BreadcrumbList","@id":"https:\/\/batijournal.com\/index.php\/emmanuel-macron-vs-marine-pen-risque-daugmentation-taux-cas-dincertitudes\/95783\/#breadcrumb","itemListElement":[{"@type":"ListItem","position":1,"name":"Accueil","item":"https:\/\/batijournal.com\/"},{"@type":"ListItem","position":2,"name":"A la Une","item":"https:\/\/batijournal.com\/index.php\/category\/a-la-une\/"},{"@type":"ListItem","position":3,"name":"Emmanuel MACRON vs Marine LE PEN : risque d&rsquo;augmentation des taux en cas d\u2019incertitudes"}]},{"@type":"WebSite","@id":"https:\/\/batijournal.com\/#website","url":"https:\/\/batijournal.com\/","name":"Batijournal","description":"L&#039;actualit\u00e9 du b\u00e2timent","potentialAction":[{"@type":"SearchAction","target":{"@type":"EntryPoint","urlTemplate":"https:\/\/batijournal.com\/?s={search_term_string}"},"query-input":{"@type":"PropertyValueSpecification","valueRequired":true,"valueName":"search_term_string"}}],"inLanguage":"fr-FR"},{"@type":"Person","@id":"https:\/\/batijournal.com\/#\/schema\/person\/1dc96ec6957aa1ccb25ebe78bb19f100","name":"St\u00e9phane Miget","image":{"@type":"ImageObject","inLanguage":"fr-FR","@id":"https:\/\/secure.gravatar.com\/avatar\/89915563d925342126b8ef0281b93d9d7fc337043e8df017f780908eb9644451?s=96&d=mm&r=g","url":"https:\/\/secure.gravatar.com\/avatar\/89915563d925342126b8ef0281b93d9d7fc337043e8df017f780908eb9644451?s=96&d=mm&r=g","contentUrl":"https:\/\/secure.gravatar.com\/avatar\/89915563d925342126b8ef0281b93d9d7fc337043e8df017f780908eb9644451?s=96&d=mm&r=g","caption":"St\u00e9phane Miget"},"url":"https:\/\/batijournal.com\/index.php\/author\/stephane\/"}]}},"_links":{"self":[{"href":"https:\/\/batijournal.com\/index.php\/wp-json\/wp\/v2\/posts\/95783","targetHints":{"allow":["GET"]}}],"collection":[{"href":"https:\/\/batijournal.com\/index.php\/wp-json\/wp\/v2\/posts"}],"about":[{"href":"https:\/\/batijournal.com\/index.php\/wp-json\/wp\/v2\/types\/post"}],"author":[{"embeddable":true,"href":"https:\/\/batijournal.com\/index.php\/wp-json\/wp\/v2\/users\/17"}],"replies":[{"embeddable":true,"href":"https:\/\/batijournal.com\/index.php\/wp-json\/wp\/v2\/comments?post=95783"}],"version-history":[{"count":0,"href":"https:\/\/batijournal.com\/index.php\/wp-json\/wp\/v2\/posts\/95783\/revisions"}],"wp:featuredmedia":[{"embeddable":true,"href":"https:\/\/batijournal.com\/index.php\/wp-json\/wp\/v2\/media\/95784"}],"wp:attachment":[{"href":"https:\/\/batijournal.com\/index.php\/wp-json\/wp\/v2\/media?parent=95783"}],"wp:term":[{"taxonomy":"category","embeddable":true,"href":"https:\/\/batijournal.com\/index.php\/wp-json\/wp\/v2\/categories?post=95783"},{"taxonomy":"post_tag","embeddable":true,"href":"https:\/\/batijournal.com\/index.php\/wp-json\/wp\/v2\/tags?post=95783"}],"curies":[{"name":"wp","href":"https:\/\/api.w.org\/{rel}","templated":true}]}}