{"id":95812,"date":"2017-04-26T07:48:23","date_gmt":"2017-04-26T05:48:23","guid":{"rendered":"http:\/\/batijournal.com\/?p=95812"},"modified":"2019-07-15T12:03:53","modified_gmt":"2019-07-15T10:03:53","slug":"lunicem-veut-booster-commande-publique-responsable","status":"publish","type":"post","link":"https:\/\/batijournal.com\/index.php\/lunicem-veut-booster-commande-publique-responsable\/95812\/","title":{"rendered":"L\u2019UNICEM veut booster la commande publique responsable"},"content":{"rendered":"<p>Michel Andr\u00e9, pr\u00e9sident de l\u2019Union nationale des industries de carri\u00e8res et mat\u00e9riaux de construction (UNICEM) a \u00e9t\u00e9 auditionn\u00e9 par le Conseil \u00e9conomique, social et environnemental (CESE), dans le cadre de la saisine sur la commande publique responsable. L\u2019occasion pour l\u2019UNICEM de rappeler son engagement de longue date en la mati\u00e8re, et de faire valoir ses propositions pour une commande publique plus responsable. L\u2019UNICEM a salu\u00e9 les r\u00e9centes \u00e9volutions du droit des march\u00e9s publics. Michel Andr\u00e9 a soulign\u00e9 la n\u00e9cessit\u00e9 d\u2019accompagner cette r\u00e9forme par un effort de formation des acheteurs publics et des entreprises. Il propose de favoriser les synergies acheteurs \/ fournisseurs gr\u00e2ce \u00e0 un r\u00e9seau d\u2019ambassadeurs de l\u2019achat durable. Le pr\u00e9sident de l\u2019UNICEM veut favoriser la transition vers l\u2019\u00e9conomie circulaire gr\u00e2ce \u00e0 des crit\u00e8res adapt\u00e9s aux enjeux sp\u00e9cifiques des secteurs professionnels et encourager les \u00e9changes entre acteurs locaux, cr\u00e9ateurs de valeur ajout\u00e9e pour le territoire. Elle souhaite Promouvoir les d\u00e9marches transversales gr\u00e2ce \u00e0 des labels sectoriels Responsabilit\u00e9 Soci\u00e9tale des Entreprises (RSE) reconnus par l\u2019Etat. Il faudrait \u00e9galement mieux prendre en compte la notion de \u00ab valeur ajout\u00e9e en cascade \u00bb dans les march\u00e9s publics, c\u2019est-\u00e0-dire la valeur ajout\u00e9e apport\u00e9e par l\u2019ensemble des contributeurs \u00e0 la cha\u00eene d\u2019approvisionnement afin que cette valeur ajout\u00e9e participe au d\u00e9veloppement local et b\u00e9n\u00e9ficie au territoire.<\/p>\n","protected":false},"excerpt":{"rendered":"<p>Michel Andr\u00e9, pr\u00e9sident de l\u2019Union nationale des industries de carri\u00e8res et mat\u00e9riaux de construction (UNICEM) a \u00e9t\u00e9 auditionn\u00e9 par le Conseil \u00e9conomique, social et environnemental (CESE), dans le cadre de la saisine sur la commande publique responsable. L\u2019occasion pour l\u2019UNICEM de rappeler son engagement de longue date en la mati\u00e8re, et de faire valoir ses [&hellip;]<\/p>\n","protected":false},"author":17,"featured_media":91618,"comment_status":"closed","ping_status":"closed","sticky":false,"template":"","format":"standard","meta":{"_et_pb_use_builder":"","_et_pb_old_content":"","_et_gb_content_width":"","footnotes":""},"categories":[10530,6345,10771,10775],"tags":[4840,6669],"class_list":["post-95812","post","type-post","status-publish","format-standard","has-post-thumbnail","hentry","category-actualites","category-economie-marches","category-5facades","category-actualites-5facades","tag-granulats","tag-unicem"],"yoast_head":"<!-- This site is optimized with the Yoast SEO plugin v27.4 - https:\/\/yoast.com\/product\/yoast-seo-wordpress\/ -->\n<title>L\u2019UNICEM veut booster la commande publique responsable<\/title>\n<meta name=\"robots\" content=\"index, follow, max-snippet:-1, max-image-preview:large, max-video-preview:-1\" \/>\n<link rel=\"canonical\" href=\"https:\/\/batijournal.com\/index.php\/lunicem-veut-booster-commande-publique-responsable\/95812\/\" \/>\n<meta property=\"og:locale\" content=\"fr_FR\" \/>\n<meta property=\"og:type\" content=\"article\" \/>\n<meta property=\"og:title\" content=\"L\u2019UNICEM veut booster la commande publique responsable\" \/>\n<meta property=\"og:description\" content=\"Michel Andr\u00e9, pr\u00e9sident de l\u2019Union nationale des industries de carri\u00e8res et mat\u00e9riaux de construction (UNICEM) a \u00e9t\u00e9 auditionn\u00e9 par le Conseil \u00e9conomique, social et environnemental (CESE), dans le cadre de la saisine sur la commande publique responsable. L\u2019occasion pour l\u2019UNICEM de rappeler son engagement de longue date en la mati\u00e8re, et de faire valoir ses [&hellip;]\" \/>\n<meta property=\"og:url\" content=\"https:\/\/batijournal.com\/index.php\/lunicem-veut-booster-commande-publique-responsable\/95812\/\" \/>\n<meta property=\"og:site_name\" content=\"Batijournal\" \/>\n<meta property=\"article:published_time\" content=\"2017-04-26T05:48:23+00:00\" \/>\n<meta property=\"article:modified_time\" content=\"2019-07-15T10:03:53+00:00\" \/>\n<meta property=\"og:image\" content=\"https:\/\/batijournal.com\/wp-content\/uploads\/2016\/02\/granulats-2.jpg\" \/>\n\t<meta property=\"og:image:width\" content=\"1000\" \/>\n\t<meta property=\"og:image:height\" content=\"588\" \/>\n\t<meta property=\"og:image:type\" content=\"image\/jpeg\" \/>\n<meta name=\"author\" content=\"St\u00e9phane Miget\" \/>\n<meta name=\"twitter:card\" content=\"summary_large_image\" \/>\n<meta name=\"twitter:creator\" content=\"@bati_journal\" \/>\n<meta name=\"twitter:site\" content=\"@bati_journal\" \/>\n<meta name=\"twitter:label1\" content=\"\u00c9crit par\" \/>\n\t<meta name=\"twitter:data1\" content=\"St\u00e9phane Miget\" \/>\n\t<meta name=\"twitter:label2\" content=\"Dur\u00e9e de lecture estim\u00e9e\" \/>\n\t<meta name=\"twitter:data2\" content=\"1 minute\" \/>\n<script type=\"application\/ld+json\" class=\"yoast-schema-graph\">{\"@context\":\"https:\\\/\\\/schema.org\",\"@graph\":[{\"@type\":\"Article\",\"@id\":\"https:\\\/\\\/batijournal.com\\\/index.php\\\/lunicem-veut-booster-commande-publique-responsable\\\/95812\\\/#article\",\"isPartOf\":{\"@id\":\"https:\\\/\\\/batijournal.com\\\/index.php\\\/lunicem-veut-booster-commande-publique-responsable\\\/95812\\\/\"},\"author\":{\"name\":\"St\u00e9phane Miget\",\"@id\":\"https:\\\/\\\/batijournal.com\\\/#\\\/schema\\\/person\\\/1dc96ec6957aa1ccb25ebe78bb19f100\"},\"headline\":\"L\u2019UNICEM veut booster la commande publique responsable\",\"datePublished\":\"2017-04-26T05:48:23+00:00\",\"dateModified\":\"2019-07-15T10:03:53+00:00\",\"mainEntityOfPage\":{\"@id\":\"https:\\\/\\\/batijournal.com\\\/index.php\\\/lunicem-veut-booster-commande-publique-responsable\\\/95812\\\/\"},\"wordCount\":255,\"image\":{\"@id\":\"https:\\\/\\\/batijournal.com\\\/index.php\\\/lunicem-veut-booster-commande-publique-responsable\\\/95812\\\/#primaryimage\"},\"thumbnailUrl\":\"https:\\\/\\\/batijournal.com\\\/wp-content\\\/uploads\\\/2016\\\/02\\\/granulats-2.jpg\",\"keywords\":[\"granulats\",\"unicem\"],\"articleSection\":[\"Actualit\u00e9s\",\"\u00c9conomie &amp; March\u00e9s\",\"zz_5fa\u00e7ades\",\"zz_Actualit\u00e9s - 5fa\u00e7ades\"],\"inLanguage\":\"fr-FR\"},{\"@type\":\"WebPage\",\"@id\":\"https:\\\/\\\/batijournal.com\\\/index.php\\\/lunicem-veut-booster-commande-publique-responsable\\\/95812\\\/\",\"url\":\"https:\\\/\\\/batijournal.com\\\/index.php\\\/lunicem-veut-booster-commande-publique-responsable\\\/95812\\\/\",\"name\":\"L\u2019UNICEM veut booster la commande publique responsable\",\"isPartOf\":{\"@id\":\"https:\\\/\\\/batijournal.com\\\/#website\"},\"primaryImageOfPage\":{\"@id\":\"https:\\\/\\\/batijournal.com\\\/index.php\\\/lunicem-veut-booster-commande-publique-responsable\\\/95812\\\/#primaryimage\"},\"image\":{\"@id\":\"https:\\\/\\\/batijournal.com\\\/index.php\\\/lunicem-veut-booster-commande-publique-responsable\\\/95812\\\/#primaryimage\"},\"thumbnailUrl\":\"https:\\\/\\\/batijournal.com\\\/wp-content\\\/uploads\\\/2016\\\/02\\\/granulats-2.jpg\",\"datePublished\":\"2017-04-26T05:48:23+00:00\",\"dateModified\":\"2019-07-15T10:03:53+00:00\",\"author\":{\"@id\":\"https:\\\/\\\/batijournal.com\\\/#\\\/schema\\\/person\\\/1dc96ec6957aa1ccb25ebe78bb19f100\"},\"breadcrumb\":{\"@id\":\"https:\\\/\\\/batijournal.com\\\/index.php\\\/lunicem-veut-booster-commande-publique-responsable\\\/95812\\\/#breadcrumb\"},\"inLanguage\":\"fr-FR\",\"potentialAction\":[{\"@type\":\"ReadAction\",\"target\":[\"https:\\\/\\\/batijournal.com\\\/index.php\\\/lunicem-veut-booster-commande-publique-responsable\\\/95812\\\/\"]}]},{\"@type\":\"ImageObject\",\"inLanguage\":\"fr-FR\",\"@id\":\"https:\\\/\\\/batijournal.com\\\/index.php\\\/lunicem-veut-booster-commande-publique-responsable\\\/95812\\\/#primaryimage\",\"url\":\"https:\\\/\\\/batijournal.com\\\/wp-content\\\/uploads\\\/2016\\\/02\\\/granulats-2.jpg\",\"contentUrl\":\"https:\\\/\\\/batijournal.com\\\/wp-content\\\/uploads\\\/2016\\\/02\\\/granulats-2.jpg\",\"width\":1000,\"height\":588,\"caption\":\"granulats-unicem-chiffres\"},{\"@type\":\"BreadcrumbList\",\"@id\":\"https:\\\/\\\/batijournal.com\\\/index.php\\\/lunicem-veut-booster-commande-publique-responsable\\\/95812\\\/#breadcrumb\",\"itemListElement\":[{\"@type\":\"ListItem\",\"position\":1,\"name\":\"Accueil\",\"item\":\"https:\\\/\\\/batijournal.com\\\/\"},{\"@type\":\"ListItem\",\"position\":2,\"name\":\"Actualit\u00e9s\",\"item\":\"https:\\\/\\\/batijournal.com\\\/index.php\\\/category\\\/actualites\\\/\"},{\"@type\":\"ListItem\",\"position\":3,\"name\":\"L\u2019UNICEM veut booster la commande publique responsable\"}]},{\"@type\":\"WebSite\",\"@id\":\"https:\\\/\\\/batijournal.com\\\/#website\",\"url\":\"https:\\\/\\\/batijournal.com\\\/\",\"name\":\"Batijournal\",\"description\":\"L&#039;actualit\u00e9 du b\u00e2timent\",\"potentialAction\":[{\"@type\":\"SearchAction\",\"target\":{\"@type\":\"EntryPoint\",\"urlTemplate\":\"https:\\\/\\\/batijournal.com\\\/?s={search_term_string}\"},\"query-input\":{\"@type\":\"PropertyValueSpecification\",\"valueRequired\":true,\"valueName\":\"search_term_string\"}}],\"inLanguage\":\"fr-FR\"},{\"@type\":\"Person\",\"@id\":\"https:\\\/\\\/batijournal.com\\\/#\\\/schema\\\/person\\\/1dc96ec6957aa1ccb25ebe78bb19f100\",\"name\":\"St\u00e9phane Miget\",\"image\":{\"@type\":\"ImageObject\",\"inLanguage\":\"fr-FR\",\"@id\":\"https:\\\/\\\/secure.gravatar.com\\\/avatar\\\/89915563d925342126b8ef0281b93d9d7fc337043e8df017f780908eb9644451?s=96&d=mm&r=g\",\"url\":\"https:\\\/\\\/secure.gravatar.com\\\/avatar\\\/89915563d925342126b8ef0281b93d9d7fc337043e8df017f780908eb9644451?s=96&d=mm&r=g\",\"contentUrl\":\"https:\\\/\\\/secure.gravatar.com\\\/avatar\\\/89915563d925342126b8ef0281b93d9d7fc337043e8df017f780908eb9644451?s=96&d=mm&r=g\",\"caption\":\"St\u00e9phane Miget\"},\"url\":\"https:\\\/\\\/batijournal.com\\\/index.php\\\/author\\\/stephane\\\/\"}]}<\/script>\n<!-- \/ Yoast SEO plugin. -->","yoast_head_json":{"title":"L\u2019UNICEM veut booster la commande publique responsable","robots":{"index":"index","follow":"follow","max-snippet":"max-snippet:-1","max-image-preview":"max-image-preview:large","max-video-preview":"max-video-preview:-1"},"canonical":"https:\/\/batijournal.com\/index.php\/lunicem-veut-booster-commande-publique-responsable\/95812\/","og_locale":"fr_FR","og_type":"article","og_title":"L\u2019UNICEM veut booster la commande publique responsable","og_description":"Michel Andr\u00e9, pr\u00e9sident de l\u2019Union nationale des industries de carri\u00e8res et mat\u00e9riaux de construction (UNICEM) a \u00e9t\u00e9 auditionn\u00e9 par le Conseil \u00e9conomique, social et environnemental (CESE), dans le cadre de la saisine sur la commande publique responsable. L\u2019occasion pour l\u2019UNICEM de rappeler son engagement de longue date en la mati\u00e8re, et de faire valoir ses [&hellip;]","og_url":"https:\/\/batijournal.com\/index.php\/lunicem-veut-booster-commande-publique-responsable\/95812\/","og_site_name":"Batijournal","article_published_time":"2017-04-26T05:48:23+00:00","article_modified_time":"2019-07-15T10:03:53+00:00","og_image":[{"width":1000,"height":588,"url":"https:\/\/batijournal.com\/wp-content\/uploads\/2016\/02\/granulats-2.jpg","type":"image\/jpeg"}],"author":"St\u00e9phane Miget","twitter_card":"summary_large_image","twitter_creator":"@bati_journal","twitter_site":"@bati_journal","twitter_misc":{"\u00c9crit par":"St\u00e9phane Miget","Dur\u00e9e de lecture estim\u00e9e":"1 minute"},"schema":{"@context":"https:\/\/schema.org","@graph":[{"@type":"Article","@id":"https:\/\/batijournal.com\/index.php\/lunicem-veut-booster-commande-publique-responsable\/95812\/#article","isPartOf":{"@id":"https:\/\/batijournal.com\/index.php\/lunicem-veut-booster-commande-publique-responsable\/95812\/"},"author":{"name":"St\u00e9phane Miget","@id":"https:\/\/batijournal.com\/#\/schema\/person\/1dc96ec6957aa1ccb25ebe78bb19f100"},"headline":"L\u2019UNICEM veut booster la commande publique responsable","datePublished":"2017-04-26T05:48:23+00:00","dateModified":"2019-07-15T10:03:53+00:00","mainEntityOfPage":{"@id":"https:\/\/batijournal.com\/index.php\/lunicem-veut-booster-commande-publique-responsable\/95812\/"},"wordCount":255,"image":{"@id":"https:\/\/batijournal.com\/index.php\/lunicem-veut-booster-commande-publique-responsable\/95812\/#primaryimage"},"thumbnailUrl":"https:\/\/batijournal.com\/wp-content\/uploads\/2016\/02\/granulats-2.jpg","keywords":["granulats","unicem"],"articleSection":["Actualit\u00e9s","\u00c9conomie &amp; March\u00e9s","zz_5fa\u00e7ades","zz_Actualit\u00e9s - 5fa\u00e7ades"],"inLanguage":"fr-FR"},{"@type":"WebPage","@id":"https:\/\/batijournal.com\/index.php\/lunicem-veut-booster-commande-publique-responsable\/95812\/","url":"https:\/\/batijournal.com\/index.php\/lunicem-veut-booster-commande-publique-responsable\/95812\/","name":"L\u2019UNICEM veut booster la commande publique responsable","isPartOf":{"@id":"https:\/\/batijournal.com\/#website"},"primaryImageOfPage":{"@id":"https:\/\/batijournal.com\/index.php\/lunicem-veut-booster-commande-publique-responsable\/95812\/#primaryimage"},"image":{"@id":"https:\/\/batijournal.com\/index.php\/lunicem-veut-booster-commande-publique-responsable\/95812\/#primaryimage"},"thumbnailUrl":"https:\/\/batijournal.com\/wp-content\/uploads\/2016\/02\/granulats-2.jpg","datePublished":"2017-04-26T05:48:23+00:00","dateModified":"2019-07-15T10:03:53+00:00","author":{"@id":"https:\/\/batijournal.com\/#\/schema\/person\/1dc96ec6957aa1ccb25ebe78bb19f100"},"breadcrumb":{"@id":"https:\/\/batijournal.com\/index.php\/lunicem-veut-booster-commande-publique-responsable\/95812\/#breadcrumb"},"inLanguage":"fr-FR","potentialAction":[{"@type":"ReadAction","target":["https:\/\/batijournal.com\/index.php\/lunicem-veut-booster-commande-publique-responsable\/95812\/"]}]},{"@type":"ImageObject","inLanguage":"fr-FR","@id":"https:\/\/batijournal.com\/index.php\/lunicem-veut-booster-commande-publique-responsable\/95812\/#primaryimage","url":"https:\/\/batijournal.com\/wp-content\/uploads\/2016\/02\/granulats-2.jpg","contentUrl":"https:\/\/batijournal.com\/wp-content\/uploads\/2016\/02\/granulats-2.jpg","width":1000,"height":588,"caption":"granulats-unicem-chiffres"},{"@type":"BreadcrumbList","@id":"https:\/\/batijournal.com\/index.php\/lunicem-veut-booster-commande-publique-responsable\/95812\/#breadcrumb","itemListElement":[{"@type":"ListItem","position":1,"name":"Accueil","item":"https:\/\/batijournal.com\/"},{"@type":"ListItem","position":2,"name":"Actualit\u00e9s","item":"https:\/\/batijournal.com\/index.php\/category\/actualites\/"},{"@type":"ListItem","position":3,"name":"L\u2019UNICEM veut booster la commande publique responsable"}]},{"@type":"WebSite","@id":"https:\/\/batijournal.com\/#website","url":"https:\/\/batijournal.com\/","name":"Batijournal","description":"L&#039;actualit\u00e9 du b\u00e2timent","potentialAction":[{"@type":"SearchAction","target":{"@type":"EntryPoint","urlTemplate":"https:\/\/batijournal.com\/?s={search_term_string}"},"query-input":{"@type":"PropertyValueSpecification","valueRequired":true,"valueName":"search_term_string"}}],"inLanguage":"fr-FR"},{"@type":"Person","@id":"https:\/\/batijournal.com\/#\/schema\/person\/1dc96ec6957aa1ccb25ebe78bb19f100","name":"St\u00e9phane Miget","image":{"@type":"ImageObject","inLanguage":"fr-FR","@id":"https:\/\/secure.gravatar.com\/avatar\/89915563d925342126b8ef0281b93d9d7fc337043e8df017f780908eb9644451?s=96&d=mm&r=g","url":"https:\/\/secure.gravatar.com\/avatar\/89915563d925342126b8ef0281b93d9d7fc337043e8df017f780908eb9644451?s=96&d=mm&r=g","contentUrl":"https:\/\/secure.gravatar.com\/avatar\/89915563d925342126b8ef0281b93d9d7fc337043e8df017f780908eb9644451?s=96&d=mm&r=g","caption":"St\u00e9phane Miget"},"url":"https:\/\/batijournal.com\/index.php\/author\/stephane\/"}]}},"_links":{"self":[{"href":"https:\/\/batijournal.com\/index.php\/wp-json\/wp\/v2\/posts\/95812","targetHints":{"allow":["GET"]}}],"collection":[{"href":"https:\/\/batijournal.com\/index.php\/wp-json\/wp\/v2\/posts"}],"about":[{"href":"https:\/\/batijournal.com\/index.php\/wp-json\/wp\/v2\/types\/post"}],"author":[{"embeddable":true,"href":"https:\/\/batijournal.com\/index.php\/wp-json\/wp\/v2\/users\/17"}],"replies":[{"embeddable":true,"href":"https:\/\/batijournal.com\/index.php\/wp-json\/wp\/v2\/comments?post=95812"}],"version-history":[{"count":0,"href":"https:\/\/batijournal.com\/index.php\/wp-json\/wp\/v2\/posts\/95812\/revisions"}],"wp:featuredmedia":[{"embeddable":true,"href":"https:\/\/batijournal.com\/index.php\/wp-json\/wp\/v2\/media\/91618"}],"wp:attachment":[{"href":"https:\/\/batijournal.com\/index.php\/wp-json\/wp\/v2\/media?parent=95812"}],"wp:term":[{"taxonomy":"category","embeddable":true,"href":"https:\/\/batijournal.com\/index.php\/wp-json\/wp\/v2\/categories?post=95812"},{"taxonomy":"post_tag","embeddable":true,"href":"https:\/\/batijournal.com\/index.php\/wp-json\/wp\/v2\/tags?post=95812"}],"curies":[{"name":"wp","href":"https:\/\/api.w.org\/{rel}","templated":true}]}}