{"id":95813,"date":"2017-04-26T07:11:08","date_gmt":"2017-04-26T05:11:08","guid":{"rendered":"http:\/\/batijournal.com\/?p=95813"},"modified":"2019-07-15T11:34:06","modified_gmt":"2019-07-15T09:34:06","slug":"frederic-bredillot-nomme-membre-directoire-de-societe-grand-paris","status":"publish","type":"post","link":"https:\/\/batijournal.com\/index.php\/frederic-bredillot-nomme-membre-directoire-de-societe-grand-paris\/95813\/","title":{"rendered":"Fr\u00e9d\u00e9ric Br\u00e9dillot nomm\u00e9 membre du directoire de la Soci\u00e9t\u00e9 du Grand Paris"},"content":{"rendered":"<p>Fr\u00e9d\u00e9ric Br\u00e9dillot, 42 ans, a \u00e9t\u00e9 nomm\u00e9 membre du directoire de la Soci\u00e9t\u00e9 du Grand Paris, par d\u00e9cret du pr\u00e9sident de la R\u00e9publique, le 20 avril 2017. Il succ\u00e8de \u00e0 Catherine Barrot-P\u00e8renet, qui occupait cette fonction depuis le 16 f\u00e9vrier 2015. Fr\u00e9d\u00e9ric Br\u00e9dillot est conseiller des services de l\u2019Assembl\u00e9e nationale. Il \u00e9tait chef du p\u00f4le \u00e9conomique du cabinet du Premier ministre, Bernard Cazeneuve, depuis d\u00e9cembre 2016. Il \u00e9tait auparavant conseiller charg\u00e9 de la fiscalit\u00e9 et des pr\u00e9l\u00e8vements obligatoires au cabinet du Premier ministre, Manuel Valls. Il a \u00e9galement \u00e9t\u00e9 conseiller sp\u00e9cial et charg\u00e9 de la fiscalit\u00e9 des ministres d\u00e9l\u00e9gu\u00e9s charg\u00e9s du Budget, J\u00e9r\u00f4me Cahuzac puis Bernard Cazeneuve.<\/p>\n","protected":false},"excerpt":{"rendered":"<p>Fr\u00e9d\u00e9ric Br\u00e9dillot, 42 ans, a \u00e9t\u00e9 nomm\u00e9 membre du directoire de la Soci\u00e9t\u00e9 du Grand Paris, par d\u00e9cret du pr\u00e9sident de la R\u00e9publique, le 20 avril 2017. Il succ\u00e8de \u00e0 Catherine Barrot-P\u00e8renet, qui occupait cette fonction depuis le 16 f\u00e9vrier 2015. Fr\u00e9d\u00e9ric Br\u00e9dillot est conseiller des services de l\u2019Assembl\u00e9e nationale. Il \u00e9tait chef du p\u00f4le [&hellip;]<\/p>\n","protected":false},"author":17,"featured_media":95814,"comment_status":"closed","ping_status":"closed","sticky":false,"template":"","format":"standard","meta":{"_et_pb_use_builder":"","_et_pb_old_content":"","_et_gb_content_width":"","footnotes":""},"categories":[10530,6345],"tags":[4922],"class_list":["post-95813","post","type-post","status-publish","format-standard","has-post-thumbnail","hentry","category-actualites","category-economie-marches","tag-grand-paris"],"yoast_head":"<!-- This site is optimized with the Yoast SEO plugin v27.4 - https:\/\/yoast.com\/product\/yoast-seo-wordpress\/ -->\n<title>Fr\u00e9d\u00e9ric Br\u00e9dillot nomm\u00e9 membre du directoire de la Soci\u00e9t\u00e9 du Grand Paris<\/title>\n<meta name=\"robots\" content=\"index, follow, max-snippet:-1, max-image-preview:large, max-video-preview:-1\" \/>\n<link rel=\"canonical\" href=\"https:\/\/batijournal.com\/index.php\/frederic-bredillot-nomme-membre-directoire-de-societe-grand-paris\/95813\/\" \/>\n<meta property=\"og:locale\" content=\"fr_FR\" \/>\n<meta property=\"og:type\" content=\"article\" \/>\n<meta property=\"og:title\" content=\"Fr\u00e9d\u00e9ric Br\u00e9dillot nomm\u00e9 membre du directoire de la Soci\u00e9t\u00e9 du Grand Paris\" \/>\n<meta property=\"og:description\" content=\"Fr\u00e9d\u00e9ric Br\u00e9dillot, 42 ans, a \u00e9t\u00e9 nomm\u00e9 membre du directoire de la Soci\u00e9t\u00e9 du Grand Paris, par d\u00e9cret du pr\u00e9sident de la R\u00e9publique, le 20 avril 2017. Il succ\u00e8de \u00e0 Catherine Barrot-P\u00e8renet, qui occupait cette fonction depuis le 16 f\u00e9vrier 2015. Fr\u00e9d\u00e9ric Br\u00e9dillot est conseiller des services de l\u2019Assembl\u00e9e nationale. Il \u00e9tait chef du p\u00f4le [&hellip;]\" \/>\n<meta property=\"og:url\" content=\"https:\/\/batijournal.com\/index.php\/frederic-bredillot-nomme-membre-directoire-de-societe-grand-paris\/95813\/\" \/>\n<meta property=\"og:site_name\" content=\"Batijournal\" \/>\n<meta property=\"article:published_time\" content=\"2017-04-26T05:11:08+00:00\" \/>\n<meta property=\"article:modified_time\" content=\"2019-07-15T09:34:06+00:00\" \/>\n<meta property=\"og:image\" content=\"https:\/\/batijournal.com\/wp-content\/uploads\/2017\/04\/directoire-de-la-Societe-du-Grand-Paris-F-Bredillot.jpg\" \/>\n\t<meta property=\"og:image:width\" content=\"900\" \/>\n\t<meta property=\"og:image:height\" content=\"675\" \/>\n\t<meta property=\"og:image:type\" content=\"image\/jpeg\" \/>\n<meta name=\"author\" content=\"St\u00e9phane Miget\" \/>\n<meta name=\"twitter:card\" content=\"summary_large_image\" \/>\n<meta name=\"twitter:creator\" content=\"@bati_journal\" \/>\n<meta name=\"twitter:site\" content=\"@bati_journal\" \/>\n<meta name=\"twitter:label1\" content=\"\u00c9crit par\" \/>\n\t<meta name=\"twitter:data1\" content=\"St\u00e9phane Miget\" \/>\n\t<meta name=\"twitter:label2\" content=\"Dur\u00e9e de lecture estim\u00e9e\" \/>\n\t<meta name=\"twitter:data2\" content=\"1 minute\" \/>\n<script type=\"application\/ld+json\" class=\"yoast-schema-graph\">{\"@context\":\"https:\\\/\\\/schema.org\",\"@graph\":[{\"@type\":\"Article\",\"@id\":\"https:\\\/\\\/batijournal.com\\\/index.php\\\/frederic-bredillot-nomme-membre-directoire-de-societe-grand-paris\\\/95813\\\/#article\",\"isPartOf\":{\"@id\":\"https:\\\/\\\/batijournal.com\\\/index.php\\\/frederic-bredillot-nomme-membre-directoire-de-societe-grand-paris\\\/95813\\\/\"},\"author\":{\"name\":\"St\u00e9phane Miget\",\"@id\":\"https:\\\/\\\/batijournal.com\\\/#\\\/schema\\\/person\\\/1dc96ec6957aa1ccb25ebe78bb19f100\"},\"headline\":\"Fr\u00e9d\u00e9ric Br\u00e9dillot nomm\u00e9 membre du directoire de la Soci\u00e9t\u00e9 du Grand Paris\",\"datePublished\":\"2017-04-26T05:11:08+00:00\",\"dateModified\":\"2019-07-15T09:34:06+00:00\",\"mainEntityOfPage\":{\"@id\":\"https:\\\/\\\/batijournal.com\\\/index.php\\\/frederic-bredillot-nomme-membre-directoire-de-societe-grand-paris\\\/95813\\\/\"},\"wordCount\":142,\"image\":{\"@id\":\"https:\\\/\\\/batijournal.com\\\/index.php\\\/frederic-bredillot-nomme-membre-directoire-de-societe-grand-paris\\\/95813\\\/#primaryimage\"},\"thumbnailUrl\":\"https:\\\/\\\/batijournal.com\\\/wp-content\\\/uploads\\\/2017\\\/04\\\/directoire-de-la-Societe-du-Grand-Paris-F-Bredillot.jpg\",\"keywords\":[\"grand paris\"],\"articleSection\":[\"Actualit\u00e9s\",\"\u00c9conomie &amp; March\u00e9s\"],\"inLanguage\":\"fr-FR\"},{\"@type\":\"WebPage\",\"@id\":\"https:\\\/\\\/batijournal.com\\\/index.php\\\/frederic-bredillot-nomme-membre-directoire-de-societe-grand-paris\\\/95813\\\/\",\"url\":\"https:\\\/\\\/batijournal.com\\\/index.php\\\/frederic-bredillot-nomme-membre-directoire-de-societe-grand-paris\\\/95813\\\/\",\"name\":\"Fr\u00e9d\u00e9ric Br\u00e9dillot nomm\u00e9 membre du directoire de la Soci\u00e9t\u00e9 du Grand Paris\",\"isPartOf\":{\"@id\":\"https:\\\/\\\/batijournal.com\\\/#website\"},\"primaryImageOfPage\":{\"@id\":\"https:\\\/\\\/batijournal.com\\\/index.php\\\/frederic-bredillot-nomme-membre-directoire-de-societe-grand-paris\\\/95813\\\/#primaryimage\"},\"image\":{\"@id\":\"https:\\\/\\\/batijournal.com\\\/index.php\\\/frederic-bredillot-nomme-membre-directoire-de-societe-grand-paris\\\/95813\\\/#primaryimage\"},\"thumbnailUrl\":\"https:\\\/\\\/batijournal.com\\\/wp-content\\\/uploads\\\/2017\\\/04\\\/directoire-de-la-Societe-du-Grand-Paris-F-Bredillot.jpg\",\"datePublished\":\"2017-04-26T05:11:08+00:00\",\"dateModified\":\"2019-07-15T09:34:06+00:00\",\"author\":{\"@id\":\"https:\\\/\\\/batijournal.com\\\/#\\\/schema\\\/person\\\/1dc96ec6957aa1ccb25ebe78bb19f100\"},\"breadcrumb\":{\"@id\":\"https:\\\/\\\/batijournal.com\\\/index.php\\\/frederic-bredillot-nomme-membre-directoire-de-societe-grand-paris\\\/95813\\\/#breadcrumb\"},\"inLanguage\":\"fr-FR\",\"potentialAction\":[{\"@type\":\"ReadAction\",\"target\":[\"https:\\\/\\\/batijournal.com\\\/index.php\\\/frederic-bredillot-nomme-membre-directoire-de-societe-grand-paris\\\/95813\\\/\"]}]},{\"@type\":\"ImageObject\",\"inLanguage\":\"fr-FR\",\"@id\":\"https:\\\/\\\/batijournal.com\\\/index.php\\\/frederic-bredillot-nomme-membre-directoire-de-societe-grand-paris\\\/95813\\\/#primaryimage\",\"url\":\"https:\\\/\\\/batijournal.com\\\/wp-content\\\/uploads\\\/2017\\\/04\\\/directoire-de-la-Societe-du-Grand-Paris-F-Bredillot.jpg\",\"contentUrl\":\"https:\\\/\\\/batijournal.com\\\/wp-content\\\/uploads\\\/2017\\\/04\\\/directoire-de-la-Societe-du-Grand-Paris-F-Bredillot.jpg\",\"width\":900,\"height\":675},{\"@type\":\"BreadcrumbList\",\"@id\":\"https:\\\/\\\/batijournal.com\\\/index.php\\\/frederic-bredillot-nomme-membre-directoire-de-societe-grand-paris\\\/95813\\\/#breadcrumb\",\"itemListElement\":[{\"@type\":\"ListItem\",\"position\":1,\"name\":\"Accueil\",\"item\":\"https:\\\/\\\/batijournal.com\\\/\"},{\"@type\":\"ListItem\",\"position\":2,\"name\":\"Actualit\u00e9s\",\"item\":\"https:\\\/\\\/batijournal.com\\\/index.php\\\/category\\\/actualites\\\/\"},{\"@type\":\"ListItem\",\"position\":3,\"name\":\"Fr\u00e9d\u00e9ric Br\u00e9dillot nomm\u00e9 membre du directoire de la Soci\u00e9t\u00e9 du Grand Paris\"}]},{\"@type\":\"WebSite\",\"@id\":\"https:\\\/\\\/batijournal.com\\\/#website\",\"url\":\"https:\\\/\\\/batijournal.com\\\/\",\"name\":\"Batijournal\",\"description\":\"L&#039;actualit\u00e9 du b\u00e2timent\",\"potentialAction\":[{\"@type\":\"SearchAction\",\"target\":{\"@type\":\"EntryPoint\",\"urlTemplate\":\"https:\\\/\\\/batijournal.com\\\/?s={search_term_string}\"},\"query-input\":{\"@type\":\"PropertyValueSpecification\",\"valueRequired\":true,\"valueName\":\"search_term_string\"}}],\"inLanguage\":\"fr-FR\"},{\"@type\":\"Person\",\"@id\":\"https:\\\/\\\/batijournal.com\\\/#\\\/schema\\\/person\\\/1dc96ec6957aa1ccb25ebe78bb19f100\",\"name\":\"St\u00e9phane Miget\",\"image\":{\"@type\":\"ImageObject\",\"inLanguage\":\"fr-FR\",\"@id\":\"https:\\\/\\\/secure.gravatar.com\\\/avatar\\\/89915563d925342126b8ef0281b93d9d7fc337043e8df017f780908eb9644451?s=96&d=mm&r=g\",\"url\":\"https:\\\/\\\/secure.gravatar.com\\\/avatar\\\/89915563d925342126b8ef0281b93d9d7fc337043e8df017f780908eb9644451?s=96&d=mm&r=g\",\"contentUrl\":\"https:\\\/\\\/secure.gravatar.com\\\/avatar\\\/89915563d925342126b8ef0281b93d9d7fc337043e8df017f780908eb9644451?s=96&d=mm&r=g\",\"caption\":\"St\u00e9phane Miget\"},\"url\":\"https:\\\/\\\/batijournal.com\\\/index.php\\\/author\\\/stephane\\\/\"}]}<\/script>\n<!-- \/ Yoast SEO plugin. -->","yoast_head_json":{"title":"Fr\u00e9d\u00e9ric Br\u00e9dillot nomm\u00e9 membre du directoire de la Soci\u00e9t\u00e9 du Grand Paris","robots":{"index":"index","follow":"follow","max-snippet":"max-snippet:-1","max-image-preview":"max-image-preview:large","max-video-preview":"max-video-preview:-1"},"canonical":"https:\/\/batijournal.com\/index.php\/frederic-bredillot-nomme-membre-directoire-de-societe-grand-paris\/95813\/","og_locale":"fr_FR","og_type":"article","og_title":"Fr\u00e9d\u00e9ric Br\u00e9dillot nomm\u00e9 membre du directoire de la Soci\u00e9t\u00e9 du Grand Paris","og_description":"Fr\u00e9d\u00e9ric Br\u00e9dillot, 42 ans, a \u00e9t\u00e9 nomm\u00e9 membre du directoire de la Soci\u00e9t\u00e9 du Grand Paris, par d\u00e9cret du pr\u00e9sident de la R\u00e9publique, le 20 avril 2017. Il succ\u00e8de \u00e0 Catherine Barrot-P\u00e8renet, qui occupait cette fonction depuis le 16 f\u00e9vrier 2015. Fr\u00e9d\u00e9ric Br\u00e9dillot est conseiller des services de l\u2019Assembl\u00e9e nationale. Il \u00e9tait chef du p\u00f4le [&hellip;]","og_url":"https:\/\/batijournal.com\/index.php\/frederic-bredillot-nomme-membre-directoire-de-societe-grand-paris\/95813\/","og_site_name":"Batijournal","article_published_time":"2017-04-26T05:11:08+00:00","article_modified_time":"2019-07-15T09:34:06+00:00","og_image":[{"width":900,"height":675,"url":"https:\/\/batijournal.com\/wp-content\/uploads\/2017\/04\/directoire-de-la-Societe-du-Grand-Paris-F-Bredillot.jpg","type":"image\/jpeg"}],"author":"St\u00e9phane Miget","twitter_card":"summary_large_image","twitter_creator":"@bati_journal","twitter_site":"@bati_journal","twitter_misc":{"\u00c9crit par":"St\u00e9phane Miget","Dur\u00e9e de lecture estim\u00e9e":"1 minute"},"schema":{"@context":"https:\/\/schema.org","@graph":[{"@type":"Article","@id":"https:\/\/batijournal.com\/index.php\/frederic-bredillot-nomme-membre-directoire-de-societe-grand-paris\/95813\/#article","isPartOf":{"@id":"https:\/\/batijournal.com\/index.php\/frederic-bredillot-nomme-membre-directoire-de-societe-grand-paris\/95813\/"},"author":{"name":"St\u00e9phane Miget","@id":"https:\/\/batijournal.com\/#\/schema\/person\/1dc96ec6957aa1ccb25ebe78bb19f100"},"headline":"Fr\u00e9d\u00e9ric Br\u00e9dillot nomm\u00e9 membre du directoire de la Soci\u00e9t\u00e9 du Grand Paris","datePublished":"2017-04-26T05:11:08+00:00","dateModified":"2019-07-15T09:34:06+00:00","mainEntityOfPage":{"@id":"https:\/\/batijournal.com\/index.php\/frederic-bredillot-nomme-membre-directoire-de-societe-grand-paris\/95813\/"},"wordCount":142,"image":{"@id":"https:\/\/batijournal.com\/index.php\/frederic-bredillot-nomme-membre-directoire-de-societe-grand-paris\/95813\/#primaryimage"},"thumbnailUrl":"https:\/\/batijournal.com\/wp-content\/uploads\/2017\/04\/directoire-de-la-Societe-du-Grand-Paris-F-Bredillot.jpg","keywords":["grand paris"],"articleSection":["Actualit\u00e9s","\u00c9conomie &amp; March\u00e9s"],"inLanguage":"fr-FR"},{"@type":"WebPage","@id":"https:\/\/batijournal.com\/index.php\/frederic-bredillot-nomme-membre-directoire-de-societe-grand-paris\/95813\/","url":"https:\/\/batijournal.com\/index.php\/frederic-bredillot-nomme-membre-directoire-de-societe-grand-paris\/95813\/","name":"Fr\u00e9d\u00e9ric Br\u00e9dillot nomm\u00e9 membre du directoire de la Soci\u00e9t\u00e9 du Grand Paris","isPartOf":{"@id":"https:\/\/batijournal.com\/#website"},"primaryImageOfPage":{"@id":"https:\/\/batijournal.com\/index.php\/frederic-bredillot-nomme-membre-directoire-de-societe-grand-paris\/95813\/#primaryimage"},"image":{"@id":"https:\/\/batijournal.com\/index.php\/frederic-bredillot-nomme-membre-directoire-de-societe-grand-paris\/95813\/#primaryimage"},"thumbnailUrl":"https:\/\/batijournal.com\/wp-content\/uploads\/2017\/04\/directoire-de-la-Societe-du-Grand-Paris-F-Bredillot.jpg","datePublished":"2017-04-26T05:11:08+00:00","dateModified":"2019-07-15T09:34:06+00:00","author":{"@id":"https:\/\/batijournal.com\/#\/schema\/person\/1dc96ec6957aa1ccb25ebe78bb19f100"},"breadcrumb":{"@id":"https:\/\/batijournal.com\/index.php\/frederic-bredillot-nomme-membre-directoire-de-societe-grand-paris\/95813\/#breadcrumb"},"inLanguage":"fr-FR","potentialAction":[{"@type":"ReadAction","target":["https:\/\/batijournal.com\/index.php\/frederic-bredillot-nomme-membre-directoire-de-societe-grand-paris\/95813\/"]}]},{"@type":"ImageObject","inLanguage":"fr-FR","@id":"https:\/\/batijournal.com\/index.php\/frederic-bredillot-nomme-membre-directoire-de-societe-grand-paris\/95813\/#primaryimage","url":"https:\/\/batijournal.com\/wp-content\/uploads\/2017\/04\/directoire-de-la-Societe-du-Grand-Paris-F-Bredillot.jpg","contentUrl":"https:\/\/batijournal.com\/wp-content\/uploads\/2017\/04\/directoire-de-la-Societe-du-Grand-Paris-F-Bredillot.jpg","width":900,"height":675},{"@type":"BreadcrumbList","@id":"https:\/\/batijournal.com\/index.php\/frederic-bredillot-nomme-membre-directoire-de-societe-grand-paris\/95813\/#breadcrumb","itemListElement":[{"@type":"ListItem","position":1,"name":"Accueil","item":"https:\/\/batijournal.com\/"},{"@type":"ListItem","position":2,"name":"Actualit\u00e9s","item":"https:\/\/batijournal.com\/index.php\/category\/actualites\/"},{"@type":"ListItem","position":3,"name":"Fr\u00e9d\u00e9ric Br\u00e9dillot nomm\u00e9 membre du directoire de la Soci\u00e9t\u00e9 du Grand Paris"}]},{"@type":"WebSite","@id":"https:\/\/batijournal.com\/#website","url":"https:\/\/batijournal.com\/","name":"Batijournal","description":"L&#039;actualit\u00e9 du b\u00e2timent","potentialAction":[{"@type":"SearchAction","target":{"@type":"EntryPoint","urlTemplate":"https:\/\/batijournal.com\/?s={search_term_string}"},"query-input":{"@type":"PropertyValueSpecification","valueRequired":true,"valueName":"search_term_string"}}],"inLanguage":"fr-FR"},{"@type":"Person","@id":"https:\/\/batijournal.com\/#\/schema\/person\/1dc96ec6957aa1ccb25ebe78bb19f100","name":"St\u00e9phane Miget","image":{"@type":"ImageObject","inLanguage":"fr-FR","@id":"https:\/\/secure.gravatar.com\/avatar\/89915563d925342126b8ef0281b93d9d7fc337043e8df017f780908eb9644451?s=96&d=mm&r=g","url":"https:\/\/secure.gravatar.com\/avatar\/89915563d925342126b8ef0281b93d9d7fc337043e8df017f780908eb9644451?s=96&d=mm&r=g","contentUrl":"https:\/\/secure.gravatar.com\/avatar\/89915563d925342126b8ef0281b93d9d7fc337043e8df017f780908eb9644451?s=96&d=mm&r=g","caption":"St\u00e9phane Miget"},"url":"https:\/\/batijournal.com\/index.php\/author\/stephane\/"}]}},"_links":{"self":[{"href":"https:\/\/batijournal.com\/index.php\/wp-json\/wp\/v2\/posts\/95813","targetHints":{"allow":["GET"]}}],"collection":[{"href":"https:\/\/batijournal.com\/index.php\/wp-json\/wp\/v2\/posts"}],"about":[{"href":"https:\/\/batijournal.com\/index.php\/wp-json\/wp\/v2\/types\/post"}],"author":[{"embeddable":true,"href":"https:\/\/batijournal.com\/index.php\/wp-json\/wp\/v2\/users\/17"}],"replies":[{"embeddable":true,"href":"https:\/\/batijournal.com\/index.php\/wp-json\/wp\/v2\/comments?post=95813"}],"version-history":[{"count":0,"href":"https:\/\/batijournal.com\/index.php\/wp-json\/wp\/v2\/posts\/95813\/revisions"}],"wp:featuredmedia":[{"embeddable":true,"href":"https:\/\/batijournal.com\/index.php\/wp-json\/wp\/v2\/media\/95814"}],"wp:attachment":[{"href":"https:\/\/batijournal.com\/index.php\/wp-json\/wp\/v2\/media?parent=95813"}],"wp:term":[{"taxonomy":"category","embeddable":true,"href":"https:\/\/batijournal.com\/index.php\/wp-json\/wp\/v2\/categories?post=95813"},{"taxonomy":"post_tag","embeddable":true,"href":"https:\/\/batijournal.com\/index.php\/wp-json\/wp\/v2\/tags?post=95813"}],"curies":[{"name":"wp","href":"https:\/\/api.w.org\/{rel}","templated":true}]}}