{"id":95835,"date":"2017-04-27T08:47:49","date_gmt":"2017-04-27T06:47:49","guid":{"rendered":"http:\/\/batijournal.com\/?p=95835"},"modified":"2019-07-15T12:13:15","modified_gmt":"2019-07-15T10:13:15","slug":"representativite-patronale-chiffres","status":"publish","type":"post","link":"https:\/\/batijournal.com\/index.php\/representativite-patronale-chiffres\/95835\/","title":{"rendered":"Repr\u00e9sentativit\u00e9 patronale : les chiffres"},"content":{"rendered":"<p>Les r\u00e9sultats de la premi\u00e8re mesure de l&rsquo;audience de la repr\u00e9sentativit\u00e9 patronale viennent d&rsquo;\u00eatre pr\u00e9sent\u00e9s par la Direction G\u00e9n\u00e9rale du Travail. En tenant compte des pond\u00e9rations l\u00e9gales (70\/30), le MEDEF est jug\u00e9e repr\u00e9sentatif \u00e0 58,37 %, la CPME \u00e0 27,89 %, et l&rsquo;U2P \u00e0 13,74%. Au plan national interprofessionnel (industrie, services, commerce, construction), le Medef repr\u00e9sente 71 % des salari\u00e9s des entreprises concern\u00e9es. La CPME repr\u00e9sente plus d&rsquo;un tiers (34,54%) des entreprises fran\u00e7aises adh\u00e9rentes \u00e0 une organisation patronale, et r\u00e9unit plus du quart (25 %) des salari\u00e9s du secteur marchand. L\u2019U2P est l\u2019organisation patronale qui rassemble le plus grand nombre d\u2019entreprises adh\u00e9rentes, quasiment le m\u00eame nombre que la CPME. Elle consid\u00e8re que son poids est sous-\u00e9valu\u00e9 dans la mesure de la repr\u00e9sentativit\u00e9. En ce qui concerne pr\u00e9cis\u00e9ment le secteur du b\u00e2timent, la FFB repr\u00e9sente 79,75 % de l&rsquo;audience des entreprises de plus de 10 salari\u00e9s, la CAPEB repr\u00e9sente 64,5\u00a0% de l&rsquo;audience des entreprises de moins\u00a0de 10 salari\u00e9s.\u00a0Le paysage patronal fran\u00e7ais n&rsquo;est pas boulevers\u00e9 par cette premi\u00e8re mesure de la repr\u00e9sentativit\u00e9 patronale. Le MEDEF, quoiqu&rsquo;\u00e0 la tra\u00eene sur le nombre d&rsquo;entreprises adh\u00e9rentes (29,41%) b\u00e9n\u00e9ficie logiquement du mode de calcul avantageux pour les grandes entreprises et reste majoritaire en nombre de salari\u00e9s. \u00a0Le Medef voit reconnu et confort\u00e9 son r\u00f4le pour le dialogue social. La CPME confirme sa place de 2e organisation patronale fran\u00e7aise. Les r\u00e9sultats publi\u00e9s jouent un r\u00f4le essentiel pour le dialogue social dans les branches et au niveau interprofessionnel.\u00a0La CAPEB d\u00e9plore, avec l\u2019U2P, que la mesure de la repr\u00e9sentativit\u00e9 des organisations patronales ne repose pas uniquement sur le nombre d\u2019entreprises qu\u2019elles repr\u00e9sentent, comme le pr\u00e9voyait la loi du 5 mars 2014, et qu\u2019une pond\u00e9ration trop forte (\u00e0 hauteur de 70 %) du nombre de salari\u00e9s ait \u00e9t\u00e9 impos\u00e9e sous la pression des organisations qui craignaient de perdre leur leadership dans les organismes paritaires.<\/p>\n<div class=\"page\" title=\"Page 8\">\n<div class=\"section\">\n<div class=\"layoutArea\">\n<div class=\"column\">\n<p>&nbsp;<\/p>\n<\/div>\n<\/div>\n<\/div>\n<\/div>\n","protected":false},"excerpt":{"rendered":"<p>Les r\u00e9sultats de la premi\u00e8re mesure de l&rsquo;audience de la repr\u00e9sentativit\u00e9 patronale viennent d&rsquo;\u00eatre pr\u00e9sent\u00e9s par la Direction G\u00e9n\u00e9rale du Travail. En tenant compte des pond\u00e9rations l\u00e9gales (70\/30), le MEDEF est jug\u00e9e repr\u00e9sentatif \u00e0 58,37 %, la CPME \u00e0 27,89 %, et l&rsquo;U2P \u00e0 13,74%. Au plan national interprofessionnel (industrie, services, commerce, construction), le Medef [&hellip;]<\/p>\n","protected":false},"author":17,"featured_media":92851,"comment_status":"closed","ping_status":"closed","sticky":false,"template":"","format":"standard","meta":{"_et_pb_use_builder":"","_et_pb_old_content":"","_et_gb_content_width":"","footnotes":""},"categories":[10736,10530,6345],"tags":[8154,1366],"class_list":["post-95835","post","type-post","status-publish","format-standard","has-post-thumbnail","hentry","category-a-la-une","category-actualites","category-economie-marches","tag-medef","tag-syndicats-professionnels"],"yoast_head":"<!-- This site is optimized with the Yoast SEO plugin v27.4 - https:\/\/yoast.com\/product\/yoast-seo-wordpress\/ -->\n<title>Repr\u00e9sentativit\u00e9 patronale : les chiffres<\/title>\n<meta name=\"robots\" content=\"index, follow, max-snippet:-1, max-image-preview:large, max-video-preview:-1\" \/>\n<link rel=\"canonical\" href=\"https:\/\/batijournal.com\/index.php\/representativite-patronale-chiffres\/95835\/\" \/>\n<meta property=\"og:locale\" content=\"fr_FR\" \/>\n<meta property=\"og:type\" content=\"article\" \/>\n<meta property=\"og:title\" content=\"Repr\u00e9sentativit\u00e9 patronale : les chiffres\" \/>\n<meta property=\"og:description\" content=\"Les r\u00e9sultats de la premi\u00e8re mesure de l&rsquo;audience de la repr\u00e9sentativit\u00e9 patronale viennent d&rsquo;\u00eatre pr\u00e9sent\u00e9s par la Direction G\u00e9n\u00e9rale du Travail. En tenant compte des pond\u00e9rations l\u00e9gales (70\/30), le MEDEF est jug\u00e9e repr\u00e9sentatif \u00e0 58,37 %, la CPME \u00e0 27,89 %, et l&rsquo;U2P \u00e0 13,74%. Au plan national interprofessionnel (industrie, services, commerce, construction), le Medef [&hellip;]\" \/>\n<meta property=\"og:url\" content=\"https:\/\/batijournal.com\/index.php\/representativite-patronale-chiffres\/95835\/\" \/>\n<meta property=\"og:site_name\" content=\"Batijournal\" \/>\n<meta property=\"article:published_time\" content=\"2017-04-27T06:47:49+00:00\" \/>\n<meta property=\"article:modified_time\" content=\"2019-07-15T10:13:15+00:00\" \/>\n<meta property=\"og:image\" content=\"https:\/\/batijournal.com\/wp-content\/uploads\/2016\/05\/chantier-panneau.jpg\" \/>\n\t<meta property=\"og:image:width\" content=\"1000\" \/>\n\t<meta property=\"og:image:height\" content=\"496\" \/>\n\t<meta property=\"og:image:type\" content=\"image\/jpeg\" \/>\n<meta name=\"author\" content=\"St\u00e9phane Miget\" \/>\n<meta name=\"twitter:card\" content=\"summary_large_image\" \/>\n<meta name=\"twitter:creator\" content=\"@bati_journal\" \/>\n<meta name=\"twitter:site\" content=\"@bati_journal\" \/>\n<meta name=\"twitter:label1\" content=\"\u00c9crit par\" \/>\n\t<meta name=\"twitter:data1\" content=\"St\u00e9phane Miget\" \/>\n\t<meta name=\"twitter:label2\" content=\"Dur\u00e9e de lecture estim\u00e9e\" \/>\n\t<meta name=\"twitter:data2\" content=\"2 minutes\" \/>\n<script type=\"application\/ld+json\" class=\"yoast-schema-graph\">{\"@context\":\"https:\\\/\\\/schema.org\",\"@graph\":[{\"@type\":\"Article\",\"@id\":\"https:\\\/\\\/batijournal.com\\\/index.php\\\/representativite-patronale-chiffres\\\/95835\\\/#article\",\"isPartOf\":{\"@id\":\"https:\\\/\\\/batijournal.com\\\/index.php\\\/representativite-patronale-chiffres\\\/95835\\\/\"},\"author\":{\"name\":\"St\u00e9phane Miget\",\"@id\":\"https:\\\/\\\/batijournal.com\\\/#\\\/schema\\\/person\\\/1dc96ec6957aa1ccb25ebe78bb19f100\"},\"headline\":\"Repr\u00e9sentativit\u00e9 patronale : les chiffres\",\"datePublished\":\"2017-04-27T06:47:49+00:00\",\"dateModified\":\"2019-07-15T10:13:15+00:00\",\"mainEntityOfPage\":{\"@id\":\"https:\\\/\\\/batijournal.com\\\/index.php\\\/representativite-patronale-chiffres\\\/95835\\\/\"},\"wordCount\":356,\"image\":{\"@id\":\"https:\\\/\\\/batijournal.com\\\/index.php\\\/representativite-patronale-chiffres\\\/95835\\\/#primaryimage\"},\"thumbnailUrl\":\"https:\\\/\\\/batijournal.com\\\/wp-content\\\/uploads\\\/2016\\\/05\\\/chantier-panneau.jpg\",\"keywords\":[\"medef\",\"syndicats professionnels\"],\"articleSection\":[\"A la Une\",\"Actualit\u00e9s\",\"\u00c9conomie &amp; March\u00e9s\"],\"inLanguage\":\"fr-FR\"},{\"@type\":\"WebPage\",\"@id\":\"https:\\\/\\\/batijournal.com\\\/index.php\\\/representativite-patronale-chiffres\\\/95835\\\/\",\"url\":\"https:\\\/\\\/batijournal.com\\\/index.php\\\/representativite-patronale-chiffres\\\/95835\\\/\",\"name\":\"Repr\u00e9sentativit\u00e9 patronale : les chiffres\",\"isPartOf\":{\"@id\":\"https:\\\/\\\/batijournal.com\\\/#website\"},\"primaryImageOfPage\":{\"@id\":\"https:\\\/\\\/batijournal.com\\\/index.php\\\/representativite-patronale-chiffres\\\/95835\\\/#primaryimage\"},\"image\":{\"@id\":\"https:\\\/\\\/batijournal.com\\\/index.php\\\/representativite-patronale-chiffres\\\/95835\\\/#primaryimage\"},\"thumbnailUrl\":\"https:\\\/\\\/batijournal.com\\\/wp-content\\\/uploads\\\/2016\\\/05\\\/chantier-panneau.jpg\",\"datePublished\":\"2017-04-27T06:47:49+00:00\",\"dateModified\":\"2019-07-15T10:13:15+00:00\",\"author\":{\"@id\":\"https:\\\/\\\/batijournal.com\\\/#\\\/schema\\\/person\\\/1dc96ec6957aa1ccb25ebe78bb19f100\"},\"breadcrumb\":{\"@id\":\"https:\\\/\\\/batijournal.com\\\/index.php\\\/representativite-patronale-chiffres\\\/95835\\\/#breadcrumb\"},\"inLanguage\":\"fr-FR\",\"potentialAction\":[{\"@type\":\"ReadAction\",\"target\":[\"https:\\\/\\\/batijournal.com\\\/index.php\\\/representativite-patronale-chiffres\\\/95835\\\/\"]}]},{\"@type\":\"ImageObject\",\"inLanguage\":\"fr-FR\",\"@id\":\"https:\\\/\\\/batijournal.com\\\/index.php\\\/representativite-patronale-chiffres\\\/95835\\\/#primaryimage\",\"url\":\"https:\\\/\\\/batijournal.com\\\/wp-content\\\/uploads\\\/2016\\\/05\\\/chantier-panneau.jpg\",\"contentUrl\":\"https:\\\/\\\/batijournal.com\\\/wp-content\\\/uploads\\\/2016\\\/05\\\/chantier-panneau.jpg\",\"width\":1000,\"height\":496},{\"@type\":\"BreadcrumbList\",\"@id\":\"https:\\\/\\\/batijournal.com\\\/index.php\\\/representativite-patronale-chiffres\\\/95835\\\/#breadcrumb\",\"itemListElement\":[{\"@type\":\"ListItem\",\"position\":1,\"name\":\"Accueil\",\"item\":\"https:\\\/\\\/batijournal.com\\\/\"},{\"@type\":\"ListItem\",\"position\":2,\"name\":\"Actualit\u00e9s\",\"item\":\"https:\\\/\\\/batijournal.com\\\/index.php\\\/category\\\/actualites\\\/\"},{\"@type\":\"ListItem\",\"position\":3,\"name\":\"Repr\u00e9sentativit\u00e9 patronale : les chiffres\"}]},{\"@type\":\"WebSite\",\"@id\":\"https:\\\/\\\/batijournal.com\\\/#website\",\"url\":\"https:\\\/\\\/batijournal.com\\\/\",\"name\":\"Batijournal\",\"description\":\"L&#039;actualit\u00e9 du b\u00e2timent\",\"potentialAction\":[{\"@type\":\"SearchAction\",\"target\":{\"@type\":\"EntryPoint\",\"urlTemplate\":\"https:\\\/\\\/batijournal.com\\\/?s={search_term_string}\"},\"query-input\":{\"@type\":\"PropertyValueSpecification\",\"valueRequired\":true,\"valueName\":\"search_term_string\"}}],\"inLanguage\":\"fr-FR\"},{\"@type\":\"Person\",\"@id\":\"https:\\\/\\\/batijournal.com\\\/#\\\/schema\\\/person\\\/1dc96ec6957aa1ccb25ebe78bb19f100\",\"name\":\"St\u00e9phane Miget\",\"image\":{\"@type\":\"ImageObject\",\"inLanguage\":\"fr-FR\",\"@id\":\"https:\\\/\\\/secure.gravatar.com\\\/avatar\\\/89915563d925342126b8ef0281b93d9d7fc337043e8df017f780908eb9644451?s=96&d=mm&r=g\",\"url\":\"https:\\\/\\\/secure.gravatar.com\\\/avatar\\\/89915563d925342126b8ef0281b93d9d7fc337043e8df017f780908eb9644451?s=96&d=mm&r=g\",\"contentUrl\":\"https:\\\/\\\/secure.gravatar.com\\\/avatar\\\/89915563d925342126b8ef0281b93d9d7fc337043e8df017f780908eb9644451?s=96&d=mm&r=g\",\"caption\":\"St\u00e9phane Miget\"},\"url\":\"https:\\\/\\\/batijournal.com\\\/index.php\\\/author\\\/stephane\\\/\"}]}<\/script>\n<!-- \/ Yoast SEO plugin. -->","yoast_head_json":{"title":"Repr\u00e9sentativit\u00e9 patronale : les chiffres","robots":{"index":"index","follow":"follow","max-snippet":"max-snippet:-1","max-image-preview":"max-image-preview:large","max-video-preview":"max-video-preview:-1"},"canonical":"https:\/\/batijournal.com\/index.php\/representativite-patronale-chiffres\/95835\/","og_locale":"fr_FR","og_type":"article","og_title":"Repr\u00e9sentativit\u00e9 patronale : les chiffres","og_description":"Les r\u00e9sultats de la premi\u00e8re mesure de l&rsquo;audience de la repr\u00e9sentativit\u00e9 patronale viennent d&rsquo;\u00eatre pr\u00e9sent\u00e9s par la Direction G\u00e9n\u00e9rale du Travail. En tenant compte des pond\u00e9rations l\u00e9gales (70\/30), le MEDEF est jug\u00e9e repr\u00e9sentatif \u00e0 58,37 %, la CPME \u00e0 27,89 %, et l&rsquo;U2P \u00e0 13,74%. Au plan national interprofessionnel (industrie, services, commerce, construction), le Medef [&hellip;]","og_url":"https:\/\/batijournal.com\/index.php\/representativite-patronale-chiffres\/95835\/","og_site_name":"Batijournal","article_published_time":"2017-04-27T06:47:49+00:00","article_modified_time":"2019-07-15T10:13:15+00:00","og_image":[{"width":1000,"height":496,"url":"https:\/\/batijournal.com\/wp-content\/uploads\/2016\/05\/chantier-panneau.jpg","type":"image\/jpeg"}],"author":"St\u00e9phane Miget","twitter_card":"summary_large_image","twitter_creator":"@bati_journal","twitter_site":"@bati_journal","twitter_misc":{"\u00c9crit par":"St\u00e9phane Miget","Dur\u00e9e de lecture estim\u00e9e":"2 minutes"},"schema":{"@context":"https:\/\/schema.org","@graph":[{"@type":"Article","@id":"https:\/\/batijournal.com\/index.php\/representativite-patronale-chiffres\/95835\/#article","isPartOf":{"@id":"https:\/\/batijournal.com\/index.php\/representativite-patronale-chiffres\/95835\/"},"author":{"name":"St\u00e9phane Miget","@id":"https:\/\/batijournal.com\/#\/schema\/person\/1dc96ec6957aa1ccb25ebe78bb19f100"},"headline":"Repr\u00e9sentativit\u00e9 patronale : les chiffres","datePublished":"2017-04-27T06:47:49+00:00","dateModified":"2019-07-15T10:13:15+00:00","mainEntityOfPage":{"@id":"https:\/\/batijournal.com\/index.php\/representativite-patronale-chiffres\/95835\/"},"wordCount":356,"image":{"@id":"https:\/\/batijournal.com\/index.php\/representativite-patronale-chiffres\/95835\/#primaryimage"},"thumbnailUrl":"https:\/\/batijournal.com\/wp-content\/uploads\/2016\/05\/chantier-panneau.jpg","keywords":["medef","syndicats professionnels"],"articleSection":["A la Une","Actualit\u00e9s","\u00c9conomie &amp; March\u00e9s"],"inLanguage":"fr-FR"},{"@type":"WebPage","@id":"https:\/\/batijournal.com\/index.php\/representativite-patronale-chiffres\/95835\/","url":"https:\/\/batijournal.com\/index.php\/representativite-patronale-chiffres\/95835\/","name":"Repr\u00e9sentativit\u00e9 patronale : les chiffres","isPartOf":{"@id":"https:\/\/batijournal.com\/#website"},"primaryImageOfPage":{"@id":"https:\/\/batijournal.com\/index.php\/representativite-patronale-chiffres\/95835\/#primaryimage"},"image":{"@id":"https:\/\/batijournal.com\/index.php\/representativite-patronale-chiffres\/95835\/#primaryimage"},"thumbnailUrl":"https:\/\/batijournal.com\/wp-content\/uploads\/2016\/05\/chantier-panneau.jpg","datePublished":"2017-04-27T06:47:49+00:00","dateModified":"2019-07-15T10:13:15+00:00","author":{"@id":"https:\/\/batijournal.com\/#\/schema\/person\/1dc96ec6957aa1ccb25ebe78bb19f100"},"breadcrumb":{"@id":"https:\/\/batijournal.com\/index.php\/representativite-patronale-chiffres\/95835\/#breadcrumb"},"inLanguage":"fr-FR","potentialAction":[{"@type":"ReadAction","target":["https:\/\/batijournal.com\/index.php\/representativite-patronale-chiffres\/95835\/"]}]},{"@type":"ImageObject","inLanguage":"fr-FR","@id":"https:\/\/batijournal.com\/index.php\/representativite-patronale-chiffres\/95835\/#primaryimage","url":"https:\/\/batijournal.com\/wp-content\/uploads\/2016\/05\/chantier-panneau.jpg","contentUrl":"https:\/\/batijournal.com\/wp-content\/uploads\/2016\/05\/chantier-panneau.jpg","width":1000,"height":496},{"@type":"BreadcrumbList","@id":"https:\/\/batijournal.com\/index.php\/representativite-patronale-chiffres\/95835\/#breadcrumb","itemListElement":[{"@type":"ListItem","position":1,"name":"Accueil","item":"https:\/\/batijournal.com\/"},{"@type":"ListItem","position":2,"name":"Actualit\u00e9s","item":"https:\/\/batijournal.com\/index.php\/category\/actualites\/"},{"@type":"ListItem","position":3,"name":"Repr\u00e9sentativit\u00e9 patronale : les chiffres"}]},{"@type":"WebSite","@id":"https:\/\/batijournal.com\/#website","url":"https:\/\/batijournal.com\/","name":"Batijournal","description":"L&#039;actualit\u00e9 du b\u00e2timent","potentialAction":[{"@type":"SearchAction","target":{"@type":"EntryPoint","urlTemplate":"https:\/\/batijournal.com\/?s={search_term_string}"},"query-input":{"@type":"PropertyValueSpecification","valueRequired":true,"valueName":"search_term_string"}}],"inLanguage":"fr-FR"},{"@type":"Person","@id":"https:\/\/batijournal.com\/#\/schema\/person\/1dc96ec6957aa1ccb25ebe78bb19f100","name":"St\u00e9phane Miget","image":{"@type":"ImageObject","inLanguage":"fr-FR","@id":"https:\/\/secure.gravatar.com\/avatar\/89915563d925342126b8ef0281b93d9d7fc337043e8df017f780908eb9644451?s=96&d=mm&r=g","url":"https:\/\/secure.gravatar.com\/avatar\/89915563d925342126b8ef0281b93d9d7fc337043e8df017f780908eb9644451?s=96&d=mm&r=g","contentUrl":"https:\/\/secure.gravatar.com\/avatar\/89915563d925342126b8ef0281b93d9d7fc337043e8df017f780908eb9644451?s=96&d=mm&r=g","caption":"St\u00e9phane Miget"},"url":"https:\/\/batijournal.com\/index.php\/author\/stephane\/"}]}},"_links":{"self":[{"href":"https:\/\/batijournal.com\/index.php\/wp-json\/wp\/v2\/posts\/95835","targetHints":{"allow":["GET"]}}],"collection":[{"href":"https:\/\/batijournal.com\/index.php\/wp-json\/wp\/v2\/posts"}],"about":[{"href":"https:\/\/batijournal.com\/index.php\/wp-json\/wp\/v2\/types\/post"}],"author":[{"embeddable":true,"href":"https:\/\/batijournal.com\/index.php\/wp-json\/wp\/v2\/users\/17"}],"replies":[{"embeddable":true,"href":"https:\/\/batijournal.com\/index.php\/wp-json\/wp\/v2\/comments?post=95835"}],"version-history":[{"count":0,"href":"https:\/\/batijournal.com\/index.php\/wp-json\/wp\/v2\/posts\/95835\/revisions"}],"wp:featuredmedia":[{"embeddable":true,"href":"https:\/\/batijournal.com\/index.php\/wp-json\/wp\/v2\/media\/92851"}],"wp:attachment":[{"href":"https:\/\/batijournal.com\/index.php\/wp-json\/wp\/v2\/media?parent=95835"}],"wp:term":[{"taxonomy":"category","embeddable":true,"href":"https:\/\/batijournal.com\/index.php\/wp-json\/wp\/v2\/categories?post=95835"},{"taxonomy":"post_tag","embeddable":true,"href":"https:\/\/batijournal.com\/index.php\/wp-json\/wp\/v2\/tags?post=95835"}],"curies":[{"name":"wp","href":"https:\/\/api.w.org\/{rel}","templated":true}]}}