{"id":95869,"date":"2017-05-03T07:30:50","date_gmt":"2017-05-03T05:30:50","guid":{"rendered":"http:\/\/batijournal.com\/?p=95869"},"modified":"2019-07-15T11:15:54","modified_gmt":"2019-07-15T09:15:54","slug":"leonard-de-vinci-botanique-chateau-clos-luce","status":"publish","type":"post","link":"https:\/\/batijournal.com\/index.php\/leonard-de-vinci-botanique-chateau-clos-luce\/95869\/","title":{"rendered":"L\u00e9onard de Vinci et la botanique au Ch\u00e2teau du Clos Luc\u00e9"},"content":{"rendered":"<p>Troisi\u00e8me lieu le plus visit\u00e9 du Val de Loire, le Ch\u00e2teau du Clos Luc\u00e9 \u00e0 Amboise, demeure de L\u00e9onard de Vinci, compte parmi ses atouts un parc de 7 hectares dans lequel le ma\u00eetre puisait son inspiration pour comprendre, cr\u00e9er, innover. A l\u2019occasion de la saison Jardins en Val de Loire, il propose aux visiteurs un parcours didactique sur la botanique et l\u2019importance de la nature pour L\u00e9onard de Vinci. Le projet de \u00ab Livre des Herbes \u00bb du ma\u00eetre n&rsquo;a jamais\u00a0vu le jour, le Ch\u00e2teau du Clos-Luc\u00e9 pr\u00e9sente le premier herbier r\u00e9el et virtuel du G\u00e9nie de la Renaissance. Les Jardins offrent une reconstitution des paysages du ma\u00eetre italien, mais s\u2019int\u00e8grent dans un d\u00e9cor typique du Val de Loire. C\u2019est une rencontre avec la nature qui privil\u00e9gie l\u2019observation et la compr\u00e9hension.<\/p>\n<p><a href=\"http:\/\/www.vinci-closluce.com\" target=\"_blank\" rel=\"noopener noreferrer\">www.vinci-closluce.com<\/a><\/p>\n<p>&nbsp;<\/p>\n<p>Illustrations : \u00e0 gauche, Etude de Lis, Windsor Castle, Royal Library ; \u00e0 droite, Jardin du Clos Luc\u00e9, photo L\u00e9onard de Serres<\/p>\n","protected":false},"excerpt":{"rendered":"<p>Troisi\u00e8me lieu le plus visit\u00e9 du Val de Loire, le Ch\u00e2teau du Clos Luc\u00e9 \u00e0 Amboise, demeure de L\u00e9onard de Vinci, compte parmi ses atouts un parc de 7 hectares dans lequel le ma\u00eetre puisait son inspiration pour comprendre, cr\u00e9er, innover. A l\u2019occasion de la saison Jardins en Val de Loire, il propose aux visiteurs [&hellip;]<\/p>\n","protected":false},"author":17,"featured_media":95870,"comment_status":"closed","ping_status":"closed","sticky":false,"template":"","format":"standard","meta":{"_et_pb_use_builder":"","_et_pb_old_content":"","_et_gb_content_width":"","footnotes":""},"categories":[10530,6340],"tags":[6819,6376],"class_list":["post-95869","post","type-post","status-publish","format-standard","has-post-thumbnail","hentry","category-actualites","category-architecture-conception","tag-jardins","tag-monument-historique"],"yoast_head":"<!-- This site is optimized with the Yoast SEO plugin v27.4 - https:\/\/yoast.com\/product\/yoast-seo-wordpress\/ -->\n<title>L\u00e9onard de Vinci et la botanique au Ch\u00e2teau du Clos Luc\u00e9<\/title>\n<meta name=\"robots\" content=\"index, follow, max-snippet:-1, max-image-preview:large, max-video-preview:-1\" \/>\n<link rel=\"canonical\" href=\"https:\/\/batijournal.com\/index.php\/leonard-de-vinci-botanique-chateau-clos-luce\/95869\/\" \/>\n<meta property=\"og:locale\" content=\"fr_FR\" \/>\n<meta property=\"og:type\" content=\"article\" \/>\n<meta property=\"og:title\" content=\"L\u00e9onard de Vinci et la botanique au Ch\u00e2teau du Clos Luc\u00e9\" \/>\n<meta property=\"og:description\" content=\"Troisi\u00e8me lieu le plus visit\u00e9 du Val de Loire, le Ch\u00e2teau du Clos Luc\u00e9 \u00e0 Amboise, demeure de L\u00e9onard de Vinci, compte parmi ses atouts un parc de 7 hectares dans lequel le ma\u00eetre puisait son inspiration pour comprendre, cr\u00e9er, innover. A l\u2019occasion de la saison Jardins en Val de Loire, il propose aux visiteurs [&hellip;]\" \/>\n<meta property=\"og:url\" content=\"https:\/\/batijournal.com\/index.php\/leonard-de-vinci-botanique-chateau-clos-luce\/95869\/\" \/>\n<meta property=\"og:site_name\" content=\"Batijournal\" \/>\n<meta property=\"article:published_time\" content=\"2017-05-03T05:30:50+00:00\" \/>\n<meta property=\"article:modified_time\" content=\"2019-07-15T09:15:54+00:00\" \/>\n<meta property=\"og:image\" content=\"https:\/\/batijournal.com\/wp-content\/uploads\/2017\/05\/Leonard-de-Vinci-et-la-botanique-au-Chateau-du-Clos-Luce-Amboise.png\" \/>\n\t<meta property=\"og:image:width\" content=\"921\" \/>\n\t<meta property=\"og:image:height\" content=\"452\" \/>\n\t<meta property=\"og:image:type\" content=\"image\/png\" \/>\n<meta name=\"author\" content=\"St\u00e9phane Miget\" \/>\n<meta name=\"twitter:card\" content=\"summary_large_image\" \/>\n<meta name=\"twitter:creator\" content=\"@bati_journal\" \/>\n<meta name=\"twitter:site\" content=\"@bati_journal\" \/>\n<meta name=\"twitter:label1\" content=\"\u00c9crit par\" \/>\n\t<meta name=\"twitter:data1\" content=\"St\u00e9phane Miget\" \/>\n\t<meta name=\"twitter:label2\" content=\"Dur\u00e9e de lecture estim\u00e9e\" \/>\n\t<meta name=\"twitter:data2\" content=\"1 minute\" \/>\n<script type=\"application\/ld+json\" class=\"yoast-schema-graph\">{\"@context\":\"https:\\\/\\\/schema.org\",\"@graph\":[{\"@type\":\"Article\",\"@id\":\"https:\\\/\\\/batijournal.com\\\/index.php\\\/leonard-de-vinci-botanique-chateau-clos-luce\\\/95869\\\/#article\",\"isPartOf\":{\"@id\":\"https:\\\/\\\/batijournal.com\\\/index.php\\\/leonard-de-vinci-botanique-chateau-clos-luce\\\/95869\\\/\"},\"author\":{\"name\":\"St\u00e9phane Miget\",\"@id\":\"https:\\\/\\\/batijournal.com\\\/#\\\/schema\\\/person\\\/1dc96ec6957aa1ccb25ebe78bb19f100\"},\"headline\":\"L\u00e9onard de Vinci et la botanique au Ch\u00e2teau du Clos Luc\u00e9\",\"datePublished\":\"2017-05-03T05:30:50+00:00\",\"dateModified\":\"2019-07-15T09:15:54+00:00\",\"mainEntityOfPage\":{\"@id\":\"https:\\\/\\\/batijournal.com\\\/index.php\\\/leonard-de-vinci-botanique-chateau-clos-luce\\\/95869\\\/\"},\"wordCount\":187,\"image\":{\"@id\":\"https:\\\/\\\/batijournal.com\\\/index.php\\\/leonard-de-vinci-botanique-chateau-clos-luce\\\/95869\\\/#primaryimage\"},\"thumbnailUrl\":\"https:\\\/\\\/batijournal.com\\\/wp-content\\\/uploads\\\/2017\\\/05\\\/Leonard-de-Vinci-et-la-botanique-au-Chateau-du-Clos-Luce-Amboise.png\",\"keywords\":[\"jardins\",\"monument historique\"],\"articleSection\":[\"Actualit\u00e9s\",\"Architecture &amp; Conception\"],\"inLanguage\":\"fr-FR\"},{\"@type\":\"WebPage\",\"@id\":\"https:\\\/\\\/batijournal.com\\\/index.php\\\/leonard-de-vinci-botanique-chateau-clos-luce\\\/95869\\\/\",\"url\":\"https:\\\/\\\/batijournal.com\\\/index.php\\\/leonard-de-vinci-botanique-chateau-clos-luce\\\/95869\\\/\",\"name\":\"L\u00e9onard de Vinci et la botanique au Ch\u00e2teau du Clos Luc\u00e9\",\"isPartOf\":{\"@id\":\"https:\\\/\\\/batijournal.com\\\/#website\"},\"primaryImageOfPage\":{\"@id\":\"https:\\\/\\\/batijournal.com\\\/index.php\\\/leonard-de-vinci-botanique-chateau-clos-luce\\\/95869\\\/#primaryimage\"},\"image\":{\"@id\":\"https:\\\/\\\/batijournal.com\\\/index.php\\\/leonard-de-vinci-botanique-chateau-clos-luce\\\/95869\\\/#primaryimage\"},\"thumbnailUrl\":\"https:\\\/\\\/batijournal.com\\\/wp-content\\\/uploads\\\/2017\\\/05\\\/Leonard-de-Vinci-et-la-botanique-au-Chateau-du-Clos-Luce-Amboise.png\",\"datePublished\":\"2017-05-03T05:30:50+00:00\",\"dateModified\":\"2019-07-15T09:15:54+00:00\",\"author\":{\"@id\":\"https:\\\/\\\/batijournal.com\\\/#\\\/schema\\\/person\\\/1dc96ec6957aa1ccb25ebe78bb19f100\"},\"breadcrumb\":{\"@id\":\"https:\\\/\\\/batijournal.com\\\/index.php\\\/leonard-de-vinci-botanique-chateau-clos-luce\\\/95869\\\/#breadcrumb\"},\"inLanguage\":\"fr-FR\",\"potentialAction\":[{\"@type\":\"ReadAction\",\"target\":[\"https:\\\/\\\/batijournal.com\\\/index.php\\\/leonard-de-vinci-botanique-chateau-clos-luce\\\/95869\\\/\"]}]},{\"@type\":\"ImageObject\",\"inLanguage\":\"fr-FR\",\"@id\":\"https:\\\/\\\/batijournal.com\\\/index.php\\\/leonard-de-vinci-botanique-chateau-clos-luce\\\/95869\\\/#primaryimage\",\"url\":\"https:\\\/\\\/batijournal.com\\\/wp-content\\\/uploads\\\/2017\\\/05\\\/Leonard-de-Vinci-et-la-botanique-au-Chateau-du-Clos-Luce-Amboise.png\",\"contentUrl\":\"https:\\\/\\\/batijournal.com\\\/wp-content\\\/uploads\\\/2017\\\/05\\\/Leonard-de-Vinci-et-la-botanique-au-Chateau-du-Clos-Luce-Amboise.png\",\"width\":921,\"height\":452},{\"@type\":\"BreadcrumbList\",\"@id\":\"https:\\\/\\\/batijournal.com\\\/index.php\\\/leonard-de-vinci-botanique-chateau-clos-luce\\\/95869\\\/#breadcrumb\",\"itemListElement\":[{\"@type\":\"ListItem\",\"position\":1,\"name\":\"Accueil\",\"item\":\"https:\\\/\\\/batijournal.com\\\/\"},{\"@type\":\"ListItem\",\"position\":2,\"name\":\"Actualit\u00e9s\",\"item\":\"https:\\\/\\\/batijournal.com\\\/index.php\\\/category\\\/actualites\\\/\"},{\"@type\":\"ListItem\",\"position\":3,\"name\":\"L\u00e9onard de Vinci et la botanique au Ch\u00e2teau du Clos Luc\u00e9\"}]},{\"@type\":\"WebSite\",\"@id\":\"https:\\\/\\\/batijournal.com\\\/#website\",\"url\":\"https:\\\/\\\/batijournal.com\\\/\",\"name\":\"Batijournal\",\"description\":\"L&#039;actualit\u00e9 du b\u00e2timent\",\"potentialAction\":[{\"@type\":\"SearchAction\",\"target\":{\"@type\":\"EntryPoint\",\"urlTemplate\":\"https:\\\/\\\/batijournal.com\\\/?s={search_term_string}\"},\"query-input\":{\"@type\":\"PropertyValueSpecification\",\"valueRequired\":true,\"valueName\":\"search_term_string\"}}],\"inLanguage\":\"fr-FR\"},{\"@type\":\"Person\",\"@id\":\"https:\\\/\\\/batijournal.com\\\/#\\\/schema\\\/person\\\/1dc96ec6957aa1ccb25ebe78bb19f100\",\"name\":\"St\u00e9phane Miget\",\"image\":{\"@type\":\"ImageObject\",\"inLanguage\":\"fr-FR\",\"@id\":\"https:\\\/\\\/secure.gravatar.com\\\/avatar\\\/89915563d925342126b8ef0281b93d9d7fc337043e8df017f780908eb9644451?s=96&d=mm&r=g\",\"url\":\"https:\\\/\\\/secure.gravatar.com\\\/avatar\\\/89915563d925342126b8ef0281b93d9d7fc337043e8df017f780908eb9644451?s=96&d=mm&r=g\",\"contentUrl\":\"https:\\\/\\\/secure.gravatar.com\\\/avatar\\\/89915563d925342126b8ef0281b93d9d7fc337043e8df017f780908eb9644451?s=96&d=mm&r=g\",\"caption\":\"St\u00e9phane Miget\"},\"url\":\"https:\\\/\\\/batijournal.com\\\/index.php\\\/author\\\/stephane\\\/\"}]}<\/script>\n<!-- \/ Yoast SEO plugin. -->","yoast_head_json":{"title":"L\u00e9onard de Vinci et la botanique au Ch\u00e2teau du Clos Luc\u00e9","robots":{"index":"index","follow":"follow","max-snippet":"max-snippet:-1","max-image-preview":"max-image-preview:large","max-video-preview":"max-video-preview:-1"},"canonical":"https:\/\/batijournal.com\/index.php\/leonard-de-vinci-botanique-chateau-clos-luce\/95869\/","og_locale":"fr_FR","og_type":"article","og_title":"L\u00e9onard de Vinci et la botanique au Ch\u00e2teau du Clos Luc\u00e9","og_description":"Troisi\u00e8me lieu le plus visit\u00e9 du Val de Loire, le Ch\u00e2teau du Clos Luc\u00e9 \u00e0 Amboise, demeure de L\u00e9onard de Vinci, compte parmi ses atouts un parc de 7 hectares dans lequel le ma\u00eetre puisait son inspiration pour comprendre, cr\u00e9er, innover. A l\u2019occasion de la saison Jardins en Val de Loire, il propose aux visiteurs [&hellip;]","og_url":"https:\/\/batijournal.com\/index.php\/leonard-de-vinci-botanique-chateau-clos-luce\/95869\/","og_site_name":"Batijournal","article_published_time":"2017-05-03T05:30:50+00:00","article_modified_time":"2019-07-15T09:15:54+00:00","og_image":[{"width":921,"height":452,"url":"https:\/\/batijournal.com\/wp-content\/uploads\/2017\/05\/Leonard-de-Vinci-et-la-botanique-au-Chateau-du-Clos-Luce-Amboise.png","type":"image\/png"}],"author":"St\u00e9phane Miget","twitter_card":"summary_large_image","twitter_creator":"@bati_journal","twitter_site":"@bati_journal","twitter_misc":{"\u00c9crit par":"St\u00e9phane Miget","Dur\u00e9e de lecture estim\u00e9e":"1 minute"},"schema":{"@context":"https:\/\/schema.org","@graph":[{"@type":"Article","@id":"https:\/\/batijournal.com\/index.php\/leonard-de-vinci-botanique-chateau-clos-luce\/95869\/#article","isPartOf":{"@id":"https:\/\/batijournal.com\/index.php\/leonard-de-vinci-botanique-chateau-clos-luce\/95869\/"},"author":{"name":"St\u00e9phane Miget","@id":"https:\/\/batijournal.com\/#\/schema\/person\/1dc96ec6957aa1ccb25ebe78bb19f100"},"headline":"L\u00e9onard de Vinci et la botanique au Ch\u00e2teau du Clos Luc\u00e9","datePublished":"2017-05-03T05:30:50+00:00","dateModified":"2019-07-15T09:15:54+00:00","mainEntityOfPage":{"@id":"https:\/\/batijournal.com\/index.php\/leonard-de-vinci-botanique-chateau-clos-luce\/95869\/"},"wordCount":187,"image":{"@id":"https:\/\/batijournal.com\/index.php\/leonard-de-vinci-botanique-chateau-clos-luce\/95869\/#primaryimage"},"thumbnailUrl":"https:\/\/batijournal.com\/wp-content\/uploads\/2017\/05\/Leonard-de-Vinci-et-la-botanique-au-Chateau-du-Clos-Luce-Amboise.png","keywords":["jardins","monument historique"],"articleSection":["Actualit\u00e9s","Architecture &amp; Conception"],"inLanguage":"fr-FR"},{"@type":"WebPage","@id":"https:\/\/batijournal.com\/index.php\/leonard-de-vinci-botanique-chateau-clos-luce\/95869\/","url":"https:\/\/batijournal.com\/index.php\/leonard-de-vinci-botanique-chateau-clos-luce\/95869\/","name":"L\u00e9onard de Vinci et la botanique au Ch\u00e2teau du Clos Luc\u00e9","isPartOf":{"@id":"https:\/\/batijournal.com\/#website"},"primaryImageOfPage":{"@id":"https:\/\/batijournal.com\/index.php\/leonard-de-vinci-botanique-chateau-clos-luce\/95869\/#primaryimage"},"image":{"@id":"https:\/\/batijournal.com\/index.php\/leonard-de-vinci-botanique-chateau-clos-luce\/95869\/#primaryimage"},"thumbnailUrl":"https:\/\/batijournal.com\/wp-content\/uploads\/2017\/05\/Leonard-de-Vinci-et-la-botanique-au-Chateau-du-Clos-Luce-Amboise.png","datePublished":"2017-05-03T05:30:50+00:00","dateModified":"2019-07-15T09:15:54+00:00","author":{"@id":"https:\/\/batijournal.com\/#\/schema\/person\/1dc96ec6957aa1ccb25ebe78bb19f100"},"breadcrumb":{"@id":"https:\/\/batijournal.com\/index.php\/leonard-de-vinci-botanique-chateau-clos-luce\/95869\/#breadcrumb"},"inLanguage":"fr-FR","potentialAction":[{"@type":"ReadAction","target":["https:\/\/batijournal.com\/index.php\/leonard-de-vinci-botanique-chateau-clos-luce\/95869\/"]}]},{"@type":"ImageObject","inLanguage":"fr-FR","@id":"https:\/\/batijournal.com\/index.php\/leonard-de-vinci-botanique-chateau-clos-luce\/95869\/#primaryimage","url":"https:\/\/batijournal.com\/wp-content\/uploads\/2017\/05\/Leonard-de-Vinci-et-la-botanique-au-Chateau-du-Clos-Luce-Amboise.png","contentUrl":"https:\/\/batijournal.com\/wp-content\/uploads\/2017\/05\/Leonard-de-Vinci-et-la-botanique-au-Chateau-du-Clos-Luce-Amboise.png","width":921,"height":452},{"@type":"BreadcrumbList","@id":"https:\/\/batijournal.com\/index.php\/leonard-de-vinci-botanique-chateau-clos-luce\/95869\/#breadcrumb","itemListElement":[{"@type":"ListItem","position":1,"name":"Accueil","item":"https:\/\/batijournal.com\/"},{"@type":"ListItem","position":2,"name":"Actualit\u00e9s","item":"https:\/\/batijournal.com\/index.php\/category\/actualites\/"},{"@type":"ListItem","position":3,"name":"L\u00e9onard de Vinci et la botanique au Ch\u00e2teau du Clos Luc\u00e9"}]},{"@type":"WebSite","@id":"https:\/\/batijournal.com\/#website","url":"https:\/\/batijournal.com\/","name":"Batijournal","description":"L&#039;actualit\u00e9 du b\u00e2timent","potentialAction":[{"@type":"SearchAction","target":{"@type":"EntryPoint","urlTemplate":"https:\/\/batijournal.com\/?s={search_term_string}"},"query-input":{"@type":"PropertyValueSpecification","valueRequired":true,"valueName":"search_term_string"}}],"inLanguage":"fr-FR"},{"@type":"Person","@id":"https:\/\/batijournal.com\/#\/schema\/person\/1dc96ec6957aa1ccb25ebe78bb19f100","name":"St\u00e9phane Miget","image":{"@type":"ImageObject","inLanguage":"fr-FR","@id":"https:\/\/secure.gravatar.com\/avatar\/89915563d925342126b8ef0281b93d9d7fc337043e8df017f780908eb9644451?s=96&d=mm&r=g","url":"https:\/\/secure.gravatar.com\/avatar\/89915563d925342126b8ef0281b93d9d7fc337043e8df017f780908eb9644451?s=96&d=mm&r=g","contentUrl":"https:\/\/secure.gravatar.com\/avatar\/89915563d925342126b8ef0281b93d9d7fc337043e8df017f780908eb9644451?s=96&d=mm&r=g","caption":"St\u00e9phane Miget"},"url":"https:\/\/batijournal.com\/index.php\/author\/stephane\/"}]}},"_links":{"self":[{"href":"https:\/\/batijournal.com\/index.php\/wp-json\/wp\/v2\/posts\/95869","targetHints":{"allow":["GET"]}}],"collection":[{"href":"https:\/\/batijournal.com\/index.php\/wp-json\/wp\/v2\/posts"}],"about":[{"href":"https:\/\/batijournal.com\/index.php\/wp-json\/wp\/v2\/types\/post"}],"author":[{"embeddable":true,"href":"https:\/\/batijournal.com\/index.php\/wp-json\/wp\/v2\/users\/17"}],"replies":[{"embeddable":true,"href":"https:\/\/batijournal.com\/index.php\/wp-json\/wp\/v2\/comments?post=95869"}],"version-history":[{"count":0,"href":"https:\/\/batijournal.com\/index.php\/wp-json\/wp\/v2\/posts\/95869\/revisions"}],"wp:featuredmedia":[{"embeddable":true,"href":"https:\/\/batijournal.com\/index.php\/wp-json\/wp\/v2\/media\/95870"}],"wp:attachment":[{"href":"https:\/\/batijournal.com\/index.php\/wp-json\/wp\/v2\/media?parent=95869"}],"wp:term":[{"taxonomy":"category","embeddable":true,"href":"https:\/\/batijournal.com\/index.php\/wp-json\/wp\/v2\/categories?post=95869"},{"taxonomy":"post_tag","embeddable":true,"href":"https:\/\/batijournal.com\/index.php\/wp-json\/wp\/v2\/tags?post=95869"}],"curies":[{"name":"wp","href":"https:\/\/api.w.org\/{rel}","templated":true}]}}