{"id":95928,"date":"2017-05-10T08:02:01","date_gmt":"2017-05-10T06:02:01","guid":{"rendered":"http:\/\/batijournal.com\/?p=95928"},"modified":"2019-07-15T11:15:53","modified_gmt":"2019-07-15T09:15:53","slug":"3eme-edition-sippa-a-arles","status":"publish","type":"post","link":"https:\/\/batijournal.com\/index.php\/3eme-edition-sippa-a-arles\/95928\/","title":{"rendered":"3\u00e8me \u00e9dition du SIPPA \u00e0 Arles"},"content":{"rendered":"<p>Depuis sa cr\u00e9ation en 2007, le\u00a0P\u00f4le Industries Culturelles &amp; Patrimoines \u00e0 Arles se donne pour objectif de regrouper et de faire vivre en r\u00e9seau les acteurs sp\u00e9cialis\u00e9s dans les activit\u00e9s des patrimoines et de la culture. Avec le SIPPA &#8211; Salon international des professionnels des patrimoines, il contribue au d\u00e9veloppement et \u00e0 la valorisation des professionnels de l&rsquo;ensemble des patrimoines en les accompagnant et en les soutenant dans leur projet. Les professionnels ont ainsi l&rsquo;opportunit\u00e9 de pr\u00e9senter, d&rsquo;exposer leurs expertises et leurs savoir-faire \u00e0 l&rsquo;ensemble des donneurs d&rsquo;ordres, des prescripteurs et leurs confr\u00e8res et de d\u00e9couvrir des exp\u00e9riences et des outils innovants au service de la pr\u00e9servation, de la valorisation et de la diffusion des patrimoines. La 3\u00e8me \u00e9dition du SIPPA, aura lieu du 22 au 24 mai 2017.<\/p>\n<p><a href=\"http:\/\/www.sippa.eu\" target=\"_blank\" rel=\"noopener noreferrer\">www.sippa.eu<\/a><\/p>\n<p>&nbsp;<\/p>\n<p>&nbsp;<\/p>\n","protected":false},"excerpt":{"rendered":"<p>Depuis sa cr\u00e9ation en 2007, le\u00a0P\u00f4le Industries Culturelles &amp; Patrimoines \u00e0 Arles se donne pour objectif de regrouper et de faire vivre en r\u00e9seau les acteurs sp\u00e9cialis\u00e9s dans les activit\u00e9s des patrimoines et de la culture. Avec le SIPPA &#8211; Salon international des professionnels des patrimoines, il contribue au d\u00e9veloppement et \u00e0 la valorisation des [&hellip;]<\/p>\n","protected":false},"author":17,"featured_media":91872,"comment_status":"closed","ping_status":"closed","sticky":false,"template":"","format":"standard","meta":{"_et_pb_use_builder":"","_et_pb_old_content":"","_et_gb_content_width":"","footnotes":""},"categories":[10530,6340],"tags":[386,10571],"class_list":["post-95928","post","type-post","status-publish","format-standard","has-post-thumbnail","hentry","category-actualites","category-architecture-conception","tag-salon","tag-sippa"],"yoast_head":"<!-- This site is optimized with the Yoast SEO plugin v27.4 - https:\/\/yoast.com\/product\/yoast-seo-wordpress\/ -->\n<title>3\u00e8me \u00e9dition du SIPPA \u00e0 Arles<\/title>\n<meta name=\"robots\" content=\"index, follow, max-snippet:-1, max-image-preview:large, max-video-preview:-1\" \/>\n<link rel=\"canonical\" href=\"https:\/\/batijournal.com\/index.php\/3eme-edition-sippa-a-arles\/95928\/\" \/>\n<meta property=\"og:locale\" content=\"fr_FR\" \/>\n<meta property=\"og:type\" content=\"article\" \/>\n<meta property=\"og:title\" content=\"3\u00e8me \u00e9dition du SIPPA \u00e0 Arles\" \/>\n<meta property=\"og:description\" content=\"Depuis sa cr\u00e9ation en 2007, le\u00a0P\u00f4le Industries Culturelles &amp; Patrimoines \u00e0 Arles se donne pour objectif de regrouper et de faire vivre en r\u00e9seau les acteurs sp\u00e9cialis\u00e9s dans les activit\u00e9s des patrimoines et de la culture. Avec le SIPPA &#8211; Salon international des professionnels des patrimoines, il contribue au d\u00e9veloppement et \u00e0 la valorisation des [&hellip;]\" \/>\n<meta property=\"og:url\" content=\"https:\/\/batijournal.com\/index.php\/3eme-edition-sippa-a-arles\/95928\/\" \/>\n<meta property=\"og:site_name\" content=\"Batijournal\" \/>\n<meta property=\"article:published_time\" content=\"2017-05-10T06:02:01+00:00\" \/>\n<meta property=\"article:modified_time\" content=\"2019-07-15T09:15:53+00:00\" \/>\n<meta property=\"og:image\" content=\"https:\/\/batijournal.com\/wp-content\/uploads\/2016\/03\/SIPPA-Arles.jpg\" \/>\n\t<meta property=\"og:image:width\" content=\"2067\" \/>\n\t<meta property=\"og:image:height\" content=\"1122\" \/>\n\t<meta property=\"og:image:type\" content=\"image\/jpeg\" \/>\n<meta name=\"author\" content=\"St\u00e9phane Miget\" \/>\n<meta name=\"twitter:card\" content=\"summary_large_image\" \/>\n<meta name=\"twitter:creator\" content=\"@bati_journal\" \/>\n<meta name=\"twitter:site\" content=\"@bati_journal\" \/>\n<meta name=\"twitter:label1\" content=\"\u00c9crit par\" \/>\n\t<meta name=\"twitter:data1\" content=\"St\u00e9phane Miget\" \/>\n\t<meta name=\"twitter:label2\" content=\"Dur\u00e9e de lecture estim\u00e9e\" \/>\n\t<meta name=\"twitter:data2\" content=\"1 minute\" \/>\n<script type=\"application\/ld+json\" class=\"yoast-schema-graph\">{\"@context\":\"https:\\\/\\\/schema.org\",\"@graph\":[{\"@type\":\"Article\",\"@id\":\"https:\\\/\\\/batijournal.com\\\/index.php\\\/3eme-edition-sippa-a-arles\\\/95928\\\/#article\",\"isPartOf\":{\"@id\":\"https:\\\/\\\/batijournal.com\\\/index.php\\\/3eme-edition-sippa-a-arles\\\/95928\\\/\"},\"author\":{\"name\":\"St\u00e9phane Miget\",\"@id\":\"https:\\\/\\\/batijournal.com\\\/#\\\/schema\\\/person\\\/1dc96ec6957aa1ccb25ebe78bb19f100\"},\"headline\":\"3\u00e8me \u00e9dition du SIPPA \u00e0 Arles\",\"datePublished\":\"2017-05-10T06:02:01+00:00\",\"dateModified\":\"2019-07-15T09:15:53+00:00\",\"mainEntityOfPage\":{\"@id\":\"https:\\\/\\\/batijournal.com\\\/index.php\\\/3eme-edition-sippa-a-arles\\\/95928\\\/\"},\"wordCount\":150,\"image\":{\"@id\":\"https:\\\/\\\/batijournal.com\\\/index.php\\\/3eme-edition-sippa-a-arles\\\/95928\\\/#primaryimage\"},\"thumbnailUrl\":\"https:\\\/\\\/batijournal.com\\\/wp-content\\\/uploads\\\/2016\\\/03\\\/SIPPA-Arles.jpg\",\"keywords\":[\"salon\",\"SIPPA\"],\"articleSection\":[\"Actualit\u00e9s\",\"Architecture &amp; Conception\"],\"inLanguage\":\"fr-FR\"},{\"@type\":\"WebPage\",\"@id\":\"https:\\\/\\\/batijournal.com\\\/index.php\\\/3eme-edition-sippa-a-arles\\\/95928\\\/\",\"url\":\"https:\\\/\\\/batijournal.com\\\/index.php\\\/3eme-edition-sippa-a-arles\\\/95928\\\/\",\"name\":\"3\u00e8me \u00e9dition du SIPPA \u00e0 Arles\",\"isPartOf\":{\"@id\":\"https:\\\/\\\/batijournal.com\\\/#website\"},\"primaryImageOfPage\":{\"@id\":\"https:\\\/\\\/batijournal.com\\\/index.php\\\/3eme-edition-sippa-a-arles\\\/95928\\\/#primaryimage\"},\"image\":{\"@id\":\"https:\\\/\\\/batijournal.com\\\/index.php\\\/3eme-edition-sippa-a-arles\\\/95928\\\/#primaryimage\"},\"thumbnailUrl\":\"https:\\\/\\\/batijournal.com\\\/wp-content\\\/uploads\\\/2016\\\/03\\\/SIPPA-Arles.jpg\",\"datePublished\":\"2017-05-10T06:02:01+00:00\",\"dateModified\":\"2019-07-15T09:15:53+00:00\",\"author\":{\"@id\":\"https:\\\/\\\/batijournal.com\\\/#\\\/schema\\\/person\\\/1dc96ec6957aa1ccb25ebe78bb19f100\"},\"breadcrumb\":{\"@id\":\"https:\\\/\\\/batijournal.com\\\/index.php\\\/3eme-edition-sippa-a-arles\\\/95928\\\/#breadcrumb\"},\"inLanguage\":\"fr-FR\",\"potentialAction\":[{\"@type\":\"ReadAction\",\"target\":[\"https:\\\/\\\/batijournal.com\\\/index.php\\\/3eme-edition-sippa-a-arles\\\/95928\\\/\"]}]},{\"@type\":\"ImageObject\",\"inLanguage\":\"fr-FR\",\"@id\":\"https:\\\/\\\/batijournal.com\\\/index.php\\\/3eme-edition-sippa-a-arles\\\/95928\\\/#primaryimage\",\"url\":\"https:\\\/\\\/batijournal.com\\\/wp-content\\\/uploads\\\/2016\\\/03\\\/SIPPA-Arles.jpg\",\"contentUrl\":\"https:\\\/\\\/batijournal.com\\\/wp-content\\\/uploads\\\/2016\\\/03\\\/SIPPA-Arles.jpg\",\"width\":2067,\"height\":1122},{\"@type\":\"BreadcrumbList\",\"@id\":\"https:\\\/\\\/batijournal.com\\\/index.php\\\/3eme-edition-sippa-a-arles\\\/95928\\\/#breadcrumb\",\"itemListElement\":[{\"@type\":\"ListItem\",\"position\":1,\"name\":\"Accueil\",\"item\":\"https:\\\/\\\/batijournal.com\\\/\"},{\"@type\":\"ListItem\",\"position\":2,\"name\":\"Actualit\u00e9s\",\"item\":\"https:\\\/\\\/batijournal.com\\\/index.php\\\/category\\\/actualites\\\/\"},{\"@type\":\"ListItem\",\"position\":3,\"name\":\"3\u00e8me \u00e9dition du SIPPA \u00e0 Arles\"}]},{\"@type\":\"WebSite\",\"@id\":\"https:\\\/\\\/batijournal.com\\\/#website\",\"url\":\"https:\\\/\\\/batijournal.com\\\/\",\"name\":\"Batijournal\",\"description\":\"L&#039;actualit\u00e9 du b\u00e2timent\",\"potentialAction\":[{\"@type\":\"SearchAction\",\"target\":{\"@type\":\"EntryPoint\",\"urlTemplate\":\"https:\\\/\\\/batijournal.com\\\/?s={search_term_string}\"},\"query-input\":{\"@type\":\"PropertyValueSpecification\",\"valueRequired\":true,\"valueName\":\"search_term_string\"}}],\"inLanguage\":\"fr-FR\"},{\"@type\":\"Person\",\"@id\":\"https:\\\/\\\/batijournal.com\\\/#\\\/schema\\\/person\\\/1dc96ec6957aa1ccb25ebe78bb19f100\",\"name\":\"St\u00e9phane Miget\",\"image\":{\"@type\":\"ImageObject\",\"inLanguage\":\"fr-FR\",\"@id\":\"https:\\\/\\\/secure.gravatar.com\\\/avatar\\\/89915563d925342126b8ef0281b93d9d7fc337043e8df017f780908eb9644451?s=96&d=mm&r=g\",\"url\":\"https:\\\/\\\/secure.gravatar.com\\\/avatar\\\/89915563d925342126b8ef0281b93d9d7fc337043e8df017f780908eb9644451?s=96&d=mm&r=g\",\"contentUrl\":\"https:\\\/\\\/secure.gravatar.com\\\/avatar\\\/89915563d925342126b8ef0281b93d9d7fc337043e8df017f780908eb9644451?s=96&d=mm&r=g\",\"caption\":\"St\u00e9phane Miget\"},\"url\":\"https:\\\/\\\/batijournal.com\\\/index.php\\\/author\\\/stephane\\\/\"}]}<\/script>\n<!-- \/ Yoast SEO plugin. -->","yoast_head_json":{"title":"3\u00e8me \u00e9dition du SIPPA \u00e0 Arles","robots":{"index":"index","follow":"follow","max-snippet":"max-snippet:-1","max-image-preview":"max-image-preview:large","max-video-preview":"max-video-preview:-1"},"canonical":"https:\/\/batijournal.com\/index.php\/3eme-edition-sippa-a-arles\/95928\/","og_locale":"fr_FR","og_type":"article","og_title":"3\u00e8me \u00e9dition du SIPPA \u00e0 Arles","og_description":"Depuis sa cr\u00e9ation en 2007, le\u00a0P\u00f4le Industries Culturelles &amp; Patrimoines \u00e0 Arles se donne pour objectif de regrouper et de faire vivre en r\u00e9seau les acteurs sp\u00e9cialis\u00e9s dans les activit\u00e9s des patrimoines et de la culture. Avec le SIPPA &#8211; Salon international des professionnels des patrimoines, il contribue au d\u00e9veloppement et \u00e0 la valorisation des [&hellip;]","og_url":"https:\/\/batijournal.com\/index.php\/3eme-edition-sippa-a-arles\/95928\/","og_site_name":"Batijournal","article_published_time":"2017-05-10T06:02:01+00:00","article_modified_time":"2019-07-15T09:15:53+00:00","og_image":[{"width":2067,"height":1122,"url":"https:\/\/batijournal.com\/wp-content\/uploads\/2016\/03\/SIPPA-Arles.jpg","type":"image\/jpeg"}],"author":"St\u00e9phane Miget","twitter_card":"summary_large_image","twitter_creator":"@bati_journal","twitter_site":"@bati_journal","twitter_misc":{"\u00c9crit par":"St\u00e9phane Miget","Dur\u00e9e de lecture estim\u00e9e":"1 minute"},"schema":{"@context":"https:\/\/schema.org","@graph":[{"@type":"Article","@id":"https:\/\/batijournal.com\/index.php\/3eme-edition-sippa-a-arles\/95928\/#article","isPartOf":{"@id":"https:\/\/batijournal.com\/index.php\/3eme-edition-sippa-a-arles\/95928\/"},"author":{"name":"St\u00e9phane Miget","@id":"https:\/\/batijournal.com\/#\/schema\/person\/1dc96ec6957aa1ccb25ebe78bb19f100"},"headline":"3\u00e8me \u00e9dition du SIPPA \u00e0 Arles","datePublished":"2017-05-10T06:02:01+00:00","dateModified":"2019-07-15T09:15:53+00:00","mainEntityOfPage":{"@id":"https:\/\/batijournal.com\/index.php\/3eme-edition-sippa-a-arles\/95928\/"},"wordCount":150,"image":{"@id":"https:\/\/batijournal.com\/index.php\/3eme-edition-sippa-a-arles\/95928\/#primaryimage"},"thumbnailUrl":"https:\/\/batijournal.com\/wp-content\/uploads\/2016\/03\/SIPPA-Arles.jpg","keywords":["salon","SIPPA"],"articleSection":["Actualit\u00e9s","Architecture &amp; Conception"],"inLanguage":"fr-FR"},{"@type":"WebPage","@id":"https:\/\/batijournal.com\/index.php\/3eme-edition-sippa-a-arles\/95928\/","url":"https:\/\/batijournal.com\/index.php\/3eme-edition-sippa-a-arles\/95928\/","name":"3\u00e8me \u00e9dition du SIPPA \u00e0 Arles","isPartOf":{"@id":"https:\/\/batijournal.com\/#website"},"primaryImageOfPage":{"@id":"https:\/\/batijournal.com\/index.php\/3eme-edition-sippa-a-arles\/95928\/#primaryimage"},"image":{"@id":"https:\/\/batijournal.com\/index.php\/3eme-edition-sippa-a-arles\/95928\/#primaryimage"},"thumbnailUrl":"https:\/\/batijournal.com\/wp-content\/uploads\/2016\/03\/SIPPA-Arles.jpg","datePublished":"2017-05-10T06:02:01+00:00","dateModified":"2019-07-15T09:15:53+00:00","author":{"@id":"https:\/\/batijournal.com\/#\/schema\/person\/1dc96ec6957aa1ccb25ebe78bb19f100"},"breadcrumb":{"@id":"https:\/\/batijournal.com\/index.php\/3eme-edition-sippa-a-arles\/95928\/#breadcrumb"},"inLanguage":"fr-FR","potentialAction":[{"@type":"ReadAction","target":["https:\/\/batijournal.com\/index.php\/3eme-edition-sippa-a-arles\/95928\/"]}]},{"@type":"ImageObject","inLanguage":"fr-FR","@id":"https:\/\/batijournal.com\/index.php\/3eme-edition-sippa-a-arles\/95928\/#primaryimage","url":"https:\/\/batijournal.com\/wp-content\/uploads\/2016\/03\/SIPPA-Arles.jpg","contentUrl":"https:\/\/batijournal.com\/wp-content\/uploads\/2016\/03\/SIPPA-Arles.jpg","width":2067,"height":1122},{"@type":"BreadcrumbList","@id":"https:\/\/batijournal.com\/index.php\/3eme-edition-sippa-a-arles\/95928\/#breadcrumb","itemListElement":[{"@type":"ListItem","position":1,"name":"Accueil","item":"https:\/\/batijournal.com\/"},{"@type":"ListItem","position":2,"name":"Actualit\u00e9s","item":"https:\/\/batijournal.com\/index.php\/category\/actualites\/"},{"@type":"ListItem","position":3,"name":"3\u00e8me \u00e9dition du SIPPA \u00e0 Arles"}]},{"@type":"WebSite","@id":"https:\/\/batijournal.com\/#website","url":"https:\/\/batijournal.com\/","name":"Batijournal","description":"L&#039;actualit\u00e9 du b\u00e2timent","potentialAction":[{"@type":"SearchAction","target":{"@type":"EntryPoint","urlTemplate":"https:\/\/batijournal.com\/?s={search_term_string}"},"query-input":{"@type":"PropertyValueSpecification","valueRequired":true,"valueName":"search_term_string"}}],"inLanguage":"fr-FR"},{"@type":"Person","@id":"https:\/\/batijournal.com\/#\/schema\/person\/1dc96ec6957aa1ccb25ebe78bb19f100","name":"St\u00e9phane Miget","image":{"@type":"ImageObject","inLanguage":"fr-FR","@id":"https:\/\/secure.gravatar.com\/avatar\/89915563d925342126b8ef0281b93d9d7fc337043e8df017f780908eb9644451?s=96&d=mm&r=g","url":"https:\/\/secure.gravatar.com\/avatar\/89915563d925342126b8ef0281b93d9d7fc337043e8df017f780908eb9644451?s=96&d=mm&r=g","contentUrl":"https:\/\/secure.gravatar.com\/avatar\/89915563d925342126b8ef0281b93d9d7fc337043e8df017f780908eb9644451?s=96&d=mm&r=g","caption":"St\u00e9phane Miget"},"url":"https:\/\/batijournal.com\/index.php\/author\/stephane\/"}]}},"_links":{"self":[{"href":"https:\/\/batijournal.com\/index.php\/wp-json\/wp\/v2\/posts\/95928","targetHints":{"allow":["GET"]}}],"collection":[{"href":"https:\/\/batijournal.com\/index.php\/wp-json\/wp\/v2\/posts"}],"about":[{"href":"https:\/\/batijournal.com\/index.php\/wp-json\/wp\/v2\/types\/post"}],"author":[{"embeddable":true,"href":"https:\/\/batijournal.com\/index.php\/wp-json\/wp\/v2\/users\/17"}],"replies":[{"embeddable":true,"href":"https:\/\/batijournal.com\/index.php\/wp-json\/wp\/v2\/comments?post=95928"}],"version-history":[{"count":0,"href":"https:\/\/batijournal.com\/index.php\/wp-json\/wp\/v2\/posts\/95928\/revisions"}],"wp:featuredmedia":[{"embeddable":true,"href":"https:\/\/batijournal.com\/index.php\/wp-json\/wp\/v2\/media\/91872"}],"wp:attachment":[{"href":"https:\/\/batijournal.com\/index.php\/wp-json\/wp\/v2\/media?parent=95928"}],"wp:term":[{"taxonomy":"category","embeddable":true,"href":"https:\/\/batijournal.com\/index.php\/wp-json\/wp\/v2\/categories?post=95928"},{"taxonomy":"post_tag","embeddable":true,"href":"https:\/\/batijournal.com\/index.php\/wp-json\/wp\/v2\/tags?post=95928"}],"curies":[{"name":"wp","href":"https:\/\/api.w.org\/{rel}","templated":true}]}}