{"id":95958,"date":"2017-05-15T17:09:42","date_gmt":"2017-05-15T15:09:42","guid":{"rendered":"http:\/\/batijournal.com\/?p=95958"},"modified":"2017-05-15T17:45:48","modified_gmt":"2017-05-15T15:45:48","slug":"edouard-philippe-nouveau-premier-ministre-batisseur","status":"publish","type":"post","link":"https:\/\/batijournal.com\/index.php\/edouard-philippe-nouveau-premier-ministre-batisseur\/95958\/","title":{"rendered":"Edouard PHILIPPE, un nouveau premier ministre b\u00e2tisseur"},"content":{"rendered":"<p><strong>Le nouveau premier ministre Edouard PHILIPPE est dipl\u00f4m\u00e9 de l\u2019Institut d\u2019Etudes Politiques de Paris et ancien \u00e9l\u00e8ve de l\u2019ENA. Il est membre du Conseil d\u2019Etat. Il a \u00e9t\u00e9 Directeur G\u00e9n\u00e9ral de l\u2019UMP de 2002 \u00e0 2004, puis avocat en droit public dans un cabinet franco-am\u00e9ricain et enfin Directeur des Affaires Publiques d\u2019Areva de 2007 \u00e0 2010. Adjoint au maire du Havre de 2001 \u00e0 2010, charg\u00e9 de l\u2019urbanisme, il a \u00e9t\u00e9 \u00e9lu Maire du Havre en octobre 2010, et r\u00e9\u00e9lu au premier tour en mars 2014. Il est \u00e9galement D\u00e9put\u00e9 de la 7e circonscription de la Seine-Maritime depuis juin 2012 et Pr\u00e9sident de la Communaut\u00e9 d\u2019Agglom\u00e9ration Havraise.<\/strong><\/p>\n<p>Edouard PHILIPPE a engag\u00e9 la ville du Havre dans une d\u00e9marche de d\u00e9veloppement durable pour permettre de conjuguer d\u00e9veloppement \u00e9conomique, bien-\u00eatre des habitants, pr\u00e9servation des ressources et de l&rsquo;environnement. Engag\u00e9e dans le d\u00e9fi du changement climatique, la Ville du Havre a r\u00e9pondu en novembre 2015 \u00e0 la proposition de l\u2019Envoy\u00e9 sp\u00e9cial des Nations Unies pour les villes et le changement climatique, Micka\u00ebl Bloomberg, de rejoindre le \u00ab Compact of Mayors \/ Pacte des maires \u00bb. Elle se veut exemplaire dans son fonctionnement et poursuit le suivi annuel des \u00e9missions de gaz \u00e0 effet de serre (GES) issues de ses propres consommations d\u2019\u00e9nergie.<\/p>\n<p>Le Havre, en partenariat avec l\u2019\u00c8tablissement Publique Foncier et la R\u00e9gion Normandie, a engag\u00e9 les travaux de d\u00e9molition et d\u00e9pollution des friches industrielles depuis 2014. La requalification du secteur Dumont d\u2019Urville qui se traduira par la r\u00e9alisation d\u2019un quartier urbain diversifi\u00e9, m\u00ealant habitat, bureaux et espaces publics de qualit\u00e9, avec des rues moins \u00e9troites et des espaces verts plus nombreux, ainsi que des terrasses et des toits v\u00e9g\u00e9talis\u00e9s.<\/p>\n<p>Edouard PHILIPPE, et son pr\u00e9d\u00e9cesseur Antoine RUFENACHT ont engag\u00e9 une profonde transformation de la ville. L\u2019implantation de nouveaux \u00e9quipements comme le centre commercial des Docks Vauban (2009), la salle de spectacle Docks Oc\u00e9ane (4 400 places), le centre commercial Coty, de nouvelles gares, l&rsquo;ouverture en 2013 d&rsquo;une Salle de Musiques Actuelles (SMAC), un nouveau Stade \u00e0 \u00e9nergie positive de 25 000 places assises (2012), une biblioth\u00e8que de nouvelle g\u00e9n\u00e9ration inaugur\u00e9e en 2015 \u00e0 l&rsquo;occasion de la requalification de l&rsquo;Espace Niemeyer, un Centre des Congr\u00e8s inaugur\u00e9 en 2016, ont renforc\u00e9 l\u2019attractivit\u00e9 de la ville, en Normandie et en France. Ce nouveau souffle s\u2019est \u00e9galement traduit par l\u2019implantation de nouvelles entreprises, la concr\u00e9tisation de Port 2000, et la recherche constante d\u2019am\u00e9lioration de la qualit\u00e9 de vie pour tous les Havrais.<\/p>\n<p>&nbsp;<\/p>\n<p>Photo :\u00a0Vassil, via Wikimedia Commons<\/p>\n","protected":false},"excerpt":{"rendered":"<p>Le nouveau premier ministre Edouard PHILIPPE est dipl\u00f4m\u00e9 de l\u2019Institut d\u2019Etudes Politiques de Paris et ancien \u00e9l\u00e8ve de l\u2019ENA. Il est membre du Conseil d\u2019Etat. Il a \u00e9t\u00e9 Directeur G\u00e9n\u00e9ral de l\u2019UMP de 2002 \u00e0 2004, puis avocat en droit public dans un cabinet franco-am\u00e9ricain et enfin Directeur des Affaires Publiques d\u2019Areva de 2007 \u00e0 [&hellip;]<\/p>\n","protected":false},"author":17,"featured_media":95959,"comment_status":"closed","ping_status":"closed","sticky":false,"template":"","format":"standard","meta":{"_et_pb_use_builder":"","_et_pb_old_content":"","_et_gb_content_width":"","footnotes":""},"categories":[10736,10530,6345],"tags":[],"class_list":["post-95958","post","type-post","status-publish","format-standard","has-post-thumbnail","hentry","category-a-la-une","category-actualites","category-economie-marches"],"yoast_head":"<!-- This site is optimized with the Yoast SEO plugin v27.4 - https:\/\/yoast.com\/product\/yoast-seo-wordpress\/ -->\n<title>Edouard PHILIPPE, un nouveau premier ministre b\u00e2tisseur<\/title>\n<meta name=\"robots\" content=\"index, follow, max-snippet:-1, max-image-preview:large, max-video-preview:-1\" \/>\n<link rel=\"canonical\" href=\"https:\/\/batijournal.com\/index.php\/edouard-philippe-nouveau-premier-ministre-batisseur\/95958\/\" \/>\n<meta property=\"og:locale\" content=\"fr_FR\" \/>\n<meta property=\"og:type\" content=\"article\" \/>\n<meta property=\"og:title\" content=\"Edouard PHILIPPE, un nouveau premier ministre b\u00e2tisseur\" \/>\n<meta property=\"og:description\" content=\"Le nouveau premier ministre Edouard PHILIPPE est dipl\u00f4m\u00e9 de l\u2019Institut d\u2019Etudes Politiques de Paris et ancien \u00e9l\u00e8ve de l\u2019ENA. Il est membre du Conseil d\u2019Etat. Il a \u00e9t\u00e9 Directeur G\u00e9n\u00e9ral de l\u2019UMP de 2002 \u00e0 2004, puis avocat en droit public dans un cabinet franco-am\u00e9ricain et enfin Directeur des Affaires Publiques d\u2019Areva de 2007 \u00e0 [&hellip;]\" \/>\n<meta property=\"og:url\" content=\"https:\/\/batijournal.com\/index.php\/edouard-philippe-nouveau-premier-ministre-batisseur\/95958\/\" \/>\n<meta property=\"og:site_name\" content=\"Batijournal\" \/>\n<meta property=\"article:published_time\" content=\"2017-05-15T15:09:42+00:00\" \/>\n<meta property=\"article:modified_time\" content=\"2017-05-15T15:45:48+00:00\" \/>\n<meta property=\"og:image\" content=\"https:\/\/batijournal.com\/wp-content\/uploads\/2017\/05\/Le_Havre_le-volcan.jpg\" \/>\n\t<meta property=\"og:image:width\" content=\"1000\" \/>\n\t<meta property=\"og:image:height\" content=\"569\" \/>\n\t<meta property=\"og:image:type\" content=\"image\/jpeg\" \/>\n<meta name=\"author\" content=\"St\u00e9phane Miget\" \/>\n<meta name=\"twitter:card\" content=\"summary_large_image\" \/>\n<meta name=\"twitter:creator\" content=\"@bati_journal\" \/>\n<meta name=\"twitter:site\" content=\"@bati_journal\" \/>\n<meta name=\"twitter:label1\" content=\"\u00c9crit par\" \/>\n\t<meta name=\"twitter:data1\" content=\"St\u00e9phane Miget\" \/>\n\t<meta name=\"twitter:label2\" content=\"Dur\u00e9e de lecture estim\u00e9e\" \/>\n\t<meta name=\"twitter:data2\" content=\"2 minutes\" \/>\n<script type=\"application\/ld+json\" class=\"yoast-schema-graph\">{\"@context\":\"https:\\\/\\\/schema.org\",\"@graph\":[{\"@type\":\"Article\",\"@id\":\"https:\\\/\\\/batijournal.com\\\/index.php\\\/edouard-philippe-nouveau-premier-ministre-batisseur\\\/95958\\\/#article\",\"isPartOf\":{\"@id\":\"https:\\\/\\\/batijournal.com\\\/index.php\\\/edouard-philippe-nouveau-premier-ministre-batisseur\\\/95958\\\/\"},\"author\":{\"name\":\"St\u00e9phane Miget\",\"@id\":\"https:\\\/\\\/batijournal.com\\\/#\\\/schema\\\/person\\\/1dc96ec6957aa1ccb25ebe78bb19f100\"},\"headline\":\"Edouard PHILIPPE, un nouveau premier ministre b\u00e2tisseur\",\"datePublished\":\"2017-05-15T15:09:42+00:00\",\"dateModified\":\"2017-05-15T15:45:48+00:00\",\"mainEntityOfPage\":{\"@id\":\"https:\\\/\\\/batijournal.com\\\/index.php\\\/edouard-philippe-nouveau-premier-ministre-batisseur\\\/95958\\\/\"},\"wordCount\":448,\"image\":{\"@id\":\"https:\\\/\\\/batijournal.com\\\/index.php\\\/edouard-philippe-nouveau-premier-ministre-batisseur\\\/95958\\\/#primaryimage\"},\"thumbnailUrl\":\"https:\\\/\\\/batijournal.com\\\/wp-content\\\/uploads\\\/2017\\\/05\\\/Le_Havre_le-volcan.jpg\",\"articleSection\":[\"A la Une\",\"Actualit\u00e9s\",\"\u00c9conomie &amp; March\u00e9s\"],\"inLanguage\":\"fr-FR\"},{\"@type\":\"WebPage\",\"@id\":\"https:\\\/\\\/batijournal.com\\\/index.php\\\/edouard-philippe-nouveau-premier-ministre-batisseur\\\/95958\\\/\",\"url\":\"https:\\\/\\\/batijournal.com\\\/index.php\\\/edouard-philippe-nouveau-premier-ministre-batisseur\\\/95958\\\/\",\"name\":\"Edouard PHILIPPE, un nouveau premier ministre b\u00e2tisseur\",\"isPartOf\":{\"@id\":\"https:\\\/\\\/batijournal.com\\\/#website\"},\"primaryImageOfPage\":{\"@id\":\"https:\\\/\\\/batijournal.com\\\/index.php\\\/edouard-philippe-nouveau-premier-ministre-batisseur\\\/95958\\\/#primaryimage\"},\"image\":{\"@id\":\"https:\\\/\\\/batijournal.com\\\/index.php\\\/edouard-philippe-nouveau-premier-ministre-batisseur\\\/95958\\\/#primaryimage\"},\"thumbnailUrl\":\"https:\\\/\\\/batijournal.com\\\/wp-content\\\/uploads\\\/2017\\\/05\\\/Le_Havre_le-volcan.jpg\",\"datePublished\":\"2017-05-15T15:09:42+00:00\",\"dateModified\":\"2017-05-15T15:45:48+00:00\",\"author\":{\"@id\":\"https:\\\/\\\/batijournal.com\\\/#\\\/schema\\\/person\\\/1dc96ec6957aa1ccb25ebe78bb19f100\"},\"breadcrumb\":{\"@id\":\"https:\\\/\\\/batijournal.com\\\/index.php\\\/edouard-philippe-nouveau-premier-ministre-batisseur\\\/95958\\\/#breadcrumb\"},\"inLanguage\":\"fr-FR\",\"potentialAction\":[{\"@type\":\"ReadAction\",\"target\":[\"https:\\\/\\\/batijournal.com\\\/index.php\\\/edouard-philippe-nouveau-premier-ministre-batisseur\\\/95958\\\/\"]}]},{\"@type\":\"ImageObject\",\"inLanguage\":\"fr-FR\",\"@id\":\"https:\\\/\\\/batijournal.com\\\/index.php\\\/edouard-philippe-nouveau-premier-ministre-batisseur\\\/95958\\\/#primaryimage\",\"url\":\"https:\\\/\\\/batijournal.com\\\/wp-content\\\/uploads\\\/2017\\\/05\\\/Le_Havre_le-volcan.jpg\",\"contentUrl\":\"https:\\\/\\\/batijournal.com\\\/wp-content\\\/uploads\\\/2017\\\/05\\\/Le_Havre_le-volcan.jpg\",\"width\":1000,\"height\":569},{\"@type\":\"BreadcrumbList\",\"@id\":\"https:\\\/\\\/batijournal.com\\\/index.php\\\/edouard-philippe-nouveau-premier-ministre-batisseur\\\/95958\\\/#breadcrumb\",\"itemListElement\":[{\"@type\":\"ListItem\",\"position\":1,\"name\":\"Accueil\",\"item\":\"https:\\\/\\\/batijournal.com\\\/\"},{\"@type\":\"ListItem\",\"position\":2,\"name\":\"Actualit\u00e9s\",\"item\":\"https:\\\/\\\/batijournal.com\\\/index.php\\\/category\\\/actualites\\\/\"},{\"@type\":\"ListItem\",\"position\":3,\"name\":\"Edouard PHILIPPE, un nouveau premier ministre b\u00e2tisseur\"}]},{\"@type\":\"WebSite\",\"@id\":\"https:\\\/\\\/batijournal.com\\\/#website\",\"url\":\"https:\\\/\\\/batijournal.com\\\/\",\"name\":\"Batijournal\",\"description\":\"L&#039;actualit\u00e9 du b\u00e2timent\",\"potentialAction\":[{\"@type\":\"SearchAction\",\"target\":{\"@type\":\"EntryPoint\",\"urlTemplate\":\"https:\\\/\\\/batijournal.com\\\/?s={search_term_string}\"},\"query-input\":{\"@type\":\"PropertyValueSpecification\",\"valueRequired\":true,\"valueName\":\"search_term_string\"}}],\"inLanguage\":\"fr-FR\"},{\"@type\":\"Person\",\"@id\":\"https:\\\/\\\/batijournal.com\\\/#\\\/schema\\\/person\\\/1dc96ec6957aa1ccb25ebe78bb19f100\",\"name\":\"St\u00e9phane Miget\",\"image\":{\"@type\":\"ImageObject\",\"inLanguage\":\"fr-FR\",\"@id\":\"https:\\\/\\\/secure.gravatar.com\\\/avatar\\\/89915563d925342126b8ef0281b93d9d7fc337043e8df017f780908eb9644451?s=96&d=mm&r=g\",\"url\":\"https:\\\/\\\/secure.gravatar.com\\\/avatar\\\/89915563d925342126b8ef0281b93d9d7fc337043e8df017f780908eb9644451?s=96&d=mm&r=g\",\"contentUrl\":\"https:\\\/\\\/secure.gravatar.com\\\/avatar\\\/89915563d925342126b8ef0281b93d9d7fc337043e8df017f780908eb9644451?s=96&d=mm&r=g\",\"caption\":\"St\u00e9phane Miget\"},\"url\":\"https:\\\/\\\/batijournal.com\\\/index.php\\\/author\\\/stephane\\\/\"}]}<\/script>\n<!-- \/ Yoast SEO plugin. -->","yoast_head_json":{"title":"Edouard PHILIPPE, un nouveau premier ministre b\u00e2tisseur","robots":{"index":"index","follow":"follow","max-snippet":"max-snippet:-1","max-image-preview":"max-image-preview:large","max-video-preview":"max-video-preview:-1"},"canonical":"https:\/\/batijournal.com\/index.php\/edouard-philippe-nouveau-premier-ministre-batisseur\/95958\/","og_locale":"fr_FR","og_type":"article","og_title":"Edouard PHILIPPE, un nouveau premier ministre b\u00e2tisseur","og_description":"Le nouveau premier ministre Edouard PHILIPPE est dipl\u00f4m\u00e9 de l\u2019Institut d\u2019Etudes Politiques de Paris et ancien \u00e9l\u00e8ve de l\u2019ENA. Il est membre du Conseil d\u2019Etat. Il a \u00e9t\u00e9 Directeur G\u00e9n\u00e9ral de l\u2019UMP de 2002 \u00e0 2004, puis avocat en droit public dans un cabinet franco-am\u00e9ricain et enfin Directeur des Affaires Publiques d\u2019Areva de 2007 \u00e0 [&hellip;]","og_url":"https:\/\/batijournal.com\/index.php\/edouard-philippe-nouveau-premier-ministre-batisseur\/95958\/","og_site_name":"Batijournal","article_published_time":"2017-05-15T15:09:42+00:00","article_modified_time":"2017-05-15T15:45:48+00:00","og_image":[{"width":1000,"height":569,"url":"https:\/\/batijournal.com\/wp-content\/uploads\/2017\/05\/Le_Havre_le-volcan.jpg","type":"image\/jpeg"}],"author":"St\u00e9phane Miget","twitter_card":"summary_large_image","twitter_creator":"@bati_journal","twitter_site":"@bati_journal","twitter_misc":{"\u00c9crit par":"St\u00e9phane Miget","Dur\u00e9e de lecture estim\u00e9e":"2 minutes"},"schema":{"@context":"https:\/\/schema.org","@graph":[{"@type":"Article","@id":"https:\/\/batijournal.com\/index.php\/edouard-philippe-nouveau-premier-ministre-batisseur\/95958\/#article","isPartOf":{"@id":"https:\/\/batijournal.com\/index.php\/edouard-philippe-nouveau-premier-ministre-batisseur\/95958\/"},"author":{"name":"St\u00e9phane Miget","@id":"https:\/\/batijournal.com\/#\/schema\/person\/1dc96ec6957aa1ccb25ebe78bb19f100"},"headline":"Edouard PHILIPPE, un nouveau premier ministre b\u00e2tisseur","datePublished":"2017-05-15T15:09:42+00:00","dateModified":"2017-05-15T15:45:48+00:00","mainEntityOfPage":{"@id":"https:\/\/batijournal.com\/index.php\/edouard-philippe-nouveau-premier-ministre-batisseur\/95958\/"},"wordCount":448,"image":{"@id":"https:\/\/batijournal.com\/index.php\/edouard-philippe-nouveau-premier-ministre-batisseur\/95958\/#primaryimage"},"thumbnailUrl":"https:\/\/batijournal.com\/wp-content\/uploads\/2017\/05\/Le_Havre_le-volcan.jpg","articleSection":["A la Une","Actualit\u00e9s","\u00c9conomie &amp; March\u00e9s"],"inLanguage":"fr-FR"},{"@type":"WebPage","@id":"https:\/\/batijournal.com\/index.php\/edouard-philippe-nouveau-premier-ministre-batisseur\/95958\/","url":"https:\/\/batijournal.com\/index.php\/edouard-philippe-nouveau-premier-ministre-batisseur\/95958\/","name":"Edouard PHILIPPE, un nouveau premier ministre b\u00e2tisseur","isPartOf":{"@id":"https:\/\/batijournal.com\/#website"},"primaryImageOfPage":{"@id":"https:\/\/batijournal.com\/index.php\/edouard-philippe-nouveau-premier-ministre-batisseur\/95958\/#primaryimage"},"image":{"@id":"https:\/\/batijournal.com\/index.php\/edouard-philippe-nouveau-premier-ministre-batisseur\/95958\/#primaryimage"},"thumbnailUrl":"https:\/\/batijournal.com\/wp-content\/uploads\/2017\/05\/Le_Havre_le-volcan.jpg","datePublished":"2017-05-15T15:09:42+00:00","dateModified":"2017-05-15T15:45:48+00:00","author":{"@id":"https:\/\/batijournal.com\/#\/schema\/person\/1dc96ec6957aa1ccb25ebe78bb19f100"},"breadcrumb":{"@id":"https:\/\/batijournal.com\/index.php\/edouard-philippe-nouveau-premier-ministre-batisseur\/95958\/#breadcrumb"},"inLanguage":"fr-FR","potentialAction":[{"@type":"ReadAction","target":["https:\/\/batijournal.com\/index.php\/edouard-philippe-nouveau-premier-ministre-batisseur\/95958\/"]}]},{"@type":"ImageObject","inLanguage":"fr-FR","@id":"https:\/\/batijournal.com\/index.php\/edouard-philippe-nouveau-premier-ministre-batisseur\/95958\/#primaryimage","url":"https:\/\/batijournal.com\/wp-content\/uploads\/2017\/05\/Le_Havre_le-volcan.jpg","contentUrl":"https:\/\/batijournal.com\/wp-content\/uploads\/2017\/05\/Le_Havre_le-volcan.jpg","width":1000,"height":569},{"@type":"BreadcrumbList","@id":"https:\/\/batijournal.com\/index.php\/edouard-philippe-nouveau-premier-ministre-batisseur\/95958\/#breadcrumb","itemListElement":[{"@type":"ListItem","position":1,"name":"Accueil","item":"https:\/\/batijournal.com\/"},{"@type":"ListItem","position":2,"name":"Actualit\u00e9s","item":"https:\/\/batijournal.com\/index.php\/category\/actualites\/"},{"@type":"ListItem","position":3,"name":"Edouard PHILIPPE, un nouveau premier ministre b\u00e2tisseur"}]},{"@type":"WebSite","@id":"https:\/\/batijournal.com\/#website","url":"https:\/\/batijournal.com\/","name":"Batijournal","description":"L&#039;actualit\u00e9 du b\u00e2timent","potentialAction":[{"@type":"SearchAction","target":{"@type":"EntryPoint","urlTemplate":"https:\/\/batijournal.com\/?s={search_term_string}"},"query-input":{"@type":"PropertyValueSpecification","valueRequired":true,"valueName":"search_term_string"}}],"inLanguage":"fr-FR"},{"@type":"Person","@id":"https:\/\/batijournal.com\/#\/schema\/person\/1dc96ec6957aa1ccb25ebe78bb19f100","name":"St\u00e9phane Miget","image":{"@type":"ImageObject","inLanguage":"fr-FR","@id":"https:\/\/secure.gravatar.com\/avatar\/89915563d925342126b8ef0281b93d9d7fc337043e8df017f780908eb9644451?s=96&d=mm&r=g","url":"https:\/\/secure.gravatar.com\/avatar\/89915563d925342126b8ef0281b93d9d7fc337043e8df017f780908eb9644451?s=96&d=mm&r=g","contentUrl":"https:\/\/secure.gravatar.com\/avatar\/89915563d925342126b8ef0281b93d9d7fc337043e8df017f780908eb9644451?s=96&d=mm&r=g","caption":"St\u00e9phane Miget"},"url":"https:\/\/batijournal.com\/index.php\/author\/stephane\/"}]}},"_links":{"self":[{"href":"https:\/\/batijournal.com\/index.php\/wp-json\/wp\/v2\/posts\/95958","targetHints":{"allow":["GET"]}}],"collection":[{"href":"https:\/\/batijournal.com\/index.php\/wp-json\/wp\/v2\/posts"}],"about":[{"href":"https:\/\/batijournal.com\/index.php\/wp-json\/wp\/v2\/types\/post"}],"author":[{"embeddable":true,"href":"https:\/\/batijournal.com\/index.php\/wp-json\/wp\/v2\/users\/17"}],"replies":[{"embeddable":true,"href":"https:\/\/batijournal.com\/index.php\/wp-json\/wp\/v2\/comments?post=95958"}],"version-history":[{"count":0,"href":"https:\/\/batijournal.com\/index.php\/wp-json\/wp\/v2\/posts\/95958\/revisions"}],"wp:featuredmedia":[{"embeddable":true,"href":"https:\/\/batijournal.com\/index.php\/wp-json\/wp\/v2\/media\/95959"}],"wp:attachment":[{"href":"https:\/\/batijournal.com\/index.php\/wp-json\/wp\/v2\/media?parent=95958"}],"wp:term":[{"taxonomy":"category","embeddable":true,"href":"https:\/\/batijournal.com\/index.php\/wp-json\/wp\/v2\/categories?post=95958"},{"taxonomy":"post_tag","embeddable":true,"href":"https:\/\/batijournal.com\/index.php\/wp-json\/wp\/v2\/tags?post=95958"}],"curies":[{"name":"wp","href":"https:\/\/api.w.org\/{rel}","templated":true}]}}