{"id":95987,"date":"2017-05-17T08:30:03","date_gmt":"2017-05-17T06:30:03","guid":{"rendered":"http:\/\/batijournal.com\/?p=95987"},"modified":"2019-07-15T11:15:52","modified_gmt":"2019-07-15T09:15:52","slug":"60-millions-deuros-dame-de-paris","status":"publish","type":"post","link":"https:\/\/batijournal.com\/index.php\/60-millions-deuros-dame-de-paris\/95987\/","title":{"rendered":"60 millions d&rsquo;euros pour Notre-Dame de Paris"},"content":{"rendered":"<p>Audrey Azoulay, ex-ministre de la Culture et de la Communication, et le Cardinal Andr\u00e9 Vingt-Trois, archev\u00eaque de Paris, ont sign\u00e9 le 9 mai 2017, un accord-cadre portant sur un programme de restauration renouvel\u00e9 de la cath\u00e9drale Notre-Dame de Paris, avec une mont\u00e9e en puissance de son financement. Les travaux porteront sur le ch\u0153ur, les arcs-boutants de la nef, les vitraux, le portail du transept, le chemin de ronde et sur la statuaire de la sacristie.<\/p>\n<p>Ce partenariat devrait permettre de mobiliser jusqu\u2019\u00e0 60 millions d\u2019euros sur 10 ans. Les travaux seront financ\u00e9s par le minist\u00e8re de la Culture et de la Communication et par les m\u00e9c\u00e9nats que recherchera la Fondation Avenir du Patrimoine \u00e0 Paris, sous l\u2019\u00e9gide de la Fondation Notre Dame. L&rsquo;apport de l\u2019\u00c9tat, aujourd&rsquo;hui de 2 millions d&rsquo;euros par an, sera compl\u00e9t\u00e9 d&rsquo;un euro de subvention suppl\u00e9mentaire par euro de m\u00e9c\u00e9nat recueilli, dans la limite globale de 4 millions par an de contribution publique.<\/p>\n<p>Cet engagement de l\u2019Etat ne se fera pas au d\u00e9triment de l&rsquo;action conduite parall\u00e8lement vis-\u00e0-vis de l&rsquo;ensemble des monuments historiques.<\/p>\n<p>La cath\u00e9drale Notre-Dame de Paris fait l&rsquo;objet depuis de nombreuses ann\u00e9es d&rsquo;importants travaux de restauration de la part de l\u2019\u00c9tat en particulier les op\u00e9rations r\u00e9cemment engag\u00e9es sur la fl\u00e8che. Cet accord-cadre illustre la volont\u00e9 du minist\u00e8re et de la Fondation Avenir du Patrimoine \u00e0 Paris d\u2019amplifier le rythme de ce vaste programme de travaux, n\u00e9cessaire pour assurer la conservation de l\u2019un des b\u00e2timents les plus embl\u00e9matiques de Paris, fortement contributeur, notamment, \u00e0 son rayonnement culturel et touristique.<\/p>\n","protected":false},"excerpt":{"rendered":"<p>Audrey Azoulay, ex-ministre de la Culture et de la Communication, et le Cardinal Andr\u00e9 Vingt-Trois, archev\u00eaque de Paris, ont sign\u00e9 le 9 mai 2017, un accord-cadre portant sur un programme de restauration renouvel\u00e9 de la cath\u00e9drale Notre-Dame de Paris, avec une mont\u00e9e en puissance de son financement. Les travaux porteront sur le ch\u0153ur, les arcs-boutants [&hellip;]<\/p>\n","protected":false},"author":17,"featured_media":95988,"comment_status":"closed","ping_status":"closed","sticky":false,"template":"","format":"standard","meta":{"_et_pb_use_builder":"","_et_pb_old_content":"","_et_gb_content_width":"","footnotes":""},"categories":[10530,6340,10785],"tags":[4474,6842],"class_list":["post-95987","post","type-post","status-publish","format-standard","has-post-thumbnail","hentry","category-actualites","category-architecture-conception","category-atrium","tag-monuments-historiques","tag-notre-dame-de-paris"],"yoast_head":"<!-- This site is optimized with the Yoast SEO plugin v27.4 - https:\/\/yoast.com\/product\/yoast-seo-wordpress\/ -->\n<title>60 millions d&#039;euros pour Notre-Dame de Paris<\/title>\n<meta name=\"robots\" content=\"index, follow, max-snippet:-1, max-image-preview:large, max-video-preview:-1\" \/>\n<link rel=\"canonical\" href=\"https:\/\/batijournal.com\/index.php\/60-millions-deuros-dame-de-paris\/95987\/\" \/>\n<meta property=\"og:locale\" content=\"fr_FR\" \/>\n<meta property=\"og:type\" content=\"article\" \/>\n<meta property=\"og:title\" content=\"60 millions d&#039;euros pour Notre-Dame de Paris\" \/>\n<meta property=\"og:description\" content=\"Audrey Azoulay, ex-ministre de la Culture et de la Communication, et le Cardinal Andr\u00e9 Vingt-Trois, archev\u00eaque de Paris, ont sign\u00e9 le 9 mai 2017, un accord-cadre portant sur un programme de restauration renouvel\u00e9 de la cath\u00e9drale Notre-Dame de Paris, avec une mont\u00e9e en puissance de son financement. Les travaux porteront sur le ch\u0153ur, les arcs-boutants [&hellip;]\" \/>\n<meta property=\"og:url\" content=\"https:\/\/batijournal.com\/index.php\/60-millions-deuros-dame-de-paris\/95987\/\" \/>\n<meta property=\"og:site_name\" content=\"Batijournal\" \/>\n<meta property=\"article:published_time\" content=\"2017-05-17T06:30:03+00:00\" \/>\n<meta property=\"article:modified_time\" content=\"2019-07-15T09:15:52+00:00\" \/>\n<meta property=\"og:image\" content=\"https:\/\/batijournal.com\/wp-content\/uploads\/2017\/05\/Paris_Notre-Dame.jpg\" \/>\n\t<meta property=\"og:image:width\" content=\"1024\" \/>\n\t<meta property=\"og:image:height\" content=\"731\" \/>\n\t<meta property=\"og:image:type\" content=\"image\/jpeg\" \/>\n<meta name=\"author\" content=\"St\u00e9phane Miget\" \/>\n<meta name=\"twitter:card\" content=\"summary_large_image\" \/>\n<meta name=\"twitter:creator\" content=\"@bati_journal\" \/>\n<meta name=\"twitter:site\" content=\"@bati_journal\" \/>\n<meta name=\"twitter:label1\" content=\"\u00c9crit par\" \/>\n\t<meta name=\"twitter:data1\" content=\"St\u00e9phane Miget\" \/>\n\t<meta name=\"twitter:label2\" content=\"Dur\u00e9e de lecture estim\u00e9e\" \/>\n\t<meta name=\"twitter:data2\" content=\"1 minute\" \/>\n<script type=\"application\/ld+json\" class=\"yoast-schema-graph\">{\"@context\":\"https:\\\/\\\/schema.org\",\"@graph\":[{\"@type\":\"Article\",\"@id\":\"https:\\\/\\\/batijournal.com\\\/index.php\\\/60-millions-deuros-dame-de-paris\\\/95987\\\/#article\",\"isPartOf\":{\"@id\":\"https:\\\/\\\/batijournal.com\\\/index.php\\\/60-millions-deuros-dame-de-paris\\\/95987\\\/\"},\"author\":{\"name\":\"St\u00e9phane Miget\",\"@id\":\"https:\\\/\\\/batijournal.com\\\/#\\\/schema\\\/person\\\/1dc96ec6957aa1ccb25ebe78bb19f100\"},\"headline\":\"60 millions d&rsquo;euros pour Notre-Dame de Paris\",\"datePublished\":\"2017-05-17T06:30:03+00:00\",\"dateModified\":\"2019-07-15T09:15:52+00:00\",\"mainEntityOfPage\":{\"@id\":\"https:\\\/\\\/batijournal.com\\\/index.php\\\/60-millions-deuros-dame-de-paris\\\/95987\\\/\"},\"wordCount\":291,\"image\":{\"@id\":\"https:\\\/\\\/batijournal.com\\\/index.php\\\/60-millions-deuros-dame-de-paris\\\/95987\\\/#primaryimage\"},\"thumbnailUrl\":\"https:\\\/\\\/batijournal.com\\\/wp-content\\\/uploads\\\/2017\\\/05\\\/Paris_Notre-Dame.jpg\",\"keywords\":[\"monuments historiques\",\"notre dame de paris\"],\"articleSection\":[\"Actualit\u00e9s\",\"Architecture &amp; Conception\",\"zz_Atrium Patrimoine\"],\"inLanguage\":\"fr-FR\"},{\"@type\":\"WebPage\",\"@id\":\"https:\\\/\\\/batijournal.com\\\/index.php\\\/60-millions-deuros-dame-de-paris\\\/95987\\\/\",\"url\":\"https:\\\/\\\/batijournal.com\\\/index.php\\\/60-millions-deuros-dame-de-paris\\\/95987\\\/\",\"name\":\"60 millions d'euros pour Notre-Dame de Paris\",\"isPartOf\":{\"@id\":\"https:\\\/\\\/batijournal.com\\\/#website\"},\"primaryImageOfPage\":{\"@id\":\"https:\\\/\\\/batijournal.com\\\/index.php\\\/60-millions-deuros-dame-de-paris\\\/95987\\\/#primaryimage\"},\"image\":{\"@id\":\"https:\\\/\\\/batijournal.com\\\/index.php\\\/60-millions-deuros-dame-de-paris\\\/95987\\\/#primaryimage\"},\"thumbnailUrl\":\"https:\\\/\\\/batijournal.com\\\/wp-content\\\/uploads\\\/2017\\\/05\\\/Paris_Notre-Dame.jpg\",\"datePublished\":\"2017-05-17T06:30:03+00:00\",\"dateModified\":\"2019-07-15T09:15:52+00:00\",\"author\":{\"@id\":\"https:\\\/\\\/batijournal.com\\\/#\\\/schema\\\/person\\\/1dc96ec6957aa1ccb25ebe78bb19f100\"},\"breadcrumb\":{\"@id\":\"https:\\\/\\\/batijournal.com\\\/index.php\\\/60-millions-deuros-dame-de-paris\\\/95987\\\/#breadcrumb\"},\"inLanguage\":\"fr-FR\",\"potentialAction\":[{\"@type\":\"ReadAction\",\"target\":[\"https:\\\/\\\/batijournal.com\\\/index.php\\\/60-millions-deuros-dame-de-paris\\\/95987\\\/\"]}]},{\"@type\":\"ImageObject\",\"inLanguage\":\"fr-FR\",\"@id\":\"https:\\\/\\\/batijournal.com\\\/index.php\\\/60-millions-deuros-dame-de-paris\\\/95987\\\/#primaryimage\",\"url\":\"https:\\\/\\\/batijournal.com\\\/wp-content\\\/uploads\\\/2017\\\/05\\\/Paris_Notre-Dame.jpg\",\"contentUrl\":\"https:\\\/\\\/batijournal.com\\\/wp-content\\\/uploads\\\/2017\\\/05\\\/Paris_Notre-Dame.jpg\",\"width\":1024,\"height\":731},{\"@type\":\"BreadcrumbList\",\"@id\":\"https:\\\/\\\/batijournal.com\\\/index.php\\\/60-millions-deuros-dame-de-paris\\\/95987\\\/#breadcrumb\",\"itemListElement\":[{\"@type\":\"ListItem\",\"position\":1,\"name\":\"Accueil\",\"item\":\"https:\\\/\\\/batijournal.com\\\/\"},{\"@type\":\"ListItem\",\"position\":2,\"name\":\"Actualit\u00e9s\",\"item\":\"https:\\\/\\\/batijournal.com\\\/index.php\\\/category\\\/actualites\\\/\"},{\"@type\":\"ListItem\",\"position\":3,\"name\":\"60 millions d&rsquo;euros pour Notre-Dame de Paris\"}]},{\"@type\":\"WebSite\",\"@id\":\"https:\\\/\\\/batijournal.com\\\/#website\",\"url\":\"https:\\\/\\\/batijournal.com\\\/\",\"name\":\"Batijournal\",\"description\":\"L&#039;actualit\u00e9 du b\u00e2timent\",\"potentialAction\":[{\"@type\":\"SearchAction\",\"target\":{\"@type\":\"EntryPoint\",\"urlTemplate\":\"https:\\\/\\\/batijournal.com\\\/?s={search_term_string}\"},\"query-input\":{\"@type\":\"PropertyValueSpecification\",\"valueRequired\":true,\"valueName\":\"search_term_string\"}}],\"inLanguage\":\"fr-FR\"},{\"@type\":\"Person\",\"@id\":\"https:\\\/\\\/batijournal.com\\\/#\\\/schema\\\/person\\\/1dc96ec6957aa1ccb25ebe78bb19f100\",\"name\":\"St\u00e9phane Miget\",\"image\":{\"@type\":\"ImageObject\",\"inLanguage\":\"fr-FR\",\"@id\":\"https:\\\/\\\/secure.gravatar.com\\\/avatar\\\/89915563d925342126b8ef0281b93d9d7fc337043e8df017f780908eb9644451?s=96&d=mm&r=g\",\"url\":\"https:\\\/\\\/secure.gravatar.com\\\/avatar\\\/89915563d925342126b8ef0281b93d9d7fc337043e8df017f780908eb9644451?s=96&d=mm&r=g\",\"contentUrl\":\"https:\\\/\\\/secure.gravatar.com\\\/avatar\\\/89915563d925342126b8ef0281b93d9d7fc337043e8df017f780908eb9644451?s=96&d=mm&r=g\",\"caption\":\"St\u00e9phane Miget\"},\"url\":\"https:\\\/\\\/batijournal.com\\\/index.php\\\/author\\\/stephane\\\/\"}]}<\/script>\n<!-- \/ Yoast SEO plugin. -->","yoast_head_json":{"title":"60 millions d'euros pour Notre-Dame de Paris","robots":{"index":"index","follow":"follow","max-snippet":"max-snippet:-1","max-image-preview":"max-image-preview:large","max-video-preview":"max-video-preview:-1"},"canonical":"https:\/\/batijournal.com\/index.php\/60-millions-deuros-dame-de-paris\/95987\/","og_locale":"fr_FR","og_type":"article","og_title":"60 millions d'euros pour Notre-Dame de Paris","og_description":"Audrey Azoulay, ex-ministre de la Culture et de la Communication, et le Cardinal Andr\u00e9 Vingt-Trois, archev\u00eaque de Paris, ont sign\u00e9 le 9 mai 2017, un accord-cadre portant sur un programme de restauration renouvel\u00e9 de la cath\u00e9drale Notre-Dame de Paris, avec une mont\u00e9e en puissance de son financement. Les travaux porteront sur le ch\u0153ur, les arcs-boutants [&hellip;]","og_url":"https:\/\/batijournal.com\/index.php\/60-millions-deuros-dame-de-paris\/95987\/","og_site_name":"Batijournal","article_published_time":"2017-05-17T06:30:03+00:00","article_modified_time":"2019-07-15T09:15:52+00:00","og_image":[{"width":1024,"height":731,"url":"https:\/\/batijournal.com\/wp-content\/uploads\/2017\/05\/Paris_Notre-Dame.jpg","type":"image\/jpeg"}],"author":"St\u00e9phane Miget","twitter_card":"summary_large_image","twitter_creator":"@bati_journal","twitter_site":"@bati_journal","twitter_misc":{"\u00c9crit par":"St\u00e9phane Miget","Dur\u00e9e de lecture estim\u00e9e":"1 minute"},"schema":{"@context":"https:\/\/schema.org","@graph":[{"@type":"Article","@id":"https:\/\/batijournal.com\/index.php\/60-millions-deuros-dame-de-paris\/95987\/#article","isPartOf":{"@id":"https:\/\/batijournal.com\/index.php\/60-millions-deuros-dame-de-paris\/95987\/"},"author":{"name":"St\u00e9phane Miget","@id":"https:\/\/batijournal.com\/#\/schema\/person\/1dc96ec6957aa1ccb25ebe78bb19f100"},"headline":"60 millions d&rsquo;euros pour Notre-Dame de Paris","datePublished":"2017-05-17T06:30:03+00:00","dateModified":"2019-07-15T09:15:52+00:00","mainEntityOfPage":{"@id":"https:\/\/batijournal.com\/index.php\/60-millions-deuros-dame-de-paris\/95987\/"},"wordCount":291,"image":{"@id":"https:\/\/batijournal.com\/index.php\/60-millions-deuros-dame-de-paris\/95987\/#primaryimage"},"thumbnailUrl":"https:\/\/batijournal.com\/wp-content\/uploads\/2017\/05\/Paris_Notre-Dame.jpg","keywords":["monuments historiques","notre dame de paris"],"articleSection":["Actualit\u00e9s","Architecture &amp; Conception","zz_Atrium Patrimoine"],"inLanguage":"fr-FR"},{"@type":"WebPage","@id":"https:\/\/batijournal.com\/index.php\/60-millions-deuros-dame-de-paris\/95987\/","url":"https:\/\/batijournal.com\/index.php\/60-millions-deuros-dame-de-paris\/95987\/","name":"60 millions d'euros pour Notre-Dame de Paris","isPartOf":{"@id":"https:\/\/batijournal.com\/#website"},"primaryImageOfPage":{"@id":"https:\/\/batijournal.com\/index.php\/60-millions-deuros-dame-de-paris\/95987\/#primaryimage"},"image":{"@id":"https:\/\/batijournal.com\/index.php\/60-millions-deuros-dame-de-paris\/95987\/#primaryimage"},"thumbnailUrl":"https:\/\/batijournal.com\/wp-content\/uploads\/2017\/05\/Paris_Notre-Dame.jpg","datePublished":"2017-05-17T06:30:03+00:00","dateModified":"2019-07-15T09:15:52+00:00","author":{"@id":"https:\/\/batijournal.com\/#\/schema\/person\/1dc96ec6957aa1ccb25ebe78bb19f100"},"breadcrumb":{"@id":"https:\/\/batijournal.com\/index.php\/60-millions-deuros-dame-de-paris\/95987\/#breadcrumb"},"inLanguage":"fr-FR","potentialAction":[{"@type":"ReadAction","target":["https:\/\/batijournal.com\/index.php\/60-millions-deuros-dame-de-paris\/95987\/"]}]},{"@type":"ImageObject","inLanguage":"fr-FR","@id":"https:\/\/batijournal.com\/index.php\/60-millions-deuros-dame-de-paris\/95987\/#primaryimage","url":"https:\/\/batijournal.com\/wp-content\/uploads\/2017\/05\/Paris_Notre-Dame.jpg","contentUrl":"https:\/\/batijournal.com\/wp-content\/uploads\/2017\/05\/Paris_Notre-Dame.jpg","width":1024,"height":731},{"@type":"BreadcrumbList","@id":"https:\/\/batijournal.com\/index.php\/60-millions-deuros-dame-de-paris\/95987\/#breadcrumb","itemListElement":[{"@type":"ListItem","position":1,"name":"Accueil","item":"https:\/\/batijournal.com\/"},{"@type":"ListItem","position":2,"name":"Actualit\u00e9s","item":"https:\/\/batijournal.com\/index.php\/category\/actualites\/"},{"@type":"ListItem","position":3,"name":"60 millions d&rsquo;euros pour Notre-Dame de Paris"}]},{"@type":"WebSite","@id":"https:\/\/batijournal.com\/#website","url":"https:\/\/batijournal.com\/","name":"Batijournal","description":"L&#039;actualit\u00e9 du b\u00e2timent","potentialAction":[{"@type":"SearchAction","target":{"@type":"EntryPoint","urlTemplate":"https:\/\/batijournal.com\/?s={search_term_string}"},"query-input":{"@type":"PropertyValueSpecification","valueRequired":true,"valueName":"search_term_string"}}],"inLanguage":"fr-FR"},{"@type":"Person","@id":"https:\/\/batijournal.com\/#\/schema\/person\/1dc96ec6957aa1ccb25ebe78bb19f100","name":"St\u00e9phane Miget","image":{"@type":"ImageObject","inLanguage":"fr-FR","@id":"https:\/\/secure.gravatar.com\/avatar\/89915563d925342126b8ef0281b93d9d7fc337043e8df017f780908eb9644451?s=96&d=mm&r=g","url":"https:\/\/secure.gravatar.com\/avatar\/89915563d925342126b8ef0281b93d9d7fc337043e8df017f780908eb9644451?s=96&d=mm&r=g","contentUrl":"https:\/\/secure.gravatar.com\/avatar\/89915563d925342126b8ef0281b93d9d7fc337043e8df017f780908eb9644451?s=96&d=mm&r=g","caption":"St\u00e9phane Miget"},"url":"https:\/\/batijournal.com\/index.php\/author\/stephane\/"}]}},"_links":{"self":[{"href":"https:\/\/batijournal.com\/index.php\/wp-json\/wp\/v2\/posts\/95987","targetHints":{"allow":["GET"]}}],"collection":[{"href":"https:\/\/batijournal.com\/index.php\/wp-json\/wp\/v2\/posts"}],"about":[{"href":"https:\/\/batijournal.com\/index.php\/wp-json\/wp\/v2\/types\/post"}],"author":[{"embeddable":true,"href":"https:\/\/batijournal.com\/index.php\/wp-json\/wp\/v2\/users\/17"}],"replies":[{"embeddable":true,"href":"https:\/\/batijournal.com\/index.php\/wp-json\/wp\/v2\/comments?post=95987"}],"version-history":[{"count":0,"href":"https:\/\/batijournal.com\/index.php\/wp-json\/wp\/v2\/posts\/95987\/revisions"}],"wp:featuredmedia":[{"embeddable":true,"href":"https:\/\/batijournal.com\/index.php\/wp-json\/wp\/v2\/media\/95988"}],"wp:attachment":[{"href":"https:\/\/batijournal.com\/index.php\/wp-json\/wp\/v2\/media?parent=95987"}],"wp:term":[{"taxonomy":"category","embeddable":true,"href":"https:\/\/batijournal.com\/index.php\/wp-json\/wp\/v2\/categories?post=95987"},{"taxonomy":"post_tag","embeddable":true,"href":"https:\/\/batijournal.com\/index.php\/wp-json\/wp\/v2\/tags?post=95987"}],"curies":[{"name":"wp","href":"https:\/\/api.w.org\/{rel}","templated":true}]}}