{"id":96004,"date":"2017-05-18T07:43:45","date_gmt":"2017-05-18T05:43:45","guid":{"rendered":"http:\/\/batijournal.com\/?p=96004"},"modified":"2019-07-15T16:36:45","modified_gmt":"2019-07-15T14:36:45","slug":"protocole-dessais-de-justification-attaches-de-facades-rideaux-chez-louineau","status":"publish","type":"post","link":"https:\/\/batijournal.com\/index.php\/protocole-dessais-de-justification-attaches-de-facades-rideaux-chez-louineau\/96004\/","title":{"rendered":"Protocole d\u2019essais de justification des attaches de fa\u00e7ades rideaux chez Louineau"},"content":{"rendered":"<p>Acteur historique dans le secteur de la fixation des menuiseries et fa\u00e7ades l\u00e9g\u00e8res, le bureau d\u2019\u00e9tudes de l\u2019entreprise Louineau vient d\u2019\u00e9laborer un nouveau protocole d\u2019essai \u00e0 destination des professionnels de la fa\u00e7ade l\u00e9g\u00e8re : le \u00ab Protocole d\u2019essais de justification des attaches de fa\u00e7ades rideaux \u00bb. Ce protocole pr\u00e9sente une m\u00e9thode d\u00e9di\u00e9e \u00e0 la justification des r\u00e9sistances caract\u00e9ristiques d\u2019une pi\u00e8ce d\u2019attache de fa\u00e7ade rideau aux actions du poids, du vent et du s\u00e9isme. Des efforts progressifs de tractions, de compressions et de d\u00e9formations ont \u00e9t\u00e9 appliqu\u00e9s \u00e0 chaque pi\u00e8ce, afin d\u2019\u00e9tudier leur comportement sous charges et de mesurer leur r\u00e9sistance m\u00e9canique. Les donn\u00e9es de mesure, exploit\u00e9es sur la base de l\u2019Eurocode 0, d\u00e9finissent les informations techniques du proc\u00e8s-verbal d\u2019essai pour les pi\u00e8ces de la gamme Louineau et leur application. Cette d\u00e9marche collective a permis \u00e0 l\u2019entreprise de mieux connaitre les acteurs de son march\u00e9 pour r\u00e9pondre \u00e0 leur besoin et \u00e0 leur probl\u00e9matique. La r\u00e9glementation de l\u2019activit\u00e9 de fa\u00e7ades l\u00e9g\u00e8res ou fa\u00e7ades rideaux \u00e9volue. Louineau apporte son propre r\u00e9f\u00e9rentiel technique, en compl\u00e9ment des Eurocodes et du DTU 33.1 relatif \u00e0 la mise en \u0153uvre des \u00e9l\u00e9ments constitutifs des fa\u00e7ades. L\u2019entreprise fait aujourd\u2019hui valoir savoir-faire et expertise technique pour accompagner ses clients et favoriser leur travail au quotidien.<\/p>\n","protected":false},"excerpt":{"rendered":"<p>Acteur historique dans le secteur de la fixation des menuiseries et fa\u00e7ades l\u00e9g\u00e8res, le bureau d\u2019\u00e9tudes de l\u2019entreprise Louineau vient d\u2019\u00e9laborer un nouveau protocole d\u2019essai \u00e0 destination des professionnels de la fa\u00e7ade l\u00e9g\u00e8re : le \u00ab Protocole d\u2019essais de justification des attaches de fa\u00e7ades rideaux \u00bb. Ce protocole pr\u00e9sente une m\u00e9thode d\u00e9di\u00e9e \u00e0 la justification [&hellip;]<\/p>\n","protected":false},"author":17,"featured_media":96005,"comment_status":"closed","ping_status":"closed","sticky":false,"template":"","format":"standard","meta":{"_et_pb_use_builder":"","_et_pb_old_content":"","_et_gb_content_width":"","footnotes":""},"categories":[10530,6362,10771],"tags":[126,10061],"class_list":["post-96004","post","type-post","status-publish","format-standard","has-post-thumbnail","hentry","category-actualites","category-services-equipements","category-5facades","tag-facade","tag-murs-rideaux"],"yoast_head":"<!-- This site is optimized with the Yoast SEO plugin v27.4 - https:\/\/yoast.com\/product\/yoast-seo-wordpress\/ -->\n<title>Protocole d\u2019essais de justification des attaches de fa\u00e7ades rideaux chez Louineau<\/title>\n<meta name=\"robots\" content=\"index, follow, max-snippet:-1, max-image-preview:large, max-video-preview:-1\" \/>\n<link rel=\"canonical\" href=\"https:\/\/batijournal.com\/index.php\/protocole-dessais-de-justification-attaches-de-facades-rideaux-chez-louineau\/96004\/\" \/>\n<meta property=\"og:locale\" content=\"fr_FR\" \/>\n<meta property=\"og:type\" content=\"article\" \/>\n<meta property=\"og:title\" content=\"Protocole d\u2019essais de justification des attaches de fa\u00e7ades rideaux chez Louineau\" \/>\n<meta property=\"og:description\" content=\"Acteur historique dans le secteur de la fixation des menuiseries et fa\u00e7ades l\u00e9g\u00e8res, le bureau d\u2019\u00e9tudes de l\u2019entreprise Louineau vient d\u2019\u00e9laborer un nouveau protocole d\u2019essai \u00e0 destination des professionnels de la fa\u00e7ade l\u00e9g\u00e8re : le \u00ab Protocole d\u2019essais de justification des attaches de fa\u00e7ades rideaux \u00bb. Ce protocole pr\u00e9sente une m\u00e9thode d\u00e9di\u00e9e \u00e0 la justification [&hellip;]\" \/>\n<meta property=\"og:url\" content=\"https:\/\/batijournal.com\/index.php\/protocole-dessais-de-justification-attaches-de-facades-rideaux-chez-louineau\/96004\/\" \/>\n<meta property=\"og:site_name\" content=\"Batijournal\" \/>\n<meta property=\"article:published_time\" content=\"2017-05-18T05:43:45+00:00\" \/>\n<meta property=\"article:modified_time\" content=\"2019-07-15T14:36:45+00:00\" \/>\n<meta property=\"og:image\" content=\"https:\/\/batijournal.com\/wp-content\/uploads\/2017\/05\/LOUINEAU_protocole-attache-mur-rideau.jpg\" \/>\n\t<meta property=\"og:image:width\" content=\"762\" \/>\n\t<meta property=\"og:image:height\" content=\"699\" \/>\n\t<meta property=\"og:image:type\" content=\"image\/jpeg\" \/>\n<meta name=\"author\" content=\"St\u00e9phane Miget\" \/>\n<meta name=\"twitter:card\" content=\"summary_large_image\" \/>\n<meta name=\"twitter:creator\" content=\"@bati_journal\" \/>\n<meta name=\"twitter:site\" content=\"@bati_journal\" \/>\n<meta name=\"twitter:label1\" content=\"\u00c9crit par\" \/>\n\t<meta name=\"twitter:data1\" content=\"St\u00e9phane Miget\" \/>\n\t<meta name=\"twitter:label2\" content=\"Dur\u00e9e de lecture estim\u00e9e\" \/>\n\t<meta name=\"twitter:data2\" content=\"1 minute\" \/>\n<script type=\"application\/ld+json\" class=\"yoast-schema-graph\">{\"@context\":\"https:\\\/\\\/schema.org\",\"@graph\":[{\"@type\":\"Article\",\"@id\":\"https:\\\/\\\/batijournal.com\\\/index.php\\\/protocole-dessais-de-justification-attaches-de-facades-rideaux-chez-louineau\\\/96004\\\/#article\",\"isPartOf\":{\"@id\":\"https:\\\/\\\/batijournal.com\\\/index.php\\\/protocole-dessais-de-justification-attaches-de-facades-rideaux-chez-louineau\\\/96004\\\/\"},\"author\":{\"name\":\"St\u00e9phane Miget\",\"@id\":\"https:\\\/\\\/batijournal.com\\\/#\\\/schema\\\/person\\\/1dc96ec6957aa1ccb25ebe78bb19f100\"},\"headline\":\"Protocole d\u2019essais de justification des attaches de fa\u00e7ades rideaux chez Louineau\",\"datePublished\":\"2017-05-18T05:43:45+00:00\",\"dateModified\":\"2019-07-15T14:36:45+00:00\",\"mainEntityOfPage\":{\"@id\":\"https:\\\/\\\/batijournal.com\\\/index.php\\\/protocole-dessais-de-justification-attaches-de-facades-rideaux-chez-louineau\\\/96004\\\/\"},\"wordCount\":261,\"image\":{\"@id\":\"https:\\\/\\\/batijournal.com\\\/index.php\\\/protocole-dessais-de-justification-attaches-de-facades-rideaux-chez-louineau\\\/96004\\\/#primaryimage\"},\"thumbnailUrl\":\"https:\\\/\\\/batijournal.com\\\/wp-content\\\/uploads\\\/2017\\\/05\\\/LOUINEAU_protocole-attache-mur-rideau.jpg\",\"keywords\":[\"fa\u00e7ade\",\"murs rideaux\"],\"articleSection\":[\"Actualit\u00e9s\",\"Divers\",\"zz_5fa\u00e7ades\"],\"inLanguage\":\"fr-FR\"},{\"@type\":\"WebPage\",\"@id\":\"https:\\\/\\\/batijournal.com\\\/index.php\\\/protocole-dessais-de-justification-attaches-de-facades-rideaux-chez-louineau\\\/96004\\\/\",\"url\":\"https:\\\/\\\/batijournal.com\\\/index.php\\\/protocole-dessais-de-justification-attaches-de-facades-rideaux-chez-louineau\\\/96004\\\/\",\"name\":\"Protocole d\u2019essais de justification des attaches de fa\u00e7ades rideaux chez Louineau\",\"isPartOf\":{\"@id\":\"https:\\\/\\\/batijournal.com\\\/#website\"},\"primaryImageOfPage\":{\"@id\":\"https:\\\/\\\/batijournal.com\\\/index.php\\\/protocole-dessais-de-justification-attaches-de-facades-rideaux-chez-louineau\\\/96004\\\/#primaryimage\"},\"image\":{\"@id\":\"https:\\\/\\\/batijournal.com\\\/index.php\\\/protocole-dessais-de-justification-attaches-de-facades-rideaux-chez-louineau\\\/96004\\\/#primaryimage\"},\"thumbnailUrl\":\"https:\\\/\\\/batijournal.com\\\/wp-content\\\/uploads\\\/2017\\\/05\\\/LOUINEAU_protocole-attache-mur-rideau.jpg\",\"datePublished\":\"2017-05-18T05:43:45+00:00\",\"dateModified\":\"2019-07-15T14:36:45+00:00\",\"author\":{\"@id\":\"https:\\\/\\\/batijournal.com\\\/#\\\/schema\\\/person\\\/1dc96ec6957aa1ccb25ebe78bb19f100\"},\"breadcrumb\":{\"@id\":\"https:\\\/\\\/batijournal.com\\\/index.php\\\/protocole-dessais-de-justification-attaches-de-facades-rideaux-chez-louineau\\\/96004\\\/#breadcrumb\"},\"inLanguage\":\"fr-FR\",\"potentialAction\":[{\"@type\":\"ReadAction\",\"target\":[\"https:\\\/\\\/batijournal.com\\\/index.php\\\/protocole-dessais-de-justification-attaches-de-facades-rideaux-chez-louineau\\\/96004\\\/\"]}]},{\"@type\":\"ImageObject\",\"inLanguage\":\"fr-FR\",\"@id\":\"https:\\\/\\\/batijournal.com\\\/index.php\\\/protocole-dessais-de-justification-attaches-de-facades-rideaux-chez-louineau\\\/96004\\\/#primaryimage\",\"url\":\"https:\\\/\\\/batijournal.com\\\/wp-content\\\/uploads\\\/2017\\\/05\\\/LOUINEAU_protocole-attache-mur-rideau.jpg\",\"contentUrl\":\"https:\\\/\\\/batijournal.com\\\/wp-content\\\/uploads\\\/2017\\\/05\\\/LOUINEAU_protocole-attache-mur-rideau.jpg\",\"width\":762,\"height\":699},{\"@type\":\"BreadcrumbList\",\"@id\":\"https:\\\/\\\/batijournal.com\\\/index.php\\\/protocole-dessais-de-justification-attaches-de-facades-rideaux-chez-louineau\\\/96004\\\/#breadcrumb\",\"itemListElement\":[{\"@type\":\"ListItem\",\"position\":1,\"name\":\"Accueil\",\"item\":\"https:\\\/\\\/batijournal.com\\\/\"},{\"@type\":\"ListItem\",\"position\":2,\"name\":\"Actualit\u00e9s\",\"item\":\"https:\\\/\\\/batijournal.com\\\/index.php\\\/category\\\/actualites\\\/\"},{\"@type\":\"ListItem\",\"position\":3,\"name\":\"Protocole d\u2019essais de justification des attaches de fa\u00e7ades rideaux chez Louineau\"}]},{\"@type\":\"WebSite\",\"@id\":\"https:\\\/\\\/batijournal.com\\\/#website\",\"url\":\"https:\\\/\\\/batijournal.com\\\/\",\"name\":\"Batijournal\",\"description\":\"L&#039;actualit\u00e9 du b\u00e2timent\",\"potentialAction\":[{\"@type\":\"SearchAction\",\"target\":{\"@type\":\"EntryPoint\",\"urlTemplate\":\"https:\\\/\\\/batijournal.com\\\/?s={search_term_string}\"},\"query-input\":{\"@type\":\"PropertyValueSpecification\",\"valueRequired\":true,\"valueName\":\"search_term_string\"}}],\"inLanguage\":\"fr-FR\"},{\"@type\":\"Person\",\"@id\":\"https:\\\/\\\/batijournal.com\\\/#\\\/schema\\\/person\\\/1dc96ec6957aa1ccb25ebe78bb19f100\",\"name\":\"St\u00e9phane Miget\",\"image\":{\"@type\":\"ImageObject\",\"inLanguage\":\"fr-FR\",\"@id\":\"https:\\\/\\\/secure.gravatar.com\\\/avatar\\\/89915563d925342126b8ef0281b93d9d7fc337043e8df017f780908eb9644451?s=96&d=mm&r=g\",\"url\":\"https:\\\/\\\/secure.gravatar.com\\\/avatar\\\/89915563d925342126b8ef0281b93d9d7fc337043e8df017f780908eb9644451?s=96&d=mm&r=g\",\"contentUrl\":\"https:\\\/\\\/secure.gravatar.com\\\/avatar\\\/89915563d925342126b8ef0281b93d9d7fc337043e8df017f780908eb9644451?s=96&d=mm&r=g\",\"caption\":\"St\u00e9phane Miget\"},\"url\":\"https:\\\/\\\/batijournal.com\\\/index.php\\\/author\\\/stephane\\\/\"}]}<\/script>\n<!-- \/ Yoast SEO plugin. -->","yoast_head_json":{"title":"Protocole d\u2019essais de justification des attaches de fa\u00e7ades rideaux chez Louineau","robots":{"index":"index","follow":"follow","max-snippet":"max-snippet:-1","max-image-preview":"max-image-preview:large","max-video-preview":"max-video-preview:-1"},"canonical":"https:\/\/batijournal.com\/index.php\/protocole-dessais-de-justification-attaches-de-facades-rideaux-chez-louineau\/96004\/","og_locale":"fr_FR","og_type":"article","og_title":"Protocole d\u2019essais de justification des attaches de fa\u00e7ades rideaux chez Louineau","og_description":"Acteur historique dans le secteur de la fixation des menuiseries et fa\u00e7ades l\u00e9g\u00e8res, le bureau d\u2019\u00e9tudes de l\u2019entreprise Louineau vient d\u2019\u00e9laborer un nouveau protocole d\u2019essai \u00e0 destination des professionnels de la fa\u00e7ade l\u00e9g\u00e8re : le \u00ab Protocole d\u2019essais de justification des attaches de fa\u00e7ades rideaux \u00bb. Ce protocole pr\u00e9sente une m\u00e9thode d\u00e9di\u00e9e \u00e0 la justification [&hellip;]","og_url":"https:\/\/batijournal.com\/index.php\/protocole-dessais-de-justification-attaches-de-facades-rideaux-chez-louineau\/96004\/","og_site_name":"Batijournal","article_published_time":"2017-05-18T05:43:45+00:00","article_modified_time":"2019-07-15T14:36:45+00:00","og_image":[{"width":762,"height":699,"url":"https:\/\/batijournal.com\/wp-content\/uploads\/2017\/05\/LOUINEAU_protocole-attache-mur-rideau.jpg","type":"image\/jpeg"}],"author":"St\u00e9phane Miget","twitter_card":"summary_large_image","twitter_creator":"@bati_journal","twitter_site":"@bati_journal","twitter_misc":{"\u00c9crit par":"St\u00e9phane Miget","Dur\u00e9e de lecture estim\u00e9e":"1 minute"},"schema":{"@context":"https:\/\/schema.org","@graph":[{"@type":"Article","@id":"https:\/\/batijournal.com\/index.php\/protocole-dessais-de-justification-attaches-de-facades-rideaux-chez-louineau\/96004\/#article","isPartOf":{"@id":"https:\/\/batijournal.com\/index.php\/protocole-dessais-de-justification-attaches-de-facades-rideaux-chez-louineau\/96004\/"},"author":{"name":"St\u00e9phane Miget","@id":"https:\/\/batijournal.com\/#\/schema\/person\/1dc96ec6957aa1ccb25ebe78bb19f100"},"headline":"Protocole d\u2019essais de justification des attaches de fa\u00e7ades rideaux chez Louineau","datePublished":"2017-05-18T05:43:45+00:00","dateModified":"2019-07-15T14:36:45+00:00","mainEntityOfPage":{"@id":"https:\/\/batijournal.com\/index.php\/protocole-dessais-de-justification-attaches-de-facades-rideaux-chez-louineau\/96004\/"},"wordCount":261,"image":{"@id":"https:\/\/batijournal.com\/index.php\/protocole-dessais-de-justification-attaches-de-facades-rideaux-chez-louineau\/96004\/#primaryimage"},"thumbnailUrl":"https:\/\/batijournal.com\/wp-content\/uploads\/2017\/05\/LOUINEAU_protocole-attache-mur-rideau.jpg","keywords":["fa\u00e7ade","murs rideaux"],"articleSection":["Actualit\u00e9s","Divers","zz_5fa\u00e7ades"],"inLanguage":"fr-FR"},{"@type":"WebPage","@id":"https:\/\/batijournal.com\/index.php\/protocole-dessais-de-justification-attaches-de-facades-rideaux-chez-louineau\/96004\/","url":"https:\/\/batijournal.com\/index.php\/protocole-dessais-de-justification-attaches-de-facades-rideaux-chez-louineau\/96004\/","name":"Protocole d\u2019essais de justification des attaches de fa\u00e7ades rideaux chez Louineau","isPartOf":{"@id":"https:\/\/batijournal.com\/#website"},"primaryImageOfPage":{"@id":"https:\/\/batijournal.com\/index.php\/protocole-dessais-de-justification-attaches-de-facades-rideaux-chez-louineau\/96004\/#primaryimage"},"image":{"@id":"https:\/\/batijournal.com\/index.php\/protocole-dessais-de-justification-attaches-de-facades-rideaux-chez-louineau\/96004\/#primaryimage"},"thumbnailUrl":"https:\/\/batijournal.com\/wp-content\/uploads\/2017\/05\/LOUINEAU_protocole-attache-mur-rideau.jpg","datePublished":"2017-05-18T05:43:45+00:00","dateModified":"2019-07-15T14:36:45+00:00","author":{"@id":"https:\/\/batijournal.com\/#\/schema\/person\/1dc96ec6957aa1ccb25ebe78bb19f100"},"breadcrumb":{"@id":"https:\/\/batijournal.com\/index.php\/protocole-dessais-de-justification-attaches-de-facades-rideaux-chez-louineau\/96004\/#breadcrumb"},"inLanguage":"fr-FR","potentialAction":[{"@type":"ReadAction","target":["https:\/\/batijournal.com\/index.php\/protocole-dessais-de-justification-attaches-de-facades-rideaux-chez-louineau\/96004\/"]}]},{"@type":"ImageObject","inLanguage":"fr-FR","@id":"https:\/\/batijournal.com\/index.php\/protocole-dessais-de-justification-attaches-de-facades-rideaux-chez-louineau\/96004\/#primaryimage","url":"https:\/\/batijournal.com\/wp-content\/uploads\/2017\/05\/LOUINEAU_protocole-attache-mur-rideau.jpg","contentUrl":"https:\/\/batijournal.com\/wp-content\/uploads\/2017\/05\/LOUINEAU_protocole-attache-mur-rideau.jpg","width":762,"height":699},{"@type":"BreadcrumbList","@id":"https:\/\/batijournal.com\/index.php\/protocole-dessais-de-justification-attaches-de-facades-rideaux-chez-louineau\/96004\/#breadcrumb","itemListElement":[{"@type":"ListItem","position":1,"name":"Accueil","item":"https:\/\/batijournal.com\/"},{"@type":"ListItem","position":2,"name":"Actualit\u00e9s","item":"https:\/\/batijournal.com\/index.php\/category\/actualites\/"},{"@type":"ListItem","position":3,"name":"Protocole d\u2019essais de justification des attaches de fa\u00e7ades rideaux chez Louineau"}]},{"@type":"WebSite","@id":"https:\/\/batijournal.com\/#website","url":"https:\/\/batijournal.com\/","name":"Batijournal","description":"L&#039;actualit\u00e9 du b\u00e2timent","potentialAction":[{"@type":"SearchAction","target":{"@type":"EntryPoint","urlTemplate":"https:\/\/batijournal.com\/?s={search_term_string}"},"query-input":{"@type":"PropertyValueSpecification","valueRequired":true,"valueName":"search_term_string"}}],"inLanguage":"fr-FR"},{"@type":"Person","@id":"https:\/\/batijournal.com\/#\/schema\/person\/1dc96ec6957aa1ccb25ebe78bb19f100","name":"St\u00e9phane Miget","image":{"@type":"ImageObject","inLanguage":"fr-FR","@id":"https:\/\/secure.gravatar.com\/avatar\/89915563d925342126b8ef0281b93d9d7fc337043e8df017f780908eb9644451?s=96&d=mm&r=g","url":"https:\/\/secure.gravatar.com\/avatar\/89915563d925342126b8ef0281b93d9d7fc337043e8df017f780908eb9644451?s=96&d=mm&r=g","contentUrl":"https:\/\/secure.gravatar.com\/avatar\/89915563d925342126b8ef0281b93d9d7fc337043e8df017f780908eb9644451?s=96&d=mm&r=g","caption":"St\u00e9phane Miget"},"url":"https:\/\/batijournal.com\/index.php\/author\/stephane\/"}]}},"_links":{"self":[{"href":"https:\/\/batijournal.com\/index.php\/wp-json\/wp\/v2\/posts\/96004","targetHints":{"allow":["GET"]}}],"collection":[{"href":"https:\/\/batijournal.com\/index.php\/wp-json\/wp\/v2\/posts"}],"about":[{"href":"https:\/\/batijournal.com\/index.php\/wp-json\/wp\/v2\/types\/post"}],"author":[{"embeddable":true,"href":"https:\/\/batijournal.com\/index.php\/wp-json\/wp\/v2\/users\/17"}],"replies":[{"embeddable":true,"href":"https:\/\/batijournal.com\/index.php\/wp-json\/wp\/v2\/comments?post=96004"}],"version-history":[{"count":0,"href":"https:\/\/batijournal.com\/index.php\/wp-json\/wp\/v2\/posts\/96004\/revisions"}],"wp:featuredmedia":[{"embeddable":true,"href":"https:\/\/batijournal.com\/index.php\/wp-json\/wp\/v2\/media\/96005"}],"wp:attachment":[{"href":"https:\/\/batijournal.com\/index.php\/wp-json\/wp\/v2\/media?parent=96004"}],"wp:term":[{"taxonomy":"category","embeddable":true,"href":"https:\/\/batijournal.com\/index.php\/wp-json\/wp\/v2\/categories?post=96004"},{"taxonomy":"post_tag","embeddable":true,"href":"https:\/\/batijournal.com\/index.php\/wp-json\/wp\/v2\/tags?post=96004"}],"curies":[{"name":"wp","href":"https:\/\/api.w.org\/{rel}","templated":true}]}}