{"id":96022,"date":"2017-05-22T09:19:25","date_gmt":"2017-05-22T07:19:25","guid":{"rendered":"http:\/\/batijournal.com\/?p=96022"},"modified":"2019-07-15T11:27:19","modified_gmt":"2019-07-15T09:27:19","slug":"nouveaux-logements-etudiants-campus-hec","status":"publish","type":"post","link":"https:\/\/batijournal.com\/index.php\/nouveaux-logements-etudiants-campus-hec\/96022\/","title":{"rendered":"Nouveaux logements \u00e9tudiants sur le campus HEC"},"content":{"rendered":"<p><strong>Situ\u00e9 au bord du plateau de Saclay et de la vall\u00e9e de la Bi\u00e8vre, le campus HEC jouit d\u2019un emplacement privil\u00e9gi\u00e9. Le parc de 138 hectares rassemble des \u00e9quipements sportifs prestigieux, une vaste zone foresti\u00e8re et un plateau habit\u00e9 par des b\u00e2timents de 1962 et con\u00e7us par l\u2019architecte Ren\u00e9 Coulon. L&rsquo;architecte Martin Duplantier a d\u2019abord livr\u00e9 avec David Chipperfield le b\u00e2timent MBA en 2012, \u00e0 la lisi\u00e8re de la for\u00eat, face aux champs agricoles du plateau de Saclay.<\/strong><\/p>\n<p>En r\u00e9novant et densifiant le parc r\u00e9sidentiel, l\u2019agence s\u2019est concentr\u00e9e sur le c\u0153ur du campus et son ADN moderniste : des b\u00e2timents sur pilotis, orient\u00e9s est-ouest, flottant dans les arbres et libres de tout vis-\u00e0-vis. Les nouveaux logements revisitent ces ingr\u00e9dients fondateurs tout en leur conf\u00e9rant une modernit\u00e9 nouvelle. Les b\u00e2timents neufs doivent int\u00e9grer et r\u00e9interpr\u00e9ter les particularit\u00e9s des b\u00e2timents d\u2019origine, venant s\u2019implanter dans un syst\u00e8me d\u00e9j\u00e0 en place. Loggias, pilotis et porosit\u00e9 des rez-de-chauss\u00e9e constituent autant de qualit\u00e9s \u00e0 mettre en valeur, dont nous avons d\u00e9cid\u00e9 de nous inspirer dans le dessin du b\u00e2timent neuf, l\u2019intervention de r\u00e9habilitation s\u2019attachant de son c\u00f4t\u00e9 \u00e0 les conserver.<\/p>\n<p><img loading=\"lazy\" decoding=\"async\" class=\"aligncenter size-full wp-image-96024\" src=\"https:\/\/batijournal.com\/wp-content\/uploads\/2017\/05\/logements-etudiants-sur-le-campus-HEC-2.jpg\" alt=\"\" width=\"896\" height=\"1000\" srcset=\"https:\/\/batijournal.com\/wp-content\/uploads\/2017\/05\/logements-etudiants-sur-le-campus-HEC-2.jpg 896w, https:\/\/batijournal.com\/wp-content\/uploads\/2017\/05\/logements-etudiants-sur-le-campus-HEC-2-134x150.jpg 134w, https:\/\/batijournal.com\/wp-content\/uploads\/2017\/05\/logements-etudiants-sur-le-campus-HEC-2-269x300.jpg 269w, https:\/\/batijournal.com\/wp-content\/uploads\/2017\/05\/logements-etudiants-sur-le-campus-HEC-2-768x857.jpg 768w, https:\/\/batijournal.com\/wp-content\/uploads\/2017\/05\/logements-etudiants-sur-le-campus-HEC-2-600x670.jpg 600w\" sizes=\"(max-width: 896px) 100vw, 896px\" \/><\/p>\n<p>Les b\u00e2timents neufs sont projet\u00e9s sur 4 \u00e9tages avec pilotis, orient\u00e9s parall\u00e8lement aux existants. Le rez-de-chauss\u00e9e est laiss\u00e9 libre de toute occupation. Les logements sont tous dot\u00e9s de loggias, reprenant ainsi la th\u00e9matique de l\u2019existant, tout en offrant aux chambres les qualit\u00e9s intrins\u00e8ques de cet espace. Les chambres simples sont constitu\u00e9es d\u2019un espace de vie de 16.5m\u00b2 et d\u2019une loggia de 1m de profondeur. Les chambres PMR occupent deux trames et sont am\u00e9nageables aussi bien en tant que T1 que de T2. Un syst\u00e8me de cloison amovible permet en effet de s\u00e9parer la chambre du salon. Les T2 occupent l\u2019extr\u00e9mit\u00e9 sud du b\u00e2timent et b\u00e9n\u00e9ficient ainsi d\u2019une triple orientation. L\u2019ouverture de la pi\u00e8ce commune occup\u00e9e par la cuisine permet d\u2019animer les pignons, tout comme le balcon filant, qui permet de rompre avec le syst\u00e8me bi-orient\u00e9 d\u2019une typologie de barre habituelle.<\/p>\n<p>La structure, contrairement \u00e0 celle des b\u00e2timents existants, est r\u00e9alis\u00e9e en poteaux-poutres afin de garantir une flexibilit\u00e9 maximale d\u2019am\u00e9nagement. Les typologies \u00e9tant amen\u00e9es \u00e0 \u00e9voluer, des colocations diverses peuvent y \u00eatre am\u00e9nag\u00e9es \u00e0 peu de frais. \u00a0La matrice en fa\u00e7ade repr\u00e9sente la meilleure r\u00e9ponse \u00e0 une possible \u00e9volutivit\u00e9 de ces typologies.<\/p>\n<p>Ma\u00eetrise d\u2019ouvrage : ADIM Concept<br \/>\nMa\u00eetrise d\u2019oeuvre : Martin Duplantier Architectes, EVP (structure), Artelia<br \/>\nSurface : 2 042 m2 (192 logements neufs, espaces communs, bureaux, lieux de vie) Budget : 9,4 M\u20ac<\/p>\n<p>Photos :\u00a0Cl\u00e9ment GUILLAUME<\/p>\n<p>&nbsp;<\/p>\n","protected":false},"excerpt":{"rendered":"<p>Situ\u00e9 au bord du plateau de Saclay et de la vall\u00e9e de la Bi\u00e8vre, le campus HEC jouit d\u2019un emplacement privil\u00e9gi\u00e9. Le parc de 138 hectares rassemble des \u00e9quipements sportifs prestigieux, une vaste zone foresti\u00e8re et un plateau habit\u00e9 par des b\u00e2timents de 1962 et con\u00e7us par l\u2019architecte Ren\u00e9 Coulon. L&rsquo;architecte Martin Duplantier a d\u2019abord [&hellip;]<\/p>\n","protected":false},"author":17,"featured_media":96023,"comment_status":"closed","ping_status":"closed","sticky":false,"template":"","format":"standard","meta":{"_et_pb_use_builder":"","_et_pb_old_content":"","_et_gb_content_width":"","footnotes":""},"categories":[10530,6340],"tags":[1150],"class_list":["post-96022","post","type-post","status-publish","format-standard","has-post-thumbnail","hentry","category-actualites","category-architecture-conception","tag-chantier"],"yoast_head":"<!-- This site is optimized with the Yoast SEO plugin v27.4 - https:\/\/yoast.com\/product\/yoast-seo-wordpress\/ -->\n<title>Nouveaux logements \u00e9tudiants sur le campus HEC<\/title>\n<meta name=\"robots\" content=\"index, follow, max-snippet:-1, max-image-preview:large, max-video-preview:-1\" \/>\n<link rel=\"canonical\" href=\"https:\/\/batijournal.com\/index.php\/nouveaux-logements-etudiants-campus-hec\/96022\/\" \/>\n<meta property=\"og:locale\" content=\"fr_FR\" \/>\n<meta property=\"og:type\" content=\"article\" \/>\n<meta property=\"og:title\" content=\"Nouveaux logements \u00e9tudiants sur le campus HEC\" \/>\n<meta property=\"og:description\" content=\"Situ\u00e9 au bord du plateau de Saclay et de la vall\u00e9e de la Bi\u00e8vre, le campus HEC jouit d\u2019un emplacement privil\u00e9gi\u00e9. Le parc de 138 hectares rassemble des \u00e9quipements sportifs prestigieux, une vaste zone foresti\u00e8re et un plateau habit\u00e9 par des b\u00e2timents de 1962 et con\u00e7us par l\u2019architecte Ren\u00e9 Coulon. L&rsquo;architecte Martin Duplantier a d\u2019abord [&hellip;]\" \/>\n<meta property=\"og:url\" content=\"https:\/\/batijournal.com\/index.php\/nouveaux-logements-etudiants-campus-hec\/96022\/\" \/>\n<meta property=\"og:site_name\" content=\"Batijournal\" \/>\n<meta property=\"article:published_time\" content=\"2017-05-22T07:19:25+00:00\" \/>\n<meta property=\"article:modified_time\" content=\"2019-07-15T09:27:19+00:00\" \/>\n<meta property=\"og:image\" content=\"https:\/\/batijournal.com\/wp-content\/uploads\/2017\/05\/logements-etudiants-sur-le-campus-HEC.jpg\" \/>\n\t<meta property=\"og:image:width\" content=\"1200\" \/>\n\t<meta property=\"og:image:height\" content=\"855\" \/>\n\t<meta property=\"og:image:type\" content=\"image\/jpeg\" \/>\n<meta name=\"author\" content=\"St\u00e9phane Miget\" \/>\n<meta name=\"twitter:card\" content=\"summary_large_image\" \/>\n<meta name=\"twitter:creator\" content=\"@bati_journal\" \/>\n<meta name=\"twitter:site\" content=\"@bati_journal\" \/>\n<meta name=\"twitter:label1\" content=\"\u00c9crit par\" \/>\n\t<meta name=\"twitter:data1\" content=\"St\u00e9phane Miget\" \/>\n\t<meta name=\"twitter:label2\" content=\"Dur\u00e9e de lecture estim\u00e9e\" \/>\n\t<meta name=\"twitter:data2\" content=\"2 minutes\" \/>\n<script type=\"application\/ld+json\" class=\"yoast-schema-graph\">{\"@context\":\"https:\\\/\\\/schema.org\",\"@graph\":[{\"@type\":\"Article\",\"@id\":\"https:\\\/\\\/batijournal.com\\\/index.php\\\/nouveaux-logements-etudiants-campus-hec\\\/96022\\\/#article\",\"isPartOf\":{\"@id\":\"https:\\\/\\\/batijournal.com\\\/index.php\\\/nouveaux-logements-etudiants-campus-hec\\\/96022\\\/\"},\"author\":{\"name\":\"St\u00e9phane Miget\",\"@id\":\"https:\\\/\\\/batijournal.com\\\/#\\\/schema\\\/person\\\/1dc96ec6957aa1ccb25ebe78bb19f100\"},\"headline\":\"Nouveaux logements \u00e9tudiants sur le campus HEC\",\"datePublished\":\"2017-05-22T07:19:25+00:00\",\"dateModified\":\"2019-07-15T09:27:19+00:00\",\"mainEntityOfPage\":{\"@id\":\"https:\\\/\\\/batijournal.com\\\/index.php\\\/nouveaux-logements-etudiants-campus-hec\\\/96022\\\/\"},\"wordCount\":484,\"image\":{\"@id\":\"https:\\\/\\\/batijournal.com\\\/index.php\\\/nouveaux-logements-etudiants-campus-hec\\\/96022\\\/#primaryimage\"},\"thumbnailUrl\":\"https:\\\/\\\/batijournal.com\\\/wp-content\\\/uploads\\\/2017\\\/05\\\/logements-etudiants-sur-le-campus-HEC.jpg\",\"keywords\":[\"chantier\"],\"articleSection\":[\"Actualit\u00e9s\",\"Architecture &amp; Conception\"],\"inLanguage\":\"fr-FR\"},{\"@type\":\"WebPage\",\"@id\":\"https:\\\/\\\/batijournal.com\\\/index.php\\\/nouveaux-logements-etudiants-campus-hec\\\/96022\\\/\",\"url\":\"https:\\\/\\\/batijournal.com\\\/index.php\\\/nouveaux-logements-etudiants-campus-hec\\\/96022\\\/\",\"name\":\"Nouveaux logements \u00e9tudiants sur le campus HEC\",\"isPartOf\":{\"@id\":\"https:\\\/\\\/batijournal.com\\\/#website\"},\"primaryImageOfPage\":{\"@id\":\"https:\\\/\\\/batijournal.com\\\/index.php\\\/nouveaux-logements-etudiants-campus-hec\\\/96022\\\/#primaryimage\"},\"image\":{\"@id\":\"https:\\\/\\\/batijournal.com\\\/index.php\\\/nouveaux-logements-etudiants-campus-hec\\\/96022\\\/#primaryimage\"},\"thumbnailUrl\":\"https:\\\/\\\/batijournal.com\\\/wp-content\\\/uploads\\\/2017\\\/05\\\/logements-etudiants-sur-le-campus-HEC.jpg\",\"datePublished\":\"2017-05-22T07:19:25+00:00\",\"dateModified\":\"2019-07-15T09:27:19+00:00\",\"author\":{\"@id\":\"https:\\\/\\\/batijournal.com\\\/#\\\/schema\\\/person\\\/1dc96ec6957aa1ccb25ebe78bb19f100\"},\"breadcrumb\":{\"@id\":\"https:\\\/\\\/batijournal.com\\\/index.php\\\/nouveaux-logements-etudiants-campus-hec\\\/96022\\\/#breadcrumb\"},\"inLanguage\":\"fr-FR\",\"potentialAction\":[{\"@type\":\"ReadAction\",\"target\":[\"https:\\\/\\\/batijournal.com\\\/index.php\\\/nouveaux-logements-etudiants-campus-hec\\\/96022\\\/\"]}]},{\"@type\":\"ImageObject\",\"inLanguage\":\"fr-FR\",\"@id\":\"https:\\\/\\\/batijournal.com\\\/index.php\\\/nouveaux-logements-etudiants-campus-hec\\\/96022\\\/#primaryimage\",\"url\":\"https:\\\/\\\/batijournal.com\\\/wp-content\\\/uploads\\\/2017\\\/05\\\/logements-etudiants-sur-le-campus-HEC.jpg\",\"contentUrl\":\"https:\\\/\\\/batijournal.com\\\/wp-content\\\/uploads\\\/2017\\\/05\\\/logements-etudiants-sur-le-campus-HEC.jpg\",\"width\":1200,\"height\":855},{\"@type\":\"BreadcrumbList\",\"@id\":\"https:\\\/\\\/batijournal.com\\\/index.php\\\/nouveaux-logements-etudiants-campus-hec\\\/96022\\\/#breadcrumb\",\"itemListElement\":[{\"@type\":\"ListItem\",\"position\":1,\"name\":\"Accueil\",\"item\":\"https:\\\/\\\/batijournal.com\\\/\"},{\"@type\":\"ListItem\",\"position\":2,\"name\":\"Actualit\u00e9s\",\"item\":\"https:\\\/\\\/batijournal.com\\\/index.php\\\/category\\\/actualites\\\/\"},{\"@type\":\"ListItem\",\"position\":3,\"name\":\"Nouveaux logements \u00e9tudiants sur le campus HEC\"}]},{\"@type\":\"WebSite\",\"@id\":\"https:\\\/\\\/batijournal.com\\\/#website\",\"url\":\"https:\\\/\\\/batijournal.com\\\/\",\"name\":\"Batijournal\",\"description\":\"L&#039;actualit\u00e9 du b\u00e2timent\",\"potentialAction\":[{\"@type\":\"SearchAction\",\"target\":{\"@type\":\"EntryPoint\",\"urlTemplate\":\"https:\\\/\\\/batijournal.com\\\/?s={search_term_string}\"},\"query-input\":{\"@type\":\"PropertyValueSpecification\",\"valueRequired\":true,\"valueName\":\"search_term_string\"}}],\"inLanguage\":\"fr-FR\"},{\"@type\":\"Person\",\"@id\":\"https:\\\/\\\/batijournal.com\\\/#\\\/schema\\\/person\\\/1dc96ec6957aa1ccb25ebe78bb19f100\",\"name\":\"St\u00e9phane Miget\",\"image\":{\"@type\":\"ImageObject\",\"inLanguage\":\"fr-FR\",\"@id\":\"https:\\\/\\\/secure.gravatar.com\\\/avatar\\\/89915563d925342126b8ef0281b93d9d7fc337043e8df017f780908eb9644451?s=96&d=mm&r=g\",\"url\":\"https:\\\/\\\/secure.gravatar.com\\\/avatar\\\/89915563d925342126b8ef0281b93d9d7fc337043e8df017f780908eb9644451?s=96&d=mm&r=g\",\"contentUrl\":\"https:\\\/\\\/secure.gravatar.com\\\/avatar\\\/89915563d925342126b8ef0281b93d9d7fc337043e8df017f780908eb9644451?s=96&d=mm&r=g\",\"caption\":\"St\u00e9phane Miget\"},\"url\":\"https:\\\/\\\/batijournal.com\\\/index.php\\\/author\\\/stephane\\\/\"}]}<\/script>\n<!-- \/ Yoast SEO plugin. -->","yoast_head_json":{"title":"Nouveaux logements \u00e9tudiants sur le campus HEC","robots":{"index":"index","follow":"follow","max-snippet":"max-snippet:-1","max-image-preview":"max-image-preview:large","max-video-preview":"max-video-preview:-1"},"canonical":"https:\/\/batijournal.com\/index.php\/nouveaux-logements-etudiants-campus-hec\/96022\/","og_locale":"fr_FR","og_type":"article","og_title":"Nouveaux logements \u00e9tudiants sur le campus HEC","og_description":"Situ\u00e9 au bord du plateau de Saclay et de la vall\u00e9e de la Bi\u00e8vre, le campus HEC jouit d\u2019un emplacement privil\u00e9gi\u00e9. Le parc de 138 hectares rassemble des \u00e9quipements sportifs prestigieux, une vaste zone foresti\u00e8re et un plateau habit\u00e9 par des b\u00e2timents de 1962 et con\u00e7us par l\u2019architecte Ren\u00e9 Coulon. L&rsquo;architecte Martin Duplantier a d\u2019abord [&hellip;]","og_url":"https:\/\/batijournal.com\/index.php\/nouveaux-logements-etudiants-campus-hec\/96022\/","og_site_name":"Batijournal","article_published_time":"2017-05-22T07:19:25+00:00","article_modified_time":"2019-07-15T09:27:19+00:00","og_image":[{"width":1200,"height":855,"url":"https:\/\/batijournal.com\/wp-content\/uploads\/2017\/05\/logements-etudiants-sur-le-campus-HEC.jpg","type":"image\/jpeg"}],"author":"St\u00e9phane Miget","twitter_card":"summary_large_image","twitter_creator":"@bati_journal","twitter_site":"@bati_journal","twitter_misc":{"\u00c9crit par":"St\u00e9phane Miget","Dur\u00e9e de lecture estim\u00e9e":"2 minutes"},"schema":{"@context":"https:\/\/schema.org","@graph":[{"@type":"Article","@id":"https:\/\/batijournal.com\/index.php\/nouveaux-logements-etudiants-campus-hec\/96022\/#article","isPartOf":{"@id":"https:\/\/batijournal.com\/index.php\/nouveaux-logements-etudiants-campus-hec\/96022\/"},"author":{"name":"St\u00e9phane Miget","@id":"https:\/\/batijournal.com\/#\/schema\/person\/1dc96ec6957aa1ccb25ebe78bb19f100"},"headline":"Nouveaux logements \u00e9tudiants sur le campus HEC","datePublished":"2017-05-22T07:19:25+00:00","dateModified":"2019-07-15T09:27:19+00:00","mainEntityOfPage":{"@id":"https:\/\/batijournal.com\/index.php\/nouveaux-logements-etudiants-campus-hec\/96022\/"},"wordCount":484,"image":{"@id":"https:\/\/batijournal.com\/index.php\/nouveaux-logements-etudiants-campus-hec\/96022\/#primaryimage"},"thumbnailUrl":"https:\/\/batijournal.com\/wp-content\/uploads\/2017\/05\/logements-etudiants-sur-le-campus-HEC.jpg","keywords":["chantier"],"articleSection":["Actualit\u00e9s","Architecture &amp; Conception"],"inLanguage":"fr-FR"},{"@type":"WebPage","@id":"https:\/\/batijournal.com\/index.php\/nouveaux-logements-etudiants-campus-hec\/96022\/","url":"https:\/\/batijournal.com\/index.php\/nouveaux-logements-etudiants-campus-hec\/96022\/","name":"Nouveaux logements \u00e9tudiants sur le campus HEC","isPartOf":{"@id":"https:\/\/batijournal.com\/#website"},"primaryImageOfPage":{"@id":"https:\/\/batijournal.com\/index.php\/nouveaux-logements-etudiants-campus-hec\/96022\/#primaryimage"},"image":{"@id":"https:\/\/batijournal.com\/index.php\/nouveaux-logements-etudiants-campus-hec\/96022\/#primaryimage"},"thumbnailUrl":"https:\/\/batijournal.com\/wp-content\/uploads\/2017\/05\/logements-etudiants-sur-le-campus-HEC.jpg","datePublished":"2017-05-22T07:19:25+00:00","dateModified":"2019-07-15T09:27:19+00:00","author":{"@id":"https:\/\/batijournal.com\/#\/schema\/person\/1dc96ec6957aa1ccb25ebe78bb19f100"},"breadcrumb":{"@id":"https:\/\/batijournal.com\/index.php\/nouveaux-logements-etudiants-campus-hec\/96022\/#breadcrumb"},"inLanguage":"fr-FR","potentialAction":[{"@type":"ReadAction","target":["https:\/\/batijournal.com\/index.php\/nouveaux-logements-etudiants-campus-hec\/96022\/"]}]},{"@type":"ImageObject","inLanguage":"fr-FR","@id":"https:\/\/batijournal.com\/index.php\/nouveaux-logements-etudiants-campus-hec\/96022\/#primaryimage","url":"https:\/\/batijournal.com\/wp-content\/uploads\/2017\/05\/logements-etudiants-sur-le-campus-HEC.jpg","contentUrl":"https:\/\/batijournal.com\/wp-content\/uploads\/2017\/05\/logements-etudiants-sur-le-campus-HEC.jpg","width":1200,"height":855},{"@type":"BreadcrumbList","@id":"https:\/\/batijournal.com\/index.php\/nouveaux-logements-etudiants-campus-hec\/96022\/#breadcrumb","itemListElement":[{"@type":"ListItem","position":1,"name":"Accueil","item":"https:\/\/batijournal.com\/"},{"@type":"ListItem","position":2,"name":"Actualit\u00e9s","item":"https:\/\/batijournal.com\/index.php\/category\/actualites\/"},{"@type":"ListItem","position":3,"name":"Nouveaux logements \u00e9tudiants sur le campus HEC"}]},{"@type":"WebSite","@id":"https:\/\/batijournal.com\/#website","url":"https:\/\/batijournal.com\/","name":"Batijournal","description":"L&#039;actualit\u00e9 du b\u00e2timent","potentialAction":[{"@type":"SearchAction","target":{"@type":"EntryPoint","urlTemplate":"https:\/\/batijournal.com\/?s={search_term_string}"},"query-input":{"@type":"PropertyValueSpecification","valueRequired":true,"valueName":"search_term_string"}}],"inLanguage":"fr-FR"},{"@type":"Person","@id":"https:\/\/batijournal.com\/#\/schema\/person\/1dc96ec6957aa1ccb25ebe78bb19f100","name":"St\u00e9phane Miget","image":{"@type":"ImageObject","inLanguage":"fr-FR","@id":"https:\/\/secure.gravatar.com\/avatar\/89915563d925342126b8ef0281b93d9d7fc337043e8df017f780908eb9644451?s=96&d=mm&r=g","url":"https:\/\/secure.gravatar.com\/avatar\/89915563d925342126b8ef0281b93d9d7fc337043e8df017f780908eb9644451?s=96&d=mm&r=g","contentUrl":"https:\/\/secure.gravatar.com\/avatar\/89915563d925342126b8ef0281b93d9d7fc337043e8df017f780908eb9644451?s=96&d=mm&r=g","caption":"St\u00e9phane Miget"},"url":"https:\/\/batijournal.com\/index.php\/author\/stephane\/"}]}},"_links":{"self":[{"href":"https:\/\/batijournal.com\/index.php\/wp-json\/wp\/v2\/posts\/96022","targetHints":{"allow":["GET"]}}],"collection":[{"href":"https:\/\/batijournal.com\/index.php\/wp-json\/wp\/v2\/posts"}],"about":[{"href":"https:\/\/batijournal.com\/index.php\/wp-json\/wp\/v2\/types\/post"}],"author":[{"embeddable":true,"href":"https:\/\/batijournal.com\/index.php\/wp-json\/wp\/v2\/users\/17"}],"replies":[{"embeddable":true,"href":"https:\/\/batijournal.com\/index.php\/wp-json\/wp\/v2\/comments?post=96022"}],"version-history":[{"count":0,"href":"https:\/\/batijournal.com\/index.php\/wp-json\/wp\/v2\/posts\/96022\/revisions"}],"wp:featuredmedia":[{"embeddable":true,"href":"https:\/\/batijournal.com\/index.php\/wp-json\/wp\/v2\/media\/96023"}],"wp:attachment":[{"href":"https:\/\/batijournal.com\/index.php\/wp-json\/wp\/v2\/media?parent=96022"}],"wp:term":[{"taxonomy":"category","embeddable":true,"href":"https:\/\/batijournal.com\/index.php\/wp-json\/wp\/v2\/categories?post=96022"},{"taxonomy":"post_tag","embeddable":true,"href":"https:\/\/batijournal.com\/index.php\/wp-json\/wp\/v2\/tags?post=96022"}],"curies":[{"name":"wp","href":"https:\/\/api.w.org\/{rel}","templated":true}]}}