{"id":96030,"date":"2017-05-23T08:25:45","date_gmt":"2017-05-23T06:25:45","guid":{"rendered":"http:\/\/batijournal.com\/?p=96030"},"modified":"2019-07-15T11:27:19","modified_gmt":"2019-07-15T09:27:19","slug":"isolation-bardage-de-premiere-tour-de-logements-a-energie-positive","status":"publish","type":"post","link":"https:\/\/batijournal.com\/index.php\/isolation-bardage-de-premiere-tour-de-logements-a-energie-positive\/96030\/","title":{"rendered":"Isolation et bardage de la premi\u00e8re tour de logements \u00e0 \u00e9nergie positive"},"content":{"rendered":"<p><strong>La Tour Elithis Danube, premi\u00e8re tour de logements \u00e0 \u00e9nergie positive au monde, verra bient\u00f4t le jour dans le futur \u00e9co quartier Danube, sur d\u2019anciennes friches portuaires proches du centre-ville de Strasbourg. Haute de 16 \u00e9tages, elle abritera 63 logements pour une surface habitable totale d\u2019environ 4 500 m2.<\/strong><\/p>\n<p>R\u00e9alis\u00e9 par le groupe Elithis (\u00e0 l\u2019origine de la premi\u00e8re tour de bureaux \u00e0 \u00e9nergie positive au monde, dans la ville de Dijon), le projet est soutenu par la ville de Strasbourg, la communaut\u00e9 urbaine de Strasbourg, la soci\u00e9t\u00e9 d\u2019am\u00e9nagement et d\u2019\u00e9quipement de la r\u00e9gion de Strasbourg (Sers) et le p\u00f4le de comp\u00e9titivit\u00e9 Alsace Energivie. Imagin\u00e9e par le cabinet d\u2019architecte parisien X-TU, sa forme est compacte et optimis\u00e9e pour limiter les d\u00e9perditions pendant l\u2019hiver ; c\u00f4t\u00e9 canal, elle est profil\u00e9e pour limiter les expositions au Nord et laisser glisser les vents ; elle est \u00e9largie au Sud pour optimiser les apports \u00e9nerg\u00e9tiques du soleil et pour le plaisir des habitants.<\/p>\n<p>En charge du lot \u00e9tanch\u00e9it\u00e9, isolation ext\u00e9rieure et bardage, l\u2019agence Soprema Entreprises de Strasbourg a proc\u00e9d\u00e9 mi-mars 2017 \u00e0 la pose de l\u2019ossature aluminium sur le support b\u00e9ton. Une fois le 9\u00e8me \u00e9tage atteint, ses \u00e9quipes ont d\u00e9marr\u00e9 l\u2019installation par l\u2019ext\u00e9rieur de l\u2019isolation en laine de verre de 200 mm d\u2019\u00e9paisseur. Les 2 200 m2 sont pos\u00e9s en 2 couches crois\u00e9es pour une r\u00e9sistance thermique R=5,7 m2K\/W. Cette solution a \u00e9t\u00e9 retenue par la ma\u00eetrise d\u2019ouvrage afin de supprimer les ponts thermiques et d\u00e9passer la performance BEPOS tous usages.<\/p>\n<p>En parall\u00e8le, l\u2019agence Soprema Entreprises de Strasbourg a entrepris la mise en \u0153uvre du bardage m\u00e9tallique, selon un calepinage tr\u00e8s pr\u00e9cis respectant la complexit\u00e9 du dessin architectural. Au total, plus de 600 cassettes de type Alucobond, pour une surface totale de 1 800 m2, viendront former un gigantesque patchwork de 57 m\u00e8tres de hauteur, compos\u00e9 de 3 teintes allant du noir vers des teintes de gris m\u00e9tallis\u00e9 champagne et gris m\u00e9tal bross\u00e9. Le socle de la tour Elithis Danube, r\u00e9alis\u00e9 avec un mix structure b\u00e9ton et ossature bois, sera quant \u00e0 lui rev\u00eatu d\u2019un bardage Trespa (400 m2).<\/p>\n<p>Photo : Soprema<\/p>\n","protected":false},"excerpt":{"rendered":"<p>La Tour Elithis Danube, premi\u00e8re tour de logements \u00e0 \u00e9nergie positive au monde, verra bient\u00f4t le jour dans le futur \u00e9co quartier Danube, sur d\u2019anciennes friches portuaires proches du centre-ville de Strasbourg. Haute de 16 \u00e9tages, elle abritera 63 logements pour une surface habitable totale d\u2019environ 4 500 m2. R\u00e9alis\u00e9 par le groupe Elithis (\u00e0 [&hellip;]<\/p>\n","protected":false},"author":17,"featured_media":96031,"comment_status":"closed","ping_status":"closed","sticky":false,"template":"","format":"standard","meta":{"_et_pb_use_builder":"","_et_pb_old_content":"","_et_gb_content_width":"","footnotes":""},"categories":[10530,6340,10771,10775,10778],"tags":[42],"class_list":["post-96030","post","type-post","status-publish","format-standard","has-post-thumbnail","hentry","category-actualites","category-architecture-conception","category-5facades","category-actualites-5facades","category-planete","tag-bepos"],"yoast_head":"<!-- This site is optimized with the Yoast SEO plugin v27.4 - https:\/\/yoast.com\/product\/yoast-seo-wordpress\/ -->\n<title>Isolation et bardage de la premi\u00e8re tour de logements \u00e0 \u00e9nergie positive<\/title>\n<meta name=\"robots\" content=\"index, follow, max-snippet:-1, max-image-preview:large, max-video-preview:-1\" \/>\n<link rel=\"canonical\" href=\"https:\/\/batijournal.com\/index.php\/isolation-bardage-de-premiere-tour-de-logements-a-energie-positive\/96030\/\" \/>\n<meta property=\"og:locale\" content=\"fr_FR\" \/>\n<meta property=\"og:type\" content=\"article\" \/>\n<meta property=\"og:title\" content=\"Isolation et bardage de la premi\u00e8re tour de logements \u00e0 \u00e9nergie positive\" \/>\n<meta property=\"og:description\" content=\"La Tour Elithis Danube, premi\u00e8re tour de logements \u00e0 \u00e9nergie positive au monde, verra bient\u00f4t le jour dans le futur \u00e9co quartier Danube, sur d\u2019anciennes friches portuaires proches du centre-ville de Strasbourg. Haute de 16 \u00e9tages, elle abritera 63 logements pour une surface habitable totale d\u2019environ 4 500 m2. R\u00e9alis\u00e9 par le groupe Elithis (\u00e0 [&hellip;]\" \/>\n<meta property=\"og:url\" content=\"https:\/\/batijournal.com\/index.php\/isolation-bardage-de-premiere-tour-de-logements-a-energie-positive\/96030\/\" \/>\n<meta property=\"og:site_name\" content=\"Batijournal\" \/>\n<meta property=\"article:published_time\" content=\"2017-05-23T06:25:45+00:00\" \/>\n<meta property=\"article:modified_time\" content=\"2019-07-15T09:27:19+00:00\" \/>\n<meta property=\"og:image\" content=\"https:\/\/batijournal.com\/wp-content\/uploads\/2017\/05\/bardage-isolation-soprema-Tour-ELITHIS-Danube.jpg\" \/>\n\t<meta property=\"og:image:width\" content=\"1400\" \/>\n\t<meta property=\"og:image:height\" content=\"1050\" \/>\n\t<meta property=\"og:image:type\" content=\"image\/jpeg\" \/>\n<meta name=\"author\" content=\"St\u00e9phane Miget\" \/>\n<meta name=\"twitter:card\" content=\"summary_large_image\" \/>\n<meta name=\"twitter:creator\" content=\"@bati_journal\" \/>\n<meta name=\"twitter:site\" content=\"@bati_journal\" \/>\n<meta name=\"twitter:label1\" content=\"\u00c9crit par\" \/>\n\t<meta name=\"twitter:data1\" content=\"St\u00e9phane Miget\" \/>\n\t<meta name=\"twitter:label2\" content=\"Dur\u00e9e de lecture estim\u00e9e\" \/>\n\t<meta name=\"twitter:data2\" content=\"2 minutes\" \/>\n<script type=\"application\/ld+json\" class=\"yoast-schema-graph\">{\"@context\":\"https:\\\/\\\/schema.org\",\"@graph\":[{\"@type\":\"Article\",\"@id\":\"https:\\\/\\\/batijournal.com\\\/index.php\\\/isolation-bardage-de-premiere-tour-de-logements-a-energie-positive\\\/96030\\\/#article\",\"isPartOf\":{\"@id\":\"https:\\\/\\\/batijournal.com\\\/index.php\\\/isolation-bardage-de-premiere-tour-de-logements-a-energie-positive\\\/96030\\\/\"},\"author\":{\"name\":\"St\u00e9phane Miget\",\"@id\":\"https:\\\/\\\/batijournal.com\\\/#\\\/schema\\\/person\\\/1dc96ec6957aa1ccb25ebe78bb19f100\"},\"headline\":\"Isolation et bardage de la premi\u00e8re tour de logements \u00e0 \u00e9nergie positive\",\"datePublished\":\"2017-05-23T06:25:45+00:00\",\"dateModified\":\"2019-07-15T09:27:19+00:00\",\"mainEntityOfPage\":{\"@id\":\"https:\\\/\\\/batijournal.com\\\/index.php\\\/isolation-bardage-de-premiere-tour-de-logements-a-energie-positive\\\/96030\\\/\"},\"wordCount\":392,\"image\":{\"@id\":\"https:\\\/\\\/batijournal.com\\\/index.php\\\/isolation-bardage-de-premiere-tour-de-logements-a-energie-positive\\\/96030\\\/#primaryimage\"},\"thumbnailUrl\":\"https:\\\/\\\/batijournal.com\\\/wp-content\\\/uploads\\\/2017\\\/05\\\/bardage-isolation-soprema-Tour-ELITHIS-Danube.jpg\",\"keywords\":[\"bepos\"],\"articleSection\":[\"Actualit\u00e9s\",\"Architecture &amp; Conception\",\"zz_5fa\u00e7ades\",\"zz_Actualit\u00e9s - 5fa\u00e7ades\",\"zz_Plan\u00e8te B\u00e2timent\"],\"inLanguage\":\"fr-FR\"},{\"@type\":\"WebPage\",\"@id\":\"https:\\\/\\\/batijournal.com\\\/index.php\\\/isolation-bardage-de-premiere-tour-de-logements-a-energie-positive\\\/96030\\\/\",\"url\":\"https:\\\/\\\/batijournal.com\\\/index.php\\\/isolation-bardage-de-premiere-tour-de-logements-a-energie-positive\\\/96030\\\/\",\"name\":\"Isolation et bardage de la premi\u00e8re tour de logements \u00e0 \u00e9nergie positive\",\"isPartOf\":{\"@id\":\"https:\\\/\\\/batijournal.com\\\/#website\"},\"primaryImageOfPage\":{\"@id\":\"https:\\\/\\\/batijournal.com\\\/index.php\\\/isolation-bardage-de-premiere-tour-de-logements-a-energie-positive\\\/96030\\\/#primaryimage\"},\"image\":{\"@id\":\"https:\\\/\\\/batijournal.com\\\/index.php\\\/isolation-bardage-de-premiere-tour-de-logements-a-energie-positive\\\/96030\\\/#primaryimage\"},\"thumbnailUrl\":\"https:\\\/\\\/batijournal.com\\\/wp-content\\\/uploads\\\/2017\\\/05\\\/bardage-isolation-soprema-Tour-ELITHIS-Danube.jpg\",\"datePublished\":\"2017-05-23T06:25:45+00:00\",\"dateModified\":\"2019-07-15T09:27:19+00:00\",\"author\":{\"@id\":\"https:\\\/\\\/batijournal.com\\\/#\\\/schema\\\/person\\\/1dc96ec6957aa1ccb25ebe78bb19f100\"},\"breadcrumb\":{\"@id\":\"https:\\\/\\\/batijournal.com\\\/index.php\\\/isolation-bardage-de-premiere-tour-de-logements-a-energie-positive\\\/96030\\\/#breadcrumb\"},\"inLanguage\":\"fr-FR\",\"potentialAction\":[{\"@type\":\"ReadAction\",\"target\":[\"https:\\\/\\\/batijournal.com\\\/index.php\\\/isolation-bardage-de-premiere-tour-de-logements-a-energie-positive\\\/96030\\\/\"]}]},{\"@type\":\"ImageObject\",\"inLanguage\":\"fr-FR\",\"@id\":\"https:\\\/\\\/batijournal.com\\\/index.php\\\/isolation-bardage-de-premiere-tour-de-logements-a-energie-positive\\\/96030\\\/#primaryimage\",\"url\":\"https:\\\/\\\/batijournal.com\\\/wp-content\\\/uploads\\\/2017\\\/05\\\/bardage-isolation-soprema-Tour-ELITHIS-Danube.jpg\",\"contentUrl\":\"https:\\\/\\\/batijournal.com\\\/wp-content\\\/uploads\\\/2017\\\/05\\\/bardage-isolation-soprema-Tour-ELITHIS-Danube.jpg\",\"width\":1400,\"height\":1050},{\"@type\":\"BreadcrumbList\",\"@id\":\"https:\\\/\\\/batijournal.com\\\/index.php\\\/isolation-bardage-de-premiere-tour-de-logements-a-energie-positive\\\/96030\\\/#breadcrumb\",\"itemListElement\":[{\"@type\":\"ListItem\",\"position\":1,\"name\":\"Accueil\",\"item\":\"https:\\\/\\\/batijournal.com\\\/\"},{\"@type\":\"ListItem\",\"position\":2,\"name\":\"Actualit\u00e9s\",\"item\":\"https:\\\/\\\/batijournal.com\\\/index.php\\\/category\\\/actualites\\\/\"},{\"@type\":\"ListItem\",\"position\":3,\"name\":\"Isolation et bardage de la premi\u00e8re tour de logements \u00e0 \u00e9nergie positive\"}]},{\"@type\":\"WebSite\",\"@id\":\"https:\\\/\\\/batijournal.com\\\/#website\",\"url\":\"https:\\\/\\\/batijournal.com\\\/\",\"name\":\"Batijournal\",\"description\":\"L&#039;actualit\u00e9 du b\u00e2timent\",\"potentialAction\":[{\"@type\":\"SearchAction\",\"target\":{\"@type\":\"EntryPoint\",\"urlTemplate\":\"https:\\\/\\\/batijournal.com\\\/?s={search_term_string}\"},\"query-input\":{\"@type\":\"PropertyValueSpecification\",\"valueRequired\":true,\"valueName\":\"search_term_string\"}}],\"inLanguage\":\"fr-FR\"},{\"@type\":\"Person\",\"@id\":\"https:\\\/\\\/batijournal.com\\\/#\\\/schema\\\/person\\\/1dc96ec6957aa1ccb25ebe78bb19f100\",\"name\":\"St\u00e9phane Miget\",\"image\":{\"@type\":\"ImageObject\",\"inLanguage\":\"fr-FR\",\"@id\":\"https:\\\/\\\/secure.gravatar.com\\\/avatar\\\/89915563d925342126b8ef0281b93d9d7fc337043e8df017f780908eb9644451?s=96&d=mm&r=g\",\"url\":\"https:\\\/\\\/secure.gravatar.com\\\/avatar\\\/89915563d925342126b8ef0281b93d9d7fc337043e8df017f780908eb9644451?s=96&d=mm&r=g\",\"contentUrl\":\"https:\\\/\\\/secure.gravatar.com\\\/avatar\\\/89915563d925342126b8ef0281b93d9d7fc337043e8df017f780908eb9644451?s=96&d=mm&r=g\",\"caption\":\"St\u00e9phane Miget\"},\"url\":\"https:\\\/\\\/batijournal.com\\\/index.php\\\/author\\\/stephane\\\/\"}]}<\/script>\n<!-- \/ Yoast SEO plugin. -->","yoast_head_json":{"title":"Isolation et bardage de la premi\u00e8re tour de logements \u00e0 \u00e9nergie positive","robots":{"index":"index","follow":"follow","max-snippet":"max-snippet:-1","max-image-preview":"max-image-preview:large","max-video-preview":"max-video-preview:-1"},"canonical":"https:\/\/batijournal.com\/index.php\/isolation-bardage-de-premiere-tour-de-logements-a-energie-positive\/96030\/","og_locale":"fr_FR","og_type":"article","og_title":"Isolation et bardage de la premi\u00e8re tour de logements \u00e0 \u00e9nergie positive","og_description":"La Tour Elithis Danube, premi\u00e8re tour de logements \u00e0 \u00e9nergie positive au monde, verra bient\u00f4t le jour dans le futur \u00e9co quartier Danube, sur d\u2019anciennes friches portuaires proches du centre-ville de Strasbourg. Haute de 16 \u00e9tages, elle abritera 63 logements pour une surface habitable totale d\u2019environ 4 500 m2. R\u00e9alis\u00e9 par le groupe Elithis (\u00e0 [&hellip;]","og_url":"https:\/\/batijournal.com\/index.php\/isolation-bardage-de-premiere-tour-de-logements-a-energie-positive\/96030\/","og_site_name":"Batijournal","article_published_time":"2017-05-23T06:25:45+00:00","article_modified_time":"2019-07-15T09:27:19+00:00","og_image":[{"width":1400,"height":1050,"url":"https:\/\/batijournal.com\/wp-content\/uploads\/2017\/05\/bardage-isolation-soprema-Tour-ELITHIS-Danube.jpg","type":"image\/jpeg"}],"author":"St\u00e9phane Miget","twitter_card":"summary_large_image","twitter_creator":"@bati_journal","twitter_site":"@bati_journal","twitter_misc":{"\u00c9crit par":"St\u00e9phane Miget","Dur\u00e9e de lecture estim\u00e9e":"2 minutes"},"schema":{"@context":"https:\/\/schema.org","@graph":[{"@type":"Article","@id":"https:\/\/batijournal.com\/index.php\/isolation-bardage-de-premiere-tour-de-logements-a-energie-positive\/96030\/#article","isPartOf":{"@id":"https:\/\/batijournal.com\/index.php\/isolation-bardage-de-premiere-tour-de-logements-a-energie-positive\/96030\/"},"author":{"name":"St\u00e9phane Miget","@id":"https:\/\/batijournal.com\/#\/schema\/person\/1dc96ec6957aa1ccb25ebe78bb19f100"},"headline":"Isolation et bardage de la premi\u00e8re tour de logements \u00e0 \u00e9nergie positive","datePublished":"2017-05-23T06:25:45+00:00","dateModified":"2019-07-15T09:27:19+00:00","mainEntityOfPage":{"@id":"https:\/\/batijournal.com\/index.php\/isolation-bardage-de-premiere-tour-de-logements-a-energie-positive\/96030\/"},"wordCount":392,"image":{"@id":"https:\/\/batijournal.com\/index.php\/isolation-bardage-de-premiere-tour-de-logements-a-energie-positive\/96030\/#primaryimage"},"thumbnailUrl":"https:\/\/batijournal.com\/wp-content\/uploads\/2017\/05\/bardage-isolation-soprema-Tour-ELITHIS-Danube.jpg","keywords":["bepos"],"articleSection":["Actualit\u00e9s","Architecture &amp; Conception","zz_5fa\u00e7ades","zz_Actualit\u00e9s - 5fa\u00e7ades","zz_Plan\u00e8te B\u00e2timent"],"inLanguage":"fr-FR"},{"@type":"WebPage","@id":"https:\/\/batijournal.com\/index.php\/isolation-bardage-de-premiere-tour-de-logements-a-energie-positive\/96030\/","url":"https:\/\/batijournal.com\/index.php\/isolation-bardage-de-premiere-tour-de-logements-a-energie-positive\/96030\/","name":"Isolation et bardage de la premi\u00e8re tour de logements \u00e0 \u00e9nergie positive","isPartOf":{"@id":"https:\/\/batijournal.com\/#website"},"primaryImageOfPage":{"@id":"https:\/\/batijournal.com\/index.php\/isolation-bardage-de-premiere-tour-de-logements-a-energie-positive\/96030\/#primaryimage"},"image":{"@id":"https:\/\/batijournal.com\/index.php\/isolation-bardage-de-premiere-tour-de-logements-a-energie-positive\/96030\/#primaryimage"},"thumbnailUrl":"https:\/\/batijournal.com\/wp-content\/uploads\/2017\/05\/bardage-isolation-soprema-Tour-ELITHIS-Danube.jpg","datePublished":"2017-05-23T06:25:45+00:00","dateModified":"2019-07-15T09:27:19+00:00","author":{"@id":"https:\/\/batijournal.com\/#\/schema\/person\/1dc96ec6957aa1ccb25ebe78bb19f100"},"breadcrumb":{"@id":"https:\/\/batijournal.com\/index.php\/isolation-bardage-de-premiere-tour-de-logements-a-energie-positive\/96030\/#breadcrumb"},"inLanguage":"fr-FR","potentialAction":[{"@type":"ReadAction","target":["https:\/\/batijournal.com\/index.php\/isolation-bardage-de-premiere-tour-de-logements-a-energie-positive\/96030\/"]}]},{"@type":"ImageObject","inLanguage":"fr-FR","@id":"https:\/\/batijournal.com\/index.php\/isolation-bardage-de-premiere-tour-de-logements-a-energie-positive\/96030\/#primaryimage","url":"https:\/\/batijournal.com\/wp-content\/uploads\/2017\/05\/bardage-isolation-soprema-Tour-ELITHIS-Danube.jpg","contentUrl":"https:\/\/batijournal.com\/wp-content\/uploads\/2017\/05\/bardage-isolation-soprema-Tour-ELITHIS-Danube.jpg","width":1400,"height":1050},{"@type":"BreadcrumbList","@id":"https:\/\/batijournal.com\/index.php\/isolation-bardage-de-premiere-tour-de-logements-a-energie-positive\/96030\/#breadcrumb","itemListElement":[{"@type":"ListItem","position":1,"name":"Accueil","item":"https:\/\/batijournal.com\/"},{"@type":"ListItem","position":2,"name":"Actualit\u00e9s","item":"https:\/\/batijournal.com\/index.php\/category\/actualites\/"},{"@type":"ListItem","position":3,"name":"Isolation et bardage de la premi\u00e8re tour de logements \u00e0 \u00e9nergie positive"}]},{"@type":"WebSite","@id":"https:\/\/batijournal.com\/#website","url":"https:\/\/batijournal.com\/","name":"Batijournal","description":"L&#039;actualit\u00e9 du b\u00e2timent","potentialAction":[{"@type":"SearchAction","target":{"@type":"EntryPoint","urlTemplate":"https:\/\/batijournal.com\/?s={search_term_string}"},"query-input":{"@type":"PropertyValueSpecification","valueRequired":true,"valueName":"search_term_string"}}],"inLanguage":"fr-FR"},{"@type":"Person","@id":"https:\/\/batijournal.com\/#\/schema\/person\/1dc96ec6957aa1ccb25ebe78bb19f100","name":"St\u00e9phane Miget","image":{"@type":"ImageObject","inLanguage":"fr-FR","@id":"https:\/\/secure.gravatar.com\/avatar\/89915563d925342126b8ef0281b93d9d7fc337043e8df017f780908eb9644451?s=96&d=mm&r=g","url":"https:\/\/secure.gravatar.com\/avatar\/89915563d925342126b8ef0281b93d9d7fc337043e8df017f780908eb9644451?s=96&d=mm&r=g","contentUrl":"https:\/\/secure.gravatar.com\/avatar\/89915563d925342126b8ef0281b93d9d7fc337043e8df017f780908eb9644451?s=96&d=mm&r=g","caption":"St\u00e9phane Miget"},"url":"https:\/\/batijournal.com\/index.php\/author\/stephane\/"}]}},"_links":{"self":[{"href":"https:\/\/batijournal.com\/index.php\/wp-json\/wp\/v2\/posts\/96030","targetHints":{"allow":["GET"]}}],"collection":[{"href":"https:\/\/batijournal.com\/index.php\/wp-json\/wp\/v2\/posts"}],"about":[{"href":"https:\/\/batijournal.com\/index.php\/wp-json\/wp\/v2\/types\/post"}],"author":[{"embeddable":true,"href":"https:\/\/batijournal.com\/index.php\/wp-json\/wp\/v2\/users\/17"}],"replies":[{"embeddable":true,"href":"https:\/\/batijournal.com\/index.php\/wp-json\/wp\/v2\/comments?post=96030"}],"version-history":[{"count":0,"href":"https:\/\/batijournal.com\/index.php\/wp-json\/wp\/v2\/posts\/96030\/revisions"}],"wp:featuredmedia":[{"embeddable":true,"href":"https:\/\/batijournal.com\/index.php\/wp-json\/wp\/v2\/media\/96031"}],"wp:attachment":[{"href":"https:\/\/batijournal.com\/index.php\/wp-json\/wp\/v2\/media?parent=96030"}],"wp:term":[{"taxonomy":"category","embeddable":true,"href":"https:\/\/batijournal.com\/index.php\/wp-json\/wp\/v2\/categories?post=96030"},{"taxonomy":"post_tag","embeddable":true,"href":"https:\/\/batijournal.com\/index.php\/wp-json\/wp\/v2\/tags?post=96030"}],"curies":[{"name":"wp","href":"https:\/\/api.w.org\/{rel}","templated":true}]}}