{"id":96032,"date":"2017-05-23T08:38:01","date_gmt":"2017-05-23T06:38:01","guid":{"rendered":"http:\/\/batijournal.com\/?p=96032"},"modified":"2019-07-15T11:27:19","modified_gmt":"2019-07-15T09:27:19","slug":"extension-prolongement-de-restanques-provencales","status":"publish","type":"post","link":"https:\/\/batijournal.com\/index.php\/extension-prolongement-de-restanques-provencales\/96032\/","title":{"rendered":"Une extension en prolongement de restanques proven\u00e7ales"},"content":{"rendered":"<p><strong>Le cabinet ELLENA MEHL Architectes a cr\u00e9\u00e9 une extension d&rsquo;une maison proven\u00e7ale construite dans les restanques. Elle s&rsquo;inscrit dans le plan des terrasses existantes, et vient s&rsquo;ins\u00e9rer entre la maison et la planche suivante en red\u00e9finissant de nouvelles surfaces d&rsquo;intersection. Plac\u00e9e \u00e0 mi-niveau de la maison existante, elle est reli\u00e9e en sous-\u0153uvre par l&rsquo;escalier central rebalanc\u00e9 sur son palier interm\u00e9diaire.<\/strong><\/p>\n<p>L&rsquo;extension s&rsquo;ouvre en plans de verre sur ses extr\u00e9mit\u00e9s vers le paysage environnant.\u00a0On a ainsi 3 plans qui se rejoignent aux diff\u00e9rents angles de la maison : celui des pierres s\u00e8ches des murs de sout\u00e8nement des planches, celui de la terre et du v\u00e9g\u00e9tal, celui des parois vitr\u00e9es plus abstraites et sans cadres. Cette composition minimale est r\u00e9alis\u00e9e par un jeu de parois m\u00e9talliques pli\u00e9es de 10 mm qui s\u00e9parent les plans de toiture, de pierre et de verre. Le b\u00e9ton du toit se plie \u00e9galement, pour articuler le retournement des courbes de niveaux \u00e0 l&rsquo;extr\u00e9mit\u00e9 du terrain, faisant dispara\u00eetre la hauteur b\u00e2tie.<\/p>\n<p><img loading=\"lazy\" decoding=\"async\" class=\"aligncenter size-large wp-image-96033\" src=\"https:\/\/batijournal.com\/wp-content\/uploads\/2017\/05\/extension-verre-restanques-ELLENA-MEHL-Architectes3-1024x902.jpg\" alt=\"\" width=\"960\" height=\"846\" srcset=\"https:\/\/batijournal.com\/wp-content\/uploads\/2017\/05\/extension-verre-restanques-ELLENA-MEHL-Architectes3-1024x902.jpg 1024w, https:\/\/batijournal.com\/wp-content\/uploads\/2017\/05\/extension-verre-restanques-ELLENA-MEHL-Architectes3-150x132.jpg 150w, https:\/\/batijournal.com\/wp-content\/uploads\/2017\/05\/extension-verre-restanques-ELLENA-MEHL-Architectes3-300x264.jpg 300w, https:\/\/batijournal.com\/wp-content\/uploads\/2017\/05\/extension-verre-restanques-ELLENA-MEHL-Architectes3-768x676.jpg 768w, https:\/\/batijournal.com\/wp-content\/uploads\/2017\/05\/extension-verre-restanques-ELLENA-MEHL-Architectes3-600x529.jpg 600w, https:\/\/batijournal.com\/wp-content\/uploads\/2017\/05\/extension-verre-restanques-ELLENA-MEHL-Architectes3.jpg 1200w\" sizes=\"(max-width: 960px) 100vw, 960px\" \/><\/p>\n<p>L&rsquo;extension comprend un sous-sol complet mis en relation avec la cuisine \u00e0 rez-de-chauss\u00e9e par une demie-vol\u00e9e d&rsquo;escalier. Il accueille cellier, buanderie, locaux techniques et une cave. L&rsquo;\u00e9tage propose une salle de bain ouverte sur le paysage lat\u00e9ral des terrasses, un dressing et une grande chambre int\u00e9gralement ouverte sur la vue d\u00e9gag\u00e9e au Sud.<\/p>\n<p>Toutes les parois vitr\u00e9es sont de type double peau et comprennent :<br \/>\n&#8211; une paroi ext\u00e9rieure en verre tremp\u00e9 maintenue par des pattes de fixation \u00e0 une structure en t\u00f4le pleine de 10 mm. Des ouvrants sont int\u00e9gr\u00e9s.<br \/>\n&#8211; un store occultant \/ r\u00e9fl\u00e9chissant int\u00e9gr\u00e9 sous la t\u00f4le pr\u00e9c\u00e9dente,<br \/>\n&#8211; une paroi menuis\u00e9e double vitrage.<\/p>\n<p><img loading=\"lazy\" decoding=\"async\" class=\"aligncenter size-full wp-image-96034\" src=\"https:\/\/batijournal.com\/wp-content\/uploads\/2017\/05\/extension-verre-restanques-ELLENA-MEHL-Architectes2-.jpg\" alt=\"\" width=\"665\" height=\"1000\" srcset=\"https:\/\/batijournal.com\/wp-content\/uploads\/2017\/05\/extension-verre-restanques-ELLENA-MEHL-Architectes2-.jpg 665w, https:\/\/batijournal.com\/wp-content\/uploads\/2017\/05\/extension-verre-restanques-ELLENA-MEHL-Architectes2--100x150.jpg 100w, https:\/\/batijournal.com\/wp-content\/uploads\/2017\/05\/extension-verre-restanques-ELLENA-MEHL-Architectes2--200x300.jpg 200w, https:\/\/batijournal.com\/wp-content\/uploads\/2017\/05\/extension-verre-restanques-ELLENA-MEHL-Architectes2--600x902.jpg 600w\" sizes=\"(max-width: 665px) 100vw, 665px\" \/><\/p>\n<p>Ce principe de paroi vitr\u00e9e double peau associ\u00e9 \u00e0 l&rsquo;enfouissement de la maison permet de maintenir un confort thermique optimal &#8211; m\u00eame avec une exposition plein sud &#8211; pour l&rsquo;essentiel de l&rsquo;ann\u00e9e.<\/p>\n<p>Surface utile : 120 m2 sur 2 niveaux<br \/>\nLaur\u00e9at de l&rsquo;ArchiDesign Award 2017, cat\u00e9gorie \u00ab\u00a0Sur\u00e9l\u00e9vation \/ Extension de maison\u00a0\u00bb<br \/>\nELLENA MEHL Architectes : l&rsquo;agence men\u00e9e par le duo Herv\u00e9 ELLENA et St\u00e9phanie MEHL a aujourd&rsquo;hui plus de 10 ans d&rsquo;existence.<\/p>\n<p>Photo : \u00a9 Herv\u00e9 ELLENA<\/p>\n<p>&nbsp;<\/p>\n","protected":false},"excerpt":{"rendered":"<p>Le cabinet ELLENA MEHL Architectes a cr\u00e9\u00e9 une extension d&rsquo;une maison proven\u00e7ale construite dans les restanques. Elle s&rsquo;inscrit dans le plan des terrasses existantes, et vient s&rsquo;ins\u00e9rer entre la maison et la planche suivante en red\u00e9finissant de nouvelles surfaces d&rsquo;intersection. Plac\u00e9e \u00e0 mi-niveau de la maison existante, elle est reli\u00e9e en sous-\u0153uvre par l&rsquo;escalier central [&hellip;]<\/p>\n","protected":false},"author":17,"featured_media":96035,"comment_status":"closed","ping_status":"closed","sticky":false,"template":"","format":"standard","meta":{"_et_pb_use_builder":"","_et_pb_old_content":"","_et_gb_content_width":"","footnotes":""},"categories":[10530,6340],"tags":[622],"class_list":["post-96032","post","type-post","status-publish","format-standard","has-post-thumbnail","hentry","category-actualites","category-architecture-conception","tag-extension"],"yoast_head":"<!-- This site is optimized with the Yoast SEO plugin v27.4 - https:\/\/yoast.com\/product\/yoast-seo-wordpress\/ -->\n<title>Une extension en prolongement de restanques proven\u00e7ales<\/title>\n<meta name=\"robots\" content=\"index, follow, max-snippet:-1, max-image-preview:large, max-video-preview:-1\" \/>\n<link rel=\"canonical\" href=\"https:\/\/batijournal.com\/index.php\/extension-prolongement-de-restanques-provencales\/96032\/\" \/>\n<meta property=\"og:locale\" content=\"fr_FR\" \/>\n<meta property=\"og:type\" content=\"article\" \/>\n<meta property=\"og:title\" content=\"Une extension en prolongement de restanques proven\u00e7ales\" \/>\n<meta property=\"og:description\" content=\"Le cabinet ELLENA MEHL Architectes a cr\u00e9\u00e9 une extension d&rsquo;une maison proven\u00e7ale construite dans les restanques. Elle s&rsquo;inscrit dans le plan des terrasses existantes, et vient s&rsquo;ins\u00e9rer entre la maison et la planche suivante en red\u00e9finissant de nouvelles surfaces d&rsquo;intersection. Plac\u00e9e \u00e0 mi-niveau de la maison existante, elle est reli\u00e9e en sous-\u0153uvre par l&rsquo;escalier central [&hellip;]\" \/>\n<meta property=\"og:url\" content=\"https:\/\/batijournal.com\/index.php\/extension-prolongement-de-restanques-provencales\/96032\/\" \/>\n<meta property=\"og:site_name\" content=\"Batijournal\" \/>\n<meta property=\"article:published_time\" content=\"2017-05-23T06:38:01+00:00\" \/>\n<meta property=\"article:modified_time\" content=\"2019-07-15T09:27:19+00:00\" \/>\n<meta property=\"og:image\" content=\"https:\/\/batijournal.com\/wp-content\/uploads\/2017\/05\/extension-verre-restanques-ELLENA-MEHL-Architectes.jpg\" \/>\n\t<meta property=\"og:image:width\" content=\"1200\" \/>\n\t<meta property=\"og:image:height\" content=\"1062\" \/>\n\t<meta property=\"og:image:type\" content=\"image\/jpeg\" \/>\n<meta name=\"author\" content=\"St\u00e9phane Miget\" \/>\n<meta name=\"twitter:card\" content=\"summary_large_image\" \/>\n<meta name=\"twitter:creator\" content=\"@bati_journal\" \/>\n<meta name=\"twitter:site\" content=\"@bati_journal\" \/>\n<meta name=\"twitter:label1\" content=\"\u00c9crit par\" \/>\n\t<meta name=\"twitter:data1\" content=\"St\u00e9phane Miget\" \/>\n\t<meta name=\"twitter:label2\" content=\"Dur\u00e9e de lecture estim\u00e9e\" \/>\n\t<meta name=\"twitter:data2\" content=\"2 minutes\" \/>\n<script type=\"application\/ld+json\" class=\"yoast-schema-graph\">{\"@context\":\"https:\\\/\\\/schema.org\",\"@graph\":[{\"@type\":\"Article\",\"@id\":\"https:\\\/\\\/batijournal.com\\\/index.php\\\/extension-prolongement-de-restanques-provencales\\\/96032\\\/#article\",\"isPartOf\":{\"@id\":\"https:\\\/\\\/batijournal.com\\\/index.php\\\/extension-prolongement-de-restanques-provencales\\\/96032\\\/\"},\"author\":{\"name\":\"St\u00e9phane Miget\",\"@id\":\"https:\\\/\\\/batijournal.com\\\/#\\\/schema\\\/person\\\/1dc96ec6957aa1ccb25ebe78bb19f100\"},\"headline\":\"Une extension en prolongement de restanques proven\u00e7ales\",\"datePublished\":\"2017-05-23T06:38:01+00:00\",\"dateModified\":\"2019-07-15T09:27:19+00:00\",\"mainEntityOfPage\":{\"@id\":\"https:\\\/\\\/batijournal.com\\\/index.php\\\/extension-prolongement-de-restanques-provencales\\\/96032\\\/\"},\"wordCount\":407,\"image\":{\"@id\":\"https:\\\/\\\/batijournal.com\\\/index.php\\\/extension-prolongement-de-restanques-provencales\\\/96032\\\/#primaryimage\"},\"thumbnailUrl\":\"https:\\\/\\\/batijournal.com\\\/wp-content\\\/uploads\\\/2017\\\/05\\\/extension-verre-restanques-ELLENA-MEHL-Architectes.jpg\",\"keywords\":[\"extension\"],\"articleSection\":[\"Actualit\u00e9s\",\"Architecture &amp; Conception\"],\"inLanguage\":\"fr-FR\"},{\"@type\":\"WebPage\",\"@id\":\"https:\\\/\\\/batijournal.com\\\/index.php\\\/extension-prolongement-de-restanques-provencales\\\/96032\\\/\",\"url\":\"https:\\\/\\\/batijournal.com\\\/index.php\\\/extension-prolongement-de-restanques-provencales\\\/96032\\\/\",\"name\":\"Une extension en prolongement de restanques proven\u00e7ales\",\"isPartOf\":{\"@id\":\"https:\\\/\\\/batijournal.com\\\/#website\"},\"primaryImageOfPage\":{\"@id\":\"https:\\\/\\\/batijournal.com\\\/index.php\\\/extension-prolongement-de-restanques-provencales\\\/96032\\\/#primaryimage\"},\"image\":{\"@id\":\"https:\\\/\\\/batijournal.com\\\/index.php\\\/extension-prolongement-de-restanques-provencales\\\/96032\\\/#primaryimage\"},\"thumbnailUrl\":\"https:\\\/\\\/batijournal.com\\\/wp-content\\\/uploads\\\/2017\\\/05\\\/extension-verre-restanques-ELLENA-MEHL-Architectes.jpg\",\"datePublished\":\"2017-05-23T06:38:01+00:00\",\"dateModified\":\"2019-07-15T09:27:19+00:00\",\"author\":{\"@id\":\"https:\\\/\\\/batijournal.com\\\/#\\\/schema\\\/person\\\/1dc96ec6957aa1ccb25ebe78bb19f100\"},\"breadcrumb\":{\"@id\":\"https:\\\/\\\/batijournal.com\\\/index.php\\\/extension-prolongement-de-restanques-provencales\\\/96032\\\/#breadcrumb\"},\"inLanguage\":\"fr-FR\",\"potentialAction\":[{\"@type\":\"ReadAction\",\"target\":[\"https:\\\/\\\/batijournal.com\\\/index.php\\\/extension-prolongement-de-restanques-provencales\\\/96032\\\/\"]}]},{\"@type\":\"ImageObject\",\"inLanguage\":\"fr-FR\",\"@id\":\"https:\\\/\\\/batijournal.com\\\/index.php\\\/extension-prolongement-de-restanques-provencales\\\/96032\\\/#primaryimage\",\"url\":\"https:\\\/\\\/batijournal.com\\\/wp-content\\\/uploads\\\/2017\\\/05\\\/extension-verre-restanques-ELLENA-MEHL-Architectes.jpg\",\"contentUrl\":\"https:\\\/\\\/batijournal.com\\\/wp-content\\\/uploads\\\/2017\\\/05\\\/extension-verre-restanques-ELLENA-MEHL-Architectes.jpg\",\"width\":1200,\"height\":1062},{\"@type\":\"BreadcrumbList\",\"@id\":\"https:\\\/\\\/batijournal.com\\\/index.php\\\/extension-prolongement-de-restanques-provencales\\\/96032\\\/#breadcrumb\",\"itemListElement\":[{\"@type\":\"ListItem\",\"position\":1,\"name\":\"Accueil\",\"item\":\"https:\\\/\\\/batijournal.com\\\/\"},{\"@type\":\"ListItem\",\"position\":2,\"name\":\"Actualit\u00e9s\",\"item\":\"https:\\\/\\\/batijournal.com\\\/index.php\\\/category\\\/actualites\\\/\"},{\"@type\":\"ListItem\",\"position\":3,\"name\":\"Une extension en prolongement de restanques proven\u00e7ales\"}]},{\"@type\":\"WebSite\",\"@id\":\"https:\\\/\\\/batijournal.com\\\/#website\",\"url\":\"https:\\\/\\\/batijournal.com\\\/\",\"name\":\"Batijournal\",\"description\":\"L&#039;actualit\u00e9 du b\u00e2timent\",\"potentialAction\":[{\"@type\":\"SearchAction\",\"target\":{\"@type\":\"EntryPoint\",\"urlTemplate\":\"https:\\\/\\\/batijournal.com\\\/?s={search_term_string}\"},\"query-input\":{\"@type\":\"PropertyValueSpecification\",\"valueRequired\":true,\"valueName\":\"search_term_string\"}}],\"inLanguage\":\"fr-FR\"},{\"@type\":\"Person\",\"@id\":\"https:\\\/\\\/batijournal.com\\\/#\\\/schema\\\/person\\\/1dc96ec6957aa1ccb25ebe78bb19f100\",\"name\":\"St\u00e9phane Miget\",\"image\":{\"@type\":\"ImageObject\",\"inLanguage\":\"fr-FR\",\"@id\":\"https:\\\/\\\/secure.gravatar.com\\\/avatar\\\/89915563d925342126b8ef0281b93d9d7fc337043e8df017f780908eb9644451?s=96&d=mm&r=g\",\"url\":\"https:\\\/\\\/secure.gravatar.com\\\/avatar\\\/89915563d925342126b8ef0281b93d9d7fc337043e8df017f780908eb9644451?s=96&d=mm&r=g\",\"contentUrl\":\"https:\\\/\\\/secure.gravatar.com\\\/avatar\\\/89915563d925342126b8ef0281b93d9d7fc337043e8df017f780908eb9644451?s=96&d=mm&r=g\",\"caption\":\"St\u00e9phane Miget\"},\"url\":\"https:\\\/\\\/batijournal.com\\\/index.php\\\/author\\\/stephane\\\/\"}]}<\/script>\n<!-- \/ Yoast SEO plugin. -->","yoast_head_json":{"title":"Une extension en prolongement de restanques proven\u00e7ales","robots":{"index":"index","follow":"follow","max-snippet":"max-snippet:-1","max-image-preview":"max-image-preview:large","max-video-preview":"max-video-preview:-1"},"canonical":"https:\/\/batijournal.com\/index.php\/extension-prolongement-de-restanques-provencales\/96032\/","og_locale":"fr_FR","og_type":"article","og_title":"Une extension en prolongement de restanques proven\u00e7ales","og_description":"Le cabinet ELLENA MEHL Architectes a cr\u00e9\u00e9 une extension d&rsquo;une maison proven\u00e7ale construite dans les restanques. Elle s&rsquo;inscrit dans le plan des terrasses existantes, et vient s&rsquo;ins\u00e9rer entre la maison et la planche suivante en red\u00e9finissant de nouvelles surfaces d&rsquo;intersection. Plac\u00e9e \u00e0 mi-niveau de la maison existante, elle est reli\u00e9e en sous-\u0153uvre par l&rsquo;escalier central [&hellip;]","og_url":"https:\/\/batijournal.com\/index.php\/extension-prolongement-de-restanques-provencales\/96032\/","og_site_name":"Batijournal","article_published_time":"2017-05-23T06:38:01+00:00","article_modified_time":"2019-07-15T09:27:19+00:00","og_image":[{"width":1200,"height":1062,"url":"https:\/\/batijournal.com\/wp-content\/uploads\/2017\/05\/extension-verre-restanques-ELLENA-MEHL-Architectes.jpg","type":"image\/jpeg"}],"author":"St\u00e9phane Miget","twitter_card":"summary_large_image","twitter_creator":"@bati_journal","twitter_site":"@bati_journal","twitter_misc":{"\u00c9crit par":"St\u00e9phane Miget","Dur\u00e9e de lecture estim\u00e9e":"2 minutes"},"schema":{"@context":"https:\/\/schema.org","@graph":[{"@type":"Article","@id":"https:\/\/batijournal.com\/index.php\/extension-prolongement-de-restanques-provencales\/96032\/#article","isPartOf":{"@id":"https:\/\/batijournal.com\/index.php\/extension-prolongement-de-restanques-provencales\/96032\/"},"author":{"name":"St\u00e9phane Miget","@id":"https:\/\/batijournal.com\/#\/schema\/person\/1dc96ec6957aa1ccb25ebe78bb19f100"},"headline":"Une extension en prolongement de restanques proven\u00e7ales","datePublished":"2017-05-23T06:38:01+00:00","dateModified":"2019-07-15T09:27:19+00:00","mainEntityOfPage":{"@id":"https:\/\/batijournal.com\/index.php\/extension-prolongement-de-restanques-provencales\/96032\/"},"wordCount":407,"image":{"@id":"https:\/\/batijournal.com\/index.php\/extension-prolongement-de-restanques-provencales\/96032\/#primaryimage"},"thumbnailUrl":"https:\/\/batijournal.com\/wp-content\/uploads\/2017\/05\/extension-verre-restanques-ELLENA-MEHL-Architectes.jpg","keywords":["extension"],"articleSection":["Actualit\u00e9s","Architecture &amp; Conception"],"inLanguage":"fr-FR"},{"@type":"WebPage","@id":"https:\/\/batijournal.com\/index.php\/extension-prolongement-de-restanques-provencales\/96032\/","url":"https:\/\/batijournal.com\/index.php\/extension-prolongement-de-restanques-provencales\/96032\/","name":"Une extension en prolongement de restanques proven\u00e7ales","isPartOf":{"@id":"https:\/\/batijournal.com\/#website"},"primaryImageOfPage":{"@id":"https:\/\/batijournal.com\/index.php\/extension-prolongement-de-restanques-provencales\/96032\/#primaryimage"},"image":{"@id":"https:\/\/batijournal.com\/index.php\/extension-prolongement-de-restanques-provencales\/96032\/#primaryimage"},"thumbnailUrl":"https:\/\/batijournal.com\/wp-content\/uploads\/2017\/05\/extension-verre-restanques-ELLENA-MEHL-Architectes.jpg","datePublished":"2017-05-23T06:38:01+00:00","dateModified":"2019-07-15T09:27:19+00:00","author":{"@id":"https:\/\/batijournal.com\/#\/schema\/person\/1dc96ec6957aa1ccb25ebe78bb19f100"},"breadcrumb":{"@id":"https:\/\/batijournal.com\/index.php\/extension-prolongement-de-restanques-provencales\/96032\/#breadcrumb"},"inLanguage":"fr-FR","potentialAction":[{"@type":"ReadAction","target":["https:\/\/batijournal.com\/index.php\/extension-prolongement-de-restanques-provencales\/96032\/"]}]},{"@type":"ImageObject","inLanguage":"fr-FR","@id":"https:\/\/batijournal.com\/index.php\/extension-prolongement-de-restanques-provencales\/96032\/#primaryimage","url":"https:\/\/batijournal.com\/wp-content\/uploads\/2017\/05\/extension-verre-restanques-ELLENA-MEHL-Architectes.jpg","contentUrl":"https:\/\/batijournal.com\/wp-content\/uploads\/2017\/05\/extension-verre-restanques-ELLENA-MEHL-Architectes.jpg","width":1200,"height":1062},{"@type":"BreadcrumbList","@id":"https:\/\/batijournal.com\/index.php\/extension-prolongement-de-restanques-provencales\/96032\/#breadcrumb","itemListElement":[{"@type":"ListItem","position":1,"name":"Accueil","item":"https:\/\/batijournal.com\/"},{"@type":"ListItem","position":2,"name":"Actualit\u00e9s","item":"https:\/\/batijournal.com\/index.php\/category\/actualites\/"},{"@type":"ListItem","position":3,"name":"Une extension en prolongement de restanques proven\u00e7ales"}]},{"@type":"WebSite","@id":"https:\/\/batijournal.com\/#website","url":"https:\/\/batijournal.com\/","name":"Batijournal","description":"L&#039;actualit\u00e9 du b\u00e2timent","potentialAction":[{"@type":"SearchAction","target":{"@type":"EntryPoint","urlTemplate":"https:\/\/batijournal.com\/?s={search_term_string}"},"query-input":{"@type":"PropertyValueSpecification","valueRequired":true,"valueName":"search_term_string"}}],"inLanguage":"fr-FR"},{"@type":"Person","@id":"https:\/\/batijournal.com\/#\/schema\/person\/1dc96ec6957aa1ccb25ebe78bb19f100","name":"St\u00e9phane Miget","image":{"@type":"ImageObject","inLanguage":"fr-FR","@id":"https:\/\/secure.gravatar.com\/avatar\/89915563d925342126b8ef0281b93d9d7fc337043e8df017f780908eb9644451?s=96&d=mm&r=g","url":"https:\/\/secure.gravatar.com\/avatar\/89915563d925342126b8ef0281b93d9d7fc337043e8df017f780908eb9644451?s=96&d=mm&r=g","contentUrl":"https:\/\/secure.gravatar.com\/avatar\/89915563d925342126b8ef0281b93d9d7fc337043e8df017f780908eb9644451?s=96&d=mm&r=g","caption":"St\u00e9phane Miget"},"url":"https:\/\/batijournal.com\/index.php\/author\/stephane\/"}]}},"_links":{"self":[{"href":"https:\/\/batijournal.com\/index.php\/wp-json\/wp\/v2\/posts\/96032","targetHints":{"allow":["GET"]}}],"collection":[{"href":"https:\/\/batijournal.com\/index.php\/wp-json\/wp\/v2\/posts"}],"about":[{"href":"https:\/\/batijournal.com\/index.php\/wp-json\/wp\/v2\/types\/post"}],"author":[{"embeddable":true,"href":"https:\/\/batijournal.com\/index.php\/wp-json\/wp\/v2\/users\/17"}],"replies":[{"embeddable":true,"href":"https:\/\/batijournal.com\/index.php\/wp-json\/wp\/v2\/comments?post=96032"}],"version-history":[{"count":0,"href":"https:\/\/batijournal.com\/index.php\/wp-json\/wp\/v2\/posts\/96032\/revisions"}],"wp:featuredmedia":[{"embeddable":true,"href":"https:\/\/batijournal.com\/index.php\/wp-json\/wp\/v2\/media\/96035"}],"wp:attachment":[{"href":"https:\/\/batijournal.com\/index.php\/wp-json\/wp\/v2\/media?parent=96032"}],"wp:term":[{"taxonomy":"category","embeddable":true,"href":"https:\/\/batijournal.com\/index.php\/wp-json\/wp\/v2\/categories?post=96032"},{"taxonomy":"post_tag","embeddable":true,"href":"https:\/\/batijournal.com\/index.php\/wp-json\/wp\/v2\/tags?post=96032"}],"curies":[{"name":"wp","href":"https:\/\/api.w.org\/{rel}","templated":true}]}}