{"id":96046,"date":"2017-05-23T15:41:08","date_gmt":"2017-05-23T13:41:08","guid":{"rendered":"http:\/\/batijournal.com\/?p=96046"},"modified":"2019-07-15T12:03:52","modified_gmt":"2019-07-15T10:03:52","slug":"ministre-de-cohesion-territoires-richard-ferrand-rencontre-acteurs-logement","status":"publish","type":"post","link":"https:\/\/batijournal.com\/index.php\/ministre-de-cohesion-territoires-richard-ferrand-rencontre-acteurs-logement\/96046\/","title":{"rendered":"Le ministre de la Coh\u00e9sion des territoires Richard Ferrand rencontre les acteurs du logement"},"content":{"rendered":"<p><strong>Au moment de sa prise de fonction, Richard Ferrand, ministre de la Coh\u00e9sion des territoires, a souhait\u00e9 mettre l\u2019accent sur la n\u00e9cessaire concertation avec les acteurs du logement. Il a entam\u00e9 un cycle de rencontres avec les acteurs du logement ce mardi 23 mai 2017. <\/strong><\/p>\n<p>Il s&rsquo;est d&rsquo;abord entretenu avec Jacques Chanut, pr\u00e9sident d\u2019Action Logement et pr\u00e9sident de la F\u00e9d\u00e9ration Fran\u00e7aise du B\u00e2timent. A l&rsquo;occasion de ce rendez-vous avec le nouveau ministre, Jacques Chanut a rappel\u00e9 l\u2019importance de maintenir les dispositifs qui marchent et qui sont \u00e0 l\u2019origine de la reprise dans le neuf, notamment dans le logement. Le ministre a fait valoir son attachement \u00e0 la r\u00e9duction de la fracture territoriale et \u00e0 la n\u00e9cessit\u00e9 de d\u00e9velopper les travaux sur existants, activit\u00e9 primordiale sur l\u2019ensemble du territoire. Jacques Chanut a rappel\u00e9 que le logement \u00e9tait au c\u0153ur de la r\u00e9duction de cette fracture et qu\u2019il comptait beaucoup sur la collaboration avec ce minist\u00e8re pour avancer sur ce sujet essentiel. Le ministre est favorable \u00e0 l\u2019accentuation des contr\u00f4les pour lutter contre la fraude au d\u00e9tachement.<\/p>\n<p>Suivent des entretiens avec Nathalie App\u00e9r\u00e9, pr\u00e9sidente de l\u2019ANAH, une participation \u00e0 l\u2019Assembl\u00e9e g\u00e9n\u00e9rale de la F\u00e9d\u00e9ration Nationale des Coop\u00e9ratives HLM et entretien avec Marie-No\u00eblle Lienemann, pr\u00e9sidente de la F\u00e9d\u00e9ration. Dans les prochains jours, le ministre poursuivra ses \u00e9changes avec notamment le pr\u00e9sident de l\u2019USH, Jean-Louis Dumont, et le pr\u00e9sident de l\u2019ANRU, Fran\u00e7ois Pupponi.<\/p>\n<p>Photo : @RichardFerrand<\/p>\n<p>&nbsp;<\/p>\n","protected":false},"excerpt":{"rendered":"<p>Au moment de sa prise de fonction, Richard Ferrand, ministre de la Coh\u00e9sion des territoires, a souhait\u00e9 mettre l\u2019accent sur la n\u00e9cessaire concertation avec les acteurs du logement. Il a entam\u00e9 un cycle de rencontres avec les acteurs du logement ce mardi 23 mai 2017. Il s&rsquo;est d&rsquo;abord entretenu avec Jacques Chanut, pr\u00e9sident d\u2019Action Logement [&hellip;]<\/p>\n","protected":false},"author":17,"featured_media":96048,"comment_status":"closed","ping_status":"closed","sticky":false,"template":"","format":"standard","meta":{"_et_pb_use_builder":"","_et_pb_old_content":"","_et_gb_content_width":"","footnotes":""},"categories":[10736,10530,6345],"tags":[2020],"class_list":["post-96046","post","type-post","status-publish","format-standard","has-post-thumbnail","hentry","category-a-la-une","category-actualites","category-economie-marches","tag-logement"],"yoast_head":"<!-- This site is optimized with the Yoast SEO plugin v27.4 - https:\/\/yoast.com\/product\/yoast-seo-wordpress\/ -->\n<title>Le ministre de la Coh\u00e9sion des territoires Richard Ferrand rencontre les acteurs du logement<\/title>\n<meta name=\"robots\" content=\"index, follow, max-snippet:-1, max-image-preview:large, max-video-preview:-1\" \/>\n<link rel=\"canonical\" href=\"https:\/\/batijournal.com\/index.php\/ministre-de-cohesion-territoires-richard-ferrand-rencontre-acteurs-logement\/96046\/\" \/>\n<meta property=\"og:locale\" content=\"fr_FR\" \/>\n<meta property=\"og:type\" content=\"article\" \/>\n<meta property=\"og:title\" content=\"Le ministre de la Coh\u00e9sion des territoires Richard Ferrand rencontre les acteurs du logement\" \/>\n<meta property=\"og:description\" content=\"Au moment de sa prise de fonction, Richard Ferrand, ministre de la Coh\u00e9sion des territoires, a souhait\u00e9 mettre l\u2019accent sur la n\u00e9cessaire concertation avec les acteurs du logement. Il a entam\u00e9 un cycle de rencontres avec les acteurs du logement ce mardi 23 mai 2017. Il s&rsquo;est d&rsquo;abord entretenu avec Jacques Chanut, pr\u00e9sident d\u2019Action Logement [&hellip;]\" \/>\n<meta property=\"og:url\" content=\"https:\/\/batijournal.com\/index.php\/ministre-de-cohesion-territoires-richard-ferrand-rencontre-acteurs-logement\/96046\/\" \/>\n<meta property=\"og:site_name\" content=\"Batijournal\" \/>\n<meta property=\"article:published_time\" content=\"2017-05-23T13:41:08+00:00\" \/>\n<meta property=\"article:modified_time\" content=\"2019-07-15T10:03:52+00:00\" \/>\n<meta property=\"og:image\" content=\"https:\/\/batijournal.com\/wp-content\/uploads\/2017\/05\/richard-ferrand-ministre-de-la-Cohesion-des-territoires2.jpg\" \/>\n\t<meta property=\"og:image:width\" content=\"1198\" \/>\n\t<meta property=\"og:image:height\" content=\"567\" \/>\n\t<meta property=\"og:image:type\" content=\"image\/jpeg\" \/>\n<meta name=\"author\" content=\"St\u00e9phane Miget\" \/>\n<meta name=\"twitter:card\" content=\"summary_large_image\" \/>\n<meta name=\"twitter:creator\" content=\"@bati_journal\" \/>\n<meta name=\"twitter:site\" content=\"@bati_journal\" \/>\n<meta name=\"twitter:label1\" content=\"\u00c9crit par\" \/>\n\t<meta name=\"twitter:data1\" content=\"St\u00e9phane Miget\" \/>\n\t<meta name=\"twitter:label2\" content=\"Dur\u00e9e de lecture estim\u00e9e\" \/>\n\t<meta name=\"twitter:data2\" content=\"1 minute\" \/>\n<script type=\"application\/ld+json\" class=\"yoast-schema-graph\">{\"@context\":\"https:\\\/\\\/schema.org\",\"@graph\":[{\"@type\":\"Article\",\"@id\":\"https:\\\/\\\/batijournal.com\\\/index.php\\\/ministre-de-cohesion-territoires-richard-ferrand-rencontre-acteurs-logement\\\/96046\\\/#article\",\"isPartOf\":{\"@id\":\"https:\\\/\\\/batijournal.com\\\/index.php\\\/ministre-de-cohesion-territoires-richard-ferrand-rencontre-acteurs-logement\\\/96046\\\/\"},\"author\":{\"name\":\"St\u00e9phane Miget\",\"@id\":\"https:\\\/\\\/batijournal.com\\\/#\\\/schema\\\/person\\\/1dc96ec6957aa1ccb25ebe78bb19f100\"},\"headline\":\"Le ministre de la Coh\u00e9sion des territoires Richard Ferrand rencontre les acteurs du logement\",\"datePublished\":\"2017-05-23T13:41:08+00:00\",\"dateModified\":\"2019-07-15T10:03:52+00:00\",\"mainEntityOfPage\":{\"@id\":\"https:\\\/\\\/batijournal.com\\\/index.php\\\/ministre-de-cohesion-territoires-richard-ferrand-rencontre-acteurs-logement\\\/96046\\\/\"},\"wordCount\":285,\"image\":{\"@id\":\"https:\\\/\\\/batijournal.com\\\/index.php\\\/ministre-de-cohesion-territoires-richard-ferrand-rencontre-acteurs-logement\\\/96046\\\/#primaryimage\"},\"thumbnailUrl\":\"https:\\\/\\\/batijournal.com\\\/wp-content\\\/uploads\\\/2017\\\/05\\\/richard-ferrand-ministre-de-la-Cohesion-des-territoires2.jpg\",\"keywords\":[\"logement\"],\"articleSection\":[\"A la Une\",\"Actualit\u00e9s\",\"\u00c9conomie &amp; March\u00e9s\"],\"inLanguage\":\"fr-FR\"},{\"@type\":\"WebPage\",\"@id\":\"https:\\\/\\\/batijournal.com\\\/index.php\\\/ministre-de-cohesion-territoires-richard-ferrand-rencontre-acteurs-logement\\\/96046\\\/\",\"url\":\"https:\\\/\\\/batijournal.com\\\/index.php\\\/ministre-de-cohesion-territoires-richard-ferrand-rencontre-acteurs-logement\\\/96046\\\/\",\"name\":\"Le ministre de la Coh\u00e9sion des territoires Richard Ferrand rencontre les acteurs du logement\",\"isPartOf\":{\"@id\":\"https:\\\/\\\/batijournal.com\\\/#website\"},\"primaryImageOfPage\":{\"@id\":\"https:\\\/\\\/batijournal.com\\\/index.php\\\/ministre-de-cohesion-territoires-richard-ferrand-rencontre-acteurs-logement\\\/96046\\\/#primaryimage\"},\"image\":{\"@id\":\"https:\\\/\\\/batijournal.com\\\/index.php\\\/ministre-de-cohesion-territoires-richard-ferrand-rencontre-acteurs-logement\\\/96046\\\/#primaryimage\"},\"thumbnailUrl\":\"https:\\\/\\\/batijournal.com\\\/wp-content\\\/uploads\\\/2017\\\/05\\\/richard-ferrand-ministre-de-la-Cohesion-des-territoires2.jpg\",\"datePublished\":\"2017-05-23T13:41:08+00:00\",\"dateModified\":\"2019-07-15T10:03:52+00:00\",\"author\":{\"@id\":\"https:\\\/\\\/batijournal.com\\\/#\\\/schema\\\/person\\\/1dc96ec6957aa1ccb25ebe78bb19f100\"},\"breadcrumb\":{\"@id\":\"https:\\\/\\\/batijournal.com\\\/index.php\\\/ministre-de-cohesion-territoires-richard-ferrand-rencontre-acteurs-logement\\\/96046\\\/#breadcrumb\"},\"inLanguage\":\"fr-FR\",\"potentialAction\":[{\"@type\":\"ReadAction\",\"target\":[\"https:\\\/\\\/batijournal.com\\\/index.php\\\/ministre-de-cohesion-territoires-richard-ferrand-rencontre-acteurs-logement\\\/96046\\\/\"]}]},{\"@type\":\"ImageObject\",\"inLanguage\":\"fr-FR\",\"@id\":\"https:\\\/\\\/batijournal.com\\\/index.php\\\/ministre-de-cohesion-territoires-richard-ferrand-rencontre-acteurs-logement\\\/96046\\\/#primaryimage\",\"url\":\"https:\\\/\\\/batijournal.com\\\/wp-content\\\/uploads\\\/2017\\\/05\\\/richard-ferrand-ministre-de-la-Cohesion-des-territoires2.jpg\",\"contentUrl\":\"https:\\\/\\\/batijournal.com\\\/wp-content\\\/uploads\\\/2017\\\/05\\\/richard-ferrand-ministre-de-la-Cohesion-des-territoires2.jpg\",\"width\":1198,\"height\":567},{\"@type\":\"BreadcrumbList\",\"@id\":\"https:\\\/\\\/batijournal.com\\\/index.php\\\/ministre-de-cohesion-territoires-richard-ferrand-rencontre-acteurs-logement\\\/96046\\\/#breadcrumb\",\"itemListElement\":[{\"@type\":\"ListItem\",\"position\":1,\"name\":\"Accueil\",\"item\":\"https:\\\/\\\/batijournal.com\\\/\"},{\"@type\":\"ListItem\",\"position\":2,\"name\":\"A la Une\",\"item\":\"https:\\\/\\\/batijournal.com\\\/index.php\\\/category\\\/a-la-une\\\/\"},{\"@type\":\"ListItem\",\"position\":3,\"name\":\"Le ministre de la Coh\u00e9sion des territoires Richard Ferrand rencontre les acteurs du logement\"}]},{\"@type\":\"WebSite\",\"@id\":\"https:\\\/\\\/batijournal.com\\\/#website\",\"url\":\"https:\\\/\\\/batijournal.com\\\/\",\"name\":\"Batijournal\",\"description\":\"L&#039;actualit\u00e9 du b\u00e2timent\",\"potentialAction\":[{\"@type\":\"SearchAction\",\"target\":{\"@type\":\"EntryPoint\",\"urlTemplate\":\"https:\\\/\\\/batijournal.com\\\/?s={search_term_string}\"},\"query-input\":{\"@type\":\"PropertyValueSpecification\",\"valueRequired\":true,\"valueName\":\"search_term_string\"}}],\"inLanguage\":\"fr-FR\"},{\"@type\":\"Person\",\"@id\":\"https:\\\/\\\/batijournal.com\\\/#\\\/schema\\\/person\\\/1dc96ec6957aa1ccb25ebe78bb19f100\",\"name\":\"St\u00e9phane Miget\",\"image\":{\"@type\":\"ImageObject\",\"inLanguage\":\"fr-FR\",\"@id\":\"https:\\\/\\\/secure.gravatar.com\\\/avatar\\\/89915563d925342126b8ef0281b93d9d7fc337043e8df017f780908eb9644451?s=96&d=mm&r=g\",\"url\":\"https:\\\/\\\/secure.gravatar.com\\\/avatar\\\/89915563d925342126b8ef0281b93d9d7fc337043e8df017f780908eb9644451?s=96&d=mm&r=g\",\"contentUrl\":\"https:\\\/\\\/secure.gravatar.com\\\/avatar\\\/89915563d925342126b8ef0281b93d9d7fc337043e8df017f780908eb9644451?s=96&d=mm&r=g\",\"caption\":\"St\u00e9phane Miget\"},\"url\":\"https:\\\/\\\/batijournal.com\\\/index.php\\\/author\\\/stephane\\\/\"}]}<\/script>\n<!-- \/ Yoast SEO plugin. -->","yoast_head_json":{"title":"Le ministre de la Coh\u00e9sion des territoires Richard Ferrand rencontre les acteurs du logement","robots":{"index":"index","follow":"follow","max-snippet":"max-snippet:-1","max-image-preview":"max-image-preview:large","max-video-preview":"max-video-preview:-1"},"canonical":"https:\/\/batijournal.com\/index.php\/ministre-de-cohesion-territoires-richard-ferrand-rencontre-acteurs-logement\/96046\/","og_locale":"fr_FR","og_type":"article","og_title":"Le ministre de la Coh\u00e9sion des territoires Richard Ferrand rencontre les acteurs du logement","og_description":"Au moment de sa prise de fonction, Richard Ferrand, ministre de la Coh\u00e9sion des territoires, a souhait\u00e9 mettre l\u2019accent sur la n\u00e9cessaire concertation avec les acteurs du logement. Il a entam\u00e9 un cycle de rencontres avec les acteurs du logement ce mardi 23 mai 2017. Il s&rsquo;est d&rsquo;abord entretenu avec Jacques Chanut, pr\u00e9sident d\u2019Action Logement [&hellip;]","og_url":"https:\/\/batijournal.com\/index.php\/ministre-de-cohesion-territoires-richard-ferrand-rencontre-acteurs-logement\/96046\/","og_site_name":"Batijournal","article_published_time":"2017-05-23T13:41:08+00:00","article_modified_time":"2019-07-15T10:03:52+00:00","og_image":[{"width":1198,"height":567,"url":"https:\/\/batijournal.com\/wp-content\/uploads\/2017\/05\/richard-ferrand-ministre-de-la-Cohesion-des-territoires2.jpg","type":"image\/jpeg"}],"author":"St\u00e9phane Miget","twitter_card":"summary_large_image","twitter_creator":"@bati_journal","twitter_site":"@bati_journal","twitter_misc":{"\u00c9crit par":"St\u00e9phane Miget","Dur\u00e9e de lecture estim\u00e9e":"1 minute"},"schema":{"@context":"https:\/\/schema.org","@graph":[{"@type":"Article","@id":"https:\/\/batijournal.com\/index.php\/ministre-de-cohesion-territoires-richard-ferrand-rencontre-acteurs-logement\/96046\/#article","isPartOf":{"@id":"https:\/\/batijournal.com\/index.php\/ministre-de-cohesion-territoires-richard-ferrand-rencontre-acteurs-logement\/96046\/"},"author":{"name":"St\u00e9phane Miget","@id":"https:\/\/batijournal.com\/#\/schema\/person\/1dc96ec6957aa1ccb25ebe78bb19f100"},"headline":"Le ministre de la Coh\u00e9sion des territoires Richard Ferrand rencontre les acteurs du logement","datePublished":"2017-05-23T13:41:08+00:00","dateModified":"2019-07-15T10:03:52+00:00","mainEntityOfPage":{"@id":"https:\/\/batijournal.com\/index.php\/ministre-de-cohesion-territoires-richard-ferrand-rencontre-acteurs-logement\/96046\/"},"wordCount":285,"image":{"@id":"https:\/\/batijournal.com\/index.php\/ministre-de-cohesion-territoires-richard-ferrand-rencontre-acteurs-logement\/96046\/#primaryimage"},"thumbnailUrl":"https:\/\/batijournal.com\/wp-content\/uploads\/2017\/05\/richard-ferrand-ministre-de-la-Cohesion-des-territoires2.jpg","keywords":["logement"],"articleSection":["A la Une","Actualit\u00e9s","\u00c9conomie &amp; March\u00e9s"],"inLanguage":"fr-FR"},{"@type":"WebPage","@id":"https:\/\/batijournal.com\/index.php\/ministre-de-cohesion-territoires-richard-ferrand-rencontre-acteurs-logement\/96046\/","url":"https:\/\/batijournal.com\/index.php\/ministre-de-cohesion-territoires-richard-ferrand-rencontre-acteurs-logement\/96046\/","name":"Le ministre de la Coh\u00e9sion des territoires Richard Ferrand rencontre les acteurs du logement","isPartOf":{"@id":"https:\/\/batijournal.com\/#website"},"primaryImageOfPage":{"@id":"https:\/\/batijournal.com\/index.php\/ministre-de-cohesion-territoires-richard-ferrand-rencontre-acteurs-logement\/96046\/#primaryimage"},"image":{"@id":"https:\/\/batijournal.com\/index.php\/ministre-de-cohesion-territoires-richard-ferrand-rencontre-acteurs-logement\/96046\/#primaryimage"},"thumbnailUrl":"https:\/\/batijournal.com\/wp-content\/uploads\/2017\/05\/richard-ferrand-ministre-de-la-Cohesion-des-territoires2.jpg","datePublished":"2017-05-23T13:41:08+00:00","dateModified":"2019-07-15T10:03:52+00:00","author":{"@id":"https:\/\/batijournal.com\/#\/schema\/person\/1dc96ec6957aa1ccb25ebe78bb19f100"},"breadcrumb":{"@id":"https:\/\/batijournal.com\/index.php\/ministre-de-cohesion-territoires-richard-ferrand-rencontre-acteurs-logement\/96046\/#breadcrumb"},"inLanguage":"fr-FR","potentialAction":[{"@type":"ReadAction","target":["https:\/\/batijournal.com\/index.php\/ministre-de-cohesion-territoires-richard-ferrand-rencontre-acteurs-logement\/96046\/"]}]},{"@type":"ImageObject","inLanguage":"fr-FR","@id":"https:\/\/batijournal.com\/index.php\/ministre-de-cohesion-territoires-richard-ferrand-rencontre-acteurs-logement\/96046\/#primaryimage","url":"https:\/\/batijournal.com\/wp-content\/uploads\/2017\/05\/richard-ferrand-ministre-de-la-Cohesion-des-territoires2.jpg","contentUrl":"https:\/\/batijournal.com\/wp-content\/uploads\/2017\/05\/richard-ferrand-ministre-de-la-Cohesion-des-territoires2.jpg","width":1198,"height":567},{"@type":"BreadcrumbList","@id":"https:\/\/batijournal.com\/index.php\/ministre-de-cohesion-territoires-richard-ferrand-rencontre-acteurs-logement\/96046\/#breadcrumb","itemListElement":[{"@type":"ListItem","position":1,"name":"Accueil","item":"https:\/\/batijournal.com\/"},{"@type":"ListItem","position":2,"name":"A la Une","item":"https:\/\/batijournal.com\/index.php\/category\/a-la-une\/"},{"@type":"ListItem","position":3,"name":"Le ministre de la Coh\u00e9sion des territoires Richard Ferrand rencontre les acteurs du logement"}]},{"@type":"WebSite","@id":"https:\/\/batijournal.com\/#website","url":"https:\/\/batijournal.com\/","name":"Batijournal","description":"L&#039;actualit\u00e9 du b\u00e2timent","potentialAction":[{"@type":"SearchAction","target":{"@type":"EntryPoint","urlTemplate":"https:\/\/batijournal.com\/?s={search_term_string}"},"query-input":{"@type":"PropertyValueSpecification","valueRequired":true,"valueName":"search_term_string"}}],"inLanguage":"fr-FR"},{"@type":"Person","@id":"https:\/\/batijournal.com\/#\/schema\/person\/1dc96ec6957aa1ccb25ebe78bb19f100","name":"St\u00e9phane Miget","image":{"@type":"ImageObject","inLanguage":"fr-FR","@id":"https:\/\/secure.gravatar.com\/avatar\/89915563d925342126b8ef0281b93d9d7fc337043e8df017f780908eb9644451?s=96&d=mm&r=g","url":"https:\/\/secure.gravatar.com\/avatar\/89915563d925342126b8ef0281b93d9d7fc337043e8df017f780908eb9644451?s=96&d=mm&r=g","contentUrl":"https:\/\/secure.gravatar.com\/avatar\/89915563d925342126b8ef0281b93d9d7fc337043e8df017f780908eb9644451?s=96&d=mm&r=g","caption":"St\u00e9phane Miget"},"url":"https:\/\/batijournal.com\/index.php\/author\/stephane\/"}]}},"_links":{"self":[{"href":"https:\/\/batijournal.com\/index.php\/wp-json\/wp\/v2\/posts\/96046","targetHints":{"allow":["GET"]}}],"collection":[{"href":"https:\/\/batijournal.com\/index.php\/wp-json\/wp\/v2\/posts"}],"about":[{"href":"https:\/\/batijournal.com\/index.php\/wp-json\/wp\/v2\/types\/post"}],"author":[{"embeddable":true,"href":"https:\/\/batijournal.com\/index.php\/wp-json\/wp\/v2\/users\/17"}],"replies":[{"embeddable":true,"href":"https:\/\/batijournal.com\/index.php\/wp-json\/wp\/v2\/comments?post=96046"}],"version-history":[{"count":0,"href":"https:\/\/batijournal.com\/index.php\/wp-json\/wp\/v2\/posts\/96046\/revisions"}],"wp:featuredmedia":[{"embeddable":true,"href":"https:\/\/batijournal.com\/index.php\/wp-json\/wp\/v2\/media\/96048"}],"wp:attachment":[{"href":"https:\/\/batijournal.com\/index.php\/wp-json\/wp\/v2\/media?parent=96046"}],"wp:term":[{"taxonomy":"category","embeddable":true,"href":"https:\/\/batijournal.com\/index.php\/wp-json\/wp\/v2\/categories?post=96046"},{"taxonomy":"post_tag","embeddable":true,"href":"https:\/\/batijournal.com\/index.php\/wp-json\/wp\/v2\/tags?post=96046"}],"curies":[{"name":"wp","href":"https:\/\/api.w.org\/{rel}","templated":true}]}}