{"id":96088,"date":"2017-05-29T09:28:28","date_gmt":"2017-05-29T07:28:28","guid":{"rendered":"http:\/\/batijournal.com\/?p=96088"},"modified":"2019-06-13T13:08:22","modified_gmt":"2019-06-13T11:08:22","slug":"souscription-mur-vegetal-musee-quai-branly-jacques-chirac","status":"publish","type":"post","link":"https:\/\/batijournal.com\/index.php\/souscription-mur-vegetal-musee-quai-branly-jacques-chirac\/96088\/","title":{"rendered":"Souscription pour le mur v\u00e9g\u00e9tal du mus\u00e9e du quai Branly &#8211; Jacques Chirac"},"content":{"rendered":"<p>Du 15 mai au 15 juillet 2017, le mus\u00e9e du quai Branly &#8211; Jacques Chirac lance sa premi\u00e8re campagne de m\u00e9c\u00e9nat participatif pour donner une nouvelle vie \u00e0 son mur v\u00e9g\u00e9tal. D\u2019importants travaux doivent \u00eatre entrepris pour renforcer le mur con\u00e7u par Patrick Blanc et garantir sa p\u00e9rennit\u00e9. Ils porteront principalement sur le redimensionnement des fixations et l\u2019adaptation du syst\u00e8me d\u2019humidification. Une nouvelle cr\u00e9ation v\u00e9g\u00e9tale sera propos\u00e9e par le botaniste. C\u00e9l\u00e9bration des continents africains, oc\u00e9aniens, am\u00e9ricains et asiatiques, le futur mur comportera 376 esp\u00e8ces du monde entier, issues pour beaucoup de massifs montagneux : Atlas marocain, Drakensberg d\u2019Afrique du Sud, Himalaya, montagnes du Chili et d\u2019Argentine\u2026<br \/>\n<a href=\"https:\/\/www.commeon.com\/fr\/projet\/quaibranly\" target=\"_blank\" rel=\"noopener noreferrer\">https:\/\/www.commeon.com\/fr\/projet\/quaibranly<\/a><\/p>\n<p>Visuel :\u00a0mus\u00e9e du quai Branly &#8211; Jacques Chirac<\/p>\n","protected":false},"excerpt":{"rendered":"<p>Du 15 mai au 15 juillet 2017, le mus\u00e9e du quai Branly &#8211; Jacques Chirac lance sa premi\u00e8re campagne de m\u00e9c\u00e9nat participatif pour donner une nouvelle vie \u00e0 son mur v\u00e9g\u00e9tal. D\u2019importants travaux doivent \u00eatre entrepris pour renforcer le mur con\u00e7u par Patrick Blanc et garantir sa p\u00e9rennit\u00e9. Ils porteront principalement sur le redimensionnement des [&hellip;]<\/p>\n","protected":false},"author":17,"featured_media":96089,"comment_status":"closed","ping_status":"closed","sticky":false,"template":"","format":"standard","meta":{"_et_pb_use_builder":"","_et_pb_old_content":"","_et_gb_content_width":"","footnotes":""},"categories":[10530,6340,10771,10775,10785],"tags":[3787],"class_list":["post-96088","post","type-post","status-publish","format-standard","has-post-thumbnail","hentry","category-actualites","category-architecture-conception","category-5facades","category-actualites-5facades","category-atrium","tag-mur-vegetal"],"yoast_head":"<!-- This site is optimized with the Yoast SEO plugin v27.4 - https:\/\/yoast.com\/product\/yoast-seo-wordpress\/ -->\n<title>Souscription pour le mur v\u00e9g\u00e9tal du mus\u00e9e du quai Branly - Jacques Chirac<\/title>\n<meta name=\"robots\" content=\"index, follow, max-snippet:-1, max-image-preview:large, max-video-preview:-1\" \/>\n<link rel=\"canonical\" href=\"https:\/\/batijournal.com\/index.php\/souscription-mur-vegetal-musee-quai-branly-jacques-chirac\/96088\/\" \/>\n<meta property=\"og:locale\" content=\"fr_FR\" \/>\n<meta property=\"og:type\" content=\"article\" \/>\n<meta property=\"og:title\" content=\"Souscription pour le mur v\u00e9g\u00e9tal du mus\u00e9e du quai Branly - Jacques Chirac\" \/>\n<meta property=\"og:description\" content=\"Du 15 mai au 15 juillet 2017, le mus\u00e9e du quai Branly &#8211; Jacques Chirac lance sa premi\u00e8re campagne de m\u00e9c\u00e9nat participatif pour donner une nouvelle vie \u00e0 son mur v\u00e9g\u00e9tal. D\u2019importants travaux doivent \u00eatre entrepris pour renforcer le mur con\u00e7u par Patrick Blanc et garantir sa p\u00e9rennit\u00e9. Ils porteront principalement sur le redimensionnement des [&hellip;]\" \/>\n<meta property=\"og:url\" content=\"https:\/\/batijournal.com\/index.php\/souscription-mur-vegetal-musee-quai-branly-jacques-chirac\/96088\/\" \/>\n<meta property=\"og:site_name\" content=\"Batijournal\" \/>\n<meta property=\"article:published_time\" content=\"2017-05-29T07:28:28+00:00\" \/>\n<meta property=\"article:modified_time\" content=\"2019-06-13T11:08:22+00:00\" \/>\n<meta property=\"og:image\" content=\"https:\/\/batijournal.com\/wp-content\/uploads\/2017\/05\/mur_vegetal.jpg\" \/>\n\t<meta property=\"og:image:width\" content=\"750\" \/>\n\t<meta property=\"og:image:height\" content=\"500\" \/>\n\t<meta property=\"og:image:type\" content=\"image\/jpeg\" \/>\n<meta name=\"author\" content=\"St\u00e9phane Miget\" \/>\n<meta name=\"twitter:card\" content=\"summary_large_image\" \/>\n<meta name=\"twitter:creator\" content=\"@bati_journal\" \/>\n<meta name=\"twitter:site\" content=\"@bati_journal\" \/>\n<meta name=\"twitter:label1\" content=\"\u00c9crit par\" \/>\n\t<meta name=\"twitter:data1\" content=\"St\u00e9phane Miget\" \/>\n\t<meta name=\"twitter:label2\" content=\"Dur\u00e9e de lecture estim\u00e9e\" \/>\n\t<meta name=\"twitter:data2\" content=\"1 minute\" \/>\n<script type=\"application\/ld+json\" class=\"yoast-schema-graph\">{\"@context\":\"https:\\\/\\\/schema.org\",\"@graph\":[{\"@type\":\"Article\",\"@id\":\"https:\\\/\\\/batijournal.com\\\/index.php\\\/souscription-mur-vegetal-musee-quai-branly-jacques-chirac\\\/96088\\\/#article\",\"isPartOf\":{\"@id\":\"https:\\\/\\\/batijournal.com\\\/index.php\\\/souscription-mur-vegetal-musee-quai-branly-jacques-chirac\\\/96088\\\/\"},\"author\":{\"name\":\"St\u00e9phane Miget\",\"@id\":\"https:\\\/\\\/batijournal.com\\\/#\\\/schema\\\/person\\\/1dc96ec6957aa1ccb25ebe78bb19f100\"},\"headline\":\"Souscription pour le mur v\u00e9g\u00e9tal du mus\u00e9e du quai Branly &#8211; Jacques Chirac\",\"datePublished\":\"2017-05-29T07:28:28+00:00\",\"dateModified\":\"2019-06-13T11:08:22+00:00\",\"mainEntityOfPage\":{\"@id\":\"https:\\\/\\\/batijournal.com\\\/index.php\\\/souscription-mur-vegetal-musee-quai-branly-jacques-chirac\\\/96088\\\/\"},\"wordCount\":155,\"image\":{\"@id\":\"https:\\\/\\\/batijournal.com\\\/index.php\\\/souscription-mur-vegetal-musee-quai-branly-jacques-chirac\\\/96088\\\/#primaryimage\"},\"thumbnailUrl\":\"https:\\\/\\\/batijournal.com\\\/wp-content\\\/uploads\\\/2017\\\/05\\\/mur_vegetal.jpg\",\"keywords\":[\"mur v\u00e9g\u00e9tal\"],\"articleSection\":[\"Actualit\u00e9s\",\"Architecture &amp; Conception\",\"zz_5fa\u00e7ades\",\"zz_Actualit\u00e9s - 5fa\u00e7ades\",\"zz_Atrium Patrimoine\"],\"inLanguage\":\"fr-FR\"},{\"@type\":\"WebPage\",\"@id\":\"https:\\\/\\\/batijournal.com\\\/index.php\\\/souscription-mur-vegetal-musee-quai-branly-jacques-chirac\\\/96088\\\/\",\"url\":\"https:\\\/\\\/batijournal.com\\\/index.php\\\/souscription-mur-vegetal-musee-quai-branly-jacques-chirac\\\/96088\\\/\",\"name\":\"Souscription pour le mur v\u00e9g\u00e9tal du mus\u00e9e du quai Branly - Jacques Chirac\",\"isPartOf\":{\"@id\":\"https:\\\/\\\/batijournal.com\\\/#website\"},\"primaryImageOfPage\":{\"@id\":\"https:\\\/\\\/batijournal.com\\\/index.php\\\/souscription-mur-vegetal-musee-quai-branly-jacques-chirac\\\/96088\\\/#primaryimage\"},\"image\":{\"@id\":\"https:\\\/\\\/batijournal.com\\\/index.php\\\/souscription-mur-vegetal-musee-quai-branly-jacques-chirac\\\/96088\\\/#primaryimage\"},\"thumbnailUrl\":\"https:\\\/\\\/batijournal.com\\\/wp-content\\\/uploads\\\/2017\\\/05\\\/mur_vegetal.jpg\",\"datePublished\":\"2017-05-29T07:28:28+00:00\",\"dateModified\":\"2019-06-13T11:08:22+00:00\",\"author\":{\"@id\":\"https:\\\/\\\/batijournal.com\\\/#\\\/schema\\\/person\\\/1dc96ec6957aa1ccb25ebe78bb19f100\"},\"breadcrumb\":{\"@id\":\"https:\\\/\\\/batijournal.com\\\/index.php\\\/souscription-mur-vegetal-musee-quai-branly-jacques-chirac\\\/96088\\\/#breadcrumb\"},\"inLanguage\":\"fr-FR\",\"potentialAction\":[{\"@type\":\"ReadAction\",\"target\":[\"https:\\\/\\\/batijournal.com\\\/index.php\\\/souscription-mur-vegetal-musee-quai-branly-jacques-chirac\\\/96088\\\/\"]}]},{\"@type\":\"ImageObject\",\"inLanguage\":\"fr-FR\",\"@id\":\"https:\\\/\\\/batijournal.com\\\/index.php\\\/souscription-mur-vegetal-musee-quai-branly-jacques-chirac\\\/96088\\\/#primaryimage\",\"url\":\"https:\\\/\\\/batijournal.com\\\/wp-content\\\/uploads\\\/2017\\\/05\\\/mur_vegetal.jpg\",\"contentUrl\":\"https:\\\/\\\/batijournal.com\\\/wp-content\\\/uploads\\\/2017\\\/05\\\/mur_vegetal.jpg\",\"width\":750,\"height\":500},{\"@type\":\"BreadcrumbList\",\"@id\":\"https:\\\/\\\/batijournal.com\\\/index.php\\\/souscription-mur-vegetal-musee-quai-branly-jacques-chirac\\\/96088\\\/#breadcrumb\",\"itemListElement\":[{\"@type\":\"ListItem\",\"position\":1,\"name\":\"Accueil\",\"item\":\"https:\\\/\\\/batijournal.com\\\/\"},{\"@type\":\"ListItem\",\"position\":2,\"name\":\"Actualit\u00e9s\",\"item\":\"https:\\\/\\\/batijournal.com\\\/index.php\\\/category\\\/actualites\\\/\"},{\"@type\":\"ListItem\",\"position\":3,\"name\":\"Souscription pour le mur v\u00e9g\u00e9tal du mus\u00e9e du quai Branly &#8211; Jacques Chirac\"}]},{\"@type\":\"WebSite\",\"@id\":\"https:\\\/\\\/batijournal.com\\\/#website\",\"url\":\"https:\\\/\\\/batijournal.com\\\/\",\"name\":\"Batijournal\",\"description\":\"L&#039;actualit\u00e9 du b\u00e2timent\",\"potentialAction\":[{\"@type\":\"SearchAction\",\"target\":{\"@type\":\"EntryPoint\",\"urlTemplate\":\"https:\\\/\\\/batijournal.com\\\/?s={search_term_string}\"},\"query-input\":{\"@type\":\"PropertyValueSpecification\",\"valueRequired\":true,\"valueName\":\"search_term_string\"}}],\"inLanguage\":\"fr-FR\"},{\"@type\":\"Person\",\"@id\":\"https:\\\/\\\/batijournal.com\\\/#\\\/schema\\\/person\\\/1dc96ec6957aa1ccb25ebe78bb19f100\",\"name\":\"St\u00e9phane Miget\",\"image\":{\"@type\":\"ImageObject\",\"inLanguage\":\"fr-FR\",\"@id\":\"https:\\\/\\\/secure.gravatar.com\\\/avatar\\\/89915563d925342126b8ef0281b93d9d7fc337043e8df017f780908eb9644451?s=96&d=mm&r=g\",\"url\":\"https:\\\/\\\/secure.gravatar.com\\\/avatar\\\/89915563d925342126b8ef0281b93d9d7fc337043e8df017f780908eb9644451?s=96&d=mm&r=g\",\"contentUrl\":\"https:\\\/\\\/secure.gravatar.com\\\/avatar\\\/89915563d925342126b8ef0281b93d9d7fc337043e8df017f780908eb9644451?s=96&d=mm&r=g\",\"caption\":\"St\u00e9phane Miget\"},\"url\":\"https:\\\/\\\/batijournal.com\\\/index.php\\\/author\\\/stephane\\\/\"}]}<\/script>\n<!-- \/ Yoast SEO plugin. -->","yoast_head_json":{"title":"Souscription pour le mur v\u00e9g\u00e9tal du mus\u00e9e du quai Branly - Jacques Chirac","robots":{"index":"index","follow":"follow","max-snippet":"max-snippet:-1","max-image-preview":"max-image-preview:large","max-video-preview":"max-video-preview:-1"},"canonical":"https:\/\/batijournal.com\/index.php\/souscription-mur-vegetal-musee-quai-branly-jacques-chirac\/96088\/","og_locale":"fr_FR","og_type":"article","og_title":"Souscription pour le mur v\u00e9g\u00e9tal du mus\u00e9e du quai Branly - Jacques Chirac","og_description":"Du 15 mai au 15 juillet 2017, le mus\u00e9e du quai Branly &#8211; Jacques Chirac lance sa premi\u00e8re campagne de m\u00e9c\u00e9nat participatif pour donner une nouvelle vie \u00e0 son mur v\u00e9g\u00e9tal. D\u2019importants travaux doivent \u00eatre entrepris pour renforcer le mur con\u00e7u par Patrick Blanc et garantir sa p\u00e9rennit\u00e9. Ils porteront principalement sur le redimensionnement des [&hellip;]","og_url":"https:\/\/batijournal.com\/index.php\/souscription-mur-vegetal-musee-quai-branly-jacques-chirac\/96088\/","og_site_name":"Batijournal","article_published_time":"2017-05-29T07:28:28+00:00","article_modified_time":"2019-06-13T11:08:22+00:00","og_image":[{"width":750,"height":500,"url":"https:\/\/batijournal.com\/wp-content\/uploads\/2017\/05\/mur_vegetal.jpg","type":"image\/jpeg"}],"author":"St\u00e9phane Miget","twitter_card":"summary_large_image","twitter_creator":"@bati_journal","twitter_site":"@bati_journal","twitter_misc":{"\u00c9crit par":"St\u00e9phane Miget","Dur\u00e9e de lecture estim\u00e9e":"1 minute"},"schema":{"@context":"https:\/\/schema.org","@graph":[{"@type":"Article","@id":"https:\/\/batijournal.com\/index.php\/souscription-mur-vegetal-musee-quai-branly-jacques-chirac\/96088\/#article","isPartOf":{"@id":"https:\/\/batijournal.com\/index.php\/souscription-mur-vegetal-musee-quai-branly-jacques-chirac\/96088\/"},"author":{"name":"St\u00e9phane Miget","@id":"https:\/\/batijournal.com\/#\/schema\/person\/1dc96ec6957aa1ccb25ebe78bb19f100"},"headline":"Souscription pour le mur v\u00e9g\u00e9tal du mus\u00e9e du quai Branly &#8211; Jacques Chirac","datePublished":"2017-05-29T07:28:28+00:00","dateModified":"2019-06-13T11:08:22+00:00","mainEntityOfPage":{"@id":"https:\/\/batijournal.com\/index.php\/souscription-mur-vegetal-musee-quai-branly-jacques-chirac\/96088\/"},"wordCount":155,"image":{"@id":"https:\/\/batijournal.com\/index.php\/souscription-mur-vegetal-musee-quai-branly-jacques-chirac\/96088\/#primaryimage"},"thumbnailUrl":"https:\/\/batijournal.com\/wp-content\/uploads\/2017\/05\/mur_vegetal.jpg","keywords":["mur v\u00e9g\u00e9tal"],"articleSection":["Actualit\u00e9s","Architecture &amp; Conception","zz_5fa\u00e7ades","zz_Actualit\u00e9s - 5fa\u00e7ades","zz_Atrium Patrimoine"],"inLanguage":"fr-FR"},{"@type":"WebPage","@id":"https:\/\/batijournal.com\/index.php\/souscription-mur-vegetal-musee-quai-branly-jacques-chirac\/96088\/","url":"https:\/\/batijournal.com\/index.php\/souscription-mur-vegetal-musee-quai-branly-jacques-chirac\/96088\/","name":"Souscription pour le mur v\u00e9g\u00e9tal du mus\u00e9e du quai Branly - Jacques Chirac","isPartOf":{"@id":"https:\/\/batijournal.com\/#website"},"primaryImageOfPage":{"@id":"https:\/\/batijournal.com\/index.php\/souscription-mur-vegetal-musee-quai-branly-jacques-chirac\/96088\/#primaryimage"},"image":{"@id":"https:\/\/batijournal.com\/index.php\/souscription-mur-vegetal-musee-quai-branly-jacques-chirac\/96088\/#primaryimage"},"thumbnailUrl":"https:\/\/batijournal.com\/wp-content\/uploads\/2017\/05\/mur_vegetal.jpg","datePublished":"2017-05-29T07:28:28+00:00","dateModified":"2019-06-13T11:08:22+00:00","author":{"@id":"https:\/\/batijournal.com\/#\/schema\/person\/1dc96ec6957aa1ccb25ebe78bb19f100"},"breadcrumb":{"@id":"https:\/\/batijournal.com\/index.php\/souscription-mur-vegetal-musee-quai-branly-jacques-chirac\/96088\/#breadcrumb"},"inLanguage":"fr-FR","potentialAction":[{"@type":"ReadAction","target":["https:\/\/batijournal.com\/index.php\/souscription-mur-vegetal-musee-quai-branly-jacques-chirac\/96088\/"]}]},{"@type":"ImageObject","inLanguage":"fr-FR","@id":"https:\/\/batijournal.com\/index.php\/souscription-mur-vegetal-musee-quai-branly-jacques-chirac\/96088\/#primaryimage","url":"https:\/\/batijournal.com\/wp-content\/uploads\/2017\/05\/mur_vegetal.jpg","contentUrl":"https:\/\/batijournal.com\/wp-content\/uploads\/2017\/05\/mur_vegetal.jpg","width":750,"height":500},{"@type":"BreadcrumbList","@id":"https:\/\/batijournal.com\/index.php\/souscription-mur-vegetal-musee-quai-branly-jacques-chirac\/96088\/#breadcrumb","itemListElement":[{"@type":"ListItem","position":1,"name":"Accueil","item":"https:\/\/batijournal.com\/"},{"@type":"ListItem","position":2,"name":"Actualit\u00e9s","item":"https:\/\/batijournal.com\/index.php\/category\/actualites\/"},{"@type":"ListItem","position":3,"name":"Souscription pour le mur v\u00e9g\u00e9tal du mus\u00e9e du quai Branly &#8211; Jacques Chirac"}]},{"@type":"WebSite","@id":"https:\/\/batijournal.com\/#website","url":"https:\/\/batijournal.com\/","name":"Batijournal","description":"L&#039;actualit\u00e9 du b\u00e2timent","potentialAction":[{"@type":"SearchAction","target":{"@type":"EntryPoint","urlTemplate":"https:\/\/batijournal.com\/?s={search_term_string}"},"query-input":{"@type":"PropertyValueSpecification","valueRequired":true,"valueName":"search_term_string"}}],"inLanguage":"fr-FR"},{"@type":"Person","@id":"https:\/\/batijournal.com\/#\/schema\/person\/1dc96ec6957aa1ccb25ebe78bb19f100","name":"St\u00e9phane Miget","image":{"@type":"ImageObject","inLanguage":"fr-FR","@id":"https:\/\/secure.gravatar.com\/avatar\/89915563d925342126b8ef0281b93d9d7fc337043e8df017f780908eb9644451?s=96&d=mm&r=g","url":"https:\/\/secure.gravatar.com\/avatar\/89915563d925342126b8ef0281b93d9d7fc337043e8df017f780908eb9644451?s=96&d=mm&r=g","contentUrl":"https:\/\/secure.gravatar.com\/avatar\/89915563d925342126b8ef0281b93d9d7fc337043e8df017f780908eb9644451?s=96&d=mm&r=g","caption":"St\u00e9phane Miget"},"url":"https:\/\/batijournal.com\/index.php\/author\/stephane\/"}]}},"_links":{"self":[{"href":"https:\/\/batijournal.com\/index.php\/wp-json\/wp\/v2\/posts\/96088","targetHints":{"allow":["GET"]}}],"collection":[{"href":"https:\/\/batijournal.com\/index.php\/wp-json\/wp\/v2\/posts"}],"about":[{"href":"https:\/\/batijournal.com\/index.php\/wp-json\/wp\/v2\/types\/post"}],"author":[{"embeddable":true,"href":"https:\/\/batijournal.com\/index.php\/wp-json\/wp\/v2\/users\/17"}],"replies":[{"embeddable":true,"href":"https:\/\/batijournal.com\/index.php\/wp-json\/wp\/v2\/comments?post=96088"}],"version-history":[{"count":0,"href":"https:\/\/batijournal.com\/index.php\/wp-json\/wp\/v2\/posts\/96088\/revisions"}],"wp:featuredmedia":[{"embeddable":true,"href":"https:\/\/batijournal.com\/index.php\/wp-json\/wp\/v2\/media\/96089"}],"wp:attachment":[{"href":"https:\/\/batijournal.com\/index.php\/wp-json\/wp\/v2\/media?parent=96088"}],"wp:term":[{"taxonomy":"category","embeddable":true,"href":"https:\/\/batijournal.com\/index.php\/wp-json\/wp\/v2\/categories?post=96088"},{"taxonomy":"post_tag","embeddable":true,"href":"https:\/\/batijournal.com\/index.php\/wp-json\/wp\/v2\/tags?post=96088"}],"curies":[{"name":"wp","href":"https:\/\/api.w.org\/{rel}","templated":true}]}}