{"id":96155,"date":"2017-06-07T09:16:43","date_gmt":"2017-06-07T07:16:43","guid":{"rendered":"http:\/\/batijournal.com\/?p=96155"},"modified":"2019-07-15T11:34:05","modified_gmt":"2019-07-15T09:34:05","slug":"logement-dabord-plan-quinquennal-lacces-logement","status":"publish","type":"post","link":"https:\/\/batijournal.com\/index.php\/logement-dabord-plan-quinquennal-lacces-logement\/96155\/","title":{"rendered":"Le \u00ab logement d\u2019abord \u00bb, un plan quinquennal pour l\u2019acc\u00e8s au logement"},"content":{"rendered":"<p>Richard Ferrand, ministre de la Coh\u00e9sion des territoires, en charge des politiques de pr\u00e9vention contre la pr\u00e9carit\u00e9 et l\u2019exclusion dans le champ du logement et de l\u2019h\u00e9bergement a re\u00e7u mardi 6 juin les grandes f\u00e9d\u00e9rations et associations du secteur, ainsi que les porte-paroles du collectif des associations unies. Cette premi\u00e8re rencontre a permis d\u2019\u00e9changer sur l\u2019\u00e9laboration d\u2019un plan quinquennal pour le \u00ab logement d\u2019abord \u00bb, annonc\u00e9 par Emmanuel Macron \u00e0 l\u2019occasion de la remise du 22\u00e8me rapport sur le mal logement de la Fondation Abb\u00e9 Pierre, le 31 janvier dernier. Richard Ferrand a dit sa volont\u00e9 de lancer un plan ambitieux sur cinq ans pour acc\u00e9l\u00e9rer la mise en \u0153uvre du principe du \u00ab Logement d\u2019abord \u00bb en orientant les personnes sans-domicile, de la rue ou de l\u2019h\u00e9bergement d\u2019urgence vers le logement. Il s\u2019agit de passer d\u2019une r\u00e9ponse construite dans l\u2019urgence s\u2019appuyant majoritairement sur des places d\u2019h\u00e9bergement avec des parcours souvent longs et co\u00fbteux, \u00e0 un acc\u00e8s direct au logement avec un accompagnement social adapt\u00e9 aux besoins des personnes. Les politiques de \u00ab Logement d\u2019abord \u00bb ont d\u00e9j\u00e0 fait leurs preuves en France, notamment \u00e0 travers le programme \u00ab Un chez soi d\u2019abord \u00bb et \u00e0 l\u2019\u00e9tranger. L\u2019acc\u00e8s au logement, ordinaire ou adapt\u00e9, appuy\u00e9 par le travail d\u2019accompagnement des acteurs associatifs, permettra d\u2019engager un parcours d\u2019insertion am\u00e9lior\u00e9 aupr\u00e8s des personnes en situation de grande pr\u00e9carit\u00e9.<\/p>\n<p>Participants \u00e0 la table ronde<br \/>\nLa Fondation Abb\u00e9 Pierre, la F\u00e9d\u00e9ration des Acteurs de la solidarit\u00e9, Adoma, l\u2019Arm\u00e9e du Salut, l\u2019association Aurore, le Centre d\u2019action sociale protestant, Coallia, Emma\u00fcs, la FAPIL, Habitat et Humanisme, le Secours catholique, SOLIHA, l\u2019UNAFO, l\u2019UNIOPSS et le groupe SOS.<\/p>\n<p>Photo : minist\u00e8re de la Coh\u00e9sion des territoires<\/p>\n<p>&nbsp;<\/p>\n","protected":false},"excerpt":{"rendered":"<p>Richard Ferrand, ministre de la Coh\u00e9sion des territoires, en charge des politiques de pr\u00e9vention contre la pr\u00e9carit\u00e9 et l\u2019exclusion dans le champ du logement et de l\u2019h\u00e9bergement a re\u00e7u mardi 6 juin les grandes f\u00e9d\u00e9rations et associations du secteur, ainsi que les porte-paroles du collectif des associations unies. Cette premi\u00e8re rencontre a permis d\u2019\u00e9changer sur [&hellip;]<\/p>\n","protected":false},"author":17,"featured_media":96156,"comment_status":"closed","ping_status":"closed","sticky":false,"template":"","format":"standard","meta":{"_et_pb_use_builder":"","_et_pb_old_content":"","_et_gb_content_width":"","footnotes":""},"categories":[10736,10530,6345],"tags":[11946,1601],"class_list":["post-96155","post","type-post","status-publish","format-standard","has-post-thumbnail","hentry","category-a-la-une","category-actualites","category-economie-marches","tag-hebergement-durgence","tag-logement-social"],"yoast_head":"<!-- This site is optimized with the Yoast SEO plugin v27.4 - https:\/\/yoast.com\/product\/yoast-seo-wordpress\/ -->\n<title>Le \u00ab logement d\u2019abord \u00bb, un plan quinquennal pour l\u2019acc\u00e8s au logement<\/title>\n<meta name=\"robots\" content=\"index, follow, max-snippet:-1, max-image-preview:large, max-video-preview:-1\" \/>\n<link rel=\"canonical\" href=\"https:\/\/batijournal.com\/index.php\/logement-dabord-plan-quinquennal-lacces-logement\/96155\/\" \/>\n<meta property=\"og:locale\" content=\"fr_FR\" \/>\n<meta property=\"og:type\" content=\"article\" \/>\n<meta property=\"og:title\" content=\"Le \u00ab logement d\u2019abord \u00bb, un plan quinquennal pour l\u2019acc\u00e8s au logement\" \/>\n<meta property=\"og:description\" content=\"Richard Ferrand, ministre de la Coh\u00e9sion des territoires, en charge des politiques de pr\u00e9vention contre la pr\u00e9carit\u00e9 et l\u2019exclusion dans le champ du logement et de l\u2019h\u00e9bergement a re\u00e7u mardi 6 juin les grandes f\u00e9d\u00e9rations et associations du secteur, ainsi que les porte-paroles du collectif des associations unies. Cette premi\u00e8re rencontre a permis d\u2019\u00e9changer sur [&hellip;]\" \/>\n<meta property=\"og:url\" content=\"https:\/\/batijournal.com\/index.php\/logement-dabord-plan-quinquennal-lacces-logement\/96155\/\" \/>\n<meta property=\"og:site_name\" content=\"Batijournal\" \/>\n<meta property=\"article:published_time\" content=\"2017-06-07T07:16:43+00:00\" \/>\n<meta property=\"article:modified_time\" content=\"2019-07-15T09:34:05+00:00\" \/>\n<meta property=\"og:image\" content=\"https:\/\/batijournal.com\/wp-content\/uploads\/2017\/06\/reunion-logement-pour-tous.png\" \/>\n\t<meta property=\"og:image:width\" content=\"932\" \/>\n\t<meta property=\"og:image:height\" content=\"616\" \/>\n\t<meta property=\"og:image:type\" content=\"image\/png\" \/>\n<meta name=\"author\" content=\"St\u00e9phane Miget\" \/>\n<meta name=\"twitter:card\" content=\"summary_large_image\" \/>\n<meta name=\"twitter:creator\" content=\"@bati_journal\" \/>\n<meta name=\"twitter:site\" content=\"@bati_journal\" \/>\n<meta name=\"twitter:label1\" content=\"\u00c9crit par\" \/>\n\t<meta name=\"twitter:data1\" content=\"St\u00e9phane Miget\" \/>\n\t<meta name=\"twitter:label2\" content=\"Dur\u00e9e de lecture estim\u00e9e\" \/>\n\t<meta name=\"twitter:data2\" content=\"2 minutes\" \/>\n<script type=\"application\/ld+json\" class=\"yoast-schema-graph\">{\"@context\":\"https:\\\/\\\/schema.org\",\"@graph\":[{\"@type\":\"Article\",\"@id\":\"https:\\\/\\\/batijournal.com\\\/index.php\\\/logement-dabord-plan-quinquennal-lacces-logement\\\/96155\\\/#article\",\"isPartOf\":{\"@id\":\"https:\\\/\\\/batijournal.com\\\/index.php\\\/logement-dabord-plan-quinquennal-lacces-logement\\\/96155\\\/\"},\"author\":{\"name\":\"St\u00e9phane Miget\",\"@id\":\"https:\\\/\\\/batijournal.com\\\/#\\\/schema\\\/person\\\/1dc96ec6957aa1ccb25ebe78bb19f100\"},\"headline\":\"Le \u00ab logement d\u2019abord \u00bb, un plan quinquennal pour l\u2019acc\u00e8s au logement\",\"datePublished\":\"2017-06-07T07:16:43+00:00\",\"dateModified\":\"2019-07-15T09:34:05+00:00\",\"mainEntityOfPage\":{\"@id\":\"https:\\\/\\\/batijournal.com\\\/index.php\\\/logement-dabord-plan-quinquennal-lacces-logement\\\/96155\\\/\"},\"wordCount\":328,\"image\":{\"@id\":\"https:\\\/\\\/batijournal.com\\\/index.php\\\/logement-dabord-plan-quinquennal-lacces-logement\\\/96155\\\/#primaryimage\"},\"thumbnailUrl\":\"https:\\\/\\\/batijournal.com\\\/wp-content\\\/uploads\\\/2017\\\/06\\\/reunion-logement-pour-tous.png\",\"keywords\":[\"h\u00e9bergement d'urgence\",\"logement social\"],\"articleSection\":[\"A la Une\",\"Actualit\u00e9s\",\"\u00c9conomie &amp; March\u00e9s\"],\"inLanguage\":\"fr-FR\"},{\"@type\":\"WebPage\",\"@id\":\"https:\\\/\\\/batijournal.com\\\/index.php\\\/logement-dabord-plan-quinquennal-lacces-logement\\\/96155\\\/\",\"url\":\"https:\\\/\\\/batijournal.com\\\/index.php\\\/logement-dabord-plan-quinquennal-lacces-logement\\\/96155\\\/\",\"name\":\"Le \u00ab logement d\u2019abord \u00bb, un plan quinquennal pour l\u2019acc\u00e8s au logement\",\"isPartOf\":{\"@id\":\"https:\\\/\\\/batijournal.com\\\/#website\"},\"primaryImageOfPage\":{\"@id\":\"https:\\\/\\\/batijournal.com\\\/index.php\\\/logement-dabord-plan-quinquennal-lacces-logement\\\/96155\\\/#primaryimage\"},\"image\":{\"@id\":\"https:\\\/\\\/batijournal.com\\\/index.php\\\/logement-dabord-plan-quinquennal-lacces-logement\\\/96155\\\/#primaryimage\"},\"thumbnailUrl\":\"https:\\\/\\\/batijournal.com\\\/wp-content\\\/uploads\\\/2017\\\/06\\\/reunion-logement-pour-tous.png\",\"datePublished\":\"2017-06-07T07:16:43+00:00\",\"dateModified\":\"2019-07-15T09:34:05+00:00\",\"author\":{\"@id\":\"https:\\\/\\\/batijournal.com\\\/#\\\/schema\\\/person\\\/1dc96ec6957aa1ccb25ebe78bb19f100\"},\"breadcrumb\":{\"@id\":\"https:\\\/\\\/batijournal.com\\\/index.php\\\/logement-dabord-plan-quinquennal-lacces-logement\\\/96155\\\/#breadcrumb\"},\"inLanguage\":\"fr-FR\",\"potentialAction\":[{\"@type\":\"ReadAction\",\"target\":[\"https:\\\/\\\/batijournal.com\\\/index.php\\\/logement-dabord-plan-quinquennal-lacces-logement\\\/96155\\\/\"]}]},{\"@type\":\"ImageObject\",\"inLanguage\":\"fr-FR\",\"@id\":\"https:\\\/\\\/batijournal.com\\\/index.php\\\/logement-dabord-plan-quinquennal-lacces-logement\\\/96155\\\/#primaryimage\",\"url\":\"https:\\\/\\\/batijournal.com\\\/wp-content\\\/uploads\\\/2017\\\/06\\\/reunion-logement-pour-tous.png\",\"contentUrl\":\"https:\\\/\\\/batijournal.com\\\/wp-content\\\/uploads\\\/2017\\\/06\\\/reunion-logement-pour-tous.png\",\"width\":932,\"height\":616},{\"@type\":\"BreadcrumbList\",\"@id\":\"https:\\\/\\\/batijournal.com\\\/index.php\\\/logement-dabord-plan-quinquennal-lacces-logement\\\/96155\\\/#breadcrumb\",\"itemListElement\":[{\"@type\":\"ListItem\",\"position\":1,\"name\":\"Accueil\",\"item\":\"https:\\\/\\\/batijournal.com\\\/\"},{\"@type\":\"ListItem\",\"position\":2,\"name\":\"A la Une\",\"item\":\"https:\\\/\\\/batijournal.com\\\/index.php\\\/category\\\/a-la-une\\\/\"},{\"@type\":\"ListItem\",\"position\":3,\"name\":\"Le \u00ab logement d\u2019abord \u00bb, un plan quinquennal pour l\u2019acc\u00e8s au logement\"}]},{\"@type\":\"WebSite\",\"@id\":\"https:\\\/\\\/batijournal.com\\\/#website\",\"url\":\"https:\\\/\\\/batijournal.com\\\/\",\"name\":\"Batijournal\",\"description\":\"L&#039;actualit\u00e9 du b\u00e2timent\",\"potentialAction\":[{\"@type\":\"SearchAction\",\"target\":{\"@type\":\"EntryPoint\",\"urlTemplate\":\"https:\\\/\\\/batijournal.com\\\/?s={search_term_string}\"},\"query-input\":{\"@type\":\"PropertyValueSpecification\",\"valueRequired\":true,\"valueName\":\"search_term_string\"}}],\"inLanguage\":\"fr-FR\"},{\"@type\":\"Person\",\"@id\":\"https:\\\/\\\/batijournal.com\\\/#\\\/schema\\\/person\\\/1dc96ec6957aa1ccb25ebe78bb19f100\",\"name\":\"St\u00e9phane Miget\",\"image\":{\"@type\":\"ImageObject\",\"inLanguage\":\"fr-FR\",\"@id\":\"https:\\\/\\\/secure.gravatar.com\\\/avatar\\\/89915563d925342126b8ef0281b93d9d7fc337043e8df017f780908eb9644451?s=96&d=mm&r=g\",\"url\":\"https:\\\/\\\/secure.gravatar.com\\\/avatar\\\/89915563d925342126b8ef0281b93d9d7fc337043e8df017f780908eb9644451?s=96&d=mm&r=g\",\"contentUrl\":\"https:\\\/\\\/secure.gravatar.com\\\/avatar\\\/89915563d925342126b8ef0281b93d9d7fc337043e8df017f780908eb9644451?s=96&d=mm&r=g\",\"caption\":\"St\u00e9phane Miget\"},\"url\":\"https:\\\/\\\/batijournal.com\\\/index.php\\\/author\\\/stephane\\\/\"}]}<\/script>\n<!-- \/ Yoast SEO plugin. -->","yoast_head_json":{"title":"Le \u00ab logement d\u2019abord \u00bb, un plan quinquennal pour l\u2019acc\u00e8s au logement","robots":{"index":"index","follow":"follow","max-snippet":"max-snippet:-1","max-image-preview":"max-image-preview:large","max-video-preview":"max-video-preview:-1"},"canonical":"https:\/\/batijournal.com\/index.php\/logement-dabord-plan-quinquennal-lacces-logement\/96155\/","og_locale":"fr_FR","og_type":"article","og_title":"Le \u00ab logement d\u2019abord \u00bb, un plan quinquennal pour l\u2019acc\u00e8s au logement","og_description":"Richard Ferrand, ministre de la Coh\u00e9sion des territoires, en charge des politiques de pr\u00e9vention contre la pr\u00e9carit\u00e9 et l\u2019exclusion dans le champ du logement et de l\u2019h\u00e9bergement a re\u00e7u mardi 6 juin les grandes f\u00e9d\u00e9rations et associations du secteur, ainsi que les porte-paroles du collectif des associations unies. Cette premi\u00e8re rencontre a permis d\u2019\u00e9changer sur [&hellip;]","og_url":"https:\/\/batijournal.com\/index.php\/logement-dabord-plan-quinquennal-lacces-logement\/96155\/","og_site_name":"Batijournal","article_published_time":"2017-06-07T07:16:43+00:00","article_modified_time":"2019-07-15T09:34:05+00:00","og_image":[{"width":932,"height":616,"url":"https:\/\/batijournal.com\/wp-content\/uploads\/2017\/06\/reunion-logement-pour-tous.png","type":"image\/png"}],"author":"St\u00e9phane Miget","twitter_card":"summary_large_image","twitter_creator":"@bati_journal","twitter_site":"@bati_journal","twitter_misc":{"\u00c9crit par":"St\u00e9phane Miget","Dur\u00e9e de lecture estim\u00e9e":"2 minutes"},"schema":{"@context":"https:\/\/schema.org","@graph":[{"@type":"Article","@id":"https:\/\/batijournal.com\/index.php\/logement-dabord-plan-quinquennal-lacces-logement\/96155\/#article","isPartOf":{"@id":"https:\/\/batijournal.com\/index.php\/logement-dabord-plan-quinquennal-lacces-logement\/96155\/"},"author":{"name":"St\u00e9phane Miget","@id":"https:\/\/batijournal.com\/#\/schema\/person\/1dc96ec6957aa1ccb25ebe78bb19f100"},"headline":"Le \u00ab logement d\u2019abord \u00bb, un plan quinquennal pour l\u2019acc\u00e8s au logement","datePublished":"2017-06-07T07:16:43+00:00","dateModified":"2019-07-15T09:34:05+00:00","mainEntityOfPage":{"@id":"https:\/\/batijournal.com\/index.php\/logement-dabord-plan-quinquennal-lacces-logement\/96155\/"},"wordCount":328,"image":{"@id":"https:\/\/batijournal.com\/index.php\/logement-dabord-plan-quinquennal-lacces-logement\/96155\/#primaryimage"},"thumbnailUrl":"https:\/\/batijournal.com\/wp-content\/uploads\/2017\/06\/reunion-logement-pour-tous.png","keywords":["h\u00e9bergement d'urgence","logement social"],"articleSection":["A la Une","Actualit\u00e9s","\u00c9conomie &amp; March\u00e9s"],"inLanguage":"fr-FR"},{"@type":"WebPage","@id":"https:\/\/batijournal.com\/index.php\/logement-dabord-plan-quinquennal-lacces-logement\/96155\/","url":"https:\/\/batijournal.com\/index.php\/logement-dabord-plan-quinquennal-lacces-logement\/96155\/","name":"Le \u00ab logement d\u2019abord \u00bb, un plan quinquennal pour l\u2019acc\u00e8s au logement","isPartOf":{"@id":"https:\/\/batijournal.com\/#website"},"primaryImageOfPage":{"@id":"https:\/\/batijournal.com\/index.php\/logement-dabord-plan-quinquennal-lacces-logement\/96155\/#primaryimage"},"image":{"@id":"https:\/\/batijournal.com\/index.php\/logement-dabord-plan-quinquennal-lacces-logement\/96155\/#primaryimage"},"thumbnailUrl":"https:\/\/batijournal.com\/wp-content\/uploads\/2017\/06\/reunion-logement-pour-tous.png","datePublished":"2017-06-07T07:16:43+00:00","dateModified":"2019-07-15T09:34:05+00:00","author":{"@id":"https:\/\/batijournal.com\/#\/schema\/person\/1dc96ec6957aa1ccb25ebe78bb19f100"},"breadcrumb":{"@id":"https:\/\/batijournal.com\/index.php\/logement-dabord-plan-quinquennal-lacces-logement\/96155\/#breadcrumb"},"inLanguage":"fr-FR","potentialAction":[{"@type":"ReadAction","target":["https:\/\/batijournal.com\/index.php\/logement-dabord-plan-quinquennal-lacces-logement\/96155\/"]}]},{"@type":"ImageObject","inLanguage":"fr-FR","@id":"https:\/\/batijournal.com\/index.php\/logement-dabord-plan-quinquennal-lacces-logement\/96155\/#primaryimage","url":"https:\/\/batijournal.com\/wp-content\/uploads\/2017\/06\/reunion-logement-pour-tous.png","contentUrl":"https:\/\/batijournal.com\/wp-content\/uploads\/2017\/06\/reunion-logement-pour-tous.png","width":932,"height":616},{"@type":"BreadcrumbList","@id":"https:\/\/batijournal.com\/index.php\/logement-dabord-plan-quinquennal-lacces-logement\/96155\/#breadcrumb","itemListElement":[{"@type":"ListItem","position":1,"name":"Accueil","item":"https:\/\/batijournal.com\/"},{"@type":"ListItem","position":2,"name":"A la Une","item":"https:\/\/batijournal.com\/index.php\/category\/a-la-une\/"},{"@type":"ListItem","position":3,"name":"Le \u00ab logement d\u2019abord \u00bb, un plan quinquennal pour l\u2019acc\u00e8s au logement"}]},{"@type":"WebSite","@id":"https:\/\/batijournal.com\/#website","url":"https:\/\/batijournal.com\/","name":"Batijournal","description":"L&#039;actualit\u00e9 du b\u00e2timent","potentialAction":[{"@type":"SearchAction","target":{"@type":"EntryPoint","urlTemplate":"https:\/\/batijournal.com\/?s={search_term_string}"},"query-input":{"@type":"PropertyValueSpecification","valueRequired":true,"valueName":"search_term_string"}}],"inLanguage":"fr-FR"},{"@type":"Person","@id":"https:\/\/batijournal.com\/#\/schema\/person\/1dc96ec6957aa1ccb25ebe78bb19f100","name":"St\u00e9phane Miget","image":{"@type":"ImageObject","inLanguage":"fr-FR","@id":"https:\/\/secure.gravatar.com\/avatar\/89915563d925342126b8ef0281b93d9d7fc337043e8df017f780908eb9644451?s=96&d=mm&r=g","url":"https:\/\/secure.gravatar.com\/avatar\/89915563d925342126b8ef0281b93d9d7fc337043e8df017f780908eb9644451?s=96&d=mm&r=g","contentUrl":"https:\/\/secure.gravatar.com\/avatar\/89915563d925342126b8ef0281b93d9d7fc337043e8df017f780908eb9644451?s=96&d=mm&r=g","caption":"St\u00e9phane Miget"},"url":"https:\/\/batijournal.com\/index.php\/author\/stephane\/"}]}},"_links":{"self":[{"href":"https:\/\/batijournal.com\/index.php\/wp-json\/wp\/v2\/posts\/96155","targetHints":{"allow":["GET"]}}],"collection":[{"href":"https:\/\/batijournal.com\/index.php\/wp-json\/wp\/v2\/posts"}],"about":[{"href":"https:\/\/batijournal.com\/index.php\/wp-json\/wp\/v2\/types\/post"}],"author":[{"embeddable":true,"href":"https:\/\/batijournal.com\/index.php\/wp-json\/wp\/v2\/users\/17"}],"replies":[{"embeddable":true,"href":"https:\/\/batijournal.com\/index.php\/wp-json\/wp\/v2\/comments?post=96155"}],"version-history":[{"count":0,"href":"https:\/\/batijournal.com\/index.php\/wp-json\/wp\/v2\/posts\/96155\/revisions"}],"wp:featuredmedia":[{"embeddable":true,"href":"https:\/\/batijournal.com\/index.php\/wp-json\/wp\/v2\/media\/96156"}],"wp:attachment":[{"href":"https:\/\/batijournal.com\/index.php\/wp-json\/wp\/v2\/media?parent=96155"}],"wp:term":[{"taxonomy":"category","embeddable":true,"href":"https:\/\/batijournal.com\/index.php\/wp-json\/wp\/v2\/categories?post=96155"},{"taxonomy":"post_tag","embeddable":true,"href":"https:\/\/batijournal.com\/index.php\/wp-json\/wp\/v2\/tags?post=96155"}],"curies":[{"name":"wp","href":"https:\/\/api.w.org\/{rel}","templated":true}]}}